{"id":151,"date":"2011-05-15T21:10:23","date_gmt":"2011-05-15T20:10:23","guid":{"rendered":"http:\/\/kotrla.com\/wordpress\/?p=151"},"modified":"2019-11-20T22:39:12","modified_gmt":"2019-11-20T21:39:12","slug":"cesta-za-julii","status":"publish","type":"post","link":"https:\/\/kotrla.com\/pmpro\/2011\/05\/cesta-za-julii\/","title":{"rendered":"Cesta za Julii"},"content":{"rendered":"<p><img loading=\"lazy\" decoding=\"async\" src=\"https:\/\/kotrla.com\/pmpro\/images\/uploads\/_IGP5601_bw.jpg\" border=\"0\" alt=\"Cesta za Julii\" width=\"420\" height=\"618\" \/><\/p>\n","protected":false},"excerpt":{"rendered":"","protected":false},"author":1,"featured_media":0,"comment_status":"open","ping_status":"open","sticky":false,"template":"","format":"standard","meta":{"site-sidebar-layout":"default","site-content-layout":"","ast-site-content-layout":"default","site-content-style":"default","site-sidebar-style":"default","ast-global-header-display":"","ast-banner-title-visibility":"","ast-main-header-display":"","ast-hfb-above-header-display":"","ast-hfb-below-header-display":"","ast-hfb-mobile-header-display":"","site-post-title":"","ast-breadcrumbs-content":"","ast-featured-img":"","footer-sml-layout":"","ast-disable-related-posts":"","theme-transparent-header-meta":"","adv-header-id-meta":"","stick-header-meta":"","header-above-stick-meta":"","header-main-stick-meta":"","header-below-stick-meta":"","astra-migrate-meta-layouts":"default","ast-page-background-enabled":"default","ast-page-background-meta":{"desktop":{"background-color":"var(--ast-global-color-5)","background-image":"","background-repeat":"repeat","background-position":"center center","background-size":"auto","background-attachment":"scroll","background-type":"","background-media":"","overlay-type":"","overlay-color":"","overlay-opacity":"","overlay-gradient":""},"tablet":{"background-color":"","background-image":"","background-repeat":"repeat","background-position":"center center","background-size":"auto","background-attachment":"scroll","background-type":"","background-media":"","overlay-type":"","overlay-color":"","overlay-opacity":"","overlay-gradient":""},"mobile":{"background-color":"","background-image":"","background-repeat":"repeat","background-position":"center center","background-size":"auto","background-attachment":"scroll","background-type":"","background-media":"","overlay-type":"","overlay-color":"","overlay-opacity":"","overlay-gradient":""}},"ast-content-background-meta":{"desktop":{"background-color":"var(--ast-global-color-4)","background-image":"","background-repeat":"repeat","background-position":"center center","background-size":"auto","background-attachment":"scroll","background-type":"","background-media":"","overlay-type":"","overlay-color":"","overlay-opacity":"","overlay-gradient":""},"tablet":{"background-color":"var(--ast-global-color-4)","background-image":"","background-repeat":"repeat","background-position":"center center","background-size":"auto","background-attachment":"scroll","background-type":"","background-media":"","overlay-type":"","overlay-color":"","overlay-opacity":"","overlay-gradient":""},"mobile":{"background-color":"var(--ast-global-color-4)","background-image":"","background-repeat":"repeat","background-position":"center center","background-size":"auto","background-attachment":"scroll","background-type":"","background-media":"","overlay-type":"","overlay-color":"","overlay-opacity":"","overlay-gradient":""}},"jetpack_post_was_ever_published":false,"_jetpack_newsletter_access":"","_jetpack_dont_email_post_to_subs":false,"_jetpack_newsletter_tier_id":0,"_jetpack_memberships_contains_paywalled_content":false,"_jetpack_memberships_contains_paid_content":false,"footnotes":""},"categories":[7],"tags":[],"class_list":["post-151","post","type-post","status-publish","format-standard","hentry","category-fotografie"],"jetpack_featured_media_url":"","jetpack_shortlink":"https:\/\/wp.me\/p4mLP7-2r","jetpack-related-posts":[{"id":463,"url":"https:\/\/kotrla.com\/pmpro\/2007\/04\/zamecka-cesta\/","url_meta":{"origin":151,"position":0},"title":"Z\u00e1meck\u00e1 cesta","author":"Pavel Kotrla","date":"19.4.2007","format":false,"excerpt":"","rel":"","context":"V \u201eFotografie\u201c","block_context":{"text":"Fotografie","link":"https:\/\/kotrla.com\/pmpro\/category\/fotografie\/"},"img":{"alt_text":"Z\u00e1meck\u00e1 cesta","src":"https:\/\/i0.wp.com\/kotrla.com\/pmpro\/images\/uploads\/zamecka_cesta.jpg?resize=350%2C200&ssl=1","width":350,"height":200},"classes":[]},{"id":2507,"url":"https:\/\/kotrla.com\/pmpro\/2015\/09\/fotografie-z-akce-dekujeme-za-vase-basne-2015\/","url_meta":{"origin":151,"position":1},"title":"Fotografie z akce D\u011bkujeme za Va\u0161e b\u00e1sn\u011b! 2015","author":"Pavel Kotrla","date":"18.9.2015","format":false,"excerpt":"Fotografie z minul\u00e9ho t\u00fddne z b\u00e1snick\u00e9 akce D\u011bkujeme za Va\u0161e b\u00e1sn\u011b! 2015, kterou ji\u017e po p\u00e1t\u00e9 usko\u0159\u00e1dali Vojt\u011bch Ku\u010dera\u00a0(p\u0159\u00edpadn\u011b Typosie) a Radek \u0160t\u011bp\u00e1nek. Za skv\u011blou akci tak\u00e9 d\u011bkujeme!","rel":"","context":"V \u201eFotografie\u201c","block_context":{"text":"Fotografie","link":"https:\/\/kotrla.com\/pmpro\/category\/fotografie\/"},"img":{"alt_text":"","src":"https:\/\/i0.wp.com\/kotrla.com\/pmpro\/wp-content\/uploads\/2015\/09\/01_IMGP0708-150x150.jpg?resize=350%2C200&ssl=1","width":350,"height":200,"srcset":"https:\/\/i0.wp.com\/kotrla.com\/pmpro\/wp-content\/uploads\/2015\/09\/01_IMGP0708-150x150.jpg?resize=350%2C200&ssl=1 1x, https:\/\/i0.wp.com\/kotrla.com\/pmpro\/wp-content\/uploads\/2015\/09\/01_IMGP0708-150x150.jpg?resize=525%2C300&ssl=1 1.5x, https:\/\/i0.wp.com\/kotrla.com\/pmpro\/wp-content\/uploads\/2015\/09\/01_IMGP0708-150x150.jpg?resize=700%2C400&ssl=1 2x, https:\/\/i0.wp.com\/kotrla.com\/pmpro\/wp-content\/uploads\/2015\/09\/01_IMGP0708-150x150.jpg?resize=1050%2C600&ssl=1 3x"},"classes":[]},{"id":12900,"url":"https:\/\/kotrla.com\/pmpro\/2025\/06\/fotografie-z-vecirku-nakladatelstvi-klenov\/","url_meta":{"origin":151,"position":2},"title":"Fotografie z ve\u010d\u00edrku nakladatelstv\u00ed Klenov","author":"Pavel Kotrla","date":"10.6.2025","format":false,"excerpt":"Fotografie z ve\u010d\u00edrku Klenova 5. 6. 2024 na Vset\u00edn\u011b, z autorsk\u00fdch \u010dten\u00ed, z uveden\u00ed nov\u00fdch knih, a t\u00e9\u017e z jedn\u00e9 oslavy narozenin. P\u0159\u00e1tel\u00e9, \u017ee bude a\u017e tak narv\u00e1no jsem netu\u0161il. D\u00edky v\u00e1m v\u0161em, co jste p\u0159i\u0161li! A je\u0161t\u011b jednou d\u00edky Hance \u0160karpov\u00e9, kter\u00e1 pro n\u00e1s bistro na Pan\u010dav\u011b po \u0161esti\u2026","rel":"","context":"V \u201eFotografie\u201c","block_context":{"text":"Fotografie","link":"https:\/\/kotrla.com\/pmpro\/category\/fotografie\/"},"img":{"alt_text":"","src":"https:\/\/i0.wp.com\/kotrla.com\/pmpro\/wp-content\/uploads\/2025\/06\/vecirek_klenova_IMGP7648-150x150.jpg?resize=350%2C200&ssl=1","width":350,"height":200,"srcset":"https:\/\/i0.wp.com\/kotrla.com\/pmpro\/wp-content\/uploads\/2025\/06\/vecirek_klenova_IMGP7648-150x150.jpg?resize=350%2C200&ssl=1 1x, https:\/\/i0.wp.com\/kotrla.com\/pmpro\/wp-content\/uploads\/2025\/06\/vecirek_klenova_IMGP7648-150x150.jpg?resize=525%2C300&ssl=1 1.5x, https:\/\/i0.wp.com\/kotrla.com\/pmpro\/wp-content\/uploads\/2025\/06\/vecirek_klenova_IMGP7648-150x150.jpg?resize=700%2C400&ssl=1 2x, https:\/\/i0.wp.com\/kotrla.com\/pmpro\/wp-content\/uploads\/2025\/06\/vecirek_klenova_IMGP7648-150x150.jpg?resize=1050%2C600&ssl=1 3x, https:\/\/i0.wp.com\/kotrla.com\/pmpro\/wp-content\/uploads\/2025\/06\/vecirek_klenova_IMGP7648-150x150.jpg?resize=1400%2C800&ssl=1 4x"},"classes":[]},{"id":137,"url":"https:\/\/kotrla.com\/pmpro\/2011\/08\/dalsi-rocnik-za-nami\/","url_meta":{"origin":151,"position":3},"title":"Dal\u0161\u00ed ro\u010dn\u00edk za n\u00e1mi","author":"Pavel Kotrla","date":"30.8.2011","format":false,"excerpt":"P\u0159ed \u010dasem jsem si myslel, \u017ee dal\u0161\u00ed ro\u010dn\u00edk u\u017e nebude. Na\u0161t\u011bst\u00ed se poda\u0159ilo. Jak? To a\u0165 posoud\u00ed jin\u00ed. Prozat\u00edm aspo\u0148 fotografie naleznete zde: http:\/\/prekladatelskytabor.kotrla.com\/2011_fotografie.php","rel":"","context":"V \u201eFotografie\u201c","block_context":{"text":"Fotografie","link":"https:\/\/kotrla.com\/pmpro\/category\/fotografie\/"},"img":{"alt_text":"P\u0159ekladatelsk\u00fd t\u00e1bor na Byst\u0159i\u010dce 2011","src":"https:\/\/i0.wp.com\/kotrla.com\/pmpro\/images\/uploads\/tabor2011_IGP7060.jpg?resize=350%2C200&ssl=1","width":350,"height":200},"classes":[]},{"id":1322,"url":"https:\/\/kotrla.com\/pmpro\/2003\/06\/housenka\/","url_meta":{"origin":151,"position":4},"title":"Housenka","author":"Pavel Kotrla","date":"12.6.2003","format":false,"excerpt":"U\u017e dlouho tu nebyla \u017e\u00e1dn\u00e1 fotografie. Co je to za housenku nev\u00edm, r\u00e1d si nech\u00e1m poradit.","rel":"","context":"V \u201eFotografie\u201c","block_context":{"text":"Fotografie","link":"https:\/\/kotrla.com\/pmpro\/category\/fotografie\/"},"img":{"alt_text":"housenka","src":"https:\/\/i0.wp.com\/kotrla.com\/pmpro\/images\/uploads\/housenka.jpg?resize=350%2C200&ssl=1","width":350,"height":200},"classes":[]},{"id":1324,"url":"https:\/\/kotrla.com\/pmpro\/2003\/06\/ladislav-krajca-zelene-nebe\/","url_meta":{"origin":151,"position":5},"title":"Ladislav Kraj\u010da &#8211; Zelen\u00e9 nebe","author":"Pavel Kotrla","date":"11.6.2003","format":false,"excerpt":"Cesta p\u011b\u0161ky v parn\u00e9m odpoledni byla \u00fachvatn\u00e1. \u010cek\u00e1n\u00ed na autobus je\u0161t\u011b \u00fachvatn\u011bj\u0161\u00ed. Na\u0161t\u011bst\u00ed mne rozpt\u00fdlily n\u00e1pisy na zast\u00e1vce a nov\u00e9 plak\u00e1ty. A ejhle! Na jednom z nich je i jm\u00e9no Ladislava Kraj\u010di. V pr\u016fb\u011bhu hudebn\u00edho festivalu (19. 6. - 21. 6.) \u201eVala\u0161sk\u00fd \u0161pal\u00ed\u010dek 2003\u201c bude ve vala\u0161skomezi\u0159\u00ed\u010dsk\u00e9m M-klubu vystavovat dokument\u00e1rn\u00ed\u2026","rel":"","context":"V \u201eNeza\u0159azen\u00e9\u201c","block_context":{"text":"Neza\u0159azen\u00e9","link":"https:\/\/kotrla.com\/pmpro\/category\/nezarazene\/"},"img":{"alt_text":"","src":"","width":0,"height":0},"classes":[]}],"jetpack_sharing_enabled":true,"_links":{"self":[{"href":"https:\/\/kotrla.com\/pmpro\/wp-json\/wp\/v2\/posts\/151","targetHints":{"allow":["GET"]}}],"collection":[{"href":"https:\/\/kotrla.com\/pmpro\/wp-json\/wp\/v2\/posts"}],"about":[{"href":"https:\/\/kotrla.com\/pmpro\/wp-json\/wp\/v2\/types\/post"}],"author":[{"embeddable":true,"href":"https:\/\/kotrla.com\/pmpro\/wp-json\/wp\/v2\/users\/1"}],"replies":[{"embeddable":true,"href":"https:\/\/kotrla.com\/pmpro\/wp-json\/wp\/v2\/comments?post=151"}],"version-history":[{"count":0,"href":"https:\/\/kotrla.com\/pmpro\/wp-json\/wp\/v2\/posts\/151\/revisions"}],"wp:attachment":[{"href":"https:\/\/kotrla.com\/pmpro\/wp-json\/wp\/v2\/media?parent=151"}],"wp:term":[{"taxonomy":"category","embeddable":true,"href":"https:\/\/kotrla.com\/pmpro\/wp-json\/wp\/v2\/categories?post=151"},{"taxonomy":"post_tag","embeddable":true,"href":"https:\/\/kotrla.com\/pmpro\/wp-json\/wp\/v2\/tags?post=151"}],"curies":[{"name":"wp","href":"https:\/\/api.w.org\/{rel}","templated":true}]}}