{"id":1541,"date":"2014-03-10T17:15:15","date_gmt":"2014-03-10T16:15:15","guid":{"rendered":"http:\/\/kotrla.com\/pmpro\/?p=1541"},"modified":"2019-11-20T22:44:22","modified_gmt":"2019-11-20T21:44:22","slug":"za-ostravskym-kniznim-veletrhem","status":"publish","type":"post","link":"https:\/\/kotrla.com\/pmpro\/2014\/03\/za-ostravskym-kniznim-veletrhem\/","title":{"rendered":"Za ostravsk\u00fdm kni\u017en\u00edm veletrhem"},"content":{"rendered":"<p>Ze <a href=\"https:\/\/web.archive.org\/web\/20160510093710\/http:\/\/www.hejkal.cz:80\/lkvostrava\/\">\u010dty\u0159 ostravsk\u00fdch kni\u017en\u00edch veletrh\u016f<\/a> jsem vynechal jen ten lo\u0148sk\u00fd, kter\u00fd se mi pracovn\u011b kryl s moskevsk\u00fdm veletrhem vzduchotechniky (co\u017e je akce monstr\u00f3zn\u011bj\u0161\u00edch rozm\u011br\u016f). \u010cty\u0159i ro\u010dn\u00edky a po\u0159\u00e1d to nen\u00ed \u00fapln\u011b ono. Na kni\u017en\u00edm veletrhu bylo sice pom\u011brn\u011b hodn\u011b lid\u00ed. Aspo\u0148 pap\u00edrov\u011b to tedy bude vypadat OK, ale m\u00e1m siln\u00fd pocit, \u017ee to byl sp\u00ed\u0161 d\u016fsledek ve stejn\u00e9m pavil\u00f3nu soub\u011b\u017en\u011b konan\u00fdch veletrh\u016f Svatba a Dovolen\u00e1 a Region, L\u00e1ze\u0148stv\u00ed\u00a0a spole\u010dn\u00e9 vstupenky na v\u0161echny tyto t\u0159i akce. Z ur\u010dit\u00e9ho pohledu to ale vn\u00edm\u00e1m jako p\u0159\u00ednos, kdy na knihy a mo\u017en\u00e1 i do knih nakouknou i lid\u00e9, kte\u0159\u00ed by jim jinak nev\u011bnovali pozornost<\/p>\n<p>\u0160koda, \u017ee mnoho d\u016fle\u017eit\u00fdch nakladatel\u016f zde p\u0159\u00edtomno nebylo (nam\u00e1tkou Argo, Albatros, Odeon, Torst). M\u00e1m dojem, \u017ee v jedn\u00e9 hale jsem je asi nep\u0159ehl\u00e9dl. Z hlediska vystavovatel\u016f to ale ch\u00e1pu, \u017e\u00e1dn\u00e9 extra prodeje zde neprob\u00edhaly.<\/p>\n<p><a href=\"https:\/\/plus.google.com\/106252082335994742405\/posts\/FT3fA9szKVp\">Nejpo\u010detn\u011bj\u0161\u00ed zastoupen\u00ed tak m\u011bli na veletrhu asi z\u00e1stupci Hosta, redakce a auto\u0159i.<\/a> N\u011bkte\u0159\u00ed dal\u0161\u00ed se mihli i v publiku.<br \/>\nP\u0159izn\u00e1m se, \u017ee mne osobn\u011b na veletrhu zaj\u00edmal krom knih samotn\u00fdch hlavn\u011b doprovodn\u00fd program. Byl jsem tedy na veletrhu pouze v sobotu, ale pro dojem sta\u010dilo. Na \u010dten\u00edch bylo plno snad jen na spole\u010dn\u00e9m vystoupen\u00ed ostravsk\u00fdch spisovatel\u016f.<\/p>\n<figure id=\"attachment_1544\" aria-describedby=\"caption-attachment-1544\" style=\"width: 620px\" class=\"wp-caption alignnone\"><a href=\"https:\/\/kotrla.com\/pmpro\/wp-content\/uploads\/2014\/03\/ostravaci_IMG5481.jpg\"><img loading=\"lazy\" decoding=\"async\" class=\"size-full wp-image-1544\" alt=\"Ostrav\u0161t\u00ed spisovatel\u00e9 (B\u0159etislav Uhl\u00e1\u0159, Jana Marie Skaln\u00e1, Ale\u0161 Dost\u00e1l, Jana Hochmannov\u00e1, Radana \u0160at\u00e1nkov\u00e1, Miroslav Stoni\u0161, Lydie Romansk\u00e1, Miroslav Sehnal)\" src=\"https:\/\/kotrla.com\/pmpro\/wp-content\/uploads\/2014\/03\/ostravaci_IMG5481.jpg\" width=\"620\" height=\"417\" srcset=\"https:\/\/kotrla.com\/pmpro\/wp-content\/uploads\/2014\/03\/ostravaci_IMG5481.jpg 620w, https:\/\/kotrla.com\/pmpro\/wp-content\/uploads\/2014\/03\/ostravaci_IMG5481-300x201.jpg 300w\" sizes=\"auto, (max-width: 620px) 100vw, 620px\" \/><\/a><figcaption id=\"caption-attachment-1544\" class=\"wp-caption-text\">Ostrav\u0161t\u00ed spisovatel\u00e9 (So\u0148a Zachov\u00e1, B\u0159etislav Uhl\u00e1\u0159, Jana Marie Skaln\u00e1, Ale\u0161 Dost\u00e1l, Jana Hochmannov\u00e1, Radana \u0160at\u00e1nkov\u00e1, Miroslav Stoni\u0161, Lydie Romansk\u00e1, Miroslav Sehnal)<\/figcaption><\/figure>\n<p>&nbsp;<\/p>\n<p>Jinak jsem p\u0159\u00edli\u0161 velk\u00fd z\u00e1jem n\u00e1v\u0161t\u011bvn\u00edk\u016f neregistroval. Snad to bylo d\u00e1no t\u00edm, \u017ee to byli prim\u00e1rn\u011b n\u00e1v\u0161t\u011bvn\u00edci zb\u00fdvaj\u00edc\u00edch dvou veletrh\u016f. Svou roli ale hr\u00e1la tak\u00e9 skute\u010dnost, \u017ee prostor nebyl p\u0159\u00edli\u0161 dob\u0159e nazvu\u010den, a tak d\u00edky okoln\u00edmu hluku nebylo \u010dasto rozum\u011bt.<\/p>\n<figure id=\"attachment_1543\" aria-describedby=\"caption-attachment-1543\" style=\"width: 620px\" class=\"wp-caption alignnone\"><a href=\"https:\/\/kotrla.com\/pmpro\/wp-content\/uploads\/2014\/03\/tomas_zmeskal_IMG5301.jpg\"><img loading=\"lazy\" decoding=\"async\" class=\"size-full wp-image-1543\" alt=\"Tom\u00e1\u0161 Zme\u0161kal\" src=\"https:\/\/kotrla.com\/pmpro\/wp-content\/uploads\/2014\/03\/tomas_zmeskal_IMG5301.jpg\" width=\"620\" height=\"417\" srcset=\"https:\/\/kotrla.com\/pmpro\/wp-content\/uploads\/2014\/03\/tomas_zmeskal_IMG5301.jpg 620w, https:\/\/kotrla.com\/pmpro\/wp-content\/uploads\/2014\/03\/tomas_zmeskal_IMG5301-300x201.jpg 300w\" sizes=\"auto, (max-width: 620px) 100vw, 620px\" \/><\/a><figcaption id=\"caption-attachment-1543\" class=\"wp-caption-text\">Tom\u00e1\u0161 Zme\u0161kal<\/figcaption><\/figure>\n<p>Ani na druhou sc\u00e9nu, do Knihcentra, na besedu s <a title=\"Tom\u00e1\u0161 \" href=\"http:\/\/www.tomaszmeskal.cz\/\">Tom\u00e1\u0161em Zme\u0161kalem<\/a> p\u0159\u00edli\u0161 lid\u00ed nedorazilo. Okolo dvou kav\u00e1rensk\u00fdch stolk\u016f n\u00e1s sed\u011blo asi osm.<\/p>\n<p>Dojmy m\u00e1m tedy lehce rozpa\u010dit\u00e9, ale i tak veletrhu dr\u017e\u00edm palce, u\u017e jen z toho d\u016fvodu, \u017ee \u017e\u00e1dn\u00fd jin\u00fd se pobl\u00ed\u017e nekon\u00e1.<\/p>\n","protected":false},"excerpt":{"rendered":"<p>Ze \u010dty\u0159 ostravsk\u00fdch kni\u017en\u00edch veletrh\u016f jsem vynechal jen ten lo\u0148sk\u00fd, kter\u00fd se mi pracovn\u011b kryl s moskevsk\u00fdm veletrhem vzduchotechniky (co\u017e je akce monstr\u00f3zn\u011bj\u0161\u00edch rozm\u011br\u016f). \u010cty\u0159i ro\u010dn\u00edky a po\u0159\u00e1d to nen\u00ed \u00fapln\u011b ono. Na kni\u017en\u00edm veletrhu bylo sice pom\u011brn\u011b hodn\u011b lid\u00ed. Aspo\u0148 pap\u00edrov\u011b to tedy bude vypadat OK, ale m\u00e1m siln\u00fd pocit, \u017ee to byl sp\u00ed\u0161 [&hellip;]<\/p>\n","protected":false},"author":1,"featured_media":0,"comment_status":"open","ping_status":"open","sticky":false,"template":"","format":"standard","meta":{"site-sidebar-layout":"default","site-content-layout":"","ast-site-content-layout":"default","site-content-style":"default","site-sidebar-style":"default","ast-global-header-display":"","ast-banner-title-visibility":"","ast-main-header-display":"","ast-hfb-above-header-display":"","ast-hfb-below-header-display":"","ast-hfb-mobile-header-display":"","site-post-title":"","ast-breadcrumbs-content":"","ast-featured-img":"","footer-sml-layout":"","ast-disable-related-posts":"","theme-transparent-header-meta":"","adv-header-id-meta":"","stick-header-meta":"","header-above-stick-meta":"","header-main-stick-meta":"","header-below-stick-meta":"","astra-migrate-meta-layouts":"default","ast-page-background-enabled":"default","ast-page-background-meta":{"desktop":{"background-color":"var(--ast-global-color-5)","background-image":"","background-repeat":"repeat","background-position":"center center","background-size":"auto","background-attachment":"scroll","background-type":"","background-media":"","overlay-type":"","overlay-color":"","overlay-opacity":"","overlay-gradient":""},"tablet":{"background-color":"","background-image":"","background-repeat":"repeat","background-position":"center center","background-size":"auto","background-attachment":"scroll","background-type":"","background-media":"","overlay-type":"","overlay-color":"","overlay-opacity":"","overlay-gradient":""},"mobile":{"background-color":"","background-image":"","background-repeat":"repeat","background-position":"center center","background-size":"auto","background-attachment":"scroll","background-type":"","background-media":"","overlay-type":"","overlay-color":"","overlay-opacity":"","overlay-gradient":""}},"ast-content-background-meta":{"desktop":{"background-color":"var(--ast-global-color-4)","background-image":"","background-repeat":"repeat","background-position":"center center","background-size":"auto","background-attachment":"scroll","background-type":"","background-media":"","overlay-type":"","overlay-color":"","overlay-opacity":"","overlay-gradient":""},"tablet":{"background-color":"var(--ast-global-color-4)","background-image":"","background-repeat":"repeat","background-position":"center center","background-size":"auto","background-attachment":"scroll","background-type":"","background-media":"","overlay-type":"","overlay-color":"","overlay-opacity":"","overlay-gradient":""},"mobile":{"background-color":"var(--ast-global-color-4)","background-image":"","background-repeat":"repeat","background-position":"center center","background-size":"auto","background-attachment":"scroll","background-type":"","background-media":"","overlay-type":"","overlay-color":"","overlay-opacity":"","overlay-gradient":""}},"jetpack_post_was_ever_published":false,"_jetpack_newsletter_access":"","_jetpack_dont_email_post_to_subs":false,"_jetpack_newsletter_tier_id":0,"_jetpack_memberships_contains_paywalled_content":false,"_jetpack_memberships_contains_paid_content":false,"footnotes":""},"categories":[19,2],"tags":[],"class_list":["post-1541","post","type-post","status-publish","format-standard","hentry","category-knihy","category-literatura"],"jetpack_featured_media_url":"","jetpack_shortlink":"https:\/\/wp.me\/p4mLP7-oR","jetpack-related-posts":[{"id":267,"url":"https:\/\/kotrla.com\/pmpro\/2009\/06\/ctenarsky-denik-dimitru-tepeneag-hotel-evropa\/","url_meta":{"origin":1541,"position":0},"title":"\u010cten\u00e1\u0159sk\u00fd den\u00edk: Dimitru \u0162epeneag &#8211; Hotel Evropa","author":"Pavel Kotrla","date":"27.6.2009","format":false,"excerpt":"Ned\u00e1vno rumunsk\u00fd prozaik a p\u0159ekladatel Dimitru \u0162epeneag pok\u0159til na veletrhu na st\u00e1nku Rumunsk\u00e9ho institutu p\u0159eklad sv\u00e9 knihy Hotel Europa. Zrovna na tuto kn\u00ed\u017eku jsem byl nat\u011b\u0161en\u00fd i proto, \u017ee jsme v minulosti v Textech otiskli uk\u00e1zku z chystan\u00e9ho p\u0159ekladu Tom\u00e1\u0161e Va\u0161uta. Ale asi jsem se t\u011b\u0161il moc. Kniha je p\u0159elo\u017een\u00e1\u2026","rel":"","context":"V \u201e\u010cten\u00e1\u0159sk\u00fd den\u00edk\u201c","block_context":{"text":"\u010cten\u00e1\u0159sk\u00fd den\u00edk","link":"https:\/\/kotrla.com\/pmpro\/category\/ctenarsky-denik\/"},"img":{"alt_text":"Dimitru \u0162epeneag - Hotel Evropa","src":"https:\/\/i0.wp.com\/kotrla.com\/pmpro\/images\/uploads\/hotel_evropa.jpg?resize=350%2C200&ssl=1","width":350,"height":200},"classes":[]},{"id":10853,"url":"https:\/\/kotrla.com\/pmpro\/2023\/09\/9-litr-knizni-veletrh-autorskych-a-umeleckych-publikaci\/","url_meta":{"origin":1541,"position":1},"title":"9 LITR &#8211; Kni\u017en\u00ed veletrh autorsk\u00fdch a um\u011bleck\u00fdch publikac\u00ed","author":"Pavel Kotrla","date":"25.9.2023","format":false,"excerpt":"V sobotu jsme vyrazili do Olomouce na LITR, dev\u00e1t\u00fd ro\u010dn\u00edk kni\u017en\u00edho veletrhu autorsk\u00fdch a um\u011bleck\u00fdch publikac\u00ed. P\u0159\u00edjemn\u00e1 akce, s \u0159adou zaj\u00edmav\u00fdch publikac\u00ed a lid\u00ed, ze kter\u00e9 si n\u00e1v\u0161t\u011bvn\u00edci mohli odv\u00e9zt knihy, na kter\u00e9 v produkci b\u011b\u017en\u011b nenaraz\u00ed. Sraz nad\u0161enc\u016f. Dobr\u00e9 to bylo. (V\u00fdb\u011brov\u011b aspo\u0148 n\u011bkolik fotografi\u00ed, vystavuj\u00edc\u00edch bylo v\u00edc.)","rel":"","context":"V \u201eKnihy\u201c","block_context":{"text":"Knihy","link":"https:\/\/kotrla.com\/pmpro\/category\/knihy\/"},"img":{"alt_text":"","src":"https:\/\/i0.wp.com\/kotrla.com\/pmpro\/wp-content\/uploads\/2023\/09\/litr_IMGP9600-150x150.jpg?resize=350%2C200&ssl=1","width":350,"height":200,"srcset":"https:\/\/i0.wp.com\/kotrla.com\/pmpro\/wp-content\/uploads\/2023\/09\/litr_IMGP9600-150x150.jpg?resize=350%2C200&ssl=1 1x, https:\/\/i0.wp.com\/kotrla.com\/pmpro\/wp-content\/uploads\/2023\/09\/litr_IMGP9600-150x150.jpg?resize=525%2C300&ssl=1 1.5x, https:\/\/i0.wp.com\/kotrla.com\/pmpro\/wp-content\/uploads\/2023\/09\/litr_IMGP9600-150x150.jpg?resize=700%2C400&ssl=1 2x, https:\/\/i0.wp.com\/kotrla.com\/pmpro\/wp-content\/uploads\/2023\/09\/litr_IMGP9600-150x150.jpg?resize=1050%2C600&ssl=1 3x, https:\/\/i0.wp.com\/kotrla.com\/pmpro\/wp-content\/uploads\/2023\/09\/litr_IMGP9600-150x150.jpg?resize=1400%2C800&ssl=1 4x"},"classes":[]},{"id":159,"url":"https:\/\/kotrla.com\/pmpro\/2011\/03\/zly-zly-amazon-kindle\/","url_meta":{"origin":1541,"position":2},"title":"Zl\u00fd zl\u00fd Amazon Kindle&#8230;","author":"Pavel Kotrla","date":"23.3.2011","format":false,"excerpt":"a a \u017eivot n\u00e1ru\u017eiv\u00e9ho \u010dten\u00e1\u0159e s e-knihami Objevily se n\u011bjak\u00e9 zpr\u00e1vy o tom, \u017ee Kindle je nejv\u011bt\u0161\u00ed zlo, kter\u00e9 n\u00e1s potkalo. Snad udr\u017euju rozumnou rovnov\u00e1hu mezi ti\u0161t\u011bn\u00fdmi knihami a elektronick\u00fdmi. No, p\u00e1r tis\u00edcovek str\u00e1nek (t\u011bch kni\u017en\u00edch) a \u00fam\u011brn\u011b k tomu v\u00edce obrazovek jsem na Kindlu p\u0159e\u010detl. Nen\u00ed to ide\u00e1ln\u00ed \u010dte\u010dka\u2026","rel":"","context":"V \u201eLiteratura\u201c","block_context":{"text":"Literatura","link":"https:\/\/kotrla.com\/pmpro\/category\/literatura\/"},"img":{"alt_text":"","src":"","width":0,"height":0},"classes":[]},{"id":6865,"url":"https:\/\/kotrla.com\/pmpro\/2020\/10\/gratulace\/","url_meta":{"origin":1541,"position":3},"title":"Gratulace&#8230;","author":"Pavel Kotrla","date":"28.10.2020","format":false,"excerpt":"Jsou auto\u0159i, kter\u00e9 si zamilujete od prvn\u00ed knihy. B\u00e1snick\u00e1 sb\u00edrka Vra\u017eda v hotelu Intercontinental z roku 1989 pro mne takovou knihou byla. Tak\u017ee dne\u0161n\u00ed St\u00e1tn\u00ed cenu za literaturu pro Michala Ajvaze pot\u011b\u0161ila. (Stejn\u011b jako pro p\u0159ekladatelku Blanku St\u00e1rkovou.) Liter\u00e1rn\u00ed akce, \u010dten\u00ed a festivaly jsou aktu\u00e1ln\u011b u ledu, tak aspo\u0148 jedna\u2026","rel":"","context":"V \u201eKnihy\u201c","block_context":{"text":"Knihy","link":"https:\/\/kotrla.com\/pmpro\/category\/knihy\/"},"img":{"alt_text":"Michal Ajvaz","src":"https:\/\/i0.wp.com\/kotrla.com\/pmpro\/wp-content\/uploads\/2020\/10\/michal_ajvaz_IGP9673.jpg?resize=350%2C200&ssl=1","width":350,"height":200,"srcset":"https:\/\/i0.wp.com\/kotrla.com\/pmpro\/wp-content\/uploads\/2020\/10\/michal_ajvaz_IGP9673.jpg?resize=350%2C200&ssl=1 1x, https:\/\/i0.wp.com\/kotrla.com\/pmpro\/wp-content\/uploads\/2020\/10\/michal_ajvaz_IGP9673.jpg?resize=525%2C300&ssl=1 1.5x, https:\/\/i0.wp.com\/kotrla.com\/pmpro\/wp-content\/uploads\/2020\/10\/michal_ajvaz_IGP9673.jpg?resize=700%2C400&ssl=1 2x, https:\/\/i0.wp.com\/kotrla.com\/pmpro\/wp-content\/uploads\/2020\/10\/michal_ajvaz_IGP9673.jpg?resize=1050%2C600&ssl=1 3x, https:\/\/i0.wp.com\/kotrla.com\/pmpro\/wp-content\/uploads\/2020\/10\/michal_ajvaz_IGP9673.jpg?resize=1400%2C800&ssl=1 4x"},"classes":[]},{"id":717,"url":"https:\/\/kotrla.com\/pmpro\/2005\/07\/kniha-kterou-jsem-nebyl-schopen-docist\/","url_meta":{"origin":1541,"position":4},"title":"Kniha, kterou jsem nebyl schopen do\u010d\u00edst","author":"Pavel Kotrla","date":"20.7.2005","format":false,"excerpt":"Asi st\u00e1rnu. Jo, prost\u011b jak je \u010dlov\u011bku nad t\u0159icet, tak u\u017e m\u00e1 asi v\u011bkem zakalen\u00fd zrak. No, ale kn\u00ed\u017eku, kterou zde chci zm\u00ednit, bych asi nebyl schopen do\u010d\u00edst ani p\u0159ed deseti nebo patn\u00e1cti lety. Nen\u00ed to p\u0159\u00edpad Odyssea, ke kter\u00e9mu m\u00e1 \u010dlov\u011bk \u010das od \u010dasu puzen\u00ed se vracet. Je to\u2026","rel":"","context":"V \u201e\u010cten\u00e1\u0159sk\u00fd den\u00edk\u201c","block_context":{"text":"\u010cten\u00e1\u0159sk\u00fd den\u00edk","link":"https:\/\/kotrla.com\/pmpro\/category\/ctenarsky-denik\/"},"img":{"alt_text":"","src":"","width":0,"height":0},"classes":[]},{"id":129,"url":"https:\/\/kotrla.com\/pmpro\/2011\/10\/dva-ruzne-veletrhy\/","url_meta":{"origin":1541,"position":5},"title":"Dva r\u016fzn\u00e9 veletrhy","author":"Pavel Kotrla","date":"23.10.2011","format":false,"excerpt":"Beseda s b\u011blorusk\u00fdmi b\u00e1sn\u00edky (Ji\u0159\u00ed D\u011bde\u010dek, J\u00e1chym Topol, Ales Razanov, Vital Ry\u017ekov, Sergej Smatri\u010denko) V\u010dera jsem se vr\u00e1til z Podzimn\u00edho kni\u017en\u00edho veletrhu v Havl\u00ed\u010dkov\u011b Brodu. Nev\u00edm, jestli to bylo t\u00edm, \u017ee se po\u0159\u00e1dal u\u017e po jednadvac\u00e1t\u00e9, ale tak narv\u00e1no jsem ne\u010dekal. Hlava na hlav\u011b a proj\u00edt se skoro nedalo. Obzvl\u00e1\u0161\u0165\u2026","rel":"","context":"V \u201eFotografie\u201c","block_context":{"text":"Fotografie","link":"https:\/\/kotrla.com\/pmpro\/category\/fotografie\/"},"img":{"alt_text":"Beseda s b\u011blorusk\u00fdmi b\u00e1sn\u00edky","src":"https:\/\/i0.wp.com\/kotrla.com\/pmpro\/images\/uploads\/belorusko_beseda_IGP7423.jpg?resize=350%2C200&ssl=1","width":350,"height":200},"classes":[]}],"jetpack_sharing_enabled":true,"_links":{"self":[{"href":"https:\/\/kotrla.com\/pmpro\/wp-json\/wp\/v2\/posts\/1541","targetHints":{"allow":["GET"]}}],"collection":[{"href":"https:\/\/kotrla.com\/pmpro\/wp-json\/wp\/v2\/posts"}],"about":[{"href":"https:\/\/kotrla.com\/pmpro\/wp-json\/wp\/v2\/types\/post"}],"author":[{"embeddable":true,"href":"https:\/\/kotrla.com\/pmpro\/wp-json\/wp\/v2\/users\/1"}],"replies":[{"embeddable":true,"href":"https:\/\/kotrla.com\/pmpro\/wp-json\/wp\/v2\/comments?post=1541"}],"version-history":[{"count":0,"href":"https:\/\/kotrla.com\/pmpro\/wp-json\/wp\/v2\/posts\/1541\/revisions"}],"wp:attachment":[{"href":"https:\/\/kotrla.com\/pmpro\/wp-json\/wp\/v2\/media?parent=1541"}],"wp:term":[{"taxonomy":"category","embeddable":true,"href":"https:\/\/kotrla.com\/pmpro\/wp-json\/wp\/v2\/categories?post=1541"},{"taxonomy":"post_tag","embeddable":true,"href":"https:\/\/kotrla.com\/pmpro\/wp-json\/wp\/v2\/tags?post=1541"}],"curies":[{"name":"wp","href":"https:\/\/api.w.org\/{rel}","templated":true}]}}