{"id":157,"date":"2011-04-03T11:13:42","date_gmt":"2011-04-03T10:13:42","guid":{"rendered":"http:\/\/kotrla.com\/wordpress\/?p=157"},"modified":"2019-11-20T22:39:13","modified_gmt":"2019-11-20T21:39:13","slug":"lidove-stavby-na-vsetinsku-knizne","status":"publish","type":"post","link":"https:\/\/kotrla.com\/pmpro\/2011\/04\/lidove-stavby-na-vsetinsku-knizne\/","title":{"rendered":"Lidov\u00e9 stavby na Vset\u00ednsku kni\u017en\u011b"},"content":{"rendered":"<p><img loading=\"lazy\" decoding=\"async\" src=\"https:\/\/kotrla.com\/pmpro\/images\/uploads\/lidove_stavby_vsetinsko.jpg\" border=\"0\" alt=\"Lidov\u00e9 stavby zn\u00e1m\u00e9 nezn\u00e1m\u00e9 (Zl\u00ednsk\u00fd kraj &#8211; Vset\u00ednsko)\" width=\"150\" height=\"219\" align=\"right\" \/>Ned\u00e1vno mou knihovni\u010dku roz\u0161\u00ed\u0159ila neprodejn\u00e1 publikace <a href=\"http:\/\/www.slovackemuzeum.cz\/shop\/goods\/79\/\">Lidov\u00e9 stavby zn\u00e1m\u00e9 nezn\u00e1m\u00e9 (Zl\u00ednsk\u00fd kraj &#8211; Vset\u00ednsko)<\/a>. Publikace v\u011bnovan\u00e1 Vset\u00ednsku vznikla ve Slov\u00e1ck\u00e9m muzeu a navazuje v r\u00e1mci projektu Identifikace a dokumentace tradi\u010dn\u00edho lidov\u00e9ho stavitelstv\u00ed na ji\u017e vydan\u00e9 publikace v\u011bnovan\u00e9 <a href=\"http:\/\/www.slovackemuzeum.cz\/shop\/goods\/34\/\">Uherskohradi\u0161\u0165sku<\/a> a <a href=\"http:\/\/www.slovackemuzeum.cz\/shop\/goods\/35\/\">Zl\u00ednsku<\/a>. Ka\u017ed\u00e9 obci je v\u011bnov\u00e1na samostatn\u00e1 studie. Ty jsou \u0159azeny abecedn\u011b.<br \/>\nPokud se p\u00ed\u0161e, \u017ee &#8222;publikace detailn\u011b p\u0159ibli\u017euje stav pam\u00e1tek lidov\u00e9ho stavitelstv\u00ed&#8220;, pak je to pravda jen \u010d\u00e1ste\u010dn\u011b. Z\u00e1le\u017e\u00ed na \u00fahlu pohledu. Dovedu si p\u0159edstavit hlub\u0161\u00ed ponor. Rozsah publikace tak dvojn\u00e1sobn\u00fd, trojn\u00e1sobn\u00fd. Chyb\u00ed mi n\u011bjak\u00e1 rozs\u00e1hlej\u0161\u00ed \u00favodn\u00ed studie popisuj\u00edc\u00ed historickou prom\u011bnu nebo ilustrace zachycuj\u00edc\u00ed nejpodstatn\u011bj\u0161\u00ed rysy. Pokud by na publikaci spolupracovali pracovn\u00edci vset\u00ednsk\u00e9ho nebo ro\u017enovsk\u00e9ho muzea, pak mohla vypadat jinak. Pravdou v\u0161ak je, \u017ee grant byl nastaven jinak a publikace, ur\u010den\u00e1 \u0161ir\u0161\u00ed ve\u0159ejnosti, zcela jist\u011b sv\u016fj \u00fa\u010del, tedy upozornit \u00fa\u0159ady a vlastn\u00edky na kulturn\u00ed d\u011bdictv\u00ed a jeho uchov\u00e1n\u00ed, pln\u00ed.<br \/>\nSami vid\u00edme, jak n\u00e1m miz\u00ed p\u0159ed o\u010dima. P\u0159irozen\u011b mne zaj\u00edm\u00e1 p\u0159edev\u0161\u00edm Byst\u0159i\u010dka a jej\u00ed okol\u00ed, p\u0159\u00edpadn\u011b katastry, kde se d\u0159\u00edve rozkl\u00e1dala. A pr\u00e1v\u011b kapitola v\u011bnovan\u00e1 R\u016f\u017e\u010fce obsahuje fotografii ned\u00e1vno zbouran\u00e9 d\u0159ev\u011bnice vedle katolick\u00e9ho kostela.<\/p>\n<p>Souvisej\u00edc\u00ed:<br \/>\n<a href=\"http:\/\/www.prvnizpravy.cz\/zpravy\/z-regionu\/lidove-stavby-zname-nezname--vsetinsko\/\">http:\/\/www.prvnizpravy.cz\/zpravy\/z-regionu\/lidove-stavby-zname-nezname&#8211;vsetinsko\/<\/a><\/p>\n","protected":false},"excerpt":{"rendered":"<p>Ned\u00e1vno mou knihovni\u010dku roz\u0161\u00ed\u0159ila neprodejn\u00e1 publikace Lidov\u00e9 stavby zn\u00e1m\u00e9 nezn\u00e1m\u00e9 (Zl\u00ednsk\u00fd kraj &#8211; Vset\u00ednsko). Publikace v\u011bnovan\u00e1 Vset\u00ednsku vznikla ve Slov\u00e1ck\u00e9m muzeu a navazuje v r\u00e1mci projektu Identifikace a dokumentace tradi\u010dn\u00edho lidov\u00e9ho stavitelstv\u00ed na ji\u017e vydan\u00e9 publikace v\u011bnovan\u00e9 Uherskohradi\u0161\u0165sku a Zl\u00ednsku. Ka\u017ed\u00e9 obci je v\u011bnov\u00e1na samostatn\u00e1 studie. Ty jsou \u0159azeny abecedn\u011b. Pokud se p\u00ed\u0161e, \u017ee &#8222;publikace [&hellip;]<\/p>\n","protected":false},"author":1,"featured_media":0,"comment_status":"open","ping_status":"open","sticky":false,"template":"","format":"standard","meta":{"site-sidebar-layout":"default","site-content-layout":"","ast-site-content-layout":"default","site-content-style":"default","site-sidebar-style":"default","ast-global-header-display":"","ast-banner-title-visibility":"","ast-main-header-display":"","ast-hfb-above-header-display":"","ast-hfb-below-header-display":"","ast-hfb-mobile-header-display":"","site-post-title":"","ast-breadcrumbs-content":"","ast-featured-img":"","footer-sml-layout":"","ast-disable-related-posts":"","theme-transparent-header-meta":"","adv-header-id-meta":"","stick-header-meta":"","header-above-stick-meta":"","header-main-stick-meta":"","header-below-stick-meta":"","astra-migrate-meta-layouts":"default","ast-page-background-enabled":"default","ast-page-background-meta":{"desktop":{"background-color":"var(--ast-global-color-5)","background-image":"","background-repeat":"repeat","background-position":"center center","background-size":"auto","background-attachment":"scroll","background-type":"","background-media":"","overlay-type":"","overlay-color":"","overlay-opacity":"","overlay-gradient":""},"tablet":{"background-color":"","background-image":"","background-repeat":"repeat","background-position":"center center","background-size":"auto","background-attachment":"scroll","background-type":"","background-media":"","overlay-type":"","overlay-color":"","overlay-opacity":"","overlay-gradient":""},"mobile":{"background-color":"","background-image":"","background-repeat":"repeat","background-position":"center center","background-size":"auto","background-attachment":"scroll","background-type":"","background-media":"","overlay-type":"","overlay-color":"","overlay-opacity":"","overlay-gradient":""}},"ast-content-background-meta":{"desktop":{"background-color":"var(--ast-global-color-4)","background-image":"","background-repeat":"repeat","background-position":"center center","background-size":"auto","background-attachment":"scroll","background-type":"","background-media":"","overlay-type":"","overlay-color":"","overlay-opacity":"","overlay-gradient":""},"tablet":{"background-color":"var(--ast-global-color-4)","background-image":"","background-repeat":"repeat","background-position":"center center","background-size":"auto","background-attachment":"scroll","background-type":"","background-media":"","overlay-type":"","overlay-color":"","overlay-opacity":"","overlay-gradient":""},"mobile":{"background-color":"var(--ast-global-color-4)","background-image":"","background-repeat":"repeat","background-position":"center center","background-size":"auto","background-attachment":"scroll","background-type":"","background-media":"","overlay-type":"","overlay-color":"","overlay-opacity":"","overlay-gradient":""}},"jetpack_post_was_ever_published":false,"_jetpack_newsletter_access":"","_jetpack_dont_email_post_to_subs":false,"_jetpack_newsletter_tier_id":0,"_jetpack_memberships_contains_paywalled_content":false,"_jetpack_memberships_contains_paid_content":false,"footnotes":""},"categories":[5,2,4],"tags":[],"class_list":["post-157","post","type-post","status-publish","format-standard","hentry","category-bystricka","category-literatura","category-ostatni"],"jetpack_featured_media_url":"","jetpack_shortlink":"https:\/\/wp.me\/p4mLP7-2x","jetpack-related-posts":[{"id":3806,"url":"https:\/\/kotrla.com\/pmpro\/2018\/08\/valasske-mezirici-se-dockalo-novych-dejin\/","url_meta":{"origin":157,"position":0},"title":"Vala\u0161sk\u00e9 Mezi\u0159\u00ed\u010d\u00ed se do\u010dkalo nov\u00fdch d\u011bjin","author":"Pavel Kotrla","date":"22.8.2018","format":false,"excerpt":"Trvalo to sice o cosi d\u00e9le, ne\u017e se p\u0159edpokl\u00e1dalo, ale i Vala\u0161sk\u00e9 Mezi\u0159\u00ed\u010d\u00ed se do\u010dkalo sv\u00fdch nov\u00fdch d\u011bjin m\u011bsta. Rozpracovan\u00e9 d\u00edlo, jeho\u017e vznik p\u0159eru\u0161ila smrt, p\u0159evzal po sv\u00e9m otci Ladislavu Baletkovi syn Tom\u00e1\u0161, takt\u00e9\u017e \u0159editel St\u00e1tn\u00edho okresn\u00edho archivu Vset\u00edn. Ten ke spolupr\u00e1ci p\u0159izval je\u0161t\u011b Zde\u0148ka Pomklu a Evu \u010cerm\u00e1kovou, kter\u00e9\u2026","rel":"","context":"V \u201eFotografie\u201c","block_context":{"text":"Fotografie","link":"https:\/\/kotrla.com\/pmpro\/category\/fotografie\/"},"img":{"alt_text":"","src":"https:\/\/i0.wp.com\/kotrla.com\/pmpro\/wp-content\/uploads\/2018\/08\/robert_strzinek_tomas_baletka_IMGP5629-150x150.jpg?resize=350%2C200&ssl=1","width":350,"height":200,"srcset":"https:\/\/i0.wp.com\/kotrla.com\/pmpro\/wp-content\/uploads\/2018\/08\/robert_strzinek_tomas_baletka_IMGP5629-150x150.jpg?resize=350%2C200&ssl=1 1x, https:\/\/i0.wp.com\/kotrla.com\/pmpro\/wp-content\/uploads\/2018\/08\/robert_strzinek_tomas_baletka_IMGP5629-150x150.jpg?resize=525%2C300&ssl=1 1.5x, https:\/\/i0.wp.com\/kotrla.com\/pmpro\/wp-content\/uploads\/2018\/08\/robert_strzinek_tomas_baletka_IMGP5629-150x150.jpg?resize=700%2C400&ssl=1 2x, https:\/\/i0.wp.com\/kotrla.com\/pmpro\/wp-content\/uploads\/2018\/08\/robert_strzinek_tomas_baletka_IMGP5629-150x150.jpg?resize=1050%2C600&ssl=1 3x, https:\/\/i0.wp.com\/kotrla.com\/pmpro\/wp-content\/uploads\/2018\/08\/robert_strzinek_tomas_baletka_IMGP5629-150x150.jpg?resize=1400%2C800&ssl=1 4x"},"classes":[]},{"id":12469,"url":"https:\/\/kotrla.com\/pmpro\/2025\/02\/ctvrtecni-uvedeni-publikace-v-souradnicich-neklidu\/","url_meta":{"origin":157,"position":1},"title":"\u010ctvrte\u010dn\u00ed uveden\u00ed publikace V sou\u0159adnic\u00edch neklidu","author":"Pavel Kotrla","date":"9.2.2025","format":false,"excerpt":"\u010cesk\u00e1 literatura druh\u00e9 dek\u00e1dy jednadvac\u00e1t\u00e9ho stolet\u00ed v souvislostech a interpretac\u00edch \u2013 Alena \u0160id\u00e1kov\u00e1 Fialov\u00e1 (hlavn\u00ed editorka), Petr Hru\u0161ka (ed.), Lenka Jungmannov\u00e1 (ed.). Publikace opravdu obs\u00e1hl\u00e1 (912 stran). V\u00edce o tomto \u0161palku najdete na str\u00e1nk\u00e1ch \u00dastavu pro \u010deskou literaturu Akademie v\u011bd \u010cesk\u00e9 republiky. After party byla nutnost\u00ed. D\u00edky za mo\u017enost pod\u00edlet\u2026","rel":"","context":"V \u201eFotografie\u201c","block_context":{"text":"Fotografie","link":"https:\/\/kotrla.com\/pmpro\/category\/fotografie\/"},"img":{"alt_text":"","src":"https:\/\/i0.wp.com\/kotrla.com\/pmpro\/wp-content\/uploads\/2025\/02\/v_souradnicich_neklidu_IMGP5567_bw-150x150.jpg?resize=350%2C200&ssl=1","width":350,"height":200,"srcset":"https:\/\/i0.wp.com\/kotrla.com\/pmpro\/wp-content\/uploads\/2025\/02\/v_souradnicich_neklidu_IMGP5567_bw-150x150.jpg?resize=350%2C200&ssl=1 1x, https:\/\/i0.wp.com\/kotrla.com\/pmpro\/wp-content\/uploads\/2025\/02\/v_souradnicich_neklidu_IMGP5567_bw-150x150.jpg?resize=525%2C300&ssl=1 1.5x, https:\/\/i0.wp.com\/kotrla.com\/pmpro\/wp-content\/uploads\/2025\/02\/v_souradnicich_neklidu_IMGP5567_bw-150x150.jpg?resize=700%2C400&ssl=1 2x, https:\/\/i0.wp.com\/kotrla.com\/pmpro\/wp-content\/uploads\/2025\/02\/v_souradnicich_neklidu_IMGP5567_bw-150x150.jpg?resize=1050%2C600&ssl=1 3x, https:\/\/i0.wp.com\/kotrla.com\/pmpro\/wp-content\/uploads\/2025\/02\/v_souradnicich_neklidu_IMGP5567_bw-150x150.jpg?resize=1400%2C800&ssl=1 4x"},"classes":[]},{"id":954,"url":"https:\/\/kotrla.com\/pmpro\/2004\/07\/lhotecky-tolerancni-kostel\/","url_meta":{"origin":157,"position":2},"title":"Lhoteck\u00fd toleran\u010dn\u00ed kostel","author":"Pavel Kotrla","date":"31.7.2004","format":false,"excerpt":"Tak jsem se kone\u010dn\u011b dostal k tomu, \u017ee jsem si zakoupil kn\u00ed\u017eku D\u0159ev\u011bn\u00fd toleran\u010dn\u00ed kostel na Velk\u00e9 Lhot\u011b Kate\u0159iny a Pavla K\u0159ivohlav\u00fdch, kterou vloni u p\u0159\u00edle\u017eitosti 220. v\u00fdro\u010d\u00ed zalo\u017een\u00ed kostela vydalo ob\u010dansk\u00e9 sdru\u017een\u00ed D\u016fm na sk\u00e1le. Sice jsem ji v \u017e\u00e1dn\u00e9m z okoln\u00edch knihkupectv\u00ed nevid\u011bl, ale na fa\u0159e v\u00e1m ji\u2026","rel":"","context":"V \u201eNeza\u0159azen\u00e9\u201c","block_context":{"text":"Neza\u0159azen\u00e9","link":"https:\/\/kotrla.com\/pmpro\/category\/nezarazene\/"},"img":{"alt_text":"","src":"","width":0,"height":0},"classes":[]},{"id":562,"url":"https:\/\/kotrla.com\/pmpro\/2006\/05\/lexikon-teorie-literatury-a-kultury\/","url_meta":{"origin":157,"position":3},"title":"Lexikon teorie literatury a kultury","author":"Pavel Kotrla","date":"13.5.2006","format":false,"excerpt":"Krom toho, \u017ee jsem se zda\u0159ile sna\u017eil tento t\u00fdden aspo\u0148 po pr\u00e1ci vyh\u00fdbat po\u010d\u00edta\u010di, jsem si ud\u011blal radost dal\u0161\u00ed slovn\u00edkem. V\u00edce ne\u017e dva t\u00fddny jsem sice \u010dekal na to, a\u017e pojede k\u00fd\u017een\u00fd kni\u017en\u00ed distributor kolem vset\u00ednsk\u00e9ho knihkupectv\u00ed. Nakonec tedy jel a poklidn\u011b si pro\u010d\u00edt\u00e1m t\u011bch cca dev\u011bt stovek stran Lexikonu\u2026","rel":"","context":"V \u201eLiteratura\u201c","block_context":{"text":"Literatura","link":"https:\/\/kotrla.com\/pmpro\/category\/literatura\/"},"img":{"alt_text":"Lexikon teorie literatury a kultury","src":"https:\/\/i0.wp.com\/kotrla.com\/pmpro\/images\/uploads\/lexikon_teorie_literatury_a_kultury.jpg?resize=350%2C200&ssl=1","width":350,"height":200},"classes":[]},{"id":17,"url":"https:\/\/kotrla.com\/pmpro\/2013\/11\/z-vcerejsiho-krtu-publikace-krajina\/","url_meta":{"origin":157,"position":4},"title":"Z v\u010derej\u0161\u00edho k\u0159tu publikace Krajina","author":"Pavel Kotrla","date":"1.11.2013","format":false,"excerpt":"Ze k\u0159tu kolektivn\u00ed monografie \u201eKRAJINA. Vytv\u00e1\u0159en\u00ed prostoru v literatu\u0159e a v\u00fdtvarn\u00e9m um\u011bn\u00ed\u201c, kter\u00fd prob\u011bhl v\u010dera 31. 10. v Ostrav\u011b v knihkupectv\u00ed Academia.","rel":"","context":"V \u201eLiteratura\u201c","block_context":{"text":"Literatura","link":"https:\/\/kotrla.com\/pmpro\/category\/literatura\/"},"img":{"alt_text":"image","src":"https:\/\/i0.wp.com\/kotrla.com\/pmpro\/images\/uploads\/krajina_IMG5060.jpg?resize=350%2C200&ssl=1","width":350,"height":200},"classes":[]},{"id":3002,"url":"https:\/\/kotrla.com\/pmpro\/2016\/10\/z-vcerejsi-vernisaze-sumeni-andelskych-kridel-a-krtu-publikace-palac-muzea-umeni-v-olomouci\/","url_meta":{"origin":157,"position":5},"title":"Z v\u010derej\u0161\u00ed vernis\u00e1\u017ee \u0160um\u011bn\u00ed and\u011blsk\u00fdch k\u0159\u00eddel a k\u0159tu publikace Pal\u00e1c Muzea um\u011bn\u00ed v Olomouci","author":"Pavel Kotrla","date":"28.10.2016","format":false,"excerpt":"Knihu jsem u\u017e p\u0159e\u010detl. And\u011bly doporu\u010duji. V\u0161e podstatn\u00e9 o akci asi zde Dvoj\u00ed vernis\u00e1\u017e otev\u0159ela dv\u011b nov\u00e9 v\u00fdstavy","rel":"","context":"V \u201eFotografie\u201c","block_context":{"text":"Fotografie","link":"https:\/\/kotrla.com\/pmpro\/category\/fotografie\/"},"img":{"alt_text":"","src":"https:\/\/i0.wp.com\/kotrla.com\/pmpro\/wp-content\/uploads\/2016\/10\/ol_IMGP7563-150x150.jpg?resize=350%2C200&ssl=1","width":350,"height":200,"srcset":"https:\/\/i0.wp.com\/kotrla.com\/pmpro\/wp-content\/uploads\/2016\/10\/ol_IMGP7563-150x150.jpg?resize=350%2C200&ssl=1 1x, https:\/\/i0.wp.com\/kotrla.com\/pmpro\/wp-content\/uploads\/2016\/10\/ol_IMGP7563-150x150.jpg?resize=525%2C300&ssl=1 1.5x"},"classes":[]}],"jetpack_sharing_enabled":true,"_links":{"self":[{"href":"https:\/\/kotrla.com\/pmpro\/wp-json\/wp\/v2\/posts\/157","targetHints":{"allow":["GET"]}}],"collection":[{"href":"https:\/\/kotrla.com\/pmpro\/wp-json\/wp\/v2\/posts"}],"about":[{"href":"https:\/\/kotrla.com\/pmpro\/wp-json\/wp\/v2\/types\/post"}],"author":[{"embeddable":true,"href":"https:\/\/kotrla.com\/pmpro\/wp-json\/wp\/v2\/users\/1"}],"replies":[{"embeddable":true,"href":"https:\/\/kotrla.com\/pmpro\/wp-json\/wp\/v2\/comments?post=157"}],"version-history":[{"count":0,"href":"https:\/\/kotrla.com\/pmpro\/wp-json\/wp\/v2\/posts\/157\/revisions"}],"wp:attachment":[{"href":"https:\/\/kotrla.com\/pmpro\/wp-json\/wp\/v2\/media?parent=157"}],"wp:term":[{"taxonomy":"category","embeddable":true,"href":"https:\/\/kotrla.com\/pmpro\/wp-json\/wp\/v2\/categories?post=157"},{"taxonomy":"post_tag","embeddable":true,"href":"https:\/\/kotrla.com\/pmpro\/wp-json\/wp\/v2\/tags?post=157"}],"curies":[{"name":"wp","href":"https:\/\/api.w.org\/{rel}","templated":true}]}}