{"id":164,"date":"2011-02-24T18:23:29","date_gmt":"2011-02-24T17:23:29","guid":{"rendered":"http:\/\/kotrla.com\/wordpress\/?p=164"},"modified":"2019-11-20T22:39:13","modified_gmt":"2019-11-20T21:39:13","slug":"prvni-z-velkych-nakladatelstvi-zacalo-vydavat-e-knihy","status":"publish","type":"post","link":"https:\/\/kotrla.com\/pmpro\/2011\/02\/prvni-z-velkych-nakladatelstvi-zacalo-vydavat-e-knihy\/","title":{"rendered":"Prvn\u00ed z velk\u00fdch nakladatelstv\u00ed za\u010dalo vyd\u00e1vat e-knihy"},"content":{"rendered":"<p>Tedy prvn\u00ed z nakladatelstv\u00ed vyd\u00e1vaj\u00edc\u00edch po\u0159\u00e1dnou beletrii. Nab\u00eddka \u010desk\u00fdch e-knih knih je prozat\u00edm b\u00eddn\u00e1.  Nyn\u00ed prvn\u00edch t\u0159in\u00e1ct titul\u016f v elektronick\u00e9 podob\u011b zp\u0159\u00edstup\u0148uje HOST: <a href=\"http:\/\/www.nakladatelstvi.hostbrno.cz\/cs\/e-knihy\">http:\/\/www.nakladatelstvi.hostbrno.cz\/cs\/e-knihy<\/a><br \/>\nP\u0159\u00edjemn\u00e9 je, \u017ee se neomezuj\u00ed na jeden form\u00e1t, ale nab\u00edz\u00ed ePub, Mobipocket (Kindle), PDF pro \u010dte\u010dky a PDF. Sice mal\u00e1 zpr\u00e1va, ale je to jist\u00fd p\u0159ed\u011bl.<\/p>\n","protected":false},"excerpt":{"rendered":"<p>Tedy prvn\u00ed z nakladatelstv\u00ed vyd\u00e1vaj\u00edc\u00edch po\u0159\u00e1dnou beletrii. Nab\u00eddka \u010desk\u00fdch e-knih knih je prozat\u00edm b\u00eddn\u00e1. Nyn\u00ed prvn\u00edch t\u0159in\u00e1ct titul\u016f v elektronick\u00e9 podob\u011b zp\u0159\u00edstup\u0148uje HOST: http:\/\/www.nakladatelstvi.hostbrno.cz\/cs\/e-knihy P\u0159\u00edjemn\u00e9 je, \u017ee se neomezuj\u00ed na jeden form\u00e1t, ale nab\u00edz\u00ed ePub, Mobipocket (Kindle), PDF pro \u010dte\u010dky a PDF. Sice mal\u00e1 zpr\u00e1va, ale je to jist\u00fd p\u0159ed\u011bl.<\/p>\n","protected":false},"author":1,"featured_media":0,"comment_status":"open","ping_status":"open","sticky":false,"template":"","format":"standard","meta":{"site-sidebar-layout":"default","site-content-layout":"","ast-site-content-layout":"default","site-content-style":"default","site-sidebar-style":"default","ast-global-header-display":"","ast-banner-title-visibility":"","ast-main-header-display":"","ast-hfb-above-header-display":"","ast-hfb-below-header-display":"","ast-hfb-mobile-header-display":"","site-post-title":"","ast-breadcrumbs-content":"","ast-featured-img":"","footer-sml-layout":"","ast-disable-related-posts":"","theme-transparent-header-meta":"","adv-header-id-meta":"","stick-header-meta":"","header-above-stick-meta":"","header-main-stick-meta":"","header-below-stick-meta":"","astra-migrate-meta-layouts":"default","ast-page-background-enabled":"default","ast-page-background-meta":{"desktop":{"background-color":"var(--ast-global-color-5)","background-image":"","background-repeat":"repeat","background-position":"center center","background-size":"auto","background-attachment":"scroll","background-type":"","background-media":"","overlay-type":"","overlay-color":"","overlay-opacity":"","overlay-gradient":""},"tablet":{"background-color":"","background-image":"","background-repeat":"repeat","background-position":"center center","background-size":"auto","background-attachment":"scroll","background-type":"","background-media":"","overlay-type":"","overlay-color":"","overlay-opacity":"","overlay-gradient":""},"mobile":{"background-color":"","background-image":"","background-repeat":"repeat","background-position":"center center","background-size":"auto","background-attachment":"scroll","background-type":"","background-media":"","overlay-type":"","overlay-color":"","overlay-opacity":"","overlay-gradient":""}},"ast-content-background-meta":{"desktop":{"background-color":"var(--ast-global-color-4)","background-image":"","background-repeat":"repeat","background-position":"center center","background-size":"auto","background-attachment":"scroll","background-type":"","background-media":"","overlay-type":"","overlay-color":"","overlay-opacity":"","overlay-gradient":""},"tablet":{"background-color":"var(--ast-global-color-4)","background-image":"","background-repeat":"repeat","background-position":"center center","background-size":"auto","background-attachment":"scroll","background-type":"","background-media":"","overlay-type":"","overlay-color":"","overlay-opacity":"","overlay-gradient":""},"mobile":{"background-color":"var(--ast-global-color-4)","background-image":"","background-repeat":"repeat","background-position":"center center","background-size":"auto","background-attachment":"scroll","background-type":"","background-media":"","overlay-type":"","overlay-color":"","overlay-opacity":"","overlay-gradient":""}},"jetpack_post_was_ever_published":false,"_jetpack_newsletter_access":"","_jetpack_dont_email_post_to_subs":false,"_jetpack_newsletter_tier_id":0,"_jetpack_memberships_contains_paywalled_content":false,"_jetpack_memberships_contains_paid_content":false,"footnotes":""},"categories":[2],"tags":[],"class_list":["post-164","post","type-post","status-publish","format-standard","hentry","category-literatura"],"jetpack_featured_media_url":"","jetpack_shortlink":"https:\/\/wp.me\/p4mLP7-2E","jetpack-related-posts":[{"id":181,"url":"https:\/\/kotrla.com\/pmpro\/2010\/10\/amazon-kindle\/","url_meta":{"origin":164,"position":0},"title":"Amazon Kindle","author":"Pavel Kotrla","date":"20.10.2010","format":false,"excerpt":"ps\u00e1no pro Host 8\/2010 Tak tady jsem v\u00e1hal, kterou verzi d\u00e1t. Zda tu p\u016fvodn\u00ed, nebo tu, kter\u00e1 vy\u0161la po redak\u010dn\u00ed \u00faprav\u011b. Osobn\u011b bych tvar \"i-book\" nenapsal. Amazon Kindle a n\u00e1stup i-book\u016f Dnes se u\u017e i v regionech objevuj\u00ed knihovny, kde si m\u016f\u017eete n\u011bjakou tu \u010dte\u010dku knih p\u016fj\u010dit. Pokud tou\u017e\u00edte po\u2026","rel":"","context":"V \u201eInternet\u201c","block_context":{"text":"Internet","link":"https:\/\/kotrla.com\/pmpro\/category\/internet\/"},"img":{"alt_text":"Amazon Kindle","src":"https:\/\/i0.wp.com\/kotrla.com\/pmpro\/images\/uploads\/kindle.jpg?resize=350%2C200&ssl=1","width":350,"height":200},"classes":[]},{"id":150,"url":"https:\/\/kotrla.com\/pmpro\/2011\/06\/martin-pecina-knihy-a-typografie\/","url_meta":{"origin":164,"position":1},"title":"Martin Pecina: Knihy a typografie","author":"Pavel Kotrla","date":"6.6.2011","format":false,"excerpt":"Minul\u00fd t\u00fdden byl na \u00falovky bohat\u00fd podobn\u011b jako ty p\u0159edchoz\u00ed a nov\u00fdch knih se se\u0161lo hned n\u011bkolik. Jednou z nich je i mnou o\u010dek\u00e1van\u00e1 nov\u00e1 kniha Knihy a typografie Martina Peciny. Vy\u0161la jako 500. publikace nakladatelstv\u00ed Host. T\u011b\u0161il jsem se na ni a o v\u00edkendu ji do\u010detl. Vzhledem k tomu,\u2026","rel":"","context":"V \u201e\u010cten\u00e1\u0159sk\u00fd den\u00edk\u201c","block_context":{"text":"\u010cten\u00e1\u0159sk\u00fd den\u00edk","link":"https:\/\/kotrla.com\/pmpro\/category\/ctenarsky-denik\/"},"img":{"alt_text":"Martin Pecina - Knihy a typografie","src":"https:\/\/i0.wp.com\/kotrla.com\/pmpro\/images\/uploads\/martin_pecina_knihy_a_typografie.jpg?resize=350%2C200&ssl=1","width":350,"height":200},"classes":[]},{"id":1363,"url":"https:\/\/kotrla.com\/pmpro\/2003\/04\/knizni-hlidka-na-konci-dubna\/","url_meta":{"origin":164,"position":2},"title":"Kni\u017en\u00ed hl\u00eddka na konci dubna","author":"Pavel Kotrla","date":"25.4.2003","format":false,"excerpt":"Tak jsem do\u010detl Sedmikostel\u00ed od Milo\u0161e Urbana a taky Pam\u011bti poslance parlamentu. Prvn\u00ed je lep\u0161\u00ed. Shodou n\u00e1hod jsem k tomu byl \u010d\u00e1ste\u010dn\u011b p\u0159inucen, nebo\u0165 jsem m\u00edsto nemocn\u00e9ho Jirky Hrabala m\u011bl ve Vset\u00edn\u011b moderovat besedu s t\u00edmto spisovatelem. Ta byla sice nakonec zru\u0161ena, ale aspo\u0148 mne to donutila k p\u0159e\u010dten\u00ed v\u011bt\u0161iny\u2026","rel":"","context":"V \u201eNeza\u0159azen\u00e9\u201c","block_context":{"text":"Neza\u0159azen\u00e9","link":"https:\/\/kotrla.com\/pmpro\/category\/nezarazene\/"},"img":{"alt_text":"","src":"","width":0,"height":0},"classes":[]},{"id":159,"url":"https:\/\/kotrla.com\/pmpro\/2011\/03\/zly-zly-amazon-kindle\/","url_meta":{"origin":164,"position":3},"title":"Zl\u00fd zl\u00fd Amazon Kindle&#8230;","author":"Pavel Kotrla","date":"23.3.2011","format":false,"excerpt":"a a \u017eivot n\u00e1ru\u017eiv\u00e9ho \u010dten\u00e1\u0159e s e-knihami Objevily se n\u011bjak\u00e9 zpr\u00e1vy o tom, \u017ee Kindle je nejv\u011bt\u0161\u00ed zlo, kter\u00e9 n\u00e1s potkalo. Snad udr\u017euju rozumnou rovnov\u00e1hu mezi ti\u0161t\u011bn\u00fdmi knihami a elektronick\u00fdmi. No, p\u00e1r tis\u00edcovek str\u00e1nek (t\u011bch kni\u017en\u00edch) a \u00fam\u011brn\u011b k tomu v\u00edce obrazovek jsem na Kindlu p\u0159e\u010detl. Nen\u00ed to ide\u00e1ln\u00ed \u010dte\u010dka\u2026","rel":"","context":"V \u201eLiteratura\u201c","block_context":{"text":"Literatura","link":"https:\/\/kotrla.com\/pmpro\/category\/literatura\/"},"img":{"alt_text":"","src":"","width":0,"height":0},"classes":[]},{"id":727,"url":"https:\/\/kotrla.com\/pmpro\/2005\/06\/pro-radost\/","url_meta":{"origin":164,"position":4},"title":"Pro radost","author":"Pavel Kotrla","date":"30.6.2005","format":false,"excerpt":"V leto\u0161n\u00edm roce uplynulo sto let od \u00famrt\u00ed Julese Verna. Jeho knihy za tu dobu neztratily sv\u00e9 kouzlo. Zato se mi kdysi byla ukradena jedna z nejobl\u00edben\u011bj\u0161\u00edch knih m\u00e9ho dosp\u00edv\u00e1n\u00ed: Hv\u011bzda jihu. Jin\u00e9 verneovky z\u016fstaly p\u011bkn\u011b v knihovn\u011b. Proto\u017ee na Tajupln\u00fd ostrov, Tajemn\u00fd hrad v Karatech, Dva roky pr\u00e1znin, Ocelov\u00e9\u2026","rel":"","context":"V \u201e\u010cten\u00e1\u0159sk\u00fd den\u00edk\u201c","block_context":{"text":"\u010cten\u00e1\u0159sk\u00fd den\u00edk","link":"https:\/\/kotrla.com\/pmpro\/category\/ctenarsky-denik\/"},"img":{"alt_text":"Neff: Verne","src":"https:\/\/i0.wp.com\/kotrla.com\/pmpro\/images\/uploads\/neff_verne.gif?resize=350%2C200&ssl=1","width":350,"height":200},"classes":[]},{"id":553,"url":"https:\/\/kotrla.com\/pmpro\/2006\/06\/petra-dvorakova-promenene-sny\/","url_meta":{"origin":164,"position":5},"title":"Petra Dvo\u0159\u00e1kov\u00e1: Prom\u011bn\u011bn\u00e9 sny","author":"Pavel Kotrla","date":"5.6.2006","format":false,"excerpt":"Po del\u0161\u00ed dob\u011b n\u011bco mimo pr\u00f3zu a poezii: kniha rozhovor\u016f Petry Dvo\u0159\u00e1kov\u00e9 Prom\u011bn\u011bn\u00e9 sny. Obecn\u011b nejsem \u017e\u00e1dn\u00fd velk\u00fd p\u0159\u00edznivec podobn\u011b koncipovan\u00fdch knih, ale tentokr\u00e1t p\u0159\u00edjemn\u00e9 p\u0159ekvapen\u00ed. Pro toho, koho n\u011bkdy tr\u00e1pily, su\u017eovaly, \u010di jen se dot\u00fdkaly ot\u00e1zky v\u00edry zaj\u00edmav\u00e1 v\u011bc. Podtitul Deset rozhovor\u016f o iluz\u00edch a deziluz\u00edch, kter\u00e9 p\u0159in\u00e1\u0161\u00ed v\u00edra\u2026","rel":"","context":"V \u201e\u010cten\u00e1\u0159sk\u00fd den\u00edk\u201c","block_context":{"text":"\u010cten\u00e1\u0159sk\u00fd den\u00edk","link":"https:\/\/kotrla.com\/pmpro\/category\/ctenarsky-denik\/"},"img":{"alt_text":"Petra Dvo\u0159\u00e1kov\u00e1: Prom\u011bn\u011bn\u00e9 sny","src":"https:\/\/i0.wp.com\/kotrla.com\/pmpro\/images\/uploads\/dvorakova_promenene_sny.gif?resize=350%2C200&ssl=1","width":350,"height":200},"classes":[]}],"jetpack_sharing_enabled":true,"_links":{"self":[{"href":"https:\/\/kotrla.com\/pmpro\/wp-json\/wp\/v2\/posts\/164","targetHints":{"allow":["GET"]}}],"collection":[{"href":"https:\/\/kotrla.com\/pmpro\/wp-json\/wp\/v2\/posts"}],"about":[{"href":"https:\/\/kotrla.com\/pmpro\/wp-json\/wp\/v2\/types\/post"}],"author":[{"embeddable":true,"href":"https:\/\/kotrla.com\/pmpro\/wp-json\/wp\/v2\/users\/1"}],"replies":[{"embeddable":true,"href":"https:\/\/kotrla.com\/pmpro\/wp-json\/wp\/v2\/comments?post=164"}],"version-history":[{"count":0,"href":"https:\/\/kotrla.com\/pmpro\/wp-json\/wp\/v2\/posts\/164\/revisions"}],"wp:attachment":[{"href":"https:\/\/kotrla.com\/pmpro\/wp-json\/wp\/v2\/media?parent=164"}],"wp:term":[{"taxonomy":"category","embeddable":true,"href":"https:\/\/kotrla.com\/pmpro\/wp-json\/wp\/v2\/categories?post=164"},{"taxonomy":"post_tag","embeddable":true,"href":"https:\/\/kotrla.com\/pmpro\/wp-json\/wp\/v2\/tags?post=164"}],"curies":[{"name":"wp","href":"https:\/\/api.w.org\/{rel}","templated":true}]}}