{"id":1752,"date":"2014-03-19T21:01:38","date_gmt":"2014-03-19T20:01:38","guid":{"rendered":"http:\/\/kotrla.com\/pmpro\/?p=1752"},"modified":"2019-11-20T22:44:22","modified_gmt":"2019-11-20T21:44:22","slug":"spisovatele-literati-spol","status":"publish","type":"post","link":"https:\/\/kotrla.com\/pmpro\/2014\/03\/spisovatele-literati-spol\/","title":{"rendered":"Spisovatel\u00e9, liter\u00e1ti &#038; spol."},"content":{"rendered":"<p>Tak aspo\u0148 prvotn\u00ed p\u0159evod a \u010d\u00e1ste\u010dn\u00e1 aktualizace galerie spisovatel\u016f a liter\u00e1t\u016f z Copermine bude nov\u011b k nalezen\u00ed <a title=\"Spisovatel\u00e9, liter\u00e1ti &amp; spol.\" href=\"https:\/\/kotrla.com\/pmpro\/spisovatele-literati\/\">na str\u00e1nce\u00a0Spisovatel\u00e9, liter\u00e1ti &amp; spol.<br \/>\n<\/a><\/p>\n","protected":false},"excerpt":{"rendered":"<p>Tak aspo\u0148 prvotn\u00ed p\u0159evod a \u010d\u00e1ste\u010dn\u00e1 aktualizace galerie spisovatel\u016f a liter\u00e1t\u016f z Copermine bude nov\u011b k nalezen\u00ed na str\u00e1nce\u00a0Spisovatel\u00e9, liter\u00e1ti &amp; spol.<\/p>\n","protected":false},"author":1,"featured_media":0,"comment_status":"open","ping_status":"open","sticky":false,"template":"","format":"standard","meta":{"site-sidebar-layout":"default","site-content-layout":"","ast-site-content-layout":"default","site-content-style":"default","site-sidebar-style":"default","ast-global-header-display":"","ast-banner-title-visibility":"","ast-main-header-display":"","ast-hfb-above-header-display":"","ast-hfb-below-header-display":"","ast-hfb-mobile-header-display":"","site-post-title":"","ast-breadcrumbs-content":"","ast-featured-img":"","footer-sml-layout":"","ast-disable-related-posts":"","theme-transparent-header-meta":"","adv-header-id-meta":"","stick-header-meta":"","header-above-stick-meta":"","header-main-stick-meta":"","header-below-stick-meta":"","astra-migrate-meta-layouts":"default","ast-page-background-enabled":"default","ast-page-background-meta":{"desktop":{"background-color":"var(--ast-global-color-5)","background-image":"","background-repeat":"repeat","background-position":"center center","background-size":"auto","background-attachment":"scroll","background-type":"","background-media":"","overlay-type":"","overlay-color":"","overlay-opacity":"","overlay-gradient":""},"tablet":{"background-color":"","background-image":"","background-repeat":"repeat","background-position":"center center","background-size":"auto","background-attachment":"scroll","background-type":"","background-media":"","overlay-type":"","overlay-color":"","overlay-opacity":"","overlay-gradient":""},"mobile":{"background-color":"","background-image":"","background-repeat":"repeat","background-position":"center center","background-size":"auto","background-attachment":"scroll","background-type":"","background-media":"","overlay-type":"","overlay-color":"","overlay-opacity":"","overlay-gradient":""}},"ast-content-background-meta":{"desktop":{"background-color":"var(--ast-global-color-4)","background-image":"","background-repeat":"repeat","background-position":"center center","background-size":"auto","background-attachment":"scroll","background-type":"","background-media":"","overlay-type":"","overlay-color":"","overlay-opacity":"","overlay-gradient":""},"tablet":{"background-color":"var(--ast-global-color-4)","background-image":"","background-repeat":"repeat","background-position":"center center","background-size":"auto","background-attachment":"scroll","background-type":"","background-media":"","overlay-type":"","overlay-color":"","overlay-opacity":"","overlay-gradient":""},"mobile":{"background-color":"var(--ast-global-color-4)","background-image":"","background-repeat":"repeat","background-position":"center center","background-size":"auto","background-attachment":"scroll","background-type":"","background-media":"","overlay-type":"","overlay-color":"","overlay-opacity":"","overlay-gradient":""}},"jetpack_post_was_ever_published":false,"_jetpack_newsletter_access":"","_jetpack_dont_email_post_to_subs":false,"_jetpack_newsletter_tier_id":0,"_jetpack_memberships_contains_paywalled_content":false,"_jetpack_memberships_contains_paid_content":false,"footnotes":""},"categories":[7,2],"tags":[],"class_list":["post-1752","post","type-post","status-publish","format-standard","hentry","category-fotografie","category-literatura"],"jetpack_featured_media_url":"","jetpack_shortlink":"https:\/\/wp.me\/p4mLP7-sg","jetpack-related-posts":[{"id":11716,"url":"https:\/\/kotrla.com\/pmpro\/2024\/06\/uterni-vecer-ve-spolecnosti-spisovatele-jana-nemce\/","url_meta":{"origin":1752,"position":0},"title":"\u00datern\u00ed ve\u010der ve spole\u010dnosti spisovatele Jana N\u011bmce","author":"Pavel Kotrla","date":"12.6.2024","format":false,"excerpt":"Dal\u0161\u00ed ze setk\u00e1n\u00ed\u00a0ve vala\u0161skomezi\u0159\u00ed\u010dsk\u00e9 knihovn\u011b v r\u00e1mci\u00a0projektu Asociace spisovatel\u016f Spisovatel\u00e9 do knihoven.","rel":"","context":"V \u201eFotografie\u201c","block_context":{"text":"Fotografie","link":"https:\/\/kotrla.com\/pmpro\/category\/fotografie\/"},"img":{"alt_text":"","src":"https:\/\/i0.wp.com\/kotrla.com\/pmpro\/wp-content\/uploads\/2024\/06\/jan_nemec_bw_IMGP2542-150x150.jpg?resize=350%2C200&ssl=1","width":350,"height":200,"srcset":"https:\/\/i0.wp.com\/kotrla.com\/pmpro\/wp-content\/uploads\/2024\/06\/jan_nemec_bw_IMGP2542-150x150.jpg?resize=350%2C200&ssl=1 1x, https:\/\/i0.wp.com\/kotrla.com\/pmpro\/wp-content\/uploads\/2024\/06\/jan_nemec_bw_IMGP2542-150x150.jpg?resize=525%2C300&ssl=1 1.5x, https:\/\/i0.wp.com\/kotrla.com\/pmpro\/wp-content\/uploads\/2024\/06\/jan_nemec_bw_IMGP2542-150x150.jpg?resize=700%2C400&ssl=1 2x, https:\/\/i0.wp.com\/kotrla.com\/pmpro\/wp-content\/uploads\/2024\/06\/jan_nemec_bw_IMGP2542-150x150.jpg?resize=1050%2C600&ssl=1 3x, https:\/\/i0.wp.com\/kotrla.com\/pmpro\/wp-content\/uploads\/2024\/06\/jan_nemec_bw_IMGP2542-150x150.jpg?resize=1400%2C800&ssl=1 4x"},"classes":[]},{"id":13195,"url":"https:\/\/kotrla.com\/pmpro\/2025\/09\/ze-zapisniku-zcestovaleho-spisovatele\/","url_meta":{"origin":1752,"position":1},"title":"Ze z\u00e1pisn\u00edku zcestoval\u00e9ho spisovatele","author":"Pavel Kotrla","date":"5.9.2025","format":false,"excerpt":"Recenze Michala Jare\u0161e na sb\u00edrku Ji\u0159\u00edho Dynky Zdrhnout CZ (Klenov 2025) v T\u00fdneck\u00fdch listech. Michal Jare\u0161: Ze z\u00e1pisn\u00edku zcestoval\u00e9ho spisovatele. T\u00fdneck\u00e9 listy 8\/2025, s. 7 (PDF)","rel":"","context":"V \u201eKnihy\u201c","block_context":{"text":"Knihy","link":"https:\/\/kotrla.com\/pmpro\/category\/knihy\/"},"img":{"alt_text":"","src":"https:\/\/i0.wp.com\/kotrla.com\/pmpro\/wp-content\/uploads\/2025\/09\/jares_tynecke_listy_2025_08.jpg?resize=350%2C200&ssl=1","width":350,"height":200,"srcset":"https:\/\/i0.wp.com\/kotrla.com\/pmpro\/wp-content\/uploads\/2025\/09\/jares_tynecke_listy_2025_08.jpg?resize=350%2C200&ssl=1 1x, https:\/\/i0.wp.com\/kotrla.com\/pmpro\/wp-content\/uploads\/2025\/09\/jares_tynecke_listy_2025_08.jpg?resize=525%2C300&ssl=1 1.5x, https:\/\/i0.wp.com\/kotrla.com\/pmpro\/wp-content\/uploads\/2025\/09\/jares_tynecke_listy_2025_08.jpg?resize=700%2C400&ssl=1 2x, https:\/\/i0.wp.com\/kotrla.com\/pmpro\/wp-content\/uploads\/2025\/09\/jares_tynecke_listy_2025_08.jpg?resize=1050%2C600&ssl=1 3x, https:\/\/i0.wp.com\/kotrla.com\/pmpro\/wp-content\/uploads\/2025\/09\/jares_tynecke_listy_2025_08.jpg?resize=1400%2C800&ssl=1 4x"},"classes":[]},{"id":10838,"url":"https:\/\/kotrla.com\/pmpro\/2023\/09\/zuzana-kultanova-spisovatele-do-knihoven\/","url_meta":{"origin":1752,"position":2},"title":"Zuzana Kult\u00e1nov\u00e1 (Spisovatel\u00e9 do knihoven)","author":"Pavel Kotrla","date":"20.9.2023","format":false,"excerpt":"Tak\u00e9 v leto\u0161n\u00edm roce pokra\u010duje projekt Asociace spisovatel\u016f Spisovatel\u00e9 do knihoven. Jednou ze zapojen\u00fdch knihoven je i M\u011bstsk\u00e1 knihovna Vala\u0161sk\u00e9 Mezi\u0159\u00ed\u010d\u00ed, kde se v\u010dera uskute\u010dnilo prvn\u00ed \u010dten\u00ed a beseda z cyklu. Hostem byla tentokr\u00e1t Zuzana Kult\u00e1nov\u00e1, autorka pr\u00f3z Augustin Zimmermann (2016) a Zp\u00edv\u00e1\u0161 jako bys plakala (2022). Je to u\u017e\u2026","rel":"","context":"V \u201eFotografie\u201c","block_context":{"text":"Fotografie","link":"https:\/\/kotrla.com\/pmpro\/category\/fotografie\/"},"img":{"alt_text":"","src":"https:\/\/i0.wp.com\/kotrla.com\/pmpro\/wp-content\/uploads\/2023\/09\/zuzana_kultanova_IMGP9489-150x150.jpg?resize=350%2C200&ssl=1","width":350,"height":200,"srcset":"https:\/\/i0.wp.com\/kotrla.com\/pmpro\/wp-content\/uploads\/2023\/09\/zuzana_kultanova_IMGP9489-150x150.jpg?resize=350%2C200&ssl=1 1x, https:\/\/i0.wp.com\/kotrla.com\/pmpro\/wp-content\/uploads\/2023\/09\/zuzana_kultanova_IMGP9489-150x150.jpg?resize=525%2C300&ssl=1 1.5x, https:\/\/i0.wp.com\/kotrla.com\/pmpro\/wp-content\/uploads\/2023\/09\/zuzana_kultanova_IMGP9489-150x150.jpg?resize=700%2C400&ssl=1 2x, https:\/\/i0.wp.com\/kotrla.com\/pmpro\/wp-content\/uploads\/2023\/09\/zuzana_kultanova_IMGP9489-150x150.jpg?resize=1050%2C600&ssl=1 3x, https:\/\/i0.wp.com\/kotrla.com\/pmpro\/wp-content\/uploads\/2023\/09\/zuzana_kultanova_IMGP9489-150x150.jpg?resize=1400%2C800&ssl=1 4x"},"classes":[]},{"id":11642,"url":"https:\/\/kotrla.com\/pmpro\/2024\/05\/stanislav-biler\/","url_meta":{"origin":1752,"position":3},"title":"Stanislav Biler","author":"Pavel Kotrla","date":"23.5.2024","format":false,"excerpt":"Ze v\u010derej\u0161\u00edho \u010dten\u00ed spisovatele, publicisty a sociologa Stanislava Bilera. Dal\u0161\u00ed ze setk\u00e1n\u00ed\u00a0ve vala\u0161skomezi\u0159\u00ed\u010dsk\u00e9 knihovn\u011b v r\u00e1mci\u00a0projektu Asociace spisovatel\u016f Spisovatel\u00e9 do knihoven. Jako n\u00e1v\u0161t\u011bvn\u00edk\u016f mohlo b\u00fdt v\u00edc...","rel":"","context":"V \u201eFotografie\u201c","block_context":{"text":"Fotografie","link":"https:\/\/kotrla.com\/pmpro\/category\/fotografie\/"},"img":{"alt_text":"","src":"https:\/\/i0.wp.com\/kotrla.com\/pmpro\/wp-content\/uploads\/2024\/05\/stanislav_biler_IMGP2400cs6.jpg?resize=350%2C200&ssl=1","width":350,"height":200,"srcset":"https:\/\/i0.wp.com\/kotrla.com\/pmpro\/wp-content\/uploads\/2024\/05\/stanislav_biler_IMGP2400cs6.jpg?resize=350%2C200&ssl=1 1x, https:\/\/i0.wp.com\/kotrla.com\/pmpro\/wp-content\/uploads\/2024\/05\/stanislav_biler_IMGP2400cs6.jpg?resize=525%2C300&ssl=1 1.5x, https:\/\/i0.wp.com\/kotrla.com\/pmpro\/wp-content\/uploads\/2024\/05\/stanislav_biler_IMGP2400cs6.jpg?resize=700%2C400&ssl=1 2x, https:\/\/i0.wp.com\/kotrla.com\/pmpro\/wp-content\/uploads\/2024\/05\/stanislav_biler_IMGP2400cs6.jpg?resize=1050%2C600&ssl=1 3x, https:\/\/i0.wp.com\/kotrla.com\/pmpro\/wp-content\/uploads\/2024\/05\/stanislav_biler_IMGP2400cs6.jpg?resize=1400%2C800&ssl=1 4x"},"classes":[]},{"id":737,"url":"https:\/\/kotrla.com\/pmpro\/2005\/06\/rss-agregator-lilina\/","url_meta":{"origin":1752,"position":4},"title":"RSS agreg\u00e1tor Lilina","author":"Pavel Kotrla","date":"19.6.2005","format":false,"excerpt":"Na sv\u00fdch str\u00e1nk\u00e1ch \u010cesk\u00e9 blogy & spol. a Blogy ze sv\u011bta pou\u017e\u00edv\u00e1m pom\u011brn\u011b dlouhou dobu parser LastRss. Bohu\u017eel nepodporuje Atom, kter\u00fdm jako jedin\u00fdm disponuj\u00ed n\u011bkter\u00e9 m\u00e9 obl\u00edben\u00e9 liter\u00e1rn\u00ed blogy. P\u0159ed \u010dasem jsem v\u0161ak narazil na Lilina News Aggregator, kter\u00fd je postaven na MagpieRSS a o kter\u00e9m se na \u010desk\u00e9m internetu\u2026","rel":"","context":"V \u201eInternet\u201c","block_context":{"text":"Internet","link":"https:\/\/kotrla.com\/pmpro\/category\/internet\/"},"img":{"alt_text":"","src":"","width":0,"height":0},"classes":[]},{"id":363,"url":"https:\/\/kotrla.com\/pmpro\/2008\/03\/nova-verze-rss-agregatoru\/","url_meta":{"origin":1752,"position":5},"title":"Nov\u00e1 verze RSS agreg\u00e1toru","author":"Pavel Kotrla","date":"14.3.2008","format":false,"excerpt":"Blogroll m\u00fdch obl\u00edben\u00fdch blog\u016f (p\u0159ev\u00e1\u017en\u011b liter\u00e1rn\u00edch) m\u00e1 novou podobu a je nalezen\u00ed zde: \u010cesk\u00e9 blogy & spol. Blogy ze sv\u011bta \u010casem snad dod\u011bl\u00e1m i dv\u011b str\u00e1nky v\u011bnovan\u00e9 fotografii. Zm\u011bny prob\u011bhly hlavn\u011b pod kapotou. Po dlouh\u00e9 dob\u011b (cca 5 let, tak dlouho u\u017e tento blog ve sv\u00fdch prom\u011bn\u00e1ch b\u011b\u017e\u00ed) jsem opustil\u2026","rel":"","context":"V \u201eOsobn\u00ed\u201c","block_context":{"text":"Osobn\u00ed","link":"https:\/\/kotrla.com\/pmpro\/category\/osobni\/"},"img":{"alt_text":"","src":"","width":0,"height":0},"classes":[]}],"jetpack_sharing_enabled":true,"_links":{"self":[{"href":"https:\/\/kotrla.com\/pmpro\/wp-json\/wp\/v2\/posts\/1752","targetHints":{"allow":["GET"]}}],"collection":[{"href":"https:\/\/kotrla.com\/pmpro\/wp-json\/wp\/v2\/posts"}],"about":[{"href":"https:\/\/kotrla.com\/pmpro\/wp-json\/wp\/v2\/types\/post"}],"author":[{"embeddable":true,"href":"https:\/\/kotrla.com\/pmpro\/wp-json\/wp\/v2\/users\/1"}],"replies":[{"embeddable":true,"href":"https:\/\/kotrla.com\/pmpro\/wp-json\/wp\/v2\/comments?post=1752"}],"version-history":[{"count":0,"href":"https:\/\/kotrla.com\/pmpro\/wp-json\/wp\/v2\/posts\/1752\/revisions"}],"wp:attachment":[{"href":"https:\/\/kotrla.com\/pmpro\/wp-json\/wp\/v2\/media?parent=1752"}],"wp:term":[{"taxonomy":"category","embeddable":true,"href":"https:\/\/kotrla.com\/pmpro\/wp-json\/wp\/v2\/categories?post=1752"},{"taxonomy":"post_tag","embeddable":true,"href":"https:\/\/kotrla.com\/pmpro\/wp-json\/wp\/v2\/tags?post=1752"}],"curies":[{"name":"wp","href":"https:\/\/api.w.org\/{rel}","templated":true}]}}