{"id":176,"date":"2010-11-18T20:30:03","date_gmt":"2010-11-18T19:30:03","guid":{"rendered":"http:\/\/kotrla.com\/wordpress\/?p=176"},"modified":"2019-11-20T22:39:15","modified_gmt":"2019-11-20T21:39:15","slug":"dalsi-blog-knizne","status":"publish","type":"post","link":"https:\/\/kotrla.com\/pmpro\/2010\/11\/dalsi-blog-knizne\/","title":{"rendered":"Dal\u0161\u00ed blog kni\u017en\u011b"},"content":{"rendered":"<p><img loading=\"lazy\" decoding=\"async\" src=\"https:\/\/kotrla.com\/pmpro\/images\/uploads\/sipos_furst_IGP4679.jpg\" border=\"0\" alt=\"\u0160\u00edpo\u0161 - F\u00fcrst\" width=\"420\" height=\"287\" \/><\/p>\n<p>V \u00fater\u00fd 16. 11. prob\u011bhl v ostravsk\u00e9m <a href=\"http:\/\/www.librex.cz\/dumknihy\/index.php?page=program\">Librexu<\/a> k\u0159est knihy <b>Vlast\u00edka F\u00fcrsta<\/b> <i>Pastor\u016fv blog<\/i>, kterou vydalo nakladatelstv\u00ed <a href=\"http:\/\/www.adventorion.cz\">Advent-Orion<\/a>. Knihu ilustrovanou <a href=\"http:\/\/www.spojenec.cz\/karikatury\/\">V\u00e1clavem \u0160\u00edpo\u0161em<\/a> k\u0159til Jan B\u00e1rta, \u0159editel humanit\u00e1rn\u00ed spole\u010dnosti <a href=\"http:\/\/www.adra.cz\/\">ADRA<\/a>. Jedn\u00e1 se o v\u00fdb\u011br z blogu, kter\u00fd najdete na adrese: <a href=\"http:\/\/vlastikfurst.blog.idnes.cz\/\">http:\/\/vlastikfurst.blog.idnes.cz\/<\/a><br \/>\nTak\u017ee popisovat obsah je vzhledem k dostupnosti text\u016f zbyte\u010dn\u00e9.<br \/>\nP\u0159esto je zna\u010dn\u00fd rozd\u00edl \u010d\u00edst je p\u0159\u00edmo na obrazovce nebo v knize. P\u0159ece jen, redak\u010dn\u00ed pr\u00e1ce d\u011bl\u00e1 sv\u00e9 a i ilustrace posunuj\u00ed texty jinam.<\/p>\n<p><img loading=\"lazy\" decoding=\"async\" src=\"https:\/\/kotrla.com\/pmpro\/images\/uploads\/furst_IGP4681.jpg\" border=\"0\" alt=\"image\" width=\"420\" height=\"287\" \/><\/p>\n<p><img loading=\"lazy\" decoding=\"async\" src=\"https:\/\/kotrla.com\/pmpro\/images\/uploads\/furst_IGP4684.jpg\" border=\"0\" alt=\"image\" width=\"420\" height=\"288\" \/><\/p>\n","protected":false},"excerpt":{"rendered":"<p>V \u00fater\u00fd 16. 11. prob\u011bhl v ostravsk\u00e9m Librexu k\u0159est knihy Vlast\u00edka F\u00fcrsta Pastor\u016fv blog, kterou vydalo nakladatelstv\u00ed Advent-Orion. Knihu ilustrovanou V\u00e1clavem \u0160\u00edpo\u0161em k\u0159til Jan B\u00e1rta, \u0159editel humanit\u00e1rn\u00ed spole\u010dnosti ADRA. Jedn\u00e1 se o v\u00fdb\u011br z blogu, kter\u00fd najdete na adrese: http:\/\/vlastikfurst.blog.idnes.cz\/ Tak\u017ee popisovat obsah je vzhledem k dostupnosti text\u016f zbyte\u010dn\u00e9. P\u0159esto je zna\u010dn\u00fd rozd\u00edl \u010d\u00edst je [&hellip;]<\/p>\n","protected":false},"author":1,"featured_media":0,"comment_status":"open","ping_status":"open","sticky":false,"template":"","format":"standard","meta":{"site-sidebar-layout":"default","site-content-layout":"","ast-site-content-layout":"default","site-content-style":"default","site-sidebar-style":"default","ast-global-header-display":"","ast-banner-title-visibility":"","ast-main-header-display":"","ast-hfb-above-header-display":"","ast-hfb-below-header-display":"","ast-hfb-mobile-header-display":"","site-post-title":"","ast-breadcrumbs-content":"","ast-featured-img":"","footer-sml-layout":"","ast-disable-related-posts":"","theme-transparent-header-meta":"","adv-header-id-meta":"","stick-header-meta":"","header-above-stick-meta":"","header-main-stick-meta":"","header-below-stick-meta":"","astra-migrate-meta-layouts":"default","ast-page-background-enabled":"default","ast-page-background-meta":{"desktop":{"background-color":"var(--ast-global-color-5)","background-image":"","background-repeat":"repeat","background-position":"center center","background-size":"auto","background-attachment":"scroll","background-type":"","background-media":"","overlay-type":"","overlay-color":"","overlay-opacity":"","overlay-gradient":""},"tablet":{"background-color":"","background-image":"","background-repeat":"repeat","background-position":"center center","background-size":"auto","background-attachment":"scroll","background-type":"","background-media":"","overlay-type":"","overlay-color":"","overlay-opacity":"","overlay-gradient":""},"mobile":{"background-color":"","background-image":"","background-repeat":"repeat","background-position":"center center","background-size":"auto","background-attachment":"scroll","background-type":"","background-media":"","overlay-type":"","overlay-color":"","overlay-opacity":"","overlay-gradient":""}},"ast-content-background-meta":{"desktop":{"background-color":"var(--ast-global-color-4)","background-image":"","background-repeat":"repeat","background-position":"center center","background-size":"auto","background-attachment":"scroll","background-type":"","background-media":"","overlay-type":"","overlay-color":"","overlay-opacity":"","overlay-gradient":""},"tablet":{"background-color":"var(--ast-global-color-4)","background-image":"","background-repeat":"repeat","background-position":"center center","background-size":"auto","background-attachment":"scroll","background-type":"","background-media":"","overlay-type":"","overlay-color":"","overlay-opacity":"","overlay-gradient":""},"mobile":{"background-color":"var(--ast-global-color-4)","background-image":"","background-repeat":"repeat","background-position":"center center","background-size":"auto","background-attachment":"scroll","background-type":"","background-media":"","overlay-type":"","overlay-color":"","overlay-opacity":"","overlay-gradient":""}},"jetpack_post_was_ever_published":false,"_jetpack_newsletter_access":"","_jetpack_dont_email_post_to_subs":false,"_jetpack_newsletter_tier_id":0,"_jetpack_memberships_contains_paywalled_content":false,"_jetpack_memberships_contains_paid_content":false,"footnotes":""},"categories":[7,9,2],"tags":[],"class_list":["post-176","post","type-post","status-publish","format-standard","hentry","category-fotografie","category-internet","category-literatura"],"jetpack_featured_media_url":"","jetpack_shortlink":"https:\/\/wp.me\/p4mLP7-2Q","jetpack-related-posts":[{"id":65,"url":"https:\/\/kotrla.com\/pmpro\/2012\/12\/vyslovim-se-anketa-mezi-literaty-bloggery\/","url_meta":{"origin":176,"position":0},"title":"Vyslov\u00edm se: Anketa mezi liter\u00e1ty bloggery","author":"Pavel Kotrla","date":"26.12.2012","format":false,"excerpt":"Anketn\u00ed ot\u00e1zka Tvaru zn\u011bla: Co v\u00e1s p\u0159im\u011blo k tomu, abyste si zalo\u017eil blog? Naplnilo se va\u0161e p\u016fvodn\u00ed o\u010dek\u00e1v\u00e1n\u00ed? Jak \u010dasto na blogu publikujete a co v\u00e1s obvykle k seps\u00e1n\u00ed nov\u00e9ho p\u0159\u00edsp\u011bvku inspiruje? Odpov\u011bdi vy\u0161ly v jeho posledn\u00edm leto\u0161n\u00edm \u010d\u00edsle. Moje je zde: Na za\u010d\u00e1tku se asi se\u0161ly dv\u011b okolnosti. Skute\u010dnost,\u2026","rel":"","context":"V \u201eInternet\u201c","block_context":{"text":"Internet","link":"https:\/\/kotrla.com\/pmpro\/category\/internet\/"},"img":{"alt_text":"","src":"","width":0,"height":0},"classes":[]},{"id":1392,"url":"https:\/\/kotrla.com\/pmpro\/2003\/03\/k-cemu-je-dobre-geourl\/","url_meta":{"origin":176,"position":1},"title":"K \u010demu je dobr\u00e9 GeoURL?","author":"Pavel Kotrla","date":"17.3.2003","format":false,"excerpt":"K \u010demu je dobr\u00e9 GeoURL? N\u011bkdy by nebylo od v\u011bci v\u011bd\u011bt, kdo ze soused\u016f a z nejbli\u017e\u0161\u00edho okol\u00ed se vyskytuje na internetu. Ale jak to zjistit? Tento probl\u00e9m se sna\u017e\u00ed vy\u0159e\u0161it port\u00e1l GeoURL. Princip je pom\u011brn\u011b jednoduch\u00fd. Sta\u010d\u00ed do hlavi\u010dky souboru vlo\u017eit dva speci\u00e1ln\u00ed META tagy, kter\u00e9 port\u00e1lu \u0159eknou, kde\u2026","rel":"","context":"V \u201eByst\u0159i\u010dka\u201c","block_context":{"text":"Byst\u0159i\u010dka","link":"https:\/\/kotrla.com\/pmpro\/category\/bystricka\/"},"img":{"alt_text":"GPS Byst\u0159i\u010dka","src":"https:\/\/i0.wp.com\/kotrla.com\/pmpro\/images\/uploads\/geourl_bystricka.gif?resize=350%2C200&ssl=1","width":350,"height":200},"classes":[]},{"id":212,"url":"https:\/\/kotrla.com\/pmpro\/2010\/04\/jednoduse-kompletni\/","url_meta":{"origin":176,"position":2},"title":"Jednodu\u0161e kompletn\u00ed","author":"Pavel Kotrla","date":"27.4.2010","format":false,"excerpt":"ps\u00e1no pro Host 4\/2010 Anglofonn\u00ed zem\u011b si v p\u0159ev\u00e1\u017en\u00e9 m\u00ed\u0159e vysta\u010d\u00ed se sv\u00fdmi literaturami a ty jinojazy\u010dn\u00e9 jsou sp\u00ed\u0161 na okraji z\u00e1jmu. Minim\u00e1ln\u011b z hlediska nakladatelsk\u00e9ho. P\u0159esto v tomto prost\u0159ed\u00ed existuje \u0159ada kvalitn\u00edch zdroj\u016f, kter\u00e9 p\u0159ekladovou literaturu monitoruj\u00ed. Mezi ty nejkvalitn\u011bj\u0161\u00ed pat\u0159\u00ed Complete Revue (http:\/\/www.complete-review.com), liter\u00e1rn\u00ed port\u00e1l, kter\u00fd byl zalo\u017een\u2026","rel":"","context":"V \u201eInternet\u201c","block_context":{"text":"Internet","link":"https:\/\/kotrla.com\/pmpro\/category\/internet\/"},"img":{"alt_text":"the complete review","src":"https:\/\/i0.wp.com\/kotrla.com\/pmpro\/images\/uploads\/complete_review.gif?resize=350%2C200&ssl=1","width":350,"height":200},"classes":[]},{"id":12797,"url":"https:\/\/kotrla.com\/pmpro\/2025\/05\/pininfarina-pf-two\/","url_meta":{"origin":176,"position":3},"title":"Pininfarina PF Two","author":"Pavel Kotrla","date":"31.5.2025","format":false,"excerpt":"Florencie \u2013 m\u011bsto per\u016fm zasl\u00edben\u00e9. Ano, je to tak. M\u011bsto Leonardovo a Michelangelovo, ale tak\u00e9 zde maj\u00ed sv\u00e9 s\u00eddlo Pineider (zalo\u017eeno 1774!), Stipula (zalo\u017eeno 1945), Visconti (zalo\u017eeno 1988) nebo p\u016fvodn\u011b znovuobnoven\u00e9 Tibaldi (zalo\u017eeno 1914). Dal\u0161\u00ed v\u00fdrobci tomuto m\u011bstu v\u011bnovali sv\u00e9 limitky (Delta, Aurora...). Srdce milovn\u00edka plnic\u00edch per zde ples\u00e1. Tak\u017ee\u2026","rel":"","context":"V \u201ePlnic\u00ed pera a inkousty\u201c","block_context":{"text":"Plnic\u00ed pera a inkousty","link":"https:\/\/kotrla.com\/pmpro\/category\/plnici-pera\/"},"img":{"alt_text":"","src":"https:\/\/i0.wp.com\/kotrla.com\/pmpro\/wp-content\/uploads\/2025\/05\/pininfarina_pf_two_IMGP9831-150x150.jpg?resize=350%2C200&ssl=1","width":350,"height":200,"srcset":"https:\/\/i0.wp.com\/kotrla.com\/pmpro\/wp-content\/uploads\/2025\/05\/pininfarina_pf_two_IMGP9831-150x150.jpg?resize=350%2C200&ssl=1 1x, https:\/\/i0.wp.com\/kotrla.com\/pmpro\/wp-content\/uploads\/2025\/05\/pininfarina_pf_two_IMGP9831-150x150.jpg?resize=525%2C300&ssl=1 1.5x, https:\/\/i0.wp.com\/kotrla.com\/pmpro\/wp-content\/uploads\/2025\/05\/pininfarina_pf_two_IMGP9831-150x150.jpg?resize=700%2C400&ssl=1 2x, https:\/\/i0.wp.com\/kotrla.com\/pmpro\/wp-content\/uploads\/2025\/05\/pininfarina_pf_two_IMGP9831-150x150.jpg?resize=1050%2C600&ssl=1 3x, https:\/\/i0.wp.com\/kotrla.com\/pmpro\/wp-content\/uploads\/2025\/05\/pininfarina_pf_two_IMGP9831-150x150.jpg?resize=1400%2C800&ssl=1 4x"},"classes":[]},{"id":436,"url":"https:\/\/kotrla.com\/pmpro\/2007\/06\/expressionengine-v-1-6-0-novinky-a-cestina\/","url_meta":{"origin":176,"position":4},"title":"ExpressionEngine v 1.6.0 &#8211; novinky a \u010de\u0161tina","author":"Pavel Kotrla","date":"24.6.2007","format":false,"excerpt":"Mezi dlouho o\u010dek\u00e1van\u00e9 novinky pat\u0159\u00ed za\u010dlen\u011bn\u00ed modulu pro statick\u00e9 str\u00e1nky, kter\u00fd je nyn\u00ed p\u0159\u00edmo sou\u010d\u00e1st\u00ed instalace. Nov\u00fdm produktem je pak Multiple site manager (spr\u00e1vce multiweb\u016f), kter\u00fd umo\u017e\u0148uje pomoc\u00ed jedn\u00e9 instalace spravovat v\u00edce web\u016f, a to i na r\u016fzn\u00fdch dom\u00e9n\u00e1ch. Ofici\u00e1ln\u00ed ohl\u00e1\u0161en\u00ed je zde: http:\/\/expressionengine.com\/blog\/entry\/introducing_expressionengine_16_multiple_site_manager_and_forums_201\/ Je\u0161t\u011b bych zm\u00ednil jednu v\u011bc: od\u2026","rel":"","context":"V \u201eExpressionEngine \/ pMachine\u201c","block_context":{"text":"ExpressionEngine \/ pMachine","link":"https:\/\/kotrla.com\/pmpro\/category\/expressionengine-pmachine\/"},"img":{"alt_text":"ExpressionEngine v 1.6","src":"https:\/\/i0.wp.com\/kotrla.com\/pmpro\/images\/uploads\/ee16.gif?resize=350%2C200&ssl=1","width":350,"height":200},"classes":[]},{"id":920,"url":"https:\/\/kotrla.com\/pmpro\/2004\/09\/casopisy-v-zari-dno-a-dno\/","url_meta":{"origin":176,"position":5},"title":"\u010casopisy v z\u00e1\u0159\u00ed &#8211; dno a Dno","author":"Pavel Kotrla","date":"15.9.2004","format":false,"excerpt":"P\u0159ed \u010dasem jsem op\u011bt vzal na milost Liter\u00e1rn\u00ed noviny, p\u0159ece jenom n\u011bco v ne\u0161\u0165astn\u00e9 pond\u011bln\u00ed dny \u010d\u00edst mus\u00edm. Nav\u00edc kdy\u017e je v posledn\u00edm \u010d\u00edsle sloupek Libu\u0161e B\u011blunkov\u00e9 (trocha zlomyslnosti a zvr\u00e1cen\u00e9 fotografick\u00e9 perspektivy, kter\u00e1 zcela mate skute\u010dnost) o n\u00e1mi organizovan\u00e9m p\u0159ekladatelsk\u00e9m t\u00e1boru, tak jsem si je koupit musel. Nav\u00edc rozhovor\u2026","rel":"","context":"V \u201eNeza\u0159azen\u00e9\u201c","block_context":{"text":"Neza\u0159azen\u00e9","link":"https:\/\/kotrla.com\/pmpro\/category\/nezarazene\/"},"img":{"alt_text":"","src":"","width":0,"height":0},"classes":[]}],"jetpack_sharing_enabled":true,"_links":{"self":[{"href":"https:\/\/kotrla.com\/pmpro\/wp-json\/wp\/v2\/posts\/176","targetHints":{"allow":["GET"]}}],"collection":[{"href":"https:\/\/kotrla.com\/pmpro\/wp-json\/wp\/v2\/posts"}],"about":[{"href":"https:\/\/kotrla.com\/pmpro\/wp-json\/wp\/v2\/types\/post"}],"author":[{"embeddable":true,"href":"https:\/\/kotrla.com\/pmpro\/wp-json\/wp\/v2\/users\/1"}],"replies":[{"embeddable":true,"href":"https:\/\/kotrla.com\/pmpro\/wp-json\/wp\/v2\/comments?post=176"}],"version-history":[{"count":0,"href":"https:\/\/kotrla.com\/pmpro\/wp-json\/wp\/v2\/posts\/176\/revisions"}],"wp:attachment":[{"href":"https:\/\/kotrla.com\/pmpro\/wp-json\/wp\/v2\/media?parent=176"}],"wp:term":[{"taxonomy":"category","embeddable":true,"href":"https:\/\/kotrla.com\/pmpro\/wp-json\/wp\/v2\/categories?post=176"},{"taxonomy":"post_tag","embeddable":true,"href":"https:\/\/kotrla.com\/pmpro\/wp-json\/wp\/v2\/tags?post=176"}],"curies":[{"name":"wp","href":"https:\/\/api.w.org\/{rel}","templated":true}]}}