{"id":183,"date":"2010-10-16T20:56:59","date_gmt":"2010-10-16T19:56:59","guid":{"rendered":"http:\/\/kotrla.com\/wordpress\/?p=183"},"modified":"2019-11-20T22:39:15","modified_gmt":"2019-11-20T21:39:15","slug":"aktualizace-recenzi","status":"publish","type":"post","link":"https:\/\/kotrla.com\/pmpro\/2010\/10\/aktualizace-recenzi\/","title":{"rendered":"Aktualizace recenz\u00ed"},"content":{"rendered":"<p>Bylo hnusn\u011b, tak jsem se kone\u010dn\u011b dostal i k aktualizac\u00ed str\u00e1nky s <a href=\"http:\/\/recenze.kotrla.com\">recenzemi<\/a>, tak\u017ee nov\u011b p\u0159ibylo:<\/p>\n<p><a href=\"http:\/\/recenze.kotrla.com\/r165.php\" title=\"Jean Marie de Robl\u00e9s: Tam, kde jsou tyg\u0159i domovem (Brno: Host 2010)\">Jean Marie de Robl\u00e9s: Tam, kde jsou tyg\u0159i domovem (Brno: Host 2010)<\/a><br \/>\n<a href=\"http:\/\/recenze.kotrla.com\/r164.php\" title=\"Lauren Groffov\u00e1: P\u0159\u00ed\u0161ery templetonsk\u00e9 (Brno: Host 2009)\">Lauren Groffov\u00e1: P\u0159\u00ed\u0161ery templetonsk\u00e9 (Brno: Host 2009)<\/a><br \/>\n<a href=\"http:\/\/recenze.kotrla.com\/r163.php\" title=\"Ji\u0159\u00ed Kratochvil: Femme fatale (Brno: Druh\u00e9 m\u011bsto 2010)\">Ji\u0159\u00ed Kratochvil: Femme fatale (Brno: Druh\u00e9 m\u011bsto 2010)<\/a><br \/>\n<a href=\"http:\/\/recenze.kotrla.com\/r162.php\" title=\"Scarlett Thomasov\u00e1: PopCo (Brno: Host 2010)\">Scarlett Thomasov\u00e1: PopCo (Brno: Host 2010)<\/a><br \/>\n<a href=\"http:\/\/recenze.kotrla.com\/r161.php\" title=\"Tatjana Groma\u010da: \u010cernoch (Olomouc: Periplum 2010)\">Tatjana Groma\u010da: \u010cernoch (Olomouc: Periplum 2010)<\/a><br \/>\n<a href=\"http:\/\/recenze.kotrla.com\/r160.php\" title=\"Jan Balab\u00e1n: Zeptej se t\u00e1ty (Brno: Host 2010)\">Jan Balab\u00e1n: Zeptej se t\u00e1ty (Brno: Host 2010)<\/a><\/p>\n","protected":false},"excerpt":{"rendered":"<p>Bylo hnusn\u011b, tak jsem se kone\u010dn\u011b dostal i k aktualizac\u00ed str\u00e1nky s recenzemi, tak\u017ee nov\u011b p\u0159ibylo: Jean Marie de Robl\u00e9s: Tam, kde jsou tyg\u0159i domovem (Brno: Host 2010) Lauren Groffov\u00e1: P\u0159\u00ed\u0161ery templetonsk\u00e9 (Brno: Host 2009) Ji\u0159\u00ed Kratochvil: Femme fatale (Brno: Druh\u00e9 m\u011bsto 2010) Scarlett Thomasov\u00e1: PopCo (Brno: Host 2010) Tatjana Groma\u010da: \u010cernoch (Olomouc: Periplum 2010) [&hellip;]<\/p>\n","protected":false},"author":1,"featured_media":0,"comment_status":"open","ping_status":"open","sticky":false,"template":"","format":"standard","meta":{"site-sidebar-layout":"default","site-content-layout":"","ast-site-content-layout":"default","site-content-style":"default","site-sidebar-style":"default","ast-global-header-display":"","ast-banner-title-visibility":"","ast-main-header-display":"","ast-hfb-above-header-display":"","ast-hfb-below-header-display":"","ast-hfb-mobile-header-display":"","site-post-title":"","ast-breadcrumbs-content":"","ast-featured-img":"","footer-sml-layout":"","ast-disable-related-posts":"","theme-transparent-header-meta":"","adv-header-id-meta":"","stick-header-meta":"","header-above-stick-meta":"","header-main-stick-meta":"","header-below-stick-meta":"","astra-migrate-meta-layouts":"default","ast-page-background-enabled":"default","ast-page-background-meta":{"desktop":{"background-color":"var(--ast-global-color-5)","background-image":"","background-repeat":"repeat","background-position":"center center","background-size":"auto","background-attachment":"scroll","background-type":"","background-media":"","overlay-type":"","overlay-color":"","overlay-opacity":"","overlay-gradient":""},"tablet":{"background-color":"","background-image":"","background-repeat":"repeat","background-position":"center center","background-size":"auto","background-attachment":"scroll","background-type":"","background-media":"","overlay-type":"","overlay-color":"","overlay-opacity":"","overlay-gradient":""},"mobile":{"background-color":"","background-image":"","background-repeat":"repeat","background-position":"center center","background-size":"auto","background-attachment":"scroll","background-type":"","background-media":"","overlay-type":"","overlay-color":"","overlay-opacity":"","overlay-gradient":""}},"ast-content-background-meta":{"desktop":{"background-color":"var(--ast-global-color-4)","background-image":"","background-repeat":"repeat","background-position":"center center","background-size":"auto","background-attachment":"scroll","background-type":"","background-media":"","overlay-type":"","overlay-color":"","overlay-opacity":"","overlay-gradient":""},"tablet":{"background-color":"var(--ast-global-color-4)","background-image":"","background-repeat":"repeat","background-position":"center center","background-size":"auto","background-attachment":"scroll","background-type":"","background-media":"","overlay-type":"","overlay-color":"","overlay-opacity":"","overlay-gradient":""},"mobile":{"background-color":"var(--ast-global-color-4)","background-image":"","background-repeat":"repeat","background-position":"center center","background-size":"auto","background-attachment":"scroll","background-type":"","background-media":"","overlay-type":"","overlay-color":"","overlay-opacity":"","overlay-gradient":""}},"jetpack_post_was_ever_published":false,"_jetpack_newsletter_access":"","_jetpack_dont_email_post_to_subs":false,"_jetpack_newsletter_tier_id":0,"_jetpack_memberships_contains_paywalled_content":false,"_jetpack_memberships_contains_paid_content":false,"footnotes":""},"categories":[2,13],"tags":[],"class_list":["post-183","post","type-post","status-publish","format-standard","hentry","category-literatura","category-recenze"],"jetpack_featured_media_url":"","jetpack_shortlink":"https:\/\/wp.me\/p4mLP7-2X","jetpack-related-posts":[{"id":3825,"url":"https:\/\/kotrla.com\/pmpro\/2018\/09\/texty-77-leto-2018\/","url_meta":{"origin":183,"position":0},"title":"Texty 77 (l\u00e9to 2018)","author":"Pavel Kotrla","date":"8.9.2018","format":false,"excerpt":"Nov\u00e9 \u010d\u00edslo na\u0161eho liter\u00e1rn\u00edho \u010dtvrtletn\u00edku. V\u0161echna p\u0159edchoz\u00ed \u010d\u00edsla najdete na str\u00e1nk\u00e1ch Text\u016f. \u00favodn\u00edk Dalibor Malina: P\u0159ibli\u017eov\u00e1n\u00ed pr\u00f3za Marta Hlu\u0161\u00edkov\u00e1: O\u00a0neobesenom \u0160angovi Jarmila Hor\u00e1kov\u00e1: Vlasta poezie Eduard Gre\u010dner:\u00a0\u00d7\u00a0\u00d7\u00a0\u00d7 Jakub Chrob\u00e1k:\u00a0\u00d7\u00a0\u00d7\u00a0\u00d7 Roman Pol\u00e1ch:\u00a0\u00d7\u00a0\u00d7\u00a0\u00d7 p\u0159eklad Myroslav Lajuk: * * * jen tak Jakub Chrob\u00e1k: * * * Julie Hilliov\u00e1: Madrid vzpom\u00ednky Franti\u0161ek Rafaja:\u2026","rel":"","context":"V \u201eLiteratura\u201c","block_context":{"text":"Literatura","link":"https:\/\/kotrla.com\/pmpro\/category\/literatura\/"},"img":{"alt_text":"","src":"","width":0,"height":0},"classes":[]},{"id":5,"url":"https:\/\/kotrla.com\/pmpro\/2014\/02\/guerilla-poetring-brno-malinovskeho-namesti-2014\/","url_meta":{"origin":183,"position":1},"title":"Guerilla poetring Brno \/ Malinovsk\u00e9ho n\u00e1m\u011bst\u00ed 2014","author":"Pavel Kotrla","date":"15.2.2014","format":false,"excerpt":"V\u010dera (14. 2. 2014) prob\u011bhl \u010dtvrt\u00fd Guerilla Poetring - (b\u00e1)sn\u011bn\u00ed v ulic\u00edch. Fotografie z brn\u011bnsk\u00e9 akci naleznete zde: https:\/\/picasaweb.google.com\/nehybnost\/GuerillaPoetring4MalinovskehoNamBrno140214 Str\u00e1nky cel\u00e9 akce naleznete na Facebooku https:\/\/www.facebook.com\/guerillapoetring","rel":"","context":"V \u201eLiteratura\u201c","block_context":{"text":"Literatura","link":"https:\/\/kotrla.com\/pmpro\/category\/literatura\/"},"img":{"alt_text":"","src":"","width":0,"height":0},"classes":[]},{"id":9253,"url":"https:\/\/kotrla.com\/pmpro\/2021\/12\/texty-85-jaro-podzim-2021\/","url_meta":{"origin":183,"position":2},"title":"Texty 85 (jaro\u2013podzim 2021)","author":"Pavel Kotrla","date":"23.12.2021","format":false,"excerpt":"Na nov\u00e9 \u010d\u00edslo Text\u016f jste si tentokr\u00e1t museli trochu po\u010dkat, ale snad v\u00e1s pot\u011b\u0161\u00ed. P\u0159\u00edsp\u011bvk\u016f bylo dost, dokonce skoro na dal\u0161\u00ed \u010d\u00edslo, jen prost\u011b nebyl \u010das. V\u0161echna vydan\u00e1 \u010d\u00edsla Text\u016f, v\u010detn\u011b tohoto, v PDF najdete v archivu. \u00favodn\u00edk Pavel Kotrla: 25 pr\u00f3za Jakub Chrob\u00e1k: Rozhodnut\u00ed Jana Zapa poezie Martin \u0160enkypl\u2026","rel":"","context":"V \u201eLiteratura\u201c","block_context":{"text":"Literatura","link":"https:\/\/kotrla.com\/pmpro\/category\/literatura\/"},"img":{"alt_text":"","src":"","width":0,"height":0},"classes":[]},{"id":986,"url":"https:\/\/kotrla.com\/pmpro\/2004\/06\/den-za-dnem\/","url_meta":{"origin":183,"position":3},"title":"Den za dnem","author":"Pavel Kotrla","date":"11.6.2004","format":false,"excerpt":"RSS se d\u00e1 vyu\u017e\u00edvat rozmanit\u00fdmi zp\u016fsoby. P\u0159\u00edznivce literatury snad zaujme mo\u017enost pomoc\u00ed RSS si ka\u017ed\u00fd den p\u0159e\u010d\u00edst jednu str\u00e1nku ze z\u00e1pisk\u016f Leonarda Da Vinciho nebo z Odyssea Jamese Joyce. (Co\u017e mi ostatn\u011b p\u0159ipom\u00edn\u00e1, \u017ee jsem se osobn\u011b ned\u00e1vno p\u0159ihl\u00e1sil u Ji\u0159\u00edho Tr\u00e1vn\u00ed\u010dka do klubu t\u011bch, co toto d\u00edlo nikdy nedo\u010detli.\u2026","rel":"","context":"V \u201eNeza\u0159azen\u00e9\u201c","block_context":{"text":"Neza\u0159azen\u00e9","link":"https:\/\/kotrla.com\/pmpro\/category\/nezarazene\/"},"img":{"alt_text":"","src":"","width":0,"height":0},"classes":[]},{"id":6992,"url":"https:\/\/kotrla.com\/pmpro\/2020\/12\/texty-83-podzim-2020\/","url_meta":{"origin":183,"position":4},"title":"Texty 83 (podzim 2020)","author":"Pavel Kotrla","date":"12.12.2020","format":false,"excerpt":"Kalend\u00e1\u0159n\u00ed podzim skon\u010d\u00ed za n\u011bkolik dn\u00ed, ale nov\u011b \u010d\u00edslo text\u016f je kupodivu zde. V \u010d\u00edslech dal\u0161\u00edch r\u00e1di uv\u00edt\u00e1me nov\u00e9 autory, tak se neost\u00fdchejte, m\u00e1te \u0161anci. \u00favodn\u00edk Dalibor Malina: Starost o v\u011bci vezdej\u0161\u00ed pr\u00f3za Luk\u00e1\u0161 Bern\u00fd: Lokomotiva poezie David Mi\u0161\u0165\u00farik Kl\u00e1ra Goldstein:\u00a0(con brio) p\u0159eklad J\u00f3zsef Keresztesi Milorad Peji\u0107 jen tak Martin\u2026","rel":"","context":"V \u201eLiteratura\u201c","block_context":{"text":"Literatura","link":"https:\/\/kotrla.com\/pmpro\/category\/literatura\/"},"img":{"alt_text":"","src":"","width":0,"height":0},"classes":[]},{"id":9981,"url":"https:\/\/kotrla.com\/pmpro\/2022\/10\/texty-86\/","url_meta":{"origin":183,"position":5},"title":"Texty 86","author":"Pavel Kotrla","date":"18.10.2022","format":false,"excerpt":"\u010cek\u00e1n\u00ed na nov\u00e9 \u010d\u00edslo Text\u016f bylo tentokr\u00e1t o n\u011bco del\u0161\u00ed. Ale zase je to \u010d\u00edslo, kter\u00e9 m\u00e1 dvojn\u00e1sobn\u00fd po\u010det stran. Nemohli jsme p\u0159ehl\u00e9dnout v\u00fdznamn\u00e9 \u017eivotn\u00ed jubileum, kter\u00e9ho se do\u017e\u00edv\u00e1 n\u00e1\u0161 p\u0159\u00edtel, spoluzakladatel \u010dasopisu Texty a jejich prvn\u00ed vydavatel Dalibor Malina. Nov\u00e9 \u010d\u00edslo najdete ke sta\u017een\u00ed jako obvykle na str\u00e1nk\u00e1ch \u010dasopisu\u2026","rel":"","context":"V \u201eLiteratura\u201c","block_context":{"text":"Literatura","link":"https:\/\/kotrla.com\/pmpro\/category\/literatura\/"},"img":{"alt_text":"","src":"","width":0,"height":0},"classes":[]}],"jetpack_sharing_enabled":true,"_links":{"self":[{"href":"https:\/\/kotrla.com\/pmpro\/wp-json\/wp\/v2\/posts\/183","targetHints":{"allow":["GET"]}}],"collection":[{"href":"https:\/\/kotrla.com\/pmpro\/wp-json\/wp\/v2\/posts"}],"about":[{"href":"https:\/\/kotrla.com\/pmpro\/wp-json\/wp\/v2\/types\/post"}],"author":[{"embeddable":true,"href":"https:\/\/kotrla.com\/pmpro\/wp-json\/wp\/v2\/users\/1"}],"replies":[{"embeddable":true,"href":"https:\/\/kotrla.com\/pmpro\/wp-json\/wp\/v2\/comments?post=183"}],"version-history":[{"count":0,"href":"https:\/\/kotrla.com\/pmpro\/wp-json\/wp\/v2\/posts\/183\/revisions"}],"wp:attachment":[{"href":"https:\/\/kotrla.com\/pmpro\/wp-json\/wp\/v2\/media?parent=183"}],"wp:term":[{"taxonomy":"category","embeddable":true,"href":"https:\/\/kotrla.com\/pmpro\/wp-json\/wp\/v2\/categories?post=183"},{"taxonomy":"post_tag","embeddable":true,"href":"https:\/\/kotrla.com\/pmpro\/wp-json\/wp\/v2\/tags?post=183"}],"curies":[{"name":"wp","href":"https:\/\/api.w.org\/{rel}","templated":true}]}}