{"id":184,"date":"2010-10-16T20:51:09","date_gmt":"2010-10-16T19:51:09","guid":{"rendered":"http:\/\/kotrla.com\/wordpress\/?p=184"},"modified":"2019-11-20T22:39:16","modified_gmt":"2019-11-20T21:39:16","slug":"ctheory","status":"publish","type":"post","link":"https:\/\/kotrla.com\/pmpro\/2010\/10\/ctheory\/","title":{"rendered":"CTheory"},"content":{"rendered":"<p><img loading=\"lazy\" decoding=\"async\" src=\"https:\/\/kotrla.com\/pmpro\/images\/uploads\/ctheory.jpg\" border=\"0\" alt=\"CTheory.net\" width=\"420\" height=\"65\" \/><\/p>\n<p><i>ps\u00e1no pro <a href=\"http:\/\/www.casopis.hostbrno.cz\/\">Host<\/a> 7\/2010<\/i><\/p>\n<p>Jsou str\u00e1nky, kter\u00e9 jsou s n\u00e1mi dlouho, a p\u0159esto neztr\u00e1cej\u00ed nic ze sv\u00e9ho p\u016fvabu. Snad mezi n\u011b pat\u0159\u00ed i akademick\u00fd on-line magaz\u00edn CTheory (<a href=\"http:\/\/www.ctheory.net\">www.ctheory.net<\/a>), kter\u00fd vyd\u00e1v\u00e1 kanadsk\u00e1 University of Victoria. P\u0159esto\u017ee se n\u011bkdy jako datum jeho zalo\u017een\u00ed ud\u00e1v\u00e1 rok 1996, na str\u00e1nk\u00e1ch naleznete texty ji\u017e z roku 1993. U elektronick\u00fdch m\u00e9di\u00ed (\u010dert aby se v tom vyznal!) je m\u00e1loco jist\u00e9: u zrodu tohoto webu v\u0161ak ur\u010dit\u011b st\u00e1li Arthur a Marilouise Krokerovi (<a href=\"http:\/\/www.krokers.net\">http:\/\/www.krokers.net<\/a>). A d\u00e1le pak redak\u010dn\u00ed rada pln\u00e1 slavn\u00fdch jmen (mimo jin\u00e9 Paul Virilio, Bruce Sterling a do sv\u00e9 smrti tak\u00e9 Jean Baudrillard a Kathy Ackerov\u00e1). Revue je od samotn\u00e9ho po\u010d\u00e1tku v\u011bnov\u00e1na knih\u00e1m, technologi\u00edm, kultu\u0159e, vz\u00e1jemn\u00e9mu prol\u00edn\u00e1n\u00ed a sp\u00ed\u0161 ne\u017e ve stylu star\u00fdch ti\u0161t\u011bn\u00fdch periodik jako st\u00e1le aktualizovan\u00fd zdroj, ne nepodobn\u00fd vyhran\u011bn\u00e9mu zpravodajsk\u00e9mu serveru. Na dne\u0161n\u00ed dobu vizu\u00e1ln\u011b sp\u00ed\u0161 nen\u00e1padn\u00e1 str\u00e1nka skr\u00fdv\u00e1 texty, kter\u00e9 sv\u00e9ho \u010dasu dok\u00e1zaly vzbuzovat v\u00e1\u0161niv\u00e9 diskuse. A za p\u0159e\u010dten\u00ed stoj\u00ed st\u00e1le, t\u0159eba ty od zn\u00e1m\u00e9ho teoretika m\u00e9di\u00ed Geerta Lovinka. Ale i s\u00e1m Kroker pat\u0159\u00ed se sv\u00fdmi n\u00e1zory mezi pom\u011brn\u011b \u010dasto citovan\u00e9 osoby. Ostatn\u011b p\u0159i koncipov\u00e1n\u00ed CTheory z\u00faro\u010dil sv\u00e9 p\u0159edchoz\u00ed zku\u0161enosti nejen z  The Canadian Journal of Political and Social Theory, kter\u00fd vych\u00e1zel v letech 1976&#8211;1991 a jeho\u017e archiv v hloubi str\u00e1nek tak\u00e9 naleznete. Na CTheory nad\u00e1le z\u016fst\u00e1v\u00e1 d\u016fle\u017eit\u00e1 skute\u010dnost, \u017ee se jedn\u00e1 o m\u00edsto setk\u00e1v\u00e1n\u00ed a m\u00edsto, kde se prol\u00edn\u00e1 v\u00edce obor\u016f, literaturu nevyj\u00edmaje. Na str\u00e1nk\u00e1ch pak naleznete (krom\u011b samotn\u00fdch text\u016f, zve\u0159ej\u0148ovan\u00fdch v\u00edcem\u00e9n\u011b pr\u016fb\u011b\u017en\u011b) i n\u011bkolik zaj\u00edmav\u00fdch knih ke sta\u017een\u00ed ve form\u00e1tu PDF. Jejich \u010dten\u00ed b\u00fdvalo na monitorech po\u010d\u00edta\u010d\u016f sice \u00famorn\u00e9, tedy pokud jste si je nevytiskli, ale s nov\u00fdmi generacemi \u010dte\u010dek elektronick\u00fdch knih v\u00e1m nebudou d\u011blat pot\u00ed\u017ee ani rozs\u00e1hl\u00e9 texty, nap\u0159\u00edklad pr\u00e1v\u011b tyto zde zve\u0159ejn\u011bn\u00e9. Ostatn\u011b i Host je ji\u017e nab\u00edzen v elektronick\u00e9 podob\u011b jako PDF. D\u0159\u00edve jen t\u011b\u017eko p\u0159edstaviteln\u00e1 prom\u011bna m\u00e9di\u00ed se st\u00e1v\u00e1 skute\u010dnost\u00ed. P\u0159esto\u017ee je nov\u00fdm m\u00e9di\u00edm v\u011bnov\u00e1n st\u00e1le v\u011bt\u0161\u00ed prostor na mnoha dal\u0161\u00edch m\u00edstech, CTheory z\u016fst\u00e1v\u00e1 nad\u00e1le vhodn\u00fdm inspira\u010dn\u00edm zdrojem a v\u00fdchoz\u00edm bodem. Sta\u010d\u00ed nav\u0161t\u00edvit multimedi\u00e1ln\u00ed verzi knihy Live in the Wires (<a href=\"http:\/\/www.lifeinthewires.net\">www.lifeinthewires.net<\/a>), za kterou stoj\u00ed pr\u00e1v\u011b edito\u0159i CTheory, A. a M. Krokerovi, nebo se p\u0159esv\u011bd\u010dit ve videoarchivu, na kter\u00fd se ze str\u00e1nek revue tak\u00e9 dostanete.<\/p>\n","protected":false},"excerpt":{"rendered":"<p>ps\u00e1no pro Host 7\/2010 Jsou str\u00e1nky, kter\u00e9 jsou s n\u00e1mi dlouho, a p\u0159esto neztr\u00e1cej\u00ed nic ze sv\u00e9ho p\u016fvabu. Snad mezi n\u011b pat\u0159\u00ed i akademick\u00fd on-line magaz\u00edn CTheory (www.ctheory.net), kter\u00fd vyd\u00e1v\u00e1 kanadsk\u00e1 University of Victoria. P\u0159esto\u017ee se n\u011bkdy jako datum jeho zalo\u017een\u00ed ud\u00e1v\u00e1 rok 1996, na str\u00e1nk\u00e1ch naleznete texty ji\u017e z roku 1993. U elektronick\u00fdch m\u00e9di\u00ed [&hellip;]<\/p>\n","protected":false},"author":1,"featured_media":0,"comment_status":"open","ping_status":"open","sticky":false,"template":"","format":"standard","meta":{"site-sidebar-layout":"default","site-content-layout":"","ast-site-content-layout":"default","site-content-style":"default","site-sidebar-style":"default","ast-global-header-display":"","ast-banner-title-visibility":"","ast-main-header-display":"","ast-hfb-above-header-display":"","ast-hfb-below-header-display":"","ast-hfb-mobile-header-display":"","site-post-title":"","ast-breadcrumbs-content":"","ast-featured-img":"","footer-sml-layout":"","ast-disable-related-posts":"","theme-transparent-header-meta":"","adv-header-id-meta":"","stick-header-meta":"","header-above-stick-meta":"","header-main-stick-meta":"","header-below-stick-meta":"","astra-migrate-meta-layouts":"default","ast-page-background-enabled":"default","ast-page-background-meta":{"desktop":{"background-color":"var(--ast-global-color-5)","background-image":"","background-repeat":"repeat","background-position":"center center","background-size":"auto","background-attachment":"scroll","background-type":"","background-media":"","overlay-type":"","overlay-color":"","overlay-opacity":"","overlay-gradient":""},"tablet":{"background-color":"","background-image":"","background-repeat":"repeat","background-position":"center center","background-size":"auto","background-attachment":"scroll","background-type":"","background-media":"","overlay-type":"","overlay-color":"","overlay-opacity":"","overlay-gradient":""},"mobile":{"background-color":"","background-image":"","background-repeat":"repeat","background-position":"center center","background-size":"auto","background-attachment":"scroll","background-type":"","background-media":"","overlay-type":"","overlay-color":"","overlay-opacity":"","overlay-gradient":""}},"ast-content-background-meta":{"desktop":{"background-color":"var(--ast-global-color-4)","background-image":"","background-repeat":"repeat","background-position":"center center","background-size":"auto","background-attachment":"scroll","background-type":"","background-media":"","overlay-type":"","overlay-color":"","overlay-opacity":"","overlay-gradient":""},"tablet":{"background-color":"var(--ast-global-color-4)","background-image":"","background-repeat":"repeat","background-position":"center center","background-size":"auto","background-attachment":"scroll","background-type":"","background-media":"","overlay-type":"","overlay-color":"","overlay-opacity":"","overlay-gradient":""},"mobile":{"background-color":"var(--ast-global-color-4)","background-image":"","background-repeat":"repeat","background-position":"center center","background-size":"auto","background-attachment":"scroll","background-type":"","background-media":"","overlay-type":"","overlay-color":"","overlay-opacity":"","overlay-gradient":""}},"jetpack_post_was_ever_published":false,"_jetpack_newsletter_access":"","_jetpack_dont_email_post_to_subs":false,"_jetpack_newsletter_tier_id":0,"_jetpack_memberships_contains_paywalled_content":false,"_jetpack_memberships_contains_paid_content":false,"footnotes":""},"categories":[9,2,10],"tags":[],"class_list":["post-184","post","type-post","status-publish","format-standard","hentry","category-internet","category-literatura","category-sloupky-pro-host"],"jetpack_featured_media_url":"","jetpack_shortlink":"https:\/\/wp.me\/s4mLP7-ctheory","jetpack-related-posts":[{"id":198,"url":"https:\/\/kotrla.com\/pmpro\/2010\/07\/inspirativni-cesta-casem-pro-milovniky-starych-tisku\/","url_meta":{"origin":184,"position":0},"title":"Inspirativn\u00ed cesta \u010dasem (pro milovn\u00edky star\u00fdch tisk\u016f)","author":"Pavel Kotrla","date":"25.7.2010","format":false,"excerpt":"ps\u00e1no pro Host 5\/2010 Archive.org jsou jedny ze str\u00e1nek, kter\u00e9 jsou sice v obecn\u00e9m pov\u011bdom\u00ed, ov\u0161em nejsou p\u0159\u00edli\u0161 \u010dasto vyu\u017e\u00edv\u00e1ny, nebo jen z\u010d\u00e1sti. V\u011bt\u0161ina u\u017eivatel\u016f je prim\u00e1rn\u011b vyu\u017e\u00edv\u00e1 sp\u00ed\u0161e jako stroj \u010dasu, zobrazuj\u00edc\u00ed historii internetov\u00fdch str\u00e1nek v pr\u016fb\u011bhu jejich existence. Mn\u011b se v\u0161ak osv\u011bd\u010dily jako jeden z nejobl\u00edben\u011bj\u0161\u00edch zdroj\u016f literatury.\u2026","rel":"","context":"V \u201eInternet\u201c","block_context":{"text":"Internet","link":"https:\/\/kotrla.com\/pmpro\/category\/internet\/"},"img":{"alt_text":"image","src":"https:\/\/i0.wp.com\/kotrla.com\/pmpro\/images\/uploads\/archive_org.gif?resize=350%2C200&ssl=1","width":350,"height":200},"classes":[]},{"id":1361,"url":"https:\/\/kotrla.com\/pmpro\/2003\/04\/ajvaz2\/","url_meta":{"origin":184,"position":1},"title":"Ajvaz2","author":"Pavel Kotrla","date":"29.4.2003","format":false,"excerpt":"\u010cten\u00ed nov\u00e9 Ajvazovy knihy ve mn\u011b vyvol\u00e1v\u00e1 pocit d\u00e9j\u00e0 vu. Jako bych u\u017e ty \u0159\u00e1dky n\u011bkde vid\u011bl!. Asi roztrou\u0161eny v p\u0159ede\u0161l\u00fdch knih\u00e1ch. Tak, te\u010f jsou pohromad\u011b. Jako pocta velk\u00e9mu u\u010diteli - J. L. Borgesovi. V\u0161e se v\u00e1\u017ee k mo\u017en\u00fdm sv\u011bt\u016fm jazyka, k jeho mo\u017enostem a jeho hranic\u00edm. Pro pozn\u00e1n\u00ed Borgesova\u2026","rel":"","context":"V \u201eNeza\u0159azen\u00e9\u201c","block_context":{"text":"Neza\u0159azen\u00e9","link":"https:\/\/kotrla.com\/pmpro\/category\/nezarazene\/"},"img":{"alt_text":"","src":"","width":0,"height":0},"classes":[]},{"id":103,"url":"https:\/\/kotrla.com\/pmpro\/2012\/05\/rusky-design-zachrani-svet\/","url_meta":{"origin":184,"position":2},"title":"(Rusk\u00fd) design zachr\u00e1n\u00ed sv\u011bt!","author":"Pavel Kotrla","date":"13.5.2012","format":false,"excerpt":"ps\u00e1no pro Host 9\/2011 (P\u016fvodn\u00ed titulek byl sice jin\u00fd (Co je ukryto za textem), ale ponech\u00e1v\u00e1m ten, kter\u00fd vze\u0161el z redak\u010dn\u00ed \u00fapravy) B\u011bhem putov\u00e1n\u00ed po rusk\u00e9m internetu \u2014 zvl\u00e1\u0161t\u011b v jeho po\u010d\u00e1tc\u00edch \u2014 tak\u0159ka ne\u0161lo (v liter\u00e1rn\u00ed \u010d\u00e1sti) minout str\u00e1nky Borise Akunina. Za t\u00edmto pseudonymem se skr\u00fdv\u00e1 Grigorij \u0160alvovi\u010d \u010ccharti\u0161vili,\u2026","rel":"","context":"V \u201eSloupky pro Host\u201c","block_context":{"text":"Sloupky pro Host","link":"https:\/\/kotrla.com\/pmpro\/category\/sloupky-pro-host\/"},"img":{"alt_text":"image","src":"https:\/\/i0.wp.com\/kotrla.com\/pmpro\/images\/uploads\/editorium_ru.jpg?resize=350%2C200&ssl=1","width":350,"height":200},"classes":[]},{"id":1280,"url":"https:\/\/kotrla.com\/pmpro\/2003\/07\/poezie-nejen-pro-vsedni-den\/","url_meta":{"origin":184,"position":3},"title":"Poezie (nejen) pro v\u0161edn\u00ed den","author":"Pavel Kotrla","date":"24.7.2003","format":false,"excerpt":"Bloger\u016f p\u0159ib\u00fdv\u00e1. Jako hub po de\u0161ti. \u0158ady roz\u0161\u00ed\u0159il i Michala Jare\u0161e sv\u00fdmi str\u00e1nkami Poezie (nejen) pro v\u0161edn\u00ed den, se kter\u00fdmi jsem mu trochu pomohl a kter\u00e9 by m\u011bly b\u00fdt v\u011bnov\u00e1ny poezii. Proto\u017ee mo\u017en\u00e1 netu\u0161\u00edte, kdo Michal Jare\u0161 je, tak si zde dovol\u00edm zve\u0159ejnit m\u00edrn\u011b upraven\u00e9 informace, kter\u00e9 u\u017e jsou na\u2026","rel":"","context":"V \u201eNeza\u0159azen\u00e9\u201c","block_context":{"text":"Neza\u0159azen\u00e9","link":"https:\/\/kotrla.com\/pmpro\/category\/nezarazene\/"},"img":{"alt_text":"","src":"","width":0,"height":0},"classes":[]},{"id":9234,"url":"https:\/\/kotrla.com\/pmpro\/2021\/12\/inkousty-koh-i-noor\/","url_meta":{"origin":184,"position":4},"title":"Inkousty Koh-i-Noor","author":"Pavel Kotrla","date":"12.12.2021","format":false,"excerpt":"\u010cesk\u00e9 inkousty od Koh-i-Nooru zn\u00e1 u n\u00e1s snad ka\u017ed\u00fd. Jejich cena je bezkonkuren\u010dn\u00ed. Nav\u00edc za lahvi\u010dky o objemu 50 ml, co\u017e je u inkoust\u016f sp\u00ed\u0161e nadstandardn\u00ed objem. A i samotn\u00e9 plastov\u00e9 lahvi\u010dky jsou fajn, n\u00e1razuvzdorn\u00e9 a praktick\u00e9. Ale jak\u00e9 jsou tyto inkousty v b\u011b\u017en\u00e9m pou\u017e\u00edv\u00e1n\u00ed? M\u00e1m v \u0161upl\u00edku celou sadu,\u2026","rel":"","context":"V \u201ePlnic\u00ed pera a inkousty\u201c","block_context":{"text":"Plnic\u00ed pera a inkousty","link":"https:\/\/kotrla.com\/pmpro\/category\/plnici-pera\/"},"img":{"alt_text":"","src":"https:\/\/i0.wp.com\/kotrla.com\/pmpro\/wp-content\/uploads\/2021\/12\/koh-i-noor-inkoust_IMGP3955.jpg?resize=350%2C200&ssl=1","width":350,"height":200,"srcset":"https:\/\/i0.wp.com\/kotrla.com\/pmpro\/wp-content\/uploads\/2021\/12\/koh-i-noor-inkoust_IMGP3955.jpg?resize=350%2C200&ssl=1 1x, https:\/\/i0.wp.com\/kotrla.com\/pmpro\/wp-content\/uploads\/2021\/12\/koh-i-noor-inkoust_IMGP3955.jpg?resize=525%2C300&ssl=1 1.5x, https:\/\/i0.wp.com\/kotrla.com\/pmpro\/wp-content\/uploads\/2021\/12\/koh-i-noor-inkoust_IMGP3955.jpg?resize=700%2C400&ssl=1 2x, https:\/\/i0.wp.com\/kotrla.com\/pmpro\/wp-content\/uploads\/2021\/12\/koh-i-noor-inkoust_IMGP3955.jpg?resize=1050%2C600&ssl=1 3x"},"classes":[]},{"id":51,"url":"https:\/\/kotrla.com\/pmpro\/2013\/04\/socialni-zivot-knih-v-siti\/","url_meta":{"origin":184,"position":5},"title":"Soci\u00e1ln\u00ed \u017eivot knih v s\u00edti","author":"Pavel Kotrla","date":"8.4.2013","format":false,"excerpt":"ps\u00e1no pro Host 06\/2012. S bou\u0159liv\u00fdm atakem soci\u00e1ln\u00edch s\u00edt\u00ed a rozvojem elektronick\u00fdch \u010dte\u010dek znovu za\u017e\u00edvaj\u00ed svou hv\u011bzdnou hodinu i komunitn\u011b pojat\u00e9 projekty pro \u010dten\u00e1\u0159e knih. I kdy\u017e s jejich u\u017eite\u010dnost\u00ed lze n\u011bkdy polemizovat, rozum\u00edm tomu, pro\u010d vznikaj\u00ed, a ch\u00e1pu, \u017ee jejich zakladatel\u00e9 hledaj\u00ed model, kter\u00fd by jim v kone\u010dn\u00e9m d\u016fsledku\u2026","rel":"","context":"V \u201eInternet\u201c","block_context":{"text":"Internet","link":"https:\/\/kotrla.com\/pmpro\/category\/internet\/"},"img":{"alt_text":"Bookfan","src":"https:\/\/i0.wp.com\/kotrla.com\/pmpro\/images\/uploads\/bookfan.jpg?resize=350%2C200&ssl=1","width":350,"height":200},"classes":[]}],"jetpack_sharing_enabled":true,"_links":{"self":[{"href":"https:\/\/kotrla.com\/pmpro\/wp-json\/wp\/v2\/posts\/184","targetHints":{"allow":["GET"]}}],"collection":[{"href":"https:\/\/kotrla.com\/pmpro\/wp-json\/wp\/v2\/posts"}],"about":[{"href":"https:\/\/kotrla.com\/pmpro\/wp-json\/wp\/v2\/types\/post"}],"author":[{"embeddable":true,"href":"https:\/\/kotrla.com\/pmpro\/wp-json\/wp\/v2\/users\/1"}],"replies":[{"embeddable":true,"href":"https:\/\/kotrla.com\/pmpro\/wp-json\/wp\/v2\/comments?post=184"}],"version-history":[{"count":0,"href":"https:\/\/kotrla.com\/pmpro\/wp-json\/wp\/v2\/posts\/184\/revisions"}],"wp:attachment":[{"href":"https:\/\/kotrla.com\/pmpro\/wp-json\/wp\/v2\/media?parent=184"}],"wp:term":[{"taxonomy":"category","embeddable":true,"href":"https:\/\/kotrla.com\/pmpro\/wp-json\/wp\/v2\/categories?post=184"},{"taxonomy":"post_tag","embeddable":true,"href":"https:\/\/kotrla.com\/pmpro\/wp-json\/wp\/v2\/tags?post=184"}],"curies":[{"name":"wp","href":"https:\/\/api.w.org\/{rel}","templated":true}]}}