{"id":1906,"date":"2014-03-31T07:30:04","date_gmt":"2014-03-31T06:30:04","guid":{"rendered":"http:\/\/kotrla.com\/pmpro\/?p=1906"},"modified":"2019-11-20T22:44:22","modified_gmt":"2019-11-20T21:44:22","slug":"nad-solanskou-edici","status":"publish","type":"post","link":"https:\/\/kotrla.com\/pmpro\/2014\/03\/nad-solanskou-edici\/","title":{"rendered":"Nad sol\u00e1\u0148skou edic\u00ed"},"content":{"rendered":"<p><a href=\"https:\/\/kotrla.com\/pmpro\/wp-content\/uploads\/2014\/03\/solan_IMG5555.jpg\"><img loading=\"lazy\" decoding=\"async\" class=\"alignright size-full wp-image-1907\" title=\"Sch\u016fzka redakce a autor\u016f sol\u00e1\u0148sk\u00e9 edice\" alt=\"Sch\u016fzka redakce a autor\u016f sol\u00e1\u0148sk\u00e9 edice\" src=\"https:\/\/kotrla.com\/pmpro\/wp-content\/uploads\/2014\/03\/solan_IMG5555.jpg\" width=\"620\" height=\"417\" srcset=\"https:\/\/kotrla.com\/pmpro\/wp-content\/uploads\/2014\/03\/solan_IMG5555.jpg 620w, https:\/\/kotrla.com\/pmpro\/wp-content\/uploads\/2014\/03\/solan_IMG5555-300x201.jpg 300w\" sizes=\"auto, (max-width: 620px) 100vw, 620px\" \/><\/a><\/p>\n<p>P\u0159\u00edpravy jsou v pln\u00e9m proudu a citeln\u011b pokro\u010dily. V polovin\u011b roku se m\u016f\u017eete t\u011b\u0161it na deset men\u0161\u00edch tematick\u00fdch svazk\u016f.<\/p>\n<p>Souvisej\u00edc\u00ed:<\/p>\n<ul>\n<li><a title=\"Sborn\u00edk ze sol\u00e1\u0148sk\u00e9 konference u\u017e je tak\u00e9 na sv\u011bt\u011b\" href=\"https:\/\/kotrla.com\/pmpro\/2013\/11\/sbornik-ze-solanske-konference-uz-je-take-na-svete\/\">Sborn\u00edk ze sol\u00e1\u0148sk\u00e9 konference u\u017e je tak\u00e9 na sv\u011bt\u011b<\/a><\/li>\n<li><a title=\"Za sol\u00e1\u0148skou konferenc\u00ed\" href=\"https:\/\/kotrla.com\/pmpro\/2013\/10\/za-solanskou-konferenci\/\">Za sol\u00e1\u0148skou konferenc\u00ed<\/a><\/li>\n<\/ul>\n","protected":false},"excerpt":{"rendered":"<p>P\u0159\u00edpravy jsou v pln\u00e9m proudu a citeln\u011b pokro\u010dily. V polovin\u011b roku se m\u016f\u017eete t\u011b\u0161it na deset men\u0161\u00edch tematick\u00fdch svazk\u016f. Souvisej\u00edc\u00ed: Sborn\u00edk ze sol\u00e1\u0148sk\u00e9 konference u\u017e je tak\u00e9 na sv\u011bt\u011b Za sol\u00e1\u0148skou konferenc\u00ed<\/p>\n","protected":false},"author":1,"featured_media":0,"comment_status":"open","ping_status":"open","sticky":false,"template":"","format":"standard","meta":{"site-sidebar-layout":"default","site-content-layout":"","ast-site-content-layout":"default","site-content-style":"default","site-sidebar-style":"default","ast-global-header-display":"","ast-banner-title-visibility":"","ast-main-header-display":"","ast-hfb-above-header-display":"","ast-hfb-below-header-display":"","ast-hfb-mobile-header-display":"","site-post-title":"","ast-breadcrumbs-content":"","ast-featured-img":"","footer-sml-layout":"","ast-disable-related-posts":"","theme-transparent-header-meta":"","adv-header-id-meta":"","stick-header-meta":"","header-above-stick-meta":"","header-main-stick-meta":"","header-below-stick-meta":"","astra-migrate-meta-layouts":"default","ast-page-background-enabled":"default","ast-page-background-meta":{"desktop":{"background-color":"var(--ast-global-color-5)","background-image":"","background-repeat":"repeat","background-position":"center center","background-size":"auto","background-attachment":"scroll","background-type":"","background-media":"","overlay-type":"","overlay-color":"","overlay-opacity":"","overlay-gradient":""},"tablet":{"background-color":"","background-image":"","background-repeat":"repeat","background-position":"center center","background-size":"auto","background-attachment":"scroll","background-type":"","background-media":"","overlay-type":"","overlay-color":"","overlay-opacity":"","overlay-gradient":""},"mobile":{"background-color":"","background-image":"","background-repeat":"repeat","background-position":"center center","background-size":"auto","background-attachment":"scroll","background-type":"","background-media":"","overlay-type":"","overlay-color":"","overlay-opacity":"","overlay-gradient":""}},"ast-content-background-meta":{"desktop":{"background-color":"var(--ast-global-color-4)","background-image":"","background-repeat":"repeat","background-position":"center center","background-size":"auto","background-attachment":"scroll","background-type":"","background-media":"","overlay-type":"","overlay-color":"","overlay-opacity":"","overlay-gradient":""},"tablet":{"background-color":"var(--ast-global-color-4)","background-image":"","background-repeat":"repeat","background-position":"center center","background-size":"auto","background-attachment":"scroll","background-type":"","background-media":"","overlay-type":"","overlay-color":"","overlay-opacity":"","overlay-gradient":""},"mobile":{"background-color":"var(--ast-global-color-4)","background-image":"","background-repeat":"repeat","background-position":"center center","background-size":"auto","background-attachment":"scroll","background-type":"","background-media":"","overlay-type":"","overlay-color":"","overlay-opacity":"","overlay-gradient":""}},"jetpack_post_was_ever_published":false,"_jetpack_newsletter_access":"","_jetpack_dont_email_post_to_subs":false,"_jetpack_newsletter_tier_id":0,"_jetpack_memberships_contains_paywalled_content":false,"_jetpack_memberships_contains_paid_content":false,"footnotes":""},"categories":[19,2],"tags":[],"class_list":["post-1906","post","type-post","status-publish","format-standard","hentry","category-knihy","category-literatura"],"jetpack_featured_media_url":"","jetpack_shortlink":"https:\/\/wp.me\/p4mLP7-uK","jetpack-related-posts":[{"id":13091,"url":"https:\/\/kotrla.com\/pmpro\/2025\/07\/na-skok-na-ostrovech-a-v-dubrovniku\/","url_meta":{"origin":1906,"position":0},"title":"Na skok na ostrovech a v Dubrovn\u00edku","author":"Pavel Kotrla","date":"31.7.2025","format":false,"excerpt":"Lopud Mljet Oko milovn\u00edka star\u00fdch tisk\u016f p\u0159i n\u00e1v\u0161t\u011bv\u011b muzea, kter\u00e9 se nach\u00e1z\u00ed v ambitu dominik\u00e1nsk\u00e9ho kl\u00e1\u0161tera v Dubrovn\u00edku ples\u00e1.","rel":"","context":"V \u201eNeza\u0159azen\u00e9\u201c","block_context":{"text":"Neza\u0159azen\u00e9","link":"https:\/\/kotrla.com\/pmpro\/category\/nezarazene\/"},"img":{"alt_text":"","src":"https:\/\/i0.wp.com\/kotrla.com\/pmpro\/wp-content\/uploads\/2025\/07\/DSC03297-150x150.jpg?resize=350%2C200&ssl=1","width":350,"height":200,"srcset":"https:\/\/i0.wp.com\/kotrla.com\/pmpro\/wp-content\/uploads\/2025\/07\/DSC03297-150x150.jpg?resize=350%2C200&ssl=1 1x, https:\/\/i0.wp.com\/kotrla.com\/pmpro\/wp-content\/uploads\/2025\/07\/DSC03297-150x150.jpg?resize=525%2C300&ssl=1 1.5x, https:\/\/i0.wp.com\/kotrla.com\/pmpro\/wp-content\/uploads\/2025\/07\/DSC03297-150x150.jpg?resize=700%2C400&ssl=1 2x, https:\/\/i0.wp.com\/kotrla.com\/pmpro\/wp-content\/uploads\/2025\/07\/DSC03297-150x150.jpg?resize=1050%2C600&ssl=1 3x, https:\/\/i0.wp.com\/kotrla.com\/pmpro\/wp-content\/uploads\/2025\/07\/DSC03297-150x150.jpg?resize=1400%2C800&ssl=1 4x"},"classes":[]},{"id":44,"url":"https:\/\/kotrla.com\/pmpro\/2013\/05\/na-skok-v-krakove\/","url_meta":{"origin":1906,"position":1},"title":"Na skok v Krakov\u011b","author":"Pavel Kotrla","date":"11.5.2013","format":false,"excerpt":"","rel":"","context":"V \u201eFotografie\u201c","block_context":{"text":"Fotografie","link":"https:\/\/kotrla.com\/pmpro\/category\/fotografie\/"},"img":{"alt_text":"Na skok v Krakov\u011b","src":"https:\/\/i0.wp.com\/kotrla.com\/pmpro\/images\/uploads\/_IGP2770bw.jpg?resize=350%2C200&ssl=1","width":350,"height":200},"classes":[]},{"id":12921,"url":"https:\/\/kotrla.com\/pmpro\/2025\/06\/potkejme-se-na-farafestu-v-huslenkach\/","url_meta":{"origin":1906,"position":2},"title":"Potkejme se na Farafestu v Huslenk\u00e1ch","author":"Pavel Kotrla","date":"11.6.2025","format":false,"excerpt":"Se mnou se m\u016f\u017eete potkat na festivalu v p\u00e1tek, v r\u00e1mci poeticko-hudebn\u00edho ve\u010dera. FARAFEST: Multi\u017e\u00e1nrov\u00fd festival v srdci Vala\u0161ska (Huslenky) 8.-10. srpna 2025 Str\u00e1nky akce na Facebooku https:\/\/fb.me\/e\/JdxlNKbuL Program P\u00e1tek 8. 8. 18:00 \u2013 22:00 Poeticko-hudebn\u00ed ve\u010der na fa\u0159e 18:00 \u2013 20:00 b\u00e1sn\u00edci Pavel Kotrla, Marie \u0160\u0165astn\u00e1, Ji\u0159\u00ed Pal\u00e1n 20:00\u2026","rel":"","context":"V \u201eLiteratura\u201c","block_context":{"text":"Literatura","link":"https:\/\/kotrla.com\/pmpro\/category\/literatura\/"},"img":{"alt_text":"","src":"https:\/\/i0.wp.com\/kotrla.com\/pmpro\/wp-content\/uploads\/2025\/06\/farafest_huslenky_2025.jpg?resize=350%2C200&ssl=1","width":350,"height":200,"srcset":"https:\/\/i0.wp.com\/kotrla.com\/pmpro\/wp-content\/uploads\/2025\/06\/farafest_huslenky_2025.jpg?resize=350%2C200&ssl=1 1x, https:\/\/i0.wp.com\/kotrla.com\/pmpro\/wp-content\/uploads\/2025\/06\/farafest_huslenky_2025.jpg?resize=525%2C300&ssl=1 1.5x, https:\/\/i0.wp.com\/kotrla.com\/pmpro\/wp-content\/uploads\/2025\/06\/farafest_huslenky_2025.jpg?resize=700%2C400&ssl=1 2x, https:\/\/i0.wp.com\/kotrla.com\/pmpro\/wp-content\/uploads\/2025\/06\/farafest_huslenky_2025.jpg?resize=1050%2C600&ssl=1 3x, https:\/\/i0.wp.com\/kotrla.com\/pmpro\/wp-content\/uploads\/2025\/06\/farafest_huslenky_2025.jpg?resize=1400%2C800&ssl=1 4x"},"classes":[]},{"id":242,"url":"https:\/\/kotrla.com\/pmpro\/2009\/11\/na-vrcholku-hor-dravec-ciha-v-mlze\/","url_meta":{"origin":1906,"position":3},"title":"Na vrcholku hor dravec \u010d\u00edh\u00e1 v mlze","author":"Pavel Kotrla","date":"9.11.2009","format":false,"excerpt":"Jedna obl\u00edben\u00e1 z Klenova.","rel":"","context":"V \u201eFotografie\u201c","block_context":{"text":"Fotografie","link":"https:\/\/kotrla.com\/pmpro\/category\/fotografie\/"},"img":{"alt_text":"Na vrcholku hor dravec \u010d\u00edh\u00e1 v mlze","src":"https:\/\/i0.wp.com\/kotrla.com\/pmpro\/images\/uploads\/_IGP0730.jpg?resize=350%2C200&ssl=1","width":350,"height":200},"classes":[]},{"id":2363,"url":"https:\/\/kotrla.com\/pmpro\/2015\/04\/vzpominky-na-osvobozeni-bystricky-a-ruzdky\/","url_meta":{"origin":1906,"position":4},"title":"Vzpom\u00ednky na osvobozen\u00ed Byst\u0159i\u010dky a R\u016f\u017e\u010fky","author":"Pavel Kotrla","date":"24.4.2015","format":false,"excerpt":"V\u00fdro\u010d\u00ed konce Druh\u00e9 sv\u011btov\u00e9 v\u00e1lky se bl\u00ed\u017e\u00ed. P\u0159ipome\u0148me si s drobn\u00fdm p\u0159edstihem pr\u016fb\u011bh osvobozen\u00ed na Byst\u0159i\u010dce a v sousedn\u00ed R\u016f\u017e\u010fce, tak jak je zachycena v publikaci Vset\u00ednsko v boji za svobodu: k historii boj\u016f na Vala\u0161sku v kv\u011btnu 1945. (Vset\u00edn: Pr\u016flom, 1946), kterou sestavil Richard Pavl\u00edk. Oskar Sv\u00e1k: BYST\u0158I\u010cKA Dne\u2026","rel":"","context":"V \u201eByst\u0159i\u010dka\u201c","block_context":{"text":"Byst\u0159i\u010dka","link":"https:\/\/kotrla.com\/pmpro\/category\/bystricka\/"},"img":{"alt_text":"","src":"https:\/\/i0.wp.com\/kotrla.com\/pmpro\/wp-content\/uploads\/2015\/04\/pomnik_ruzdka_popraveni_P1010563.jpg?resize=350%2C200&ssl=1","width":350,"height":200,"srcset":"https:\/\/i0.wp.com\/kotrla.com\/pmpro\/wp-content\/uploads\/2015\/04\/pomnik_ruzdka_popraveni_P1010563.jpg?resize=350%2C200&ssl=1 1x, https:\/\/i0.wp.com\/kotrla.com\/pmpro\/wp-content\/uploads\/2015\/04\/pomnik_ruzdka_popraveni_P1010563.jpg?resize=525%2C300&ssl=1 1.5x, https:\/\/i0.wp.com\/kotrla.com\/pmpro\/wp-content\/uploads\/2015\/04\/pomnik_ruzdka_popraveni_P1010563.jpg?resize=700%2C400&ssl=1 2x"},"classes":[]},{"id":54,"url":"https:\/\/kotrla.com\/pmpro\/2013\/03\/ctenar-poezie-zdenek-volf-az-na-posledni-pohled\/","url_meta":{"origin":1906,"position":5},"title":"\u010cten\u00e1\u0159 poezie: Zden\u011bk Volf &#8211; A\u017e na posledn\u00ed pohled","author":"Pavel Kotrla","date":"29.3.2013","format":false,"excerpt":"Zden\u011bk Volf (2012) Na novou sb\u00edrku Zde\u0148ka Volfa jsem se t\u011b\u0161il. V\u011bd\u011bl jsem, \u017ee m\u00e1 vyj\u00edt, n\u011bkter\u00e9 b\u00e1sn\u011b znal ze \u010dten\u00ed a n\u011bkter\u00e9 jsme vydali i v Aluzi. Vy\u0161la v nakladatelstv\u00ed Barrister&Principal v p\u0159\u00edjemn\u00e9 grafick\u00e9 \u00faprav\u011b. P\u0159esto jsem byl v\u010dera v noci po jej\u00edm p\u0159e\u010dten\u00ed p\u0159ekvapen\u00fd a zara\u017een\u00fd. T\u00edm pocitem\u2026","rel":"","context":"V \u201e\u010cten\u00e1\u0159sk\u00fd den\u00edk\u201c","block_context":{"text":"\u010cten\u00e1\u0159sk\u00fd den\u00edk","link":"https:\/\/kotrla.com\/pmpro\/category\/ctenarsky-denik\/"},"img":{"alt_text":"Zden\u011bk Volf (2012)","src":"https:\/\/i0.wp.com\/kotrla.com\/pmpro\/images\/uploads\/zdenek_volf_IGP1036.jpg?resize=350%2C200&ssl=1","width":350,"height":200},"classes":[]}],"jetpack_sharing_enabled":true,"_links":{"self":[{"href":"https:\/\/kotrla.com\/pmpro\/wp-json\/wp\/v2\/posts\/1906","targetHints":{"allow":["GET"]}}],"collection":[{"href":"https:\/\/kotrla.com\/pmpro\/wp-json\/wp\/v2\/posts"}],"about":[{"href":"https:\/\/kotrla.com\/pmpro\/wp-json\/wp\/v2\/types\/post"}],"author":[{"embeddable":true,"href":"https:\/\/kotrla.com\/pmpro\/wp-json\/wp\/v2\/users\/1"}],"replies":[{"embeddable":true,"href":"https:\/\/kotrla.com\/pmpro\/wp-json\/wp\/v2\/comments?post=1906"}],"version-history":[{"count":0,"href":"https:\/\/kotrla.com\/pmpro\/wp-json\/wp\/v2\/posts\/1906\/revisions"}],"wp:attachment":[{"href":"https:\/\/kotrla.com\/pmpro\/wp-json\/wp\/v2\/media?parent=1906"}],"wp:term":[{"taxonomy":"category","embeddable":true,"href":"https:\/\/kotrla.com\/pmpro\/wp-json\/wp\/v2\/categories?post=1906"},{"taxonomy":"post_tag","embeddable":true,"href":"https:\/\/kotrla.com\/pmpro\/wp-json\/wp\/v2\/tags?post=1906"}],"curies":[{"name":"wp","href":"https:\/\/api.w.org\/{rel}","templated":true}]}}