{"id":193,"date":"2010-08-02T21:15:36","date_gmt":"2010-08-02T20:15:36","guid":{"rendered":"http:\/\/kotrla.com\/wordpress\/?p=193"},"modified":"2019-11-30T10:03:55","modified_gmt":"2019-11-30T09:03:55","slug":"akvarium-tkadlena","status":"publish","type":"post","link":"https:\/\/kotrla.com\/pmpro\/2010\/08\/akvarium-tkadlena\/","title":{"rendered":"Akv\u00e1rium: Tkadlena"},"content":{"rendered":"<p>N\u011bco m\u00e1lo t\u00f3n\u016f pro tyto dny z m\u00e9ho obl\u00edben\u00e9ho alba a m\u00e9ho rusofilsk\u00e9ho \u0161upl\u00edku.<\/p>\n<p><a href=\"https:\/\/kotrla.com\/pmpro\/images\/uploads\/akvarium-11-tkacicha.mp3\">St\u00e1hnout p\u00edse\u0148 v MP3<\/a> <\/p>\n<p>\n<img loading=\"lazy\" decoding=\"async\" src=\"https:\/\/kotrla.com\/pmpro\/images\/uploads\/akvarium_cd.jpg\" border=\"0\" alt=\"Akvarium\" width=\"150\" height=\"150\" align=\"right\" \/><b>Tkadlena<\/b><\/p>\n<p>Zd\u00e1lo se mi, \u017ee jsem tkadlenou,<br \/>\nco \u010dasto ve snu b\u00fdv\u00e1 mnou.<br \/>\nDlouho jsem nech\u00e1pal, jestli j\u00e1 se zd\u00e1m j\u00ed<br \/>\nnebo zda ona je sen m\u016fj<\/p>\n<p>Ano, v\u00edm, \u017ee o tom psali u\u017e \u010c\u00ed\u0148an\u00e9,<br \/>\nale such\u00e1 je teorie a strom \u017eivota listy se zelen\u00e1;<br \/>\nm\u011bl bych se probudit a odjet do Ivanova<br \/>\nzjistit, jak re\u00e1ln\u011b to tam vlastn\u011b vypad\u00e1.<\/p>\n<p>Volha \u0161um\u00ed vlnami;<br \/>\nob\u010das pt\u00e1k p\u0159ilet\u00ed k&#160;jej\u00edm b\u0159eh\u016fm.<br \/>\nAle v\u0161echny b\u0159ehy \u010dernaj\u00ed se t\u011bmi, co<br \/>\n\u010dekaj\u00ed, a\u017e proud odnese pry\u010d t\u011bla jejich nep\u0159\u00e1tel\u016fm.<\/p>\n<p>A pouze \u00fapln\u011bk m\u011bs\u00edce o\u017eivuje<br \/>\nst\u0159\u00edd\u00e1n\u00ed t\u011bch kopc\u016f a n\u00ed\u017ein.<br \/>\nD\u00edky Bohu, \u017ee ne\u010detla nikdy<br \/>\nani knihu Tao, ani svat\u00e9ho Franti\u0161ka Listy.<\/p>\n<p>V pou\u0161ti blouzn\u00ed velbloudi,<br \/>\nka\u017ed\u00e9mu t\u00e1hne n\u011bco hlavou.<br \/>\nJeden zn\u00e1m\u00fd t\u00e9\u017e \u0161el na severn\u00ed p\u00f3l,<br \/>\nte\u010f jak podnikatel proch\u00e1z\u00ed se&#160;Kostromou.<\/p>\n<p>Tak po\u010d\u00e1tky, znenad\u00e1n\u00ed vznikaj\u00edc\u00ed,<br \/>\nukro\u010d\u00ed stranou, a ztr\u00e1c\u00ed smysl, ke sv\u00e9 hanb\u011b.<br \/>\nNevid\u00edm d\u016fvod, pro\u010d n\u011bkam se hn\u00e1t,<br \/>\nkdy\u017e nakonec se v\u017edycky ocit\u00e1\u0161 n\u011bkde jinde.<\/p>\n<p>Tak sed\u00edm na pou\u0161tn\u00ed sk\u00e1le, <br \/>\npozoruji, jak plynou oblaka.<br \/>\nSrdce jak studen\u00fd popel, <br \/>\no\u010di \u00fapln\u00e9ho hlup\u00e1ka.<\/p>\n<p>Nic neza\u010d\u00edn\u00e1m, a\u0165si<br \/>\nto samo plyne jak Volha, \u0159eka.<br \/>\nPod schody sed\u00ed odm\u011b\u0159en\u00e1 ko\u010dka,<br \/>\na\u017e budu sch\u00e1zet, d\u00e1m ji ml\u00e9ka.<\/p>\n<p><a href=\"http:\/\/ru.wikipedia.org\/wiki\/%D0%91%D0%B5%D1%81%D0%BF%D0%B5%D1%87%D0%BD%D1%8B%D0%B9_%D1%80%D1%83%D1%81%D1%81%D0%BA%D0%B8%D0%B9_%D0%B1%D1%80%D0%BE%D0%B4%D1%8F%D0%B3%D0%B0\">\u010cl\u00e1nek o albu na rusk\u00e9 Wikipedii<\/a><br \/>\n<a href=\"http:\/\/www.aquarium.ru\/discography\/brodyaga.html#@11\">Text origin\u00e1lu<\/a>      <\/p>\n<p><object width=\"420\" height=\"253\"><param name=\"movie\" value=\"http:\/\/www.youtube.com\/v\/GwgYSsM6TvM&amp;hl=cs_CZ&amp;fs=1\"><\/param><param name=\"allowFullScreen\" value=\"true\"><\/param><param name=\"allowscriptaccess\" value=\"always\"><\/param><\/object><\/p>\n<p><object width=\"420\" height=\"253\"><param name=\"movie\" value=\"http:\/\/www.youtube.com\/v\/jabYK0IllUo&amp;hl=cs_CZ&amp;fs=1\"><\/param><param name=\"allowFullScreen\" value=\"true\"><\/param><param name=\"allowscriptaccess\" value=\"always\"><\/param><\/object><\/p>\n","protected":false},"excerpt":{"rendered":"<p>N\u011bco m\u00e1lo t\u00f3n\u016f pro tyto dny z m\u00e9ho obl\u00edben\u00e9ho alba a m\u00e9ho rusofilsk\u00e9ho \u0161upl\u00edku. St\u00e1hnout p\u00edse\u0148 v MP3 Tkadlena Zd\u00e1lo se mi, \u017ee jsem tkadlenou, co \u010dasto ve snu b\u00fdv\u00e1 mnou. Dlouho jsem nech\u00e1pal, jestli j\u00e1 se zd\u00e1m j\u00ed nebo zda ona je sen m\u016fj Ano, v\u00edm, \u017ee o tom psali u\u017e \u010c\u00ed\u0148an\u00e9, ale such\u00e1 [&hellip;]<\/p>\n","protected":false},"author":1,"featured_media":0,"comment_status":"open","ping_status":"open","sticky":false,"template":"","format":"standard","meta":{"site-sidebar-layout":"default","site-content-layout":"","ast-site-content-layout":"default","site-content-style":"default","site-sidebar-style":"default","ast-global-header-display":"","ast-banner-title-visibility":"","ast-main-header-display":"","ast-hfb-above-header-display":"","ast-hfb-below-header-display":"","ast-hfb-mobile-header-display":"","site-post-title":"","ast-breadcrumbs-content":"","ast-featured-img":"","footer-sml-layout":"","ast-disable-related-posts":"","theme-transparent-header-meta":"","adv-header-id-meta":"","stick-header-meta":"","header-above-stick-meta":"","header-main-stick-meta":"","header-below-stick-meta":"","astra-migrate-meta-layouts":"default","ast-page-background-enabled":"default","ast-page-background-meta":{"desktop":{"background-color":"var(--ast-global-color-5)","background-image":"","background-repeat":"repeat","background-position":"center center","background-size":"auto","background-attachment":"scroll","background-type":"","background-media":"","overlay-type":"","overlay-color":"","overlay-opacity":"","overlay-gradient":""},"tablet":{"background-color":"","background-image":"","background-repeat":"repeat","background-position":"center center","background-size":"auto","background-attachment":"scroll","background-type":"","background-media":"","overlay-type":"","overlay-color":"","overlay-opacity":"","overlay-gradient":""},"mobile":{"background-color":"","background-image":"","background-repeat":"repeat","background-position":"center center","background-size":"auto","background-attachment":"scroll","background-type":"","background-media":"","overlay-type":"","overlay-color":"","overlay-opacity":"","overlay-gradient":""}},"ast-content-background-meta":{"desktop":{"background-color":"var(--ast-global-color-4)","background-image":"","background-repeat":"repeat","background-position":"center center","background-size":"auto","background-attachment":"scroll","background-type":"","background-media":"","overlay-type":"","overlay-color":"","overlay-opacity":"","overlay-gradient":""},"tablet":{"background-color":"var(--ast-global-color-4)","background-image":"","background-repeat":"repeat","background-position":"center center","background-size":"auto","background-attachment":"scroll","background-type":"","background-media":"","overlay-type":"","overlay-color":"","overlay-opacity":"","overlay-gradient":""},"mobile":{"background-color":"var(--ast-global-color-4)","background-image":"","background-repeat":"repeat","background-position":"center center","background-size":"auto","background-attachment":"scroll","background-type":"","background-media":"","overlay-type":"","overlay-color":"","overlay-opacity":"","overlay-gradient":""}},"jetpack_post_was_ever_published":false,"_jetpack_newsletter_access":"","_jetpack_dont_email_post_to_subs":false,"_jetpack_newsletter_tier_id":0,"_jetpack_memberships_contains_paywalled_content":false,"_jetpack_memberships_contains_paid_content":false,"footnotes":""},"categories":[3,11],"tags":[],"class_list":["post-193","post","type-post","status-publish","format-standard","hentry","category-osobni","category-preklady"],"jetpack_featured_media_url":"","jetpack_shortlink":"https:\/\/wp.me\/p4mLP7-37","jetpack-related-posts":[{"id":1346,"url":"https:\/\/kotrla.com\/pmpro\/2003\/05\/ze-by-muj-napad-pomohl-vylepsit-jyxo-cz\/","url_meta":{"origin":193,"position":0},"title":"\u017de by m\u016fj n\u00e1pad pomohl vylep\u0161it Jyxo.cz? ;-)","author":"Pavel Kotrla","date":"16.5.2003","format":false,"excerpt":"Mo\u017en\u00e1. P\u0159ed n\u011bjak\u00fdm \u010dasem jsem toti\u017e zaslal Jyxu.cz e-mail s \u017e\u00e1dost\u00ed o indexaci m\u00e9 dom\u00e9ny, proto\u017ee le\u017e\u00ed mimo CZ. Pot\u011b\u0161ilo mne, \u017ee Jyxo opravdu nyn\u00ed m\u00e9 str\u00e1nky indexuje. V e-mailu jsem psal Michalovi Illichovi i n\u00e1sleduj\u00edc\u00ed: ...Nepremyslel jste nad implementaci slovniku synonym, ktery by nabizel alternativy k hledanym vyrazum? Napriklad\u2026","rel":"","context":"V \u201eNeza\u0159azen\u00e9\u201c","block_context":{"text":"Neza\u0159azen\u00e9","link":"https:\/\/kotrla.com\/pmpro\/category\/nezarazene\/"},"img":{"alt_text":"","src":"","width":0,"height":0},"classes":[]},{"id":301,"url":"https:\/\/kotrla.com\/pmpro\/2009\/01\/jeste-ziju-s-vesakem-placackou-a-cepici\/","url_meta":{"origin":193,"position":1},"title":"Je\u0161t\u011b \u017eiju s v\u011b\u0161\u00e1kem, pl\u00e1ca\u010dkou a \u010depic\u00ed","author":"Pavel Kotrla","date":"19.1.2009","format":false,"excerpt":"Neb\u00fdt Dvojky Slovensk\u00e9 televize, tak by mi v\u010dera zase unikl film Je\u0161t\u011b \u017eiju s v\u011b\u0161\u00e1kem, pl\u00e1ca\u010dkou a \u010depic\u00ed, kter\u00fd kiny pro\u0161um\u011bl bez v\u011bt\u0161\u00edho ohlasu. Dle m\u00e9ho soudu je to \u0161koda, ale p\u0159izn\u00e1v\u00e1m, \u017ee je to postesknut\u00ed sp\u00ed\u0161e osobn\u00ed, a to hlavn\u011b d\u00edky tomu, \u017ee hlavn\u00ed role byla sv\u011b\u0159ena Ji\u0159\u00edmu Vyle\u0165alovi,\u2026","rel":"","context":"V \u201eLiteratura\u201c","block_context":{"text":"Literatura","link":"https:\/\/kotrla.com\/pmpro\/category\/literatura\/"},"img":{"alt_text":"","src":"","width":0,"height":0},"classes":[]},{"id":1327,"url":"https:\/\/kotrla.com\/pmpro\/2003\/06\/literarni-strepy\/","url_meta":{"origin":193,"position":2},"title":"Liter\u00e1rn\u00ed st\u0159epy","author":"Pavel Kotrla","date":"9.6.2003","format":false,"excerpt":"Tak dne\u0161n\u00ed \u010d\u00edslo Liter\u00e1rn\u00edch novin se p\u0159ece jenom dostalo k tomu, aby referovalo o zl\u00ednk\u00e9m festivalu, na kter\u00e9m m\u011bly sv\u00e9ho z\u00e1stupce. Jsem teda tro\u0161ku zklam\u00e1n, nebo\u0165 jsem o\u010dek\u00e1val reflexi pr\u00e1v\u011b z pera Magdal\u00e9ny Platzov\u00e9. Ale kdepak. Prostor byl nab\u00eddnut organiz\u00e1tork\u00e1m festivalu, kter\u00e9 nab\u00eddly dva pohledy na z\u00e1kulis\u00ed. T\u0159et\u00ed report\u00e1\u017e je\u2026","rel":"","context":"V \u201eNeza\u0159azen\u00e9\u201c","block_context":{"text":"Neza\u0159azen\u00e9","link":"https:\/\/kotrla.com\/pmpro\/category\/nezarazene\/"},"img":{"alt_text":"","src":"","width":0,"height":0},"classes":[]},{"id":1249,"url":"https:\/\/kotrla.com\/pmpro\/2003\/08\/zivot-pise-filmove-scenare\/","url_meta":{"origin":193,"position":3},"title":"\u017divot p\u00ed\u0161e filmov\u00e9 sc\u00e9n\u00e1\u0159e","author":"Pavel Kotrla","date":"27.8.2003","format":false,"excerpt":"P\u0159izn\u00e1m se, \u017ee nen\u00e1ro\u010dn\u00e9 hollywoodsk\u00e9 komedie mi zpravidla nevad\u00ed, a tak jsem sv\u00e9ho \u010dasu shl\u00e9dl i film N\u011bco na t\u00e9 Mary je. \u017d\u00e1dn\u00ed intelektu\u00e1ln\u00ed \u0161pi\u010dka. Jasn\u011b... Snad si n\u011bkdo vzpomenete na situaci, kdy hlavn\u00ed hrdina o\u010dek\u00e1v\u00e1 vytou\u017eenou d\u00edvku, se kterou m\u00e1 absolvovat rande. A aby nebyl od sam\u00e9ho po\u010d\u00e1tku setk\u00e1n\u00ed\u2026","rel":"","context":"V \u201eNeza\u0159azen\u00e9\u201c","block_context":{"text":"Neza\u0159azen\u00e9","link":"https:\/\/kotrla.com\/pmpro\/category\/nezarazene\/"},"img":{"alt_text":"","src":"","width":0,"height":0},"classes":[]},{"id":554,"url":"https:\/\/kotrla.com\/pmpro\/2006\/06\/unired\/","url_meta":{"origin":193,"position":4},"title":"UniRed","author":"Pavel Kotrla","date":"4.6.2006","format":false,"excerpt":"U\u017e jsem myslel, \u017ee se nov\u00e9 verze tohoto m\u00e9ho obl\u00edben\u00e9ho a bezplatn\u00e9ho editoru nikdy nedo\u010dk\u00e1m a \u017ee jeho v\u00fdvoj skon\u010dil. A kupodivu, po t\u0159ech letech, je to jinak. Editor\u016f na psan\u00ed je \u0159ada, ale pokud pot\u0159ebujete konvertovat mezi r\u016fzn\u00fdmi k\u00f3dov\u00fdmi str\u00e1nkami, nap\u0159. rusk\u00fdmi, opravdu pohodln\u011b, pak je to m\u016fj l\u00e9ty\u2026","rel":"","context":"V \u201eInternet\u201c","block_context":{"text":"Internet","link":"https:\/\/kotrla.com\/pmpro\/category\/internet\/"},"img":{"alt_text":"","src":"","width":0,"height":0},"classes":[]},{"id":727,"url":"https:\/\/kotrla.com\/pmpro\/2005\/06\/pro-radost\/","url_meta":{"origin":193,"position":5},"title":"Pro radost","author":"Pavel Kotrla","date":"30.6.2005","format":false,"excerpt":"V leto\u0161n\u00edm roce uplynulo sto let od \u00famrt\u00ed Julese Verna. Jeho knihy za tu dobu neztratily sv\u00e9 kouzlo. Zato se mi kdysi byla ukradena jedna z nejobl\u00edben\u011bj\u0161\u00edch knih m\u00e9ho dosp\u00edv\u00e1n\u00ed: Hv\u011bzda jihu. Jin\u00e9 verneovky z\u016fstaly p\u011bkn\u011b v knihovn\u011b. Proto\u017ee na Tajupln\u00fd ostrov, Tajemn\u00fd hrad v Karatech, Dva roky pr\u00e1znin, Ocelov\u00e9\u2026","rel":"","context":"V \u201e\u010cten\u00e1\u0159sk\u00fd den\u00edk\u201c","block_context":{"text":"\u010cten\u00e1\u0159sk\u00fd den\u00edk","link":"https:\/\/kotrla.com\/pmpro\/category\/ctenarsky-denik\/"},"img":{"alt_text":"Neff: Verne","src":"https:\/\/i0.wp.com\/kotrla.com\/pmpro\/images\/uploads\/neff_verne.gif?resize=350%2C200&ssl=1","width":350,"height":200},"classes":[]}],"jetpack_sharing_enabled":true,"_links":{"self":[{"href":"https:\/\/kotrla.com\/pmpro\/wp-json\/wp\/v2\/posts\/193","targetHints":{"allow":["GET"]}}],"collection":[{"href":"https:\/\/kotrla.com\/pmpro\/wp-json\/wp\/v2\/posts"}],"about":[{"href":"https:\/\/kotrla.com\/pmpro\/wp-json\/wp\/v2\/types\/post"}],"author":[{"embeddable":true,"href":"https:\/\/kotrla.com\/pmpro\/wp-json\/wp\/v2\/users\/1"}],"replies":[{"embeddable":true,"href":"https:\/\/kotrla.com\/pmpro\/wp-json\/wp\/v2\/comments?post=193"}],"version-history":[{"count":0,"href":"https:\/\/kotrla.com\/pmpro\/wp-json\/wp\/v2\/posts\/193\/revisions"}],"wp:attachment":[{"href":"https:\/\/kotrla.com\/pmpro\/wp-json\/wp\/v2\/media?parent=193"}],"wp:term":[{"taxonomy":"category","embeddable":true,"href":"https:\/\/kotrla.com\/pmpro\/wp-json\/wp\/v2\/categories?post=193"},{"taxonomy":"post_tag","embeddable":true,"href":"https:\/\/kotrla.com\/pmpro\/wp-json\/wp\/v2\/tags?post=193"}],"curies":[{"name":"wp","href":"https:\/\/api.w.org\/{rel}","templated":true}]}}