{"id":202,"date":"2010-06-18T05:00:51","date_gmt":"2010-06-18T04:00:51","guid":{"rendered":"http:\/\/kotrla.com\/wordpress\/?p=202"},"modified":"2019-11-20T22:39:17","modified_gmt":"2019-11-20T21:39:17","slug":"ostravska-bila-kniha","status":"publish","type":"post","link":"https:\/\/kotrla.com\/pmpro\/2010\/06\/ostravska-bila-kniha\/","title":{"rendered":"Ostravsk\u00e1 B\u00edl\u00e1 kniha"},"content":{"rendered":"<p><img loading=\"lazy\" decoding=\"async\" src=\"https:\/\/kotrla.com\/pmpro\/images\/uploads\/bila_kniha_ostravske_kultury.jpg\" border=\"0\" alt=\"B\u00edl\u00e1 kniha ostravsk\u00e9 kultury\" width=\"200\" height=\"247\" align=\"right\" \/>Nejsem m\u011bstsk\u00fd typ. Prahu r\u00e1d nem\u00e1m, Olomouc mi k srdci p\u0159\u00edli\u0161 nep\u0159irostla, ostan\u00edmi s\u00eddly jen proj\u00ed\u017ed\u00edm, malom\u011bsta nepo\u010d\u00edt\u00e1m. Mo\u017en\u00e1 tak je\u0161t\u011b z m\u00e9ho pohledu toleruju venkovsky rustik\u00e1ln\u00ed Brno. Nakonec je (\u010di sp\u00ed\u0161e byla) Ostrava asi jedin\u00e9 velk\u00e9 m\u011bsto, se kter\u00fdm jsem byl ochoten se sm\u00ed\u0159it (Amsterodam tu nem\u00e1me). Asi hlavn\u011b d\u00edky tomu, \u017ee nem\u011bla skute\u010dn\u00e9 centrum, \u017ee vznikla z center n\u011bkolika. Nicm\u00e9n\u011b, jej\u00ed rozervanost a rozpolcenost dev\u00e1des\u00e1t\u00fdch let je asi pry\u010d, no\u010dn\u00ed toulky s kump\u00e1ny asi taky (b\u00e1sn\u00edk a movin\u00e1\u0159 Ivan Mot\u00fdl byl v\u00fdborn\u00fd a znal\u00fd pr\u016fvodce). Ale i tak jsem se zaradoval, \u017ee kone\u010dn\u011b m\u00e1m u\u017e p\u00e1r t\u00fddn\u016f v ti\u0161t\u011bn\u00e9 podob\u011b ostravskou <i><a href=\"http:\/\/www.ostrava2015.cz\/web\/structure\/o-bile-knize-128.html\">B\u00edlou knihu<\/a><\/i> (17 p\u0159\u00edb\u011bh\u016f z ostravsk\u00e9 kulturn\u00ed historie). \u010cekal jsem na ni dlouho. T\u011b\u0161il se.<br \/>\nVy\u0161la jen d\u00edky tomu, \u017ee Ostrava kandiduje <a href=\"http:\/\/www.ostrava2015.cz\">na titul Evropsk\u00e9 hlavn\u00ed m\u011bsto kultury pro rok 2015<\/a>.<\/p>\n<p>Nev\u00edm, co je to za \u00fachylku d\u00e1vat knih\u00e1m a\u017e tak p\u0159\u00edli\u0161 \u010dasto titul <a href=\"http:\/\/cs.wikipedia.org\/wiki\/B%C3%ADl%C3%A1_kniha\">B\u00edl\u00e1 kniha<\/a>, kdy\u017e b\u00edl\u00fdch v nich b\u00fdv\u00e1 pram\u00e1lo. Aktu\u00e1ln\u00ed zn\u011bn\u00ed hesla \u0159\u00edk\u00e1: <i>B\u00edl\u00e1 kniha je autoritativn\u00ed zpr\u00e1va, kter\u00e1 prov\u00e1d\u00ed \u0159e\u0161en\u00ed probl\u00e9m\u016f \u010di nasti\u0148uje jejich \u0159e\u0161en\u00ed.<\/i> <br \/>\nNem\u00e1m dojem, \u017ee zrovna v tomto p\u0159\u00edpad\u011b by bylo \u0159e\u0161en\u00ed nast\u00edn\u011bno. Sp\u00ed\u0161e se jedn\u00e1 o historick\u00fd p\u0159ehled a konstatov\u00e1n\u00ed aktu\u00e1ln\u00edho stavu. Co\u017e teda posta\u010duje, jen to trochu mate.<br \/>\nR\u016fznost a mnohost pohled\u016f na Ostravu je pot\u011b\u0161uj\u00edc\u00ed. Rozsah a bohat\u00e1 obrazov\u00e1 vybava publikace tak\u00e9. Z knihy prost\u011b m\u00e1m radost. D\u00e1 se p\u0159e\u010d\u00edst od za\u010d\u00e1tku do konce,<\/p>\n<p>Kdo tou\u017e\u00edte po del\u0161\u00ed recenzi, nakoukn\u011bte do Tvaru, kde najdete text Vladim\u00edra Novotn\u00e9ho. Ano je i o knize. Ale tak n\u011bjak skoro v\u00edc i o Plzni, se kterou je spojen a kter\u00e1 usiluje o stejn\u00fd titul. Ale to je zas jin\u00e1 poh\u00e1dka.<\/p>\n<p>Souvisej\u00edc\u00ed:<br \/>\n<a href=\"http:\/\/www.radio.cz\/cz\/clanek\/128649\">Vil\u00e9m Falt\u00fdnek: B\u00edl\u00e1 kniha o &#8222;\u010dern\u00e9m m\u011bst\u011b&#8220; Ostrav\u011b<\/a><\/p>\n","protected":false},"excerpt":{"rendered":"<p>Nejsem m\u011bstsk\u00fd typ. Prahu r\u00e1d nem\u00e1m, Olomouc mi k srdci p\u0159\u00edli\u0161 nep\u0159irostla, ostan\u00edmi s\u00eddly jen proj\u00ed\u017ed\u00edm, malom\u011bsta nepo\u010d\u00edt\u00e1m. Mo\u017en\u00e1 tak je\u0161t\u011b z m\u00e9ho pohledu toleruju venkovsky rustik\u00e1ln\u00ed Brno. Nakonec je (\u010di sp\u00ed\u0161e byla) Ostrava asi jedin\u00e9 velk\u00e9 m\u011bsto, se kter\u00fdm jsem byl ochoten se sm\u00ed\u0159it (Amsterodam tu nem\u00e1me). Asi hlavn\u011b d\u00edky tomu, \u017ee nem\u011bla skute\u010dn\u00e9 [&hellip;]<\/p>\n","protected":false},"author":1,"featured_media":0,"comment_status":"open","ping_status":"open","sticky":false,"template":"","format":"standard","meta":{"site-sidebar-layout":"default","site-content-layout":"","ast-site-content-layout":"default","site-content-style":"default","site-sidebar-style":"default","ast-global-header-display":"","ast-banner-title-visibility":"","ast-main-header-display":"","ast-hfb-above-header-display":"","ast-hfb-below-header-display":"","ast-hfb-mobile-header-display":"","site-post-title":"","ast-breadcrumbs-content":"","ast-featured-img":"","footer-sml-layout":"","ast-disable-related-posts":"","theme-transparent-header-meta":"","adv-header-id-meta":"","stick-header-meta":"","header-above-stick-meta":"","header-main-stick-meta":"","header-below-stick-meta":"","astra-migrate-meta-layouts":"default","ast-page-background-enabled":"default","ast-page-background-meta":{"desktop":{"background-color":"var(--ast-global-color-5)","background-image":"","background-repeat":"repeat","background-position":"center center","background-size":"auto","background-attachment":"scroll","background-type":"","background-media":"","overlay-type":"","overlay-color":"","overlay-opacity":"","overlay-gradient":""},"tablet":{"background-color":"","background-image":"","background-repeat":"repeat","background-position":"center center","background-size":"auto","background-attachment":"scroll","background-type":"","background-media":"","overlay-type":"","overlay-color":"","overlay-opacity":"","overlay-gradient":""},"mobile":{"background-color":"","background-image":"","background-repeat":"repeat","background-position":"center center","background-size":"auto","background-attachment":"scroll","background-type":"","background-media":"","overlay-type":"","overlay-color":"","overlay-opacity":"","overlay-gradient":""}},"ast-content-background-meta":{"desktop":{"background-color":"var(--ast-global-color-4)","background-image":"","background-repeat":"repeat","background-position":"center center","background-size":"auto","background-attachment":"scroll","background-type":"","background-media":"","overlay-type":"","overlay-color":"","overlay-opacity":"","overlay-gradient":""},"tablet":{"background-color":"var(--ast-global-color-4)","background-image":"","background-repeat":"repeat","background-position":"center center","background-size":"auto","background-attachment":"scroll","background-type":"","background-media":"","overlay-type":"","overlay-color":"","overlay-opacity":"","overlay-gradient":""},"mobile":{"background-color":"var(--ast-global-color-4)","background-image":"","background-repeat":"repeat","background-position":"center center","background-size":"auto","background-attachment":"scroll","background-type":"","background-media":"","overlay-type":"","overlay-color":"","overlay-opacity":"","overlay-gradient":""}},"jetpack_post_was_ever_published":false,"_jetpack_newsletter_access":"","_jetpack_dont_email_post_to_subs":false,"_jetpack_newsletter_tier_id":0,"_jetpack_memberships_contains_paywalled_content":false,"_jetpack_memberships_contains_paid_content":false,"footnotes":""},"categories":[2],"tags":[],"class_list":["post-202","post","type-post","status-publish","format-standard","hentry","category-literatura"],"jetpack_featured_media_url":"","jetpack_shortlink":"https:\/\/wp.me\/p4mLP7-3g","jetpack-related-posts":[{"id":1541,"url":"https:\/\/kotrla.com\/pmpro\/2014\/03\/za-ostravskym-kniznim-veletrhem\/","url_meta":{"origin":202,"position":0},"title":"Za ostravsk\u00fdm kni\u017en\u00edm veletrhem","author":"Pavel Kotrla","date":"10.3.2014","format":false,"excerpt":"Ze \u010dty\u0159 ostravsk\u00fdch kni\u017en\u00edch veletrh\u016f jsem vynechal jen ten lo\u0148sk\u00fd, kter\u00fd se mi pracovn\u011b kryl s moskevsk\u00fdm veletrhem vzduchotechniky (co\u017e je akce monstr\u00f3zn\u011bj\u0161\u00edch rozm\u011br\u016f). \u010cty\u0159i ro\u010dn\u00edky a po\u0159\u00e1d to nen\u00ed \u00fapln\u011b ono. Na kni\u017en\u00edm veletrhu bylo sice pom\u011brn\u011b hodn\u011b lid\u00ed. Aspo\u0148 pap\u00edrov\u011b to tedy bude vypadat OK, ale m\u00e1m siln\u00fd\u2026","rel":"","context":"V \u201eKnihy\u201c","block_context":{"text":"Knihy","link":"https:\/\/kotrla.com\/pmpro\/category\/knihy\/"},"img":{"alt_text":"","src":"https:\/\/i0.wp.com\/kotrla.com\/pmpro\/wp-content\/uploads\/2014\/03\/ostravaci_IMG5481.jpg?resize=350%2C200&ssl=1","width":350,"height":200,"srcset":"https:\/\/i0.wp.com\/kotrla.com\/pmpro\/wp-content\/uploads\/2014\/03\/ostravaci_IMG5481.jpg?resize=350%2C200&ssl=1 1x, https:\/\/i0.wp.com\/kotrla.com\/pmpro\/wp-content\/uploads\/2014\/03\/ostravaci_IMG5481.jpg?resize=525%2C300&ssl=1 1.5x"},"classes":[]},{"id":6933,"url":"https:\/\/kotrla.com\/pmpro\/2020\/11\/dubenkovy-inkoust-podruhe-a-potreti-zaludovy-inkoust\/","url_meta":{"origin":202,"position":1},"title":"Dub\u011bnkov\u00fd inkoust podruh\u00e9 a pot\u0159et\u00ed, \u017ealudov\u00fd inkoust","author":"Pavel Kotrla","date":"15.11.2020","format":false,"excerpt":"Tady nejprve ud\u011bl\u00e1m malou odbo\u010dku k dub\u011bnk\u00e1m, proto\u017ee se uk\u00e1zalo, \u017ee ne v\u0161ichni je znaj\u00ed. Nejedn\u00e1 se o plody, ale o h\u00e1lky, kter\u00e9 zp\u016fsobuj\u00ed \u017elabatky. Dub\u011bnky pak vznikaj\u00ed jako obrann\u00e1 reakce rostlin, zde konkr\u00e9tn\u011b dubu, na po\u0161kozen\u00ed hmyzem. Larva se v h\u00e1lce vyl\u00edhne a opust\u00ed ji. A n\u00e1m tak z\u016fst\u00e1vaj\u00ed\u2026","rel":"","context":"V \u201ePlnic\u00ed pera a inkousty\u201c","block_context":{"text":"Plnic\u00ed pera a inkousty","link":"https:\/\/kotrla.com\/pmpro\/category\/plnici-pera\/"},"img":{"alt_text":"","src":"https:\/\/i0.wp.com\/kotrla.com\/pmpro\/wp-content\/uploads\/2020\/11\/zaludy.jpg?resize=350%2C200&ssl=1","width":350,"height":200,"srcset":"https:\/\/i0.wp.com\/kotrla.com\/pmpro\/wp-content\/uploads\/2020\/11\/zaludy.jpg?resize=350%2C200&ssl=1 1x, https:\/\/i0.wp.com\/kotrla.com\/pmpro\/wp-content\/uploads\/2020\/11\/zaludy.jpg?resize=525%2C300&ssl=1 1.5x, https:\/\/i0.wp.com\/kotrla.com\/pmpro\/wp-content\/uploads\/2020\/11\/zaludy.jpg?resize=700%2C400&ssl=1 2x, https:\/\/i0.wp.com\/kotrla.com\/pmpro\/wp-content\/uploads\/2020\/11\/zaludy.jpg?resize=1050%2C600&ssl=1 3x, https:\/\/i0.wp.com\/kotrla.com\/pmpro\/wp-content\/uploads\/2020\/11\/zaludy.jpg?resize=1400%2C800&ssl=1 4x"},"classes":[]},{"id":311,"url":"https:\/\/kotrla.com\/pmpro\/2008\/12\/z-bloku-06-renesance\/","url_meta":{"origin":202,"position":2},"title":"Z bloku 06: Renesance","author":"Pavel Kotrla","date":"16.12.2008","format":false,"excerpt":"Sloupek vy\u0161el v Tvaru \u010d. 19 (13.11.2008). Nejenom tento podzimu m\u00e1m dojem, \u017ee o literatu\u0159e se p\u00ed\u0161e v\u00edc ne\u017e se p\u00ed\u0161e literatura samotn\u00e1. A l\u00e1mu si hlavu, zda m\u00e1m trp\u011bt v\u00fd\u010ditkami sv\u011bdom\u00ed, \u017ee k tomu p\u0159isp\u00edv\u00e1m taky. Chvilku se pak v t\u00e9 souvislosti tr\u00e1p\u00edm, co zaj\u00edmav\u00e9ho jsem v posledn\u00edch m\u011bs\u00edc\u00edch\u2026","rel":"","context":"V \u201eLiteratura\u201c","block_context":{"text":"Literatura","link":"https:\/\/kotrla.com\/pmpro\/category\/literatura\/"},"img":{"alt_text":"","src":"","width":0,"height":0},"classes":[]},{"id":13857,"url":"https:\/\/kotrla.com\/pmpro\/2025\/12\/leonardo-mzg-2-0-marmo-nebo-murano\/","url_meta":{"origin":202,"position":3},"title":"Leonardo MZG 2.0: Marmo nebo Murano?","author":"Pavel Kotrla","date":"27.12.2025","format":false,"excerpt":"\u010cernop\u00e1te\u010dn\u00ed ozv\u011bny. Ono to skoro vypad\u00e1, \u017ee jsem si po\u0159\u00eddil najednou dv\u011b limitky od Leonarda. Ale \u00fapln\u011b to tak nen\u00ed. Odolat slev\u011b z 257 \u20ac na 119 \u20ac na \u010cern\u00fd p\u00e1tek bylo t\u011b\u017ek\u00e9. To prost\u011b\u00a0 ne\u0161lo. Leonardo dosud v m\u00e9 sb\u00edrce chyb\u011blo a po n\u011bjak\u00e9m jsem stejn\u011b pokukoval. P\u00edstov\u00fd model\u2026","rel":"","context":"V \u201ePlnic\u00ed pera a inkousty\u201c","block_context":{"text":"Plnic\u00ed pera a inkousty","link":"https:\/\/kotrla.com\/pmpro\/category\/plnici-pera\/"},"img":{"alt_text":"","src":"https:\/\/i0.wp.com\/kotrla.com\/pmpro\/wp-content\/uploads\/2025\/12\/leonardo_MZG2_0_IMGP1588-150x150.jpg?resize=350%2C200&ssl=1","width":350,"height":200,"srcset":"https:\/\/i0.wp.com\/kotrla.com\/pmpro\/wp-content\/uploads\/2025\/12\/leonardo_MZG2_0_IMGP1588-150x150.jpg?resize=350%2C200&ssl=1 1x, https:\/\/i0.wp.com\/kotrla.com\/pmpro\/wp-content\/uploads\/2025\/12\/leonardo_MZG2_0_IMGP1588-150x150.jpg?resize=525%2C300&ssl=1 1.5x, https:\/\/i0.wp.com\/kotrla.com\/pmpro\/wp-content\/uploads\/2025\/12\/leonardo_MZG2_0_IMGP1588-150x150.jpg?resize=700%2C400&ssl=1 2x, https:\/\/i0.wp.com\/kotrla.com\/pmpro\/wp-content\/uploads\/2025\/12\/leonardo_MZG2_0_IMGP1588-150x150.jpg?resize=1050%2C600&ssl=1 3x, https:\/\/i0.wp.com\/kotrla.com\/pmpro\/wp-content\/uploads\/2025\/12\/leonardo_MZG2_0_IMGP1588-150x150.jpg?resize=1400%2C800&ssl=1 4x"},"classes":[]},{"id":341,"url":"https:\/\/kotrla.com\/pmpro\/2008\/06\/z-bloku-02-dozvuky-lonske-sklizne-literarni\/","url_meta":{"origin":202,"position":4},"title":"Z bloku 02: Dozvuky lo\u0148sk\u00e9 sklizn\u011b liter\u00e1rn\u00ed","author":"Pavel Kotrla","date":"16.6.2008","format":false,"excerpt":"Sloupek vy\u0161el v Tvaru \u010d. 11 (29.05.2008) V\u00edkendov\u00e9 ve\u010dery jsou ji\u017e s \u017eeleznou pravidelnost\u00ed poznamen\u00e1ny jedn\u00edm opakuj\u00edc\u00edm se stereotypem: televizn\u00ed program v\u0161ech kan\u00e1l\u016f p\u016fsob\u00ed dojmem, \u017ee si v\u0161ichni dramaturgov\u00e9 a programov\u00ed \u0159editel\u00e9 vzali volno. Jednou dvakr\u00e1t by to \u010dlov\u011bk pochopil, takto se to ned\u00e1 pou\u017e\u00edt ani jako hlukov\u00e1 kulisa. Zpravidla\u2026","rel":"","context":"V \u201eSloupky pro Tvar\u201c","block_context":{"text":"Sloupky pro Tvar","link":"https:\/\/kotrla.com\/pmpro\/category\/sloupky-pro-tvar\/"},"img":{"alt_text":"","src":"","width":0,"height":0},"classes":[]},{"id":114,"url":"https:\/\/kotrla.com\/pmpro\/2012\/02\/stari-dobri-jiri-grusa-cxxvii\/","url_meta":{"origin":202,"position":5},"title":"STA\u0158\u00cd DOB\u0158\u00cd: Ji\u0159\u00ed Gru\u0161a (CXXVII.)","author":"Pavel Kotrla","date":"19.2.2012","format":false,"excerpt":"Po dlouh\u00e9 dob\u011b jsem dnes s\u00e1hl po sb\u00edrk\u00e1ch Ji\u0159\u00edho Gru\u0161i. A zas to bylo p\u0159\u00edjemn\u00e9 setk\u00e1n\u00ed. Mo\u017en\u00e1, \u017ee dr\u00e1ha politika a diplomata v posledn\u00edch letech trochu p\u0159ekryla obraz spisovatele, ale ne v m\u00fdch o\u010d\u00edch. Netu\u0161il jsem, \u017ee lo\u0148sk\u00e9 letn\u00ed setk\u00e1n\u00ed bude brzy ji\u017e jen posledn\u00ed. A tak aspo\u0148 jednu, kter\u00e1\u2026","rel":"","context":"V \u201eFotografie\u201c","block_context":{"text":"Fotografie","link":"https:\/\/kotrla.com\/pmpro\/category\/fotografie\/"},"img":{"alt_text":"Ji\u0159\u00ed Gru\u0161a","src":"https:\/\/i0.wp.com\/kotrla.com\/pmpro\/images\/uploads\/ji%C5%99%C3%AD_gru%C5%A1a_IGP6160.jpg?resize=350%2C200&ssl=1","width":350,"height":200},"classes":[]}],"jetpack_sharing_enabled":true,"_links":{"self":[{"href":"https:\/\/kotrla.com\/pmpro\/wp-json\/wp\/v2\/posts\/202","targetHints":{"allow":["GET"]}}],"collection":[{"href":"https:\/\/kotrla.com\/pmpro\/wp-json\/wp\/v2\/posts"}],"about":[{"href":"https:\/\/kotrla.com\/pmpro\/wp-json\/wp\/v2\/types\/post"}],"author":[{"embeddable":true,"href":"https:\/\/kotrla.com\/pmpro\/wp-json\/wp\/v2\/users\/1"}],"replies":[{"embeddable":true,"href":"https:\/\/kotrla.com\/pmpro\/wp-json\/wp\/v2\/comments?post=202"}],"version-history":[{"count":0,"href":"https:\/\/kotrla.com\/pmpro\/wp-json\/wp\/v2\/posts\/202\/revisions"}],"wp:attachment":[{"href":"https:\/\/kotrla.com\/pmpro\/wp-json\/wp\/v2\/media?parent=202"}],"wp:term":[{"taxonomy":"category","embeddable":true,"href":"https:\/\/kotrla.com\/pmpro\/wp-json\/wp\/v2\/categories?post=202"},{"taxonomy":"post_tag","embeddable":true,"href":"https:\/\/kotrla.com\/pmpro\/wp-json\/wp\/v2\/tags?post=202"}],"curies":[{"name":"wp","href":"https:\/\/api.w.org\/{rel}","templated":true}]}}