{"id":203,"date":"2010-05-25T21:55:22","date_gmt":"2010-05-25T20:55:22","guid":{"rendered":"http:\/\/kotrla.com\/wordpress\/?p=203"},"modified":"2019-11-20T22:39:17","modified_gmt":"2019-11-20T21:39:17","slug":"alternativa","status":"publish","type":"post","link":"https:\/\/kotrla.com\/pmpro\/2010\/05\/alternativa\/","title":{"rendered":"Alternativa?"},"content":{"rendered":"<p>P\u0159ed n\u011bkolika t\u00fddny se odml\u010delo m\u00e9 obl\u00edben\u00e9 internetov\u00e9 r\u00e1dio <a href=\"http:\/\/woxy.com\/\">Woxy<\/a>. Tedy jen jeho internetov\u00fd stream. Sign\u00e1l tady v kopc\u00edch nen\u00ed ide\u00e1ln\u00ed, a tak p\u0159\u00edjem je pon\u011bkud omezen\u00fd. Tedy pokud nepo\u010d\u00edt\u00e1m satelit, m\u00edt st\u00e1le pu\u0161t\u011bn\u00fd po\u010d\u00edta\u010d kv\u016fli <a href=\"http:\/\/last.fm\">last.fm<\/a> se mi taky nechce. Vltavu cel\u00fd den nevydr\u017e\u00edm. Tak hledal jsem hledal a nakonec op\u011bt skon\u010dil u <a href=\"http:\/\/www.proglas.cz\">Proglasu<\/a>. Je to trochu zar\u00e1\u017eej\u00edc\u00ed, ale opravdu jedinou vzduchem dostupnou alternativou a alternativn\u00ed z\u016fst\u00e1v\u00e1 katolick\u00e9 r\u00e1dio. Marn\u011b toti\u017e p\u0159em\u00fd\u0161l\u00edm, kde jinde zn\u011bj\u00ed Kv\u011bty, Jarret, FruFru, Burian atd., kde nezn\u011bj\u00ed pouze dokola papou\u0161kovan\u00e9 svodky agenturn\u00edho zpravodajstv\u00ed. Tady na tom r\u00e1diu na\u0161t\u011bst\u00ed ten lidsk\u00fd prvek je\u0161t\u011b nevymizel.<br \/>\nOstatn\u011b v t\u00e9to souvislosti je zaj\u00edmav\u00fd tak\u00e9 p\u0159\u00edsp\u011bvek Jakuba Pato\u010dky, kter\u00fd je sice v rovin\u011b politick\u00e9, nicm\u00e9n\u011b odkazuje k podobn\u00e9mu: <a href=\"http:\/\/denikreferendum.cz\/clanek\/3695-proc-by-letos-meli-zeleni-volit-lidovce\">Pro\u010d by letos m\u011bli zelen\u00ed volit lidovce<\/a>. Katolictv\u00ed (tedy tady sp\u00ed\u0161 lidovectv\u00ed) op\u011bt jako mo\u017en\u00e1 alternativa.<\/p>\n","protected":false},"excerpt":{"rendered":"<p>P\u0159ed n\u011bkolika t\u00fddny se odml\u010delo m\u00e9 obl\u00edben\u00e9 internetov\u00e9 r\u00e1dio Woxy. Tedy jen jeho internetov\u00fd stream. Sign\u00e1l tady v kopc\u00edch nen\u00ed ide\u00e1ln\u00ed, a tak p\u0159\u00edjem je pon\u011bkud omezen\u00fd. Tedy pokud nepo\u010d\u00edt\u00e1m satelit, m\u00edt st\u00e1le pu\u0161t\u011bn\u00fd po\u010d\u00edta\u010d kv\u016fli last.fm se mi taky nechce. Vltavu cel\u00fd den nevydr\u017e\u00edm. Tak hledal jsem hledal a nakonec op\u011bt skon\u010dil u Proglasu. [&hellip;]<\/p>\n","protected":false},"author":1,"featured_media":0,"comment_status":"open","ping_status":"open","sticky":false,"template":"","format":"standard","meta":{"site-sidebar-layout":"default","site-content-layout":"","ast-site-content-layout":"default","site-content-style":"default","site-sidebar-style":"default","ast-global-header-display":"","ast-banner-title-visibility":"","ast-main-header-display":"","ast-hfb-above-header-display":"","ast-hfb-below-header-display":"","ast-hfb-mobile-header-display":"","site-post-title":"","ast-breadcrumbs-content":"","ast-featured-img":"","footer-sml-layout":"","ast-disable-related-posts":"","theme-transparent-header-meta":"","adv-header-id-meta":"","stick-header-meta":"","header-above-stick-meta":"","header-main-stick-meta":"","header-below-stick-meta":"","astra-migrate-meta-layouts":"default","ast-page-background-enabled":"default","ast-page-background-meta":{"desktop":{"background-color":"var(--ast-global-color-5)","background-image":"","background-repeat":"repeat","background-position":"center center","background-size":"auto","background-attachment":"scroll","background-type":"","background-media":"","overlay-type":"","overlay-color":"","overlay-opacity":"","overlay-gradient":""},"tablet":{"background-color":"","background-image":"","background-repeat":"repeat","background-position":"center center","background-size":"auto","background-attachment":"scroll","background-type":"","background-media":"","overlay-type":"","overlay-color":"","overlay-opacity":"","overlay-gradient":""},"mobile":{"background-color":"","background-image":"","background-repeat":"repeat","background-position":"center center","background-size":"auto","background-attachment":"scroll","background-type":"","background-media":"","overlay-type":"","overlay-color":"","overlay-opacity":"","overlay-gradient":""}},"ast-content-background-meta":{"desktop":{"background-color":"var(--ast-global-color-4)","background-image":"","background-repeat":"repeat","background-position":"center center","background-size":"auto","background-attachment":"scroll","background-type":"","background-media":"","overlay-type":"","overlay-color":"","overlay-opacity":"","overlay-gradient":""},"tablet":{"background-color":"var(--ast-global-color-4)","background-image":"","background-repeat":"repeat","background-position":"center center","background-size":"auto","background-attachment":"scroll","background-type":"","background-media":"","overlay-type":"","overlay-color":"","overlay-opacity":"","overlay-gradient":""},"mobile":{"background-color":"var(--ast-global-color-4)","background-image":"","background-repeat":"repeat","background-position":"center center","background-size":"auto","background-attachment":"scroll","background-type":"","background-media":"","overlay-type":"","overlay-color":"","overlay-opacity":"","overlay-gradient":""}},"jetpack_post_was_ever_published":false,"_jetpack_newsletter_access":"","_jetpack_dont_email_post_to_subs":false,"_jetpack_newsletter_tier_id":0,"_jetpack_memberships_contains_paywalled_content":false,"_jetpack_memberships_contains_paid_content":false,"footnotes":""},"categories":[3,4],"tags":[],"class_list":["post-203","post","type-post","status-publish","format-standard","hentry","category-osobni","category-ostatni"],"jetpack_featured_media_url":"","jetpack_shortlink":"https:\/\/wp.me\/p4mLP7-3h","jetpack-related-posts":[{"id":1054,"url":"https:\/\/kotrla.com\/pmpro\/2004\/03\/mandrake-10-community-aneb-hraji-si-a-jsem-neverny-literature\/","url_meta":{"origin":203,"position":0},"title":"Mandrake 10 Community aneb Hraji si a jsem nev\u011brn\u00fd literatu\u0159e","author":"Pavel Kotrla","date":"13.3.2004","format":false,"excerpt":"Tento t\u00fdden jsem byl literatu\u0159e celkem nev\u011brn\u00fd. Hned v pond\u011bl\u00ed to za\u010dalo t\u00edm, \u017ee jsem doma zkou\u0161el live CD s FreeBSD. Pod grafick\u00fdm povrchem se asi skr\u00fdv\u00e1 proti Linuxu hodn\u011b zm\u011bn, ostatn\u011b se o nich lze do\u010d\u00edst v cyklu \u010dl\u00e1nk\u016f na Root.cz, ale vzhledem k tomu, \u017ee CD obsahovalo KDE\u2026","rel":"","context":"V \u201eNeza\u0159azen\u00e9\u201c","block_context":{"text":"Neza\u0159azen\u00e9","link":"https:\/\/kotrla.com\/pmpro\/category\/nezarazene\/"},"img":{"alt_text":"","src":"","width":0,"height":0},"classes":[]},{"id":525,"url":"https:\/\/kotrla.com\/pmpro\/2006\/09\/literarni-casopisy-na-pocatku-skolniho-roku\/","url_meta":{"origin":203,"position":1},"title":"Liter\u00e1rn\u00ed \u010dasopisy na po\u010d\u00e1tku \u0161koln\u00edho roku","author":"Pavel Kotrla","date":"8.9.2006","format":false,"excerpt":"Moje kdysi pom\u011brn\u011b pravideln\u00e1 \u010dasopiseck\u00e1 hl\u00eddka tu ji\u017e del\u0161\u00ed dobu nebyla. Nen\u00ed to t\u00edm, \u017ee by v\u0161echny p\u0159estaly vych\u00e1zet, by\u0165 l\u00e9to je tradi\u010dn\u00edm oddechov\u00fdm \u010dasem pro Host nebo Tvar. Jenom se mi zd\u00e1lo, \u017ee nen\u00ed n\u011bjak o \u010dem ps\u00e1t. Za\u010dalo to t\u00edm, \u017ee jsem si p\u0159ed n\u011bkolika t\u00fddny pod dlouh\u00e9m\u2026","rel":"","context":"V \u201e\u010cten\u00e1\u0159sk\u00fd den\u00edk\u201c","block_context":{"text":"\u010cten\u00e1\u0159sk\u00fd den\u00edk","link":"https:\/\/kotrla.com\/pmpro\/category\/ctenarsky-denik\/"},"img":{"alt_text":"\u017divel 27","src":"https:\/\/i0.wp.com\/kotrla.com\/pmpro\/images\/uploads\/zivel_27.gif?resize=350%2C200&ssl=1","width":350,"height":200},"classes":[]},{"id":6933,"url":"https:\/\/kotrla.com\/pmpro\/2020\/11\/dubenkovy-inkoust-podruhe-a-potreti-zaludovy-inkoust\/","url_meta":{"origin":203,"position":2},"title":"Dub\u011bnkov\u00fd inkoust podruh\u00e9 a pot\u0159et\u00ed, \u017ealudov\u00fd inkoust","author":"Pavel Kotrla","date":"15.11.2020","format":false,"excerpt":"Tady nejprve ud\u011bl\u00e1m malou odbo\u010dku k dub\u011bnk\u00e1m, proto\u017ee se uk\u00e1zalo, \u017ee ne v\u0161ichni je znaj\u00ed. Nejedn\u00e1 se o plody, ale o h\u00e1lky, kter\u00e9 zp\u016fsobuj\u00ed \u017elabatky. Dub\u011bnky pak vznikaj\u00ed jako obrann\u00e1 reakce rostlin, zde konkr\u00e9tn\u011b dubu, na po\u0161kozen\u00ed hmyzem. Larva se v h\u00e1lce vyl\u00edhne a opust\u00ed ji. A n\u00e1m tak z\u016fst\u00e1vaj\u00ed\u2026","rel":"","context":"V \u201ePlnic\u00ed pera a inkousty\u201c","block_context":{"text":"Plnic\u00ed pera a inkousty","link":"https:\/\/kotrla.com\/pmpro\/category\/plnici-pera\/"},"img":{"alt_text":"","src":"https:\/\/i0.wp.com\/kotrla.com\/pmpro\/wp-content\/uploads\/2020\/11\/zaludy.jpg?resize=350%2C200&ssl=1","width":350,"height":200,"srcset":"https:\/\/i0.wp.com\/kotrla.com\/pmpro\/wp-content\/uploads\/2020\/11\/zaludy.jpg?resize=350%2C200&ssl=1 1x, https:\/\/i0.wp.com\/kotrla.com\/pmpro\/wp-content\/uploads\/2020\/11\/zaludy.jpg?resize=525%2C300&ssl=1 1.5x, https:\/\/i0.wp.com\/kotrla.com\/pmpro\/wp-content\/uploads\/2020\/11\/zaludy.jpg?resize=700%2C400&ssl=1 2x, https:\/\/i0.wp.com\/kotrla.com\/pmpro\/wp-content\/uploads\/2020\/11\/zaludy.jpg?resize=1050%2C600&ssl=1 3x, https:\/\/i0.wp.com\/kotrla.com\/pmpro\/wp-content\/uploads\/2020\/11\/zaludy.jpg?resize=1400%2C800&ssl=1 4x"},"classes":[]},{"id":287,"url":"https:\/\/kotrla.com\/pmpro\/2009\/03\/nabirajici-na-sile\/","url_meta":{"origin":203,"position":3},"title":"Nab\u00edraj\u00edc\u00ed na s\u00edle","author":"Pavel Kotrla","date":"24.3.2009","format":false,"excerpt":"P\u0159i pohledu na prvn\u00ed t\u0159i leto\u0161n\u00ed \u010d\u00edsla \u010dasopisu Host m\u016f\u017ee m\u00edt \u010dten\u00e1\u0159 radost. Nejenom s postupn\u011b nar\u016fstaj\u00edc\u00edho po\u010dtu stran (112, 132, 136) a tedy z minim\u00e1ln\u011b nar\u016fstaj\u00edc\u00ed s\u00edly h\u0159betu, ale p\u0159edev\u0161\u00edm z celkov\u00e9 prom\u011bny Hosta. Kdy\u017e u\u017e je po n\u00ed, rozum\u011bj po t\u00e9 lo\u0148sk\u00e9, tak u\u017e m\u016f\u017eu zak\u0159ep\u010dit radostn\u011b na\u2026","rel":"","context":"V \u201e\u010cten\u00e1\u0159sk\u00fd den\u00edk\u201c","block_context":{"text":"\u010cten\u00e1\u0159sk\u00fd den\u00edk","link":"https:\/\/kotrla.com\/pmpro\/category\/ctenarsky-denik\/"},"img":{"alt_text":"\u010casopis Host","src":"https:\/\/i0.wp.com\/kotrla.com\/pmpro\/images\/uploads\/host-2009_03.jpg?resize=350%2C200&ssl=1","width":350,"height":200},"classes":[]},{"id":410,"url":"https:\/\/kotrla.com\/pmpro\/2007\/09\/stari-dobri-husein-tahmiscic-cxx\/","url_meta":{"origin":203,"position":4},"title":"STA\u0158\u00cd DOB\u0158\u00cd: Husein Tahmi\u0161\u010di\u0107 (CXX.)","author":"Pavel Kotrla","date":"23.9.2007","format":false,"excerpt":"Husein Tahmi\u0161\u010di\u0107 - bosensko-hercegovsk\u00fd b\u00e1sn\u00edk, kritik, prozaik (1931 - 1999). \u010cesky vy\u0161la v roce 1969 kniha Mo\u017enost p\u016flnoci v p\u0159ekladu Josefa Hanzl\u00edka. VYHL\u00c1\u0160KA V KRAJIN\u011a MRTV\u00ddCH Tak ti\u0161e, tak ti\u0161e pov\u00edv\u00e1 v\u00e1nek v boru A v ztichl\u00e9 tr\u00e1v\u011b. V zimostr\u00e1zech miz\u00ed Ten vlah\u00fd v\u00edtr, kter\u00fd po smrti i p\u0159ed n\u00ed\u2026","rel":"","context":"V \u201eSta\u0159\u00ed dob\u0159\u00ed\u201c","block_context":{"text":"Sta\u0159\u00ed dob\u0159\u00ed","link":"https:\/\/kotrla.com\/pmpro\/category\/stari-dobri\/"},"img":{"alt_text":"","src":"","width":0,"height":0},"classes":[]},{"id":49,"url":"https:\/\/kotrla.com\/pmpro\/2013\/04\/gabovo-macondo\/","url_meta":{"origin":203,"position":5},"title":"Gabovo Macondo","author":"Pavel Kotrla","date":"14.4.2013","format":false,"excerpt":"ps\u00e1no pro Host 08\/2012. Jsou m\u00edsta, kter\u00e1 na map\u00e1ch nenajdeme, a p\u0159esto v jejich existenci v\u011b\u0159\u00edme. Jedn\u00edm z nich je i Macondo Gabriela Garc\u00edi M\u00e1rqueze. Nen\u00ed divu, \u017ee m\u00e1 svou vlastn\u00ed str\u00e1nku na Wikipedii, ani to, \u017ee b\u00fdv\u00e1 ztoto\u017e\u0148ov\u00e1no s autorov\u00fdm rodi\u0161t\u011bm m\u011bstem Aracataca. Ale my, jeho \u010dten\u00e1\u0159i, se tomu\u2026","rel":"","context":"V \u201eInternet\u201c","block_context":{"text":"Internet","link":"https:\/\/kotrla.com\/pmpro\/category\/internet\/"},"img":{"alt_text":"Macondo","src":"https:\/\/i0.wp.com\/kotrla.com\/pmpro\/images\/uploads\/marquez_macondo.gif?resize=350%2C200&ssl=1","width":350,"height":200},"classes":[]}],"jetpack_sharing_enabled":true,"_links":{"self":[{"href":"https:\/\/kotrla.com\/pmpro\/wp-json\/wp\/v2\/posts\/203","targetHints":{"allow":["GET"]}}],"collection":[{"href":"https:\/\/kotrla.com\/pmpro\/wp-json\/wp\/v2\/posts"}],"about":[{"href":"https:\/\/kotrla.com\/pmpro\/wp-json\/wp\/v2\/types\/post"}],"author":[{"embeddable":true,"href":"https:\/\/kotrla.com\/pmpro\/wp-json\/wp\/v2\/users\/1"}],"replies":[{"embeddable":true,"href":"https:\/\/kotrla.com\/pmpro\/wp-json\/wp\/v2\/comments?post=203"}],"version-history":[{"count":0,"href":"https:\/\/kotrla.com\/pmpro\/wp-json\/wp\/v2\/posts\/203\/revisions"}],"wp:attachment":[{"href":"https:\/\/kotrla.com\/pmpro\/wp-json\/wp\/v2\/media?parent=203"}],"wp:term":[{"taxonomy":"category","embeddable":true,"href":"https:\/\/kotrla.com\/pmpro\/wp-json\/wp\/v2\/categories?post=203"},{"taxonomy":"post_tag","embeddable":true,"href":"https:\/\/kotrla.com\/pmpro\/wp-json\/wp\/v2\/tags?post=203"}],"curies":[{"name":"wp","href":"https:\/\/api.w.org\/{rel}","templated":true}]}}