{"id":2132,"date":"2014-10-05T10:51:15","date_gmt":"2014-10-05T09:51:15","guid":{"rendered":"http:\/\/kotrla.com\/pmpro\/?p=2132"},"modified":"2020-03-04T10:31:13","modified_gmt":"2020-03-04T09:31:13","slug":"18-vecirek-casopisu-texty","status":"publish","type":"post","link":"https:\/\/kotrla.com\/pmpro\/2014\/10\/18-vecirek-casopisu-texty\/","title":{"rendered":"18. ve\u010d\u00edrek \u010dasopisu Texty"},"content":{"rendered":"<p>Ve\u010d\u00edrek liter\u00e1rn\u00edho \u010dasopisu <a href=\"http:\/\/casopis-texty.cz\">Texty<\/a> se uskute\u010dn\u00ed v p\u00e1tek 24. \u0159\u00edjna 2014 od 19 hod. v hospod\u011b\/music klubu <a href=\"https:\/\/www.google.cz\/maps\/place\/T\u0159i+Opice\/@49.3393683,17.9920991,19z\/data=!4m2!3m1!1s0x0:0xb74910f888dd4890\">T\u0159\u00ed opice<\/a> (ale r\u00e1di se tam s v\u00e1mi sejdeme d\u0159\u00edv).<br \/>\nV pr\u016fb\u011bhu ve\u010dera bude pok\u0159t\u011bna t\u0159et\u00ed b\u00e1snick\u00e1 sb\u00edrka Jakuba Chrob\u00e1ka <i>Jak pr\u00e1zdn\u00e9 kolo po r\u00e1fku<\/i>. Hr\u00e1t bude ji\u017e tradi\u010dn\u011b kapela <a href=\"http:\/\/www.lezerneavleze.cz\">Le\u017e\u00e9rn\u011b a vle\u017ee<\/a>. Z host\u016f se m\u016f\u017eete t\u011b\u0161it nap\u0159\u00edklad na Bo\u017eenu Spr\u00e1vcovou.<\/p>\n<figure id=\"attachment_2139\" aria-describedby=\"caption-attachment-2139\" style=\"width: 800px\" class=\"wp-caption alignnone\"><a href=\"https:\/\/kotrla.com\/pmpro\/wp-content\/uploads\/2014\/10\/18_vecirek_2014.png\"><img loading=\"lazy\" decoding=\"async\" class=\"wp-image-2139 size-full\" src=\"https:\/\/kotrla.com\/pmpro\/wp-content\/uploads\/2014\/10\/18_vecirek_2014.png\" alt=\"18. ve\u010d\u00edrek \u010dasopisu Texty (24. 10. 2014 v 19.00)\" width=\"800\" height=\"1131\" srcset=\"https:\/\/kotrla.com\/pmpro\/wp-content\/uploads\/2014\/10\/18_vecirek_2014.png 800w, https:\/\/kotrla.com\/pmpro\/wp-content\/uploads\/2014\/10\/18_vecirek_2014-212x300.png 212w, https:\/\/kotrla.com\/pmpro\/wp-content\/uploads\/2014\/10\/18_vecirek_2014-724x1024.png 724w\" sizes=\"auto, (max-width: 800px) 100vw, 800px\" \/><\/a><figcaption id=\"caption-attachment-2139\" class=\"wp-caption-text\">18. ve\u010d\u00edrek \u010dasopisu Texty (24. 10. 2014 v 19.00)<\/figcaption><\/figure>\n<p>&nbsp;<\/p>\n","protected":false},"excerpt":{"rendered":"<p>Ve\u010d\u00edrek liter\u00e1rn\u00edho \u010dasopisu Texty se uskute\u010dn\u00ed v p\u00e1tek 24. \u0159\u00edjna 2014 od 19 hod. v hospod\u011b\/music klubu T\u0159\u00ed opice (ale r\u00e1di se tam s v\u00e1mi sejdeme d\u0159\u00edv). V pr\u016fb\u011bhu ve\u010dera bude pok\u0159t\u011bna t\u0159et\u00ed b\u00e1snick\u00e1 sb\u00edrka Jakuba Chrob\u00e1ka Jak pr\u00e1zdn\u00e9 kolo po r\u00e1fku. Hr\u00e1t bude ji\u017e tradi\u010dn\u011b kapela Le\u017e\u00e9rn\u011b a vle\u017ee. Z host\u016f se m\u016f\u017eete t\u011b\u0161it [&hellip;]<\/p>\n","protected":false},"author":1,"featured_media":0,"comment_status":"open","ping_status":"open","sticky":false,"template":"","format":"standard","meta":{"site-sidebar-layout":"default","site-content-layout":"","ast-site-content-layout":"default","site-content-style":"default","site-sidebar-style":"default","ast-global-header-display":"","ast-banner-title-visibility":"","ast-main-header-display":"","ast-hfb-above-header-display":"","ast-hfb-below-header-display":"","ast-hfb-mobile-header-display":"","site-post-title":"","ast-breadcrumbs-content":"","ast-featured-img":"","footer-sml-layout":"","ast-disable-related-posts":"","theme-transparent-header-meta":"","adv-header-id-meta":"","stick-header-meta":"","header-above-stick-meta":"","header-main-stick-meta":"","header-below-stick-meta":"","astra-migrate-meta-layouts":"default","ast-page-background-enabled":"default","ast-page-background-meta":{"desktop":{"background-color":"var(--ast-global-color-5)","background-image":"","background-repeat":"repeat","background-position":"center center","background-size":"auto","background-attachment":"scroll","background-type":"","background-media":"","overlay-type":"","overlay-color":"","overlay-opacity":"","overlay-gradient":""},"tablet":{"background-color":"","background-image":"","background-repeat":"repeat","background-position":"center center","background-size":"auto","background-attachment":"scroll","background-type":"","background-media":"","overlay-type":"","overlay-color":"","overlay-opacity":"","overlay-gradient":""},"mobile":{"background-color":"","background-image":"","background-repeat":"repeat","background-position":"center center","background-size":"auto","background-attachment":"scroll","background-type":"","background-media":"","overlay-type":"","overlay-color":"","overlay-opacity":"","overlay-gradient":""}},"ast-content-background-meta":{"desktop":{"background-color":"var(--ast-global-color-4)","background-image":"","background-repeat":"repeat","background-position":"center center","background-size":"auto","background-attachment":"scroll","background-type":"","background-media":"","overlay-type":"","overlay-color":"","overlay-opacity":"","overlay-gradient":""},"tablet":{"background-color":"var(--ast-global-color-4)","background-image":"","background-repeat":"repeat","background-position":"center center","background-size":"auto","background-attachment":"scroll","background-type":"","background-media":"","overlay-type":"","overlay-color":"","overlay-opacity":"","overlay-gradient":""},"mobile":{"background-color":"var(--ast-global-color-4)","background-image":"","background-repeat":"repeat","background-position":"center center","background-size":"auto","background-attachment":"scroll","background-type":"","background-media":"","overlay-type":"","overlay-color":"","overlay-opacity":"","overlay-gradient":""}},"jetpack_post_was_ever_published":false,"_jetpack_newsletter_access":"","_jetpack_dont_email_post_to_subs":false,"_jetpack_newsletter_tier_id":0,"_jetpack_memberships_contains_paywalled_content":false,"_jetpack_memberships_contains_paid_content":false,"footnotes":""},"categories":[2,3],"tags":[],"class_list":["post-2132","post","type-post","status-publish","format-standard","hentry","category-literatura","category-osobni"],"jetpack_featured_media_url":"","jetpack_shortlink":"https:\/\/wp.me\/p4mLP7-yo","jetpack-related-posts":[{"id":77,"url":"https:\/\/kotrla.com\/pmpro\/2012\/10\/vecirek-casopisu-texty-2012\/","url_meta":{"origin":2132,"position":0},"title":"Ve\u010d\u00edrek \u010dasopisu Texty 2012","author":"Pavel Kotrla","date":"26.10.2012","format":false,"excerpt":"Srde\u010dn\u011b zveme na \u0161estn\u00e1ct\u00fd ve\u010d\u00edrek \u010dasopisu Texty, kter\u00fd se uskute\u010dn\u00ed 16. 11. v 17.00 ve Vset\u00edn\u011b.","rel":"","context":"V \u201eLiteratura\u201c","block_context":{"text":"Literatura","link":"https:\/\/kotrla.com\/pmpro\/category\/literatura\/"},"img":{"alt_text":"Ve\u010d\u00edrek \u010dasopisu Texty 2012","src":"https:\/\/i0.wp.com\/kotrla.com\/pmpro\/images\/uploads\/pozvanka_texty_2012_vecirek_16.jpg?resize=350%2C200&ssl=1","width":350,"height":200},"classes":[]},{"id":666,"url":"https:\/\/kotrla.com\/pmpro\/2005\/10\/vecirek-bude\/","url_meta":{"origin":2132,"position":1},"title":"Ve\u010d\u00edrek bude!","author":"Pavel Kotrla","date":"22.10.2005","format":false,"excerpt":"\u0158e\u010d je o tradi\u010dn\u00edm ve\u010d\u00edrku liter\u00e1rn\u00edho \u010dasopisu Texty. Term\u00edn: p\u00e1tek 2. 12. 2005 na Vset\u00edn\u011b. Str\u00e1nky \u010dasopisu byly ostatn\u011b pr\u00e1v\u011b nyn\u00ed aktualizov\u00e1ny o HTML verzi \u010d\u00edsla 38.","rel":"","context":"V \u201eLiteratura\u201c","block_context":{"text":"Literatura","link":"https:\/\/kotrla.com\/pmpro\/category\/literatura\/"},"img":{"alt_text":"","src":"","width":0,"height":0},"classes":[]},{"id":168,"url":"https:\/\/kotrla.com\/pmpro\/2011\/02\/vecirek-u-prilezitosti-patnacti-let-casopisu-texty\/","url_meta":{"origin":2132,"position":2},"title":"Ve\u010d\u00edrek u p\u0159\u00edle\u017eitosti patn\u00e1cti let \u010dasopisu Texty","author":"Pavel Kotrla","date":"14.2.2011","format":false,"excerpt":"Dovolujeme si v\u00e1s pozvat na tradi\u010dn\u00ed ve\u010d\u00edrek Text\u016f. Tentokr\u00e1t u p\u0159\u00edle\u017eitosti mal\u00e9ho v\u00fdro\u010d\u00ed existence. Tak\u017ee 11. 3. se na v\u00e1s na Vset\u00edn\u011b t\u011b\u0161\u00edme. Nejprve za doprovodu jedn\u00e9 muziky v galerii V Poschod\u00ed, pot\u00e9 za doprovodu druh\u00e9 jako tradi\u010dn\u011b v n\u011bkter\u00e9m bl\u00edzk\u00e9m za\u0159\u00edzen\u00ed.","rel":"","context":"V \u201eLiteratura\u201c","block_context":{"text":"Literatura","link":"https:\/\/kotrla.com\/pmpro\/category\/literatura\/"},"img":{"alt_text":"Ve\u010d\u00edrek \u010dasopisu Texty 2011","src":"https:\/\/i0.wp.com\/kotrla.com\/pmpro\/images\/uploads\/vecirek_texty_15_let.gif?resize=350%2C200&ssl=1","width":350,"height":200},"classes":[]},{"id":477,"url":"https:\/\/kotrla.com\/pmpro\/2007\/02\/11-vecirek-literarniho-casopisu-texty\/","url_meta":{"origin":2132,"position":3},"title":"11. ve\u010d\u00edrek liter\u00e1rn\u00edho \u010dasopisu Texty","author":"Pavel Kotrla","date":"20.2.2007","format":false,"excerpt":"","rel":"","context":"V \u201eLiteratura\u201c","block_context":{"text":"Literatura","link":"https:\/\/kotrla.com\/pmpro\/category\/literatura\/"},"img":{"alt_text":"image","src":"https:\/\/i0.wp.com\/kotrla.com\/pmpro\/images\/uploads\/11_vecirek_textu.gif?resize=350%2C200&ssl=1","width":350,"height":200},"classes":[]},{"id":20,"url":"https:\/\/kotrla.com\/pmpro\/2013\/09\/toz-predbezne-info-vecirek-textu-2013\/","url_meta":{"origin":2132,"position":4},"title":"To\u017e p\u0159edb\u011b\u017en\u00e9 info: Ve\u010d\u00edrek Text\u016f 2013","author":"Pavel Kotrla","date":"28.9.2013","format":false,"excerpt":"Tradi\u010dn\u00ed ve\u010d\u00edrek \u010dasopisu Texty se uskute\u010dn\u00ed v p\u00e1tek 22. listopadu 2013 od 17 hod. v Knihkupectv\u00ed Malina na Doln\u00ed n\u00e1m\u011bst\u00ed na Vset\u00edn\u011b. A pok\u0159t\u00edme jednu a\u017e dv\u011b knihy.","rel":"","context":"V \u201eLiteratura\u201c","block_context":{"text":"Literatura","link":"https:\/\/kotrla.com\/pmpro\/category\/literatura\/"},"img":{"alt_text":"image","src":"https:\/\/i0.wp.com\/kotrla.com\/pmpro\/images\/uploads\/vecirek_textu_2013.gif?resize=350%2C200&ssl=1","width":350,"height":200},"classes":[]},{"id":12,"url":"https:\/\/kotrla.com\/pmpro\/2013\/11\/fotografie-ze-17-vecirku-casopisu-texty-a-krtu-knih\/","url_meta":{"origin":2132,"position":5},"title":"Fotografie ze 17. ve\u010d\u00edrku \u010dasopisu Texty a k\u0159tu knih","author":"Pavel Kotrla","date":"27.11.2013","format":false,"excerpt":"Fotografie z p\u00e1te\u010dn\u00edho ve\u010d\u00edrku \u010dasopisu Texty a k\u0159t\u016f naleznete na str\u00e1nce http:\/\/casopis-texty.cz\/vyrocni-vecirky\/17-vecirek-textu-22-11-2013\/","rel":"","context":"V \u201eLiteratura\u201c","block_context":{"text":"Literatura","link":"https:\/\/kotrla.com\/pmpro\/category\/literatura\/"},"img":{"alt_text":"","src":"","width":0,"height":0},"classes":[]}],"jetpack_sharing_enabled":true,"_links":{"self":[{"href":"https:\/\/kotrla.com\/pmpro\/wp-json\/wp\/v2\/posts\/2132","targetHints":{"allow":["GET"]}}],"collection":[{"href":"https:\/\/kotrla.com\/pmpro\/wp-json\/wp\/v2\/posts"}],"about":[{"href":"https:\/\/kotrla.com\/pmpro\/wp-json\/wp\/v2\/types\/post"}],"author":[{"embeddable":true,"href":"https:\/\/kotrla.com\/pmpro\/wp-json\/wp\/v2\/users\/1"}],"replies":[{"embeddable":true,"href":"https:\/\/kotrla.com\/pmpro\/wp-json\/wp\/v2\/comments?post=2132"}],"version-history":[{"count":0,"href":"https:\/\/kotrla.com\/pmpro\/wp-json\/wp\/v2\/posts\/2132\/revisions"}],"wp:attachment":[{"href":"https:\/\/kotrla.com\/pmpro\/wp-json\/wp\/v2\/media?parent=2132"}],"wp:term":[{"taxonomy":"category","embeddable":true,"href":"https:\/\/kotrla.com\/pmpro\/wp-json\/wp\/v2\/categories?post=2132"},{"taxonomy":"post_tag","embeddable":true,"href":"https:\/\/kotrla.com\/pmpro\/wp-json\/wp\/v2\/tags?post=2132"}],"curies":[{"name":"wp","href":"https:\/\/api.w.org\/{rel}","templated":true}]}}