{"id":2170,"date":"2014-10-25T15:52:19","date_gmt":"2014-10-25T14:52:19","guid":{"rendered":"http:\/\/kotrla.com\/pmpro\/?p=2170"},"modified":"2019-11-20T22:44:20","modified_gmt":"2019-11-20T21:44:20","slug":"robert-golan-ve-vsetinske-knihovne","status":"publish","type":"post","link":"https:\/\/kotrla.com\/pmpro\/2014\/10\/robert-golan-ve-vsetinske-knihovne\/","title":{"rendered":"Robert Gol\u00e1\u0148 ve vset\u00ednsk\u00e9 knihovn\u011b"},"content":{"rendered":"<p>Ve \u010dtvrtek 23. 10. jsme se se\u0161li ve vset\u00ednsk\u00e9 knihovn\u011b, kde jsme p\u0159edstavili <a href=\"http:\/\/www.robertgolan.cz\">Robertovy<\/a> fotografick\u00e9 <a href=\"http:\/\/www.robertgolan.cz\/knihy\/\">knihy<\/a>. A mo\u017en\u00e1 i n\u011bjak\u00e9 jeho pl\u00e1ny do budoucna.<\/p>\n<p><a href=\"https:\/\/kotrla.com\/pmpro\/wp-content\/uploads\/2014\/10\/rg_IMG7264.jpg\"><img loading=\"lazy\" decoding=\"async\" class=\"alignnone size-full wp-image-2173\" src=\"https:\/\/kotrla.com\/pmpro\/wp-content\/uploads\/2014\/10\/rg_IMG7264.jpg\" alt=\"rg_IMG7264\" width=\"1000\" height=\"662\" srcset=\"https:\/\/kotrla.com\/pmpro\/wp-content\/uploads\/2014\/10\/rg_IMG7264.jpg 1000w, https:\/\/kotrla.com\/pmpro\/wp-content\/uploads\/2014\/10\/rg_IMG7264-300x198.jpg 300w\" sizes=\"auto, (max-width: 1000px) 100vw, 1000px\" \/><\/a><\/p>\n<p>Dalibor Malina p\u0159e\u010detl sv\u00e9 texty, kter\u00e9 doprov\u00e1zej\u00ed Robertovy fotky v Samot\u00e1ch.<\/p>\n<p><a href=\"https:\/\/kotrla.com\/pmpro\/wp-content\/uploads\/2014\/10\/rg_IMG7277.jpg\"><img loading=\"lazy\" decoding=\"async\" class=\"alignnone size-full wp-image-2175\" src=\"https:\/\/kotrla.com\/pmpro\/wp-content\/uploads\/2014\/10\/rg_IMG7277.jpg\" alt=\"rg_IMG7277\" width=\"1000\" height=\"662\" srcset=\"https:\/\/kotrla.com\/pmpro\/wp-content\/uploads\/2014\/10\/rg_IMG7277.jpg 1000w, https:\/\/kotrla.com\/pmpro\/wp-content\/uploads\/2014\/10\/rg_IMG7277-300x198.jpg 300w\" sizes=\"auto, (max-width: 1000px) 100vw, 1000px\" \/><\/a><\/p>\n<p><a href=\"https:\/\/kotrla.com\/pmpro\/wp-content\/uploads\/2014\/10\/rg_IMG7274.jpg\"><img loading=\"lazy\" decoding=\"async\" class=\"alignnone size-full wp-image-2174\" src=\"https:\/\/kotrla.com\/pmpro\/wp-content\/uploads\/2014\/10\/rg_IMG7274.jpg\" alt=\"rg_IMG7274\" width=\"1000\" height=\"662\" srcset=\"https:\/\/kotrla.com\/pmpro\/wp-content\/uploads\/2014\/10\/rg_IMG7274.jpg 1000w, https:\/\/kotrla.com\/pmpro\/wp-content\/uploads\/2014\/10\/rg_IMG7274-300x198.jpg 300w\" sizes=\"auto, (max-width: 1000px) 100vw, 1000px\" \/><\/a><\/p>\n","protected":false},"excerpt":{"rendered":"<p>Ve \u010dtvrtek 23. 10. jsme se se\u0161li ve vset\u00ednsk\u00e9 knihovn\u011b, kde jsme p\u0159edstavili Robertovy fotografick\u00e9 knihy. A mo\u017en\u00e1 i n\u011bjak\u00e9 jeho pl\u00e1ny do budoucna. Dalibor Malina p\u0159e\u010detl sv\u00e9 texty, kter\u00e9 doprov\u00e1zej\u00ed Robertovy fotky v Samot\u00e1ch.<\/p>\n","protected":false},"author":1,"featured_media":0,"comment_status":"open","ping_status":"open","sticky":false,"template":"","format":"standard","meta":{"site-sidebar-layout":"default","site-content-layout":"","ast-site-content-layout":"default","site-content-style":"default","site-sidebar-style":"default","ast-global-header-display":"","ast-banner-title-visibility":"","ast-main-header-display":"","ast-hfb-above-header-display":"","ast-hfb-below-header-display":"","ast-hfb-mobile-header-display":"","site-post-title":"","ast-breadcrumbs-content":"","ast-featured-img":"","footer-sml-layout":"","ast-disable-related-posts":"","theme-transparent-header-meta":"","adv-header-id-meta":"","stick-header-meta":"","header-above-stick-meta":"","header-main-stick-meta":"","header-below-stick-meta":"","astra-migrate-meta-layouts":"default","ast-page-background-enabled":"default","ast-page-background-meta":{"desktop":{"background-color":"var(--ast-global-color-5)","background-image":"","background-repeat":"repeat","background-position":"center center","background-size":"auto","background-attachment":"scroll","background-type":"","background-media":"","overlay-type":"","overlay-color":"","overlay-opacity":"","overlay-gradient":""},"tablet":{"background-color":"","background-image":"","background-repeat":"repeat","background-position":"center center","background-size":"auto","background-attachment":"scroll","background-type":"","background-media":"","overlay-type":"","overlay-color":"","overlay-opacity":"","overlay-gradient":""},"mobile":{"background-color":"","background-image":"","background-repeat":"repeat","background-position":"center center","background-size":"auto","background-attachment":"scroll","background-type":"","background-media":"","overlay-type":"","overlay-color":"","overlay-opacity":"","overlay-gradient":""}},"ast-content-background-meta":{"desktop":{"background-color":"var(--ast-global-color-4)","background-image":"","background-repeat":"repeat","background-position":"center center","background-size":"auto","background-attachment":"scroll","background-type":"","background-media":"","overlay-type":"","overlay-color":"","overlay-opacity":"","overlay-gradient":""},"tablet":{"background-color":"var(--ast-global-color-4)","background-image":"","background-repeat":"repeat","background-position":"center center","background-size":"auto","background-attachment":"scroll","background-type":"","background-media":"","overlay-type":"","overlay-color":"","overlay-opacity":"","overlay-gradient":""},"mobile":{"background-color":"var(--ast-global-color-4)","background-image":"","background-repeat":"repeat","background-position":"center center","background-size":"auto","background-attachment":"scroll","background-type":"","background-media":"","overlay-type":"","overlay-color":"","overlay-opacity":"","overlay-gradient":""}},"jetpack_post_was_ever_published":false,"_jetpack_newsletter_access":"","_jetpack_dont_email_post_to_subs":false,"_jetpack_newsletter_tier_id":0,"_jetpack_memberships_contains_paywalled_content":false,"_jetpack_memberships_contains_paid_content":false,"footnotes":""},"categories":[7,3],"tags":[],"class_list":["post-2170","post","type-post","status-publish","format-standard","hentry","category-fotografie","category-osobni"],"jetpack_featured_media_url":"","jetpack_shortlink":"https:\/\/wp.me\/p4mLP7-z0","jetpack-related-posts":[{"id":3373,"url":"https:\/\/kotrla.com\/pmpro\/2017\/10\/z-vcerejsiho-capovskeho-vecera\/","url_meta":{"origin":2170,"position":0},"title":"Z v\u010derej\u0161\u00edho \u010d\u00e1povsk\u00e9ho ve\u010dera","author":"Pavel Kotrla","date":"11.10.2017","format":false,"excerpt":"V\u010derej\u0161\u00ed ve\u010der ve vset\u00ednsk\u00e9 knihovn\u011b s Franti\u0161kem \u010c\u00e1pem, jeho filmy, a taky filmov\u00fdm klubem a knihou, kterou jsme spole\u010dn\u011b vydali.","rel":"","context":"V \u201eKnihy\u201c","block_context":{"text":"Knihy","link":"https:\/\/kotrla.com\/pmpro\/category\/knihy\/"},"img":{"alt_text":"Ji\u0159\u00ed Fiala a Milan Kosteln\u00edk","src":"https:\/\/i0.wp.com\/kotrla.com\/pmpro\/wp-content\/uploads\/2017\/10\/vecer_cap_IMGP1221-150x150.jpg?resize=350%2C200&ssl=1","width":350,"height":200,"srcset":"https:\/\/i0.wp.com\/kotrla.com\/pmpro\/wp-content\/uploads\/2017\/10\/vecer_cap_IMGP1221-150x150.jpg?resize=350%2C200&ssl=1 1x, https:\/\/i0.wp.com\/kotrla.com\/pmpro\/wp-content\/uploads\/2017\/10\/vecer_cap_IMGP1221-150x150.jpg?resize=525%2C300&ssl=1 1.5x, https:\/\/i0.wp.com\/kotrla.com\/pmpro\/wp-content\/uploads\/2017\/10\/vecer_cap_IMGP1221-150x150.jpg?resize=700%2C400&ssl=1 2x, https:\/\/i0.wp.com\/kotrla.com\/pmpro\/wp-content\/uploads\/2017\/10\/vecer_cap_IMGP1221-150x150.jpg?resize=1050%2C600&ssl=1 3x, https:\/\/i0.wp.com\/kotrla.com\/pmpro\/wp-content\/uploads\/2017\/10\/vecer_cap_IMGP1221-150x150.jpg?resize=1400%2C800&ssl=1 4x"},"classes":[]},{"id":9859,"url":"https:\/\/kotrla.com\/pmpro\/2022\/09\/jaroslav-kovanda\/","url_meta":{"origin":2170,"position":1},"title":"Jaroslav Kovanda","author":"Pavel Kotrla","date":"9.9.2022","format":false,"excerpt":"Ve\u010der v dobr\u00e9 spole\u010dnosti. Po dlouh\u00e9 dob\u011b jsme se zase setkali s Jardou Kovandou, kter\u00fd m\u011bl v\u010dera \u010dten\u00ed ve vset\u00ednsk\u00e9 knihovn\u011b. Jarda m\u00e1 st\u00e1le el\u00e1nu na rozd\u00e1v\u00e1n\u00ed. \u010cetl nejen ze sv\u00e9ho posledn\u00edho rom\u00e1nu Spolhaus. Dobr\u00fd ve\u010der to byl.","rel":"","context":"V \u201eFotografie\u201c","block_context":{"text":"Fotografie","link":"https:\/\/kotrla.com\/pmpro\/category\/fotografie\/"},"img":{"alt_text":"","src":"https:\/\/i0.wp.com\/kotrla.com\/pmpro\/wp-content\/uploads\/2022\/09\/kovanda_cteni_IMGP2151-150x150.jpg?resize=350%2C200&ssl=1","width":350,"height":200,"srcset":"https:\/\/i0.wp.com\/kotrla.com\/pmpro\/wp-content\/uploads\/2022\/09\/kovanda_cteni_IMGP2151-150x150.jpg?resize=350%2C200&ssl=1 1x, https:\/\/i0.wp.com\/kotrla.com\/pmpro\/wp-content\/uploads\/2022\/09\/kovanda_cteni_IMGP2151-150x150.jpg?resize=525%2C300&ssl=1 1.5x, https:\/\/i0.wp.com\/kotrla.com\/pmpro\/wp-content\/uploads\/2022\/09\/kovanda_cteni_IMGP2151-150x150.jpg?resize=700%2C400&ssl=1 2x, https:\/\/i0.wp.com\/kotrla.com\/pmpro\/wp-content\/uploads\/2022\/09\/kovanda_cteni_IMGP2151-150x150.jpg?resize=1050%2C600&ssl=1 3x, https:\/\/i0.wp.com\/kotrla.com\/pmpro\/wp-content\/uploads\/2022\/09\/kovanda_cteni_IMGP2151-150x150.jpg?resize=1400%2C800&ssl=1 4x"},"classes":[]},{"id":3527,"url":"https:\/\/kotrla.com\/pmpro\/2018\/03\/petr-borkovec-ve-vsetinske-knihovne\/","url_meta":{"origin":2170,"position":2},"title":"Petr Borkovec ve vset\u00ednsk\u00e9 knihovn\u011b","author":"Pavel Kotrla","date":"3.3.2018","format":false,"excerpt":"V r\u00e1mci projektu Spisovatel\u00e9 do knihoven \u010detl ve \u010dtvrtek 1. b\u0159ezna Petr Borkovec ve vset\u00ednsk\u00e9 knihovn\u011b p\u0159edev\u0161\u00edm ze sv\u00e9 dosud posledn\u00ed knihy pov\u00eddek Lido di Dante. Ale nezapomn\u011bl ani na b\u00e1sn\u011b. Skv\u011bl\u00fd ve\u010der a po letech op\u011bt p\u0159\u00edjemn\u00e9 setk\u00e1n\u00ed. Musel jsem si to dohledat, ale opravdu Petra jsem ve vset\u00ednsk\u00e9\u2026","rel":"","context":"V \u201eFotografie\u201c","block_context":{"text":"Fotografie","link":"https:\/\/kotrla.com\/pmpro\/category\/fotografie\/"},"img":{"alt_text":"Petr Borkovec","src":"https:\/\/i0.wp.com\/kotrla.com\/pmpro\/wp-content\/uploads\/2018\/03\/petr_borkovec_IMGP3009.jpg?resize=350%2C200&ssl=1","width":350,"height":200,"srcset":"https:\/\/i0.wp.com\/kotrla.com\/pmpro\/wp-content\/uploads\/2018\/03\/petr_borkovec_IMGP3009.jpg?resize=350%2C200&ssl=1 1x, https:\/\/i0.wp.com\/kotrla.com\/pmpro\/wp-content\/uploads\/2018\/03\/petr_borkovec_IMGP3009.jpg?resize=525%2C300&ssl=1 1.5x, https:\/\/i0.wp.com\/kotrla.com\/pmpro\/wp-content\/uploads\/2018\/03\/petr_borkovec_IMGP3009.jpg?resize=700%2C400&ssl=1 2x, https:\/\/i0.wp.com\/kotrla.com\/pmpro\/wp-content\/uploads\/2018\/03\/petr_borkovec_IMGP3009.jpg?resize=1050%2C600&ssl=1 3x, https:\/\/i0.wp.com\/kotrla.com\/pmpro\/wp-content\/uploads\/2018\/03\/petr_borkovec_IMGP3009.jpg?resize=1400%2C800&ssl=1 4x"},"classes":[]},{"id":416,"url":"https:\/\/kotrla.com\/pmpro\/2007\/09\/sejdeme-se-ve-vsetinske-knihovne\/","url_meta":{"origin":2170,"position":3},"title":"Sejd\u011bme se ve vset\u00ednsk\u00e9 knihovn\u011b","author":"Pavel Kotrla","date":"5.9.2007","format":false,"excerpt":"Pokud v\u00e1s zaujal cyklus \u0160umn\u00e1 m\u011bsta, kter\u00fd nyn\u00ed op\u011bt b\u011b\u017e\u00ed na televizn\u00edch obrazovk\u00e1ch, m\u016f\u017eete se z\u00edtra v 18.00 setkat ve vset\u00ednsk\u00e9 knihovn\u011b s jeho re\u017eis\u00e9rem. Radovan Lipus je v\u0161ak i velk\u00fdm milovn\u00edkem kav\u00e1ren, a tak se tentokr\u00e1t m\u016f\u017eete t\u011b\u0161it i na toto t\u00e9ma. Souvisej\u00edc\u00ed: \u2022 Radovan Lipus: Sc\u00e9nologie Ostravy","rel":"","context":"V \u201eOsobn\u00ed\u201c","block_context":{"text":"Osobn\u00ed","link":"https:\/\/kotrla.com\/pmpro\/category\/osobni\/"},"img":{"alt_text":"","src":"","width":0,"height":0},"classes":[]},{"id":9003,"url":"https:\/\/kotrla.com\/pmpro\/2021\/09\/jiri-padevet-ve-vsetinske-knihovne\/","url_meta":{"origin":2170,"position":4},"title":"Ji\u0159\u00ed Padev\u011bt ve vset\u00ednsk\u00e9 knihovn\u011b","author":"Pavel Kotrla","date":"9.9.2021","format":false,"excerpt":"A dne\u0161n\u00ed ve\u010der.","rel":"","context":"V \u201eFotografie\u201c","block_context":{"text":"Fotografie","link":"https:\/\/kotrla.com\/pmpro\/category\/fotografie\/"},"img":{"alt_text":"Ji\u0159\u00ed Padev\u011bt","src":"https:\/\/i0.wp.com\/kotrla.com\/pmpro\/wp-content\/uploads\/2021\/09\/jiri_padevet_IMGP2597bw.jpg?resize=350%2C200&ssl=1","width":350,"height":200,"srcset":"https:\/\/i0.wp.com\/kotrla.com\/pmpro\/wp-content\/uploads\/2021\/09\/jiri_padevet_IMGP2597bw.jpg?resize=350%2C200&ssl=1 1x, https:\/\/i0.wp.com\/kotrla.com\/pmpro\/wp-content\/uploads\/2021\/09\/jiri_padevet_IMGP2597bw.jpg?resize=525%2C300&ssl=1 1.5x, https:\/\/i0.wp.com\/kotrla.com\/pmpro\/wp-content\/uploads\/2021\/09\/jiri_padevet_IMGP2597bw.jpg?resize=700%2C400&ssl=1 2x, https:\/\/i0.wp.com\/kotrla.com\/pmpro\/wp-content\/uploads\/2021\/09\/jiri_padevet_IMGP2597bw.jpg?resize=1050%2C600&ssl=1 3x, https:\/\/i0.wp.com\/kotrla.com\/pmpro\/wp-content\/uploads\/2021\/09\/jiri_padevet_IMGP2597bw.jpg?resize=1400%2C800&ssl=1 4x"},"classes":[]},{"id":1976,"url":"https:\/\/kotrla.com\/pmpro\/2014\/05\/cteni-ve-vsetinske-knihovne-22-5-2014\/","url_meta":{"origin":2170,"position":5},"title":"\u010cten\u00ed ve vset\u00ednsk\u00e9 knihovn\u011b 22. 5. 2014","author":"Pavel Kotrla","date":"19.5.2014","format":false,"excerpt":"Ve \u010dtvrtek 22.05.14 v 17:30 si mne m\u016f\u017eete p\u0159ij\u00edt poslechnout do K klubu do vset\u00ednsk\u00e9 knihovny. Budu \u010d\u00edst nejen ze sv\u00e9 sb\u00edrky, ale i\u00a0 v\u011bci nepublikovan\u00e9. Besedou s autorsk\u00fdm \u010dten\u00edm bude prov\u00e1zet Lucie Strba\u010dkov\u00e1, hudbou Ale\u0161 Mrnu\u0161t\u00edk a Marie Davidov\u00e1. R\u00e1d zvu.","rel":"","context":"V \u201eLiteratura\u201c","block_context":{"text":"Literatura","link":"https:\/\/kotrla.com\/pmpro\/category\/literatura\/"},"img":{"alt_text":"","src":"","width":0,"height":0},"classes":[]}],"jetpack_sharing_enabled":true,"_links":{"self":[{"href":"https:\/\/kotrla.com\/pmpro\/wp-json\/wp\/v2\/posts\/2170","targetHints":{"allow":["GET"]}}],"collection":[{"href":"https:\/\/kotrla.com\/pmpro\/wp-json\/wp\/v2\/posts"}],"about":[{"href":"https:\/\/kotrla.com\/pmpro\/wp-json\/wp\/v2\/types\/post"}],"author":[{"embeddable":true,"href":"https:\/\/kotrla.com\/pmpro\/wp-json\/wp\/v2\/users\/1"}],"replies":[{"embeddable":true,"href":"https:\/\/kotrla.com\/pmpro\/wp-json\/wp\/v2\/comments?post=2170"}],"version-history":[{"count":0,"href":"https:\/\/kotrla.com\/pmpro\/wp-json\/wp\/v2\/posts\/2170\/revisions"}],"wp:attachment":[{"href":"https:\/\/kotrla.com\/pmpro\/wp-json\/wp\/v2\/media?parent=2170"}],"wp:term":[{"taxonomy":"category","embeddable":true,"href":"https:\/\/kotrla.com\/pmpro\/wp-json\/wp\/v2\/categories?post=2170"},{"taxonomy":"post_tag","embeddable":true,"href":"https:\/\/kotrla.com\/pmpro\/wp-json\/wp\/v2\/tags?post=2170"}],"curies":[{"name":"wp","href":"https:\/\/api.w.org\/{rel}","templated":true}]}}