{"id":2178,"date":"2014-10-26T21:34:36","date_gmt":"2014-10-26T20:34:36","guid":{"rendered":"http:\/\/kotrla.com\/pmpro\/?p=2178"},"modified":"2019-11-20T22:44:20","modified_gmt":"2019-11-20T21:44:20","slug":"fotografie-patecniho-vecirku-textu","status":"publish","type":"post","link":"https:\/\/kotrla.com\/pmpro\/2014\/10\/fotografie-patecniho-vecirku-textu\/","title":{"rendered":"Fotografie z p\u00e1te\u010dn\u00edho ve\u010d\u00edrku Text\u016f"},"content":{"rendered":"<p>Osmn\u00e1ct\u00fd ve\u010d\u00edrek <a href=\"http:\/\/casopis-texty.cz\">Text\u016f<\/a> se mysl\u00edm povedl, v\u010detn\u011b k\u0159tu Jakubovy sb\u00edrky <em>Jak pr\u00e1zdn\u00e9 kolo, po r\u00e1fku<\/em>, kter\u00e9 jsem byl kmotrem. <a href=\"http:\/\/casopis-texty.cz\/vyrocni-vecirky\/18-vecirek-textu-24-10-2014\/\">Fotografie najdete v galerii na t\u00e9to str\u00e1nce<\/a>.<\/p>\n<p><a href=\"https:\/\/kotrla.com\/pmpro\/wp-content\/uploads\/2014\/10\/IMG7377.jpg\"><img loading=\"lazy\" decoding=\"async\" class=\"alignnone size-full wp-image-2179\" src=\"https:\/\/kotrla.com\/pmpro\/wp-content\/uploads\/2014\/10\/IMG7377.jpg\" alt=\"_IMG7377\" width=\"1000\" height=\"662\" srcset=\"https:\/\/kotrla.com\/pmpro\/wp-content\/uploads\/2014\/10\/IMG7377.jpg 1000w, https:\/\/kotrla.com\/pmpro\/wp-content\/uploads\/2014\/10\/IMG7377-300x198.jpg 300w\" sizes=\"auto, (max-width: 1000px) 100vw, 1000px\" \/><\/a><\/p>\n","protected":false},"excerpt":{"rendered":"<p>Osmn\u00e1ct\u00fd ve\u010d\u00edrek Text\u016f se mysl\u00edm povedl, v\u010detn\u011b k\u0159tu Jakubovy sb\u00edrky Jak pr\u00e1zdn\u00e9 kolo, po r\u00e1fku, kter\u00e9 jsem byl kmotrem. Fotografie najdete v galerii na t\u00e9to str\u00e1nce.<\/p>\n","protected":false},"author":1,"featured_media":0,"comment_status":"open","ping_status":"open","sticky":false,"template":"","format":"standard","meta":{"site-sidebar-layout":"default","site-content-layout":"","ast-site-content-layout":"default","site-content-style":"default","site-sidebar-style":"default","ast-global-header-display":"","ast-banner-title-visibility":"","ast-main-header-display":"","ast-hfb-above-header-display":"","ast-hfb-below-header-display":"","ast-hfb-mobile-header-display":"","site-post-title":"","ast-breadcrumbs-content":"","ast-featured-img":"","footer-sml-layout":"","ast-disable-related-posts":"","theme-transparent-header-meta":"","adv-header-id-meta":"","stick-header-meta":"","header-above-stick-meta":"","header-main-stick-meta":"","header-below-stick-meta":"","astra-migrate-meta-layouts":"default","ast-page-background-enabled":"default","ast-page-background-meta":{"desktop":{"background-color":"var(--ast-global-color-5)","background-image":"","background-repeat":"repeat","background-position":"center center","background-size":"auto","background-attachment":"scroll","background-type":"","background-media":"","overlay-type":"","overlay-color":"","overlay-opacity":"","overlay-gradient":""},"tablet":{"background-color":"","background-image":"","background-repeat":"repeat","background-position":"center center","background-size":"auto","background-attachment":"scroll","background-type":"","background-media":"","overlay-type":"","overlay-color":"","overlay-opacity":"","overlay-gradient":""},"mobile":{"background-color":"","background-image":"","background-repeat":"repeat","background-position":"center center","background-size":"auto","background-attachment":"scroll","background-type":"","background-media":"","overlay-type":"","overlay-color":"","overlay-opacity":"","overlay-gradient":""}},"ast-content-background-meta":{"desktop":{"background-color":"var(--ast-global-color-4)","background-image":"","background-repeat":"repeat","background-position":"center center","background-size":"auto","background-attachment":"scroll","background-type":"","background-media":"","overlay-type":"","overlay-color":"","overlay-opacity":"","overlay-gradient":""},"tablet":{"background-color":"var(--ast-global-color-4)","background-image":"","background-repeat":"repeat","background-position":"center center","background-size":"auto","background-attachment":"scroll","background-type":"","background-media":"","overlay-type":"","overlay-color":"","overlay-opacity":"","overlay-gradient":""},"mobile":{"background-color":"var(--ast-global-color-4)","background-image":"","background-repeat":"repeat","background-position":"center center","background-size":"auto","background-attachment":"scroll","background-type":"","background-media":"","overlay-type":"","overlay-color":"","overlay-opacity":"","overlay-gradient":""}},"jetpack_post_was_ever_published":false,"_jetpack_newsletter_access":"","_jetpack_dont_email_post_to_subs":false,"_jetpack_newsletter_tier_id":0,"_jetpack_memberships_contains_paywalled_content":false,"_jetpack_memberships_contains_paid_content":false,"footnotes":""},"categories":[2,3],"tags":[],"class_list":["post-2178","post","type-post","status-publish","format-standard","hentry","category-literatura","category-osobni"],"jetpack_featured_media_url":"","jetpack_shortlink":"https:\/\/wp.me\/p4mLP7-z8","jetpack-related-posts":[{"id":861,"url":"https:\/\/kotrla.com\/pmpro\/2004\/12\/fotografie-z-9-vecirku-textu\/","url_meta":{"origin":2178,"position":0},"title":"Fotografie z 9. ve\u010d\u00edrku Text\u016f","author":"Pavel Kotrla","date":"12.12.2004","format":false,"excerpt":"Tady: http:\/\/casopis-texty.cz\/texty\/9vecirek\/images.html","rel":"","context":"V \u201eNeza\u0159azen\u00e9\u201c","block_context":{"text":"Neza\u0159azen\u00e9","link":"https:\/\/kotrla.com\/pmpro\/category\/nezarazene\/"},"img":{"alt_text":"","src":"","width":0,"height":0},"classes":[]},{"id":4890,"url":"https:\/\/kotrla.com\/pmpro\/2019\/11\/fotky-z-patecniho-vecirku-textu-a-uvedeni-me-sbirky-mirny-severni\/","url_meta":{"origin":2178,"position":1},"title":"Fotky z p\u00e1te\u010dn\u00edho ve\u010d\u00edrku Text\u016f a uveden\u00ed m\u00e9 sb\u00edrky M\u00edrn\u00fd severn\u00ed","author":"Pavel Kotrla","date":"13.11.2019","format":false,"excerpt":"Fotoalbum najdete na str\u00e1nk\u00e1ch Text\u016f (nebo na Facebooku). Dal\u0161\u00ed fotky pak na Facebooku publikovala Jitka Harabi\u0161ov\u00e1. \u00a0","rel":"","context":"V \u201eFotografie\u201c","block_context":{"text":"Fotografie","link":"https:\/\/kotrla.com\/pmpro\/category\/fotografie\/"},"img":{"alt_text":"","src":"https:\/\/i0.wp.com\/kotrla.com\/pmpro\/wp-content\/uploads\/2019\/11\/uvedeni_IMGP4769.jpg?resize=350%2C200&ssl=1","width":350,"height":200,"srcset":"https:\/\/i0.wp.com\/kotrla.com\/pmpro\/wp-content\/uploads\/2019\/11\/uvedeni_IMGP4769.jpg?resize=350%2C200&ssl=1 1x, https:\/\/i0.wp.com\/kotrla.com\/pmpro\/wp-content\/uploads\/2019\/11\/uvedeni_IMGP4769.jpg?resize=525%2C300&ssl=1 1.5x, https:\/\/i0.wp.com\/kotrla.com\/pmpro\/wp-content\/uploads\/2019\/11\/uvedeni_IMGP4769.jpg?resize=700%2C400&ssl=1 2x, https:\/\/i0.wp.com\/kotrla.com\/pmpro\/wp-content\/uploads\/2019\/11\/uvedeni_IMGP4769.jpg?resize=1050%2C600&ssl=1 3x, https:\/\/i0.wp.com\/kotrla.com\/pmpro\/wp-content\/uploads\/2019\/11\/uvedeni_IMGP4769.jpg?resize=1400%2C800&ssl=1 4x"},"classes":[]},{"id":204,"url":"https:\/\/kotrla.com\/pmpro\/2010\/05\/fotky-z-vecirku-textu-a-krtu-adres-jakuba-chrobaka\/","url_meta":{"origin":2178,"position":2},"title":"Fotky z ve\u010d\u00edrku Text\u016f a k\u0159tu Adres Jakuba Chrob\u00e1ka","author":"Pavel Kotrla","date":"23.5.2010","format":false,"excerpt":"Fotky z p\u00e1te\u010dn\u00edho ve\u010d\u00edrku \u010dasopisu Texty najdete na adrese: http:\/\/texty.kotrla.com\/2010vecirek\/ Fotka kmotra (Petr Hru\u0161ka) s autorem (Jakub Chrob\u00e1k):","rel":"","context":"V \u201eFotografie\u201c","block_context":{"text":"Fotografie","link":"https:\/\/kotrla.com\/pmpro\/category\/fotografie\/"},"img":{"alt_text":"Petr a Jakub","src":"https:\/\/i0.wp.com\/kotrla.com\/pmpro\/images\/uploads\/petr_a_jakub_IGP1862.jpg?resize=350%2C200&ssl=1","width":350,"height":200},"classes":[]},{"id":12,"url":"https:\/\/kotrla.com\/pmpro\/2013\/11\/fotografie-ze-17-vecirku-casopisu-texty-a-krtu-knih\/","url_meta":{"origin":2178,"position":3},"title":"Fotografie ze 17. ve\u010d\u00edrku \u010dasopisu Texty a k\u0159tu knih","author":"Pavel Kotrla","date":"27.11.2013","format":false,"excerpt":"Fotografie z p\u00e1te\u010dn\u00edho ve\u010d\u00edrku \u010dasopisu Texty a k\u0159t\u016f naleznete na str\u00e1nce http:\/\/casopis-texty.cz\/vyrocni-vecirky\/17-vecirek-textu-22-11-2013\/","rel":"","context":"V \u201eLiteratura\u201c","block_context":{"text":"Literatura","link":"https:\/\/kotrla.com\/pmpro\/category\/literatura\/"},"img":{"alt_text":"","src":"","width":0,"height":0},"classes":[]},{"id":74,"url":"https:\/\/kotrla.com\/pmpro\/2012\/11\/texty-etc\/","url_meta":{"origin":2178,"position":4},"title":"texty etc.","author":"Pavel Kotrla","date":"5.11.2012","format":false,"excerpt":"Srde\u010dn\u011b zveme na v\u00fdstavu fotografi\u00ed, kter\u00e1 bude zah\u00e1jena na tradi\u010dn\u00edm ve\u010d\u00edrku Text\u016f.","rel":"","context":"V \u201eFotografie\u201c","block_context":{"text":"Fotografie","link":"https:\/\/kotrla.com\/pmpro\/category\/fotografie\/"},"img":{"alt_text":"image","src":"https:\/\/i0.wp.com\/kotrla.com\/pmpro\/images\/uploads\/pozvanka_vystava_kotrla_golan.gif?resize=350%2C200&ssl=1","width":350,"height":200},"classes":[]},{"id":1114,"url":"https:\/\/kotrla.com\/pmpro\/2004\/01\/opozdene\/","url_meta":{"origin":2178,"position":5},"title":"Opo\u017ed\u011bn\u011b&#8230;","author":"Pavel Kotrla","date":"6.1.2004","format":false,"excerpt":"...jsem narazil na hodnocen\u00ed posledn\u00edho ve\u010d\u00edrku Text\u016f z pera\/kl\u00e1vesnice jedn\u00e9 z \u00fa\u010dastnic http:\/\/swanlake.ws\/zajmy\/2003\/000023.php Fotografie z ve\u010d\u00edrku","rel":"","context":"V \u201eNeza\u0159azen\u00e9\u201c","block_context":{"text":"Neza\u0159azen\u00e9","link":"https:\/\/kotrla.com\/pmpro\/category\/nezarazene\/"},"img":{"alt_text":"","src":"","width":0,"height":0},"classes":[]}],"jetpack_sharing_enabled":true,"_links":{"self":[{"href":"https:\/\/kotrla.com\/pmpro\/wp-json\/wp\/v2\/posts\/2178","targetHints":{"allow":["GET"]}}],"collection":[{"href":"https:\/\/kotrla.com\/pmpro\/wp-json\/wp\/v2\/posts"}],"about":[{"href":"https:\/\/kotrla.com\/pmpro\/wp-json\/wp\/v2\/types\/post"}],"author":[{"embeddable":true,"href":"https:\/\/kotrla.com\/pmpro\/wp-json\/wp\/v2\/users\/1"}],"replies":[{"embeddable":true,"href":"https:\/\/kotrla.com\/pmpro\/wp-json\/wp\/v2\/comments?post=2178"}],"version-history":[{"count":0,"href":"https:\/\/kotrla.com\/pmpro\/wp-json\/wp\/v2\/posts\/2178\/revisions"}],"wp:attachment":[{"href":"https:\/\/kotrla.com\/pmpro\/wp-json\/wp\/v2\/media?parent=2178"}],"wp:term":[{"taxonomy":"category","embeddable":true,"href":"https:\/\/kotrla.com\/pmpro\/wp-json\/wp\/v2\/categories?post=2178"},{"taxonomy":"post_tag","embeddable":true,"href":"https:\/\/kotrla.com\/pmpro\/wp-json\/wp\/v2\/tags?post=2178"}],"curies":[{"name":"wp","href":"https:\/\/api.w.org\/{rel}","templated":true}]}}