{"id":2181,"date":"2014-10-30T19:59:47","date_gmt":"2014-10-30T18:59:47","guid":{"rendered":"http:\/\/kotrla.com\/pmpro\/?p=2181"},"modified":"2019-11-20T22:44:20","modified_gmt":"2019-11-20T21:44:20","slug":"valassko-historie-kultura-slavnostni-uvedeni","status":"publish","type":"post","link":"https:\/\/kotrla.com\/pmpro\/2014\/10\/valassko-historie-kultura-slavnostni-uvedeni\/","title":{"rendered":"Vala\u0161sko \u2013 historie a kultura: slavnostn\u00ed uveden\u00ed"},"content":{"rendered":"<p>Fotky z dne\u0161n\u00edho slavnostn\u00edho uveden\u00ed publikace v Su\u0161\u00e1ku ro\u017enovsk\u00e9ho skanzenu. V\u00edce informac\u00ed o publikaci z\u00edsk\u00e1te <a href=\"http:\/\/ff.osu.cz\/urs\/index.php?id=12503\">na str\u00e1nk\u00e1ch \u00dastavu pro region\u00e1ln\u00ed studia<\/a>. Mysl\u00edm, \u017ee kniha se povedla a tak\u0159ka 600 stran p\u0159in\u00e1\u0161\u00ed \u0159adu nov\u00e9ho a dosud nepublikovan\u00e9ho, spole\u010dn\u011b s Kubou Chrob\u00e1kem jsme tak\u00e9 drobn\u011b p\u0159isp\u011bli. Pot\u011b\u0161\u00ed i nov\u00fd neokoukan\u00fd obrazov\u00fd doprovod. Konferenci, ze\u00a0kter\u00e9 publikace vych\u00e1z\u00ed, by\u0165 se nejedn\u00e1 p\u0159\u00edmo o sborn\u00edk, si m\u016f\u017eete p\u0159ipomenout <a href=\"http:\/\/www.ceskatelevize.cz\/zpravodajstvi-ostrava\/zpravy\/242771-vedci-ruznych-oboru-se-snazili-definovat-fenomen-valassko\/\">na str\u00e1nk\u00e1ch \u010cesk\u00e9 televize<\/a>\u00a0(n\u011bjak\u00e9 fotky pak i <a title=\"Vala\u0161sko \u2013 historie a kultura\" href=\"https:\/\/kotrla.com\/pmpro\/2013\/09\/valassko-historie-a-kultura\/\">v tomto m\u00e9m p\u0159\u00edsp\u011bvku<\/a>).<\/p>\n<div id='gallery-1' class='gallery galleryid-2181 gallery-columns-3 gallery-size-thumbnail'><figure class='gallery-item'>\n\t\t\t<div class='gallery-icon landscape'>\n\t\t\t\t<a href='https:\/\/kotrla.com\/pmpro\/2014\/10\/valassko-historie-kultura-slavnostni-uvedeni\/_img7466u\/'><img loading=\"lazy\" decoding=\"async\" width=\"150\" height=\"150\" src=\"https:\/\/kotrla.com\/pmpro\/wp-content\/uploads\/2014\/10\/IMG7466u-150x150.jpg\" class=\"attachment-thumbnail size-thumbnail\" alt=\"\" \/><\/a>\n\t\t\t<\/div><\/figure><figure class='gallery-item'>\n\t\t\t<div class='gallery-icon landscape'>\n\t\t\t\t<a href='https:\/\/kotrla.com\/pmpro\/2014\/10\/valassko-historie-kultura-slavnostni-uvedeni\/_img7455u\/'><img loading=\"lazy\" decoding=\"async\" width=\"150\" height=\"150\" src=\"https:\/\/kotrla.com\/pmpro\/wp-content\/uploads\/2014\/10\/IMG7455u-150x150.jpg\" class=\"attachment-thumbnail size-thumbnail\" alt=\"\" aria-describedby=\"gallery-1-2186\" \/><\/a>\n\t\t\t<\/div>\n\t\t\t\t<figcaption class='wp-caption-text gallery-caption' id='gallery-1-2186'>\n\t\t\t\tJind\u0159ich Ondru\u0161, Ale\u0161 Z\u00e1\u0159ick\u00fd, Svatava Urbanov\u00e1\n\t\t\t\t<\/figcaption><\/figure><figure class='gallery-item'>\n\t\t\t<div class='gallery-icon landscape'>\n\t\t\t\t<a href='https:\/\/kotrla.com\/pmpro\/2014\/10\/valassko-historie-kultura-slavnostni-uvedeni\/_imgp7464\/'><img loading=\"lazy\" decoding=\"async\" width=\"150\" height=\"150\" src=\"https:\/\/kotrla.com\/pmpro\/wp-content\/uploads\/2014\/10\/IMGP7464-150x150.jpg\" class=\"attachment-thumbnail size-thumbnail\" alt=\"\" \/><\/a>\n\t\t\t<\/div><\/figure><figure class='gallery-item'>\n\t\t\t<div class='gallery-icon landscape'>\n\t\t\t\t<a href='https:\/\/kotrla.com\/pmpro\/2014\/10\/valassko-historie-kultura-slavnostni-uvedeni\/_img7463u\/'><img loading=\"lazy\" decoding=\"async\" width=\"150\" height=\"150\" src=\"https:\/\/kotrla.com\/pmpro\/wp-content\/uploads\/2014\/10\/IMG7463u-150x150.jpg\" class=\"attachment-thumbnail size-thumbnail\" alt=\"\" \/><\/a>\n\t\t\t<\/div><\/figure><figure class='gallery-item'>\n\t\t\t<div class='gallery-icon landscape'>\n\t\t\t\t<a href='https:\/\/kotrla.com\/pmpro\/2014\/10\/valassko-historie-kultura-slavnostni-uvedeni\/_img7458u\/'><img loading=\"lazy\" decoding=\"async\" width=\"150\" height=\"150\" src=\"https:\/\/kotrla.com\/pmpro\/wp-content\/uploads\/2014\/10\/IMG7458u-150x150.jpg\" class=\"attachment-thumbnail size-thumbnail\" alt=\"\" \/><\/a>\n\t\t\t<\/div><\/figure><figure class='gallery-item'>\n\t\t\t<div class='gallery-icon landscape'>\n\t\t\t\t<a href='https:\/\/kotrla.com\/pmpro\/2014\/10\/valassko-historie-kultura-slavnostni-uvedeni\/_img7472u\/'><img loading=\"lazy\" decoding=\"async\" width=\"150\" height=\"150\" src=\"https:\/\/kotrla.com\/pmpro\/wp-content\/uploads\/2014\/10\/IMG7472u-150x150.jpg\" class=\"attachment-thumbnail size-thumbnail\" alt=\"\" \/><\/a>\n\t\t\t<\/div><\/figure>\n\t\t<\/div>\n\n","protected":false},"excerpt":{"rendered":"<p>Fotky z dne\u0161n\u00edho slavnostn\u00edho uveden\u00ed publikace v Su\u0161\u00e1ku ro\u017enovsk\u00e9ho skanzenu. V\u00edce informac\u00ed o publikaci z\u00edsk\u00e1te na str\u00e1nk\u00e1ch \u00dastavu pro region\u00e1ln\u00ed studia. Mysl\u00edm, \u017ee kniha se povedla a tak\u0159ka 600 stran p\u0159in\u00e1\u0161\u00ed \u0159adu nov\u00e9ho a dosud nepublikovan\u00e9ho, spole\u010dn\u011b s Kubou Chrob\u00e1kem jsme tak\u00e9 drobn\u011b p\u0159isp\u011bli. Pot\u011b\u0161\u00ed i nov\u00fd neokoukan\u00fd obrazov\u00fd doprovod. Konferenci, ze\u00a0kter\u00e9 publikace vych\u00e1z\u00ed, by\u0165 [&hellip;]<\/p>\n","protected":false},"author":1,"featured_media":0,"comment_status":"open","ping_status":"open","sticky":false,"template":"","format":"standard","meta":{"site-sidebar-layout":"default","site-content-layout":"","ast-site-content-layout":"default","site-content-style":"default","site-sidebar-style":"default","ast-global-header-display":"","ast-banner-title-visibility":"","ast-main-header-display":"","ast-hfb-above-header-display":"","ast-hfb-below-header-display":"","ast-hfb-mobile-header-display":"","site-post-title":"","ast-breadcrumbs-content":"","ast-featured-img":"","footer-sml-layout":"","ast-disable-related-posts":"","theme-transparent-header-meta":"","adv-header-id-meta":"","stick-header-meta":"","header-above-stick-meta":"","header-main-stick-meta":"","header-below-stick-meta":"","astra-migrate-meta-layouts":"default","ast-page-background-enabled":"default","ast-page-background-meta":{"desktop":{"background-color":"var(--ast-global-color-5)","background-image":"","background-repeat":"repeat","background-position":"center center","background-size":"auto","background-attachment":"scroll","background-type":"","background-media":"","overlay-type":"","overlay-color":"","overlay-opacity":"","overlay-gradient":""},"tablet":{"background-color":"","background-image":"","background-repeat":"repeat","background-position":"center center","background-size":"auto","background-attachment":"scroll","background-type":"","background-media":"","overlay-type":"","overlay-color":"","overlay-opacity":"","overlay-gradient":""},"mobile":{"background-color":"","background-image":"","background-repeat":"repeat","background-position":"center center","background-size":"auto","background-attachment":"scroll","background-type":"","background-media":"","overlay-type":"","overlay-color":"","overlay-opacity":"","overlay-gradient":""}},"ast-content-background-meta":{"desktop":{"background-color":"var(--ast-global-color-4)","background-image":"","background-repeat":"repeat","background-position":"center center","background-size":"auto","background-attachment":"scroll","background-type":"","background-media":"","overlay-type":"","overlay-color":"","overlay-opacity":"","overlay-gradient":""},"tablet":{"background-color":"var(--ast-global-color-4)","background-image":"","background-repeat":"repeat","background-position":"center center","background-size":"auto","background-attachment":"scroll","background-type":"","background-media":"","overlay-type":"","overlay-color":"","overlay-opacity":"","overlay-gradient":""},"mobile":{"background-color":"var(--ast-global-color-4)","background-image":"","background-repeat":"repeat","background-position":"center center","background-size":"auto","background-attachment":"scroll","background-type":"","background-media":"","overlay-type":"","overlay-color":"","overlay-opacity":"","overlay-gradient":""}},"jetpack_post_was_ever_published":false,"_jetpack_newsletter_access":"","_jetpack_dont_email_post_to_subs":false,"_jetpack_newsletter_tier_id":0,"_jetpack_memberships_contains_paywalled_content":false,"_jetpack_memberships_contains_paid_content":false,"footnotes":""},"categories":[2],"tags":[],"class_list":["post-2181","post","type-post","status-publish","format-standard","hentry","category-literatura"],"jetpack_featured_media_url":"","jetpack_shortlink":"https:\/\/wp.me\/p4mLP7-zb","jetpack-related-posts":[{"id":12469,"url":"https:\/\/kotrla.com\/pmpro\/2025\/02\/ctvrtecni-uvedeni-publikace-v-souradnicich-neklidu\/","url_meta":{"origin":2181,"position":0},"title":"\u010ctvrte\u010dn\u00ed uveden\u00ed publikace V sou\u0159adnic\u00edch neklidu","author":"Pavel Kotrla","date":"9.2.2025","format":false,"excerpt":"\u010cesk\u00e1 literatura druh\u00e9 dek\u00e1dy jednadvac\u00e1t\u00e9ho stolet\u00ed v souvislostech a interpretac\u00edch \u2013 Alena \u0160id\u00e1kov\u00e1 Fialov\u00e1 (hlavn\u00ed editorka), Petr Hru\u0161ka (ed.), Lenka Jungmannov\u00e1 (ed.). Publikace opravdu obs\u00e1hl\u00e1 (912 stran). V\u00edce o tomto \u0161palku najdete na str\u00e1nk\u00e1ch \u00dastavu pro \u010deskou literaturu Akademie v\u011bd \u010cesk\u00e9 republiky. After party byla nutnost\u00ed. D\u00edky za mo\u017enost pod\u00edlet\u2026","rel":"","context":"V \u201eFotografie\u201c","block_context":{"text":"Fotografie","link":"https:\/\/kotrla.com\/pmpro\/category\/fotografie\/"},"img":{"alt_text":"","src":"https:\/\/i0.wp.com\/kotrla.com\/pmpro\/wp-content\/uploads\/2025\/02\/v_souradnicich_neklidu_IMGP5567_bw-150x150.jpg?resize=350%2C200&ssl=1","width":350,"height":200,"srcset":"https:\/\/i0.wp.com\/kotrla.com\/pmpro\/wp-content\/uploads\/2025\/02\/v_souradnicich_neklidu_IMGP5567_bw-150x150.jpg?resize=350%2C200&ssl=1 1x, https:\/\/i0.wp.com\/kotrla.com\/pmpro\/wp-content\/uploads\/2025\/02\/v_souradnicich_neklidu_IMGP5567_bw-150x150.jpg?resize=525%2C300&ssl=1 1.5x, https:\/\/i0.wp.com\/kotrla.com\/pmpro\/wp-content\/uploads\/2025\/02\/v_souradnicich_neklidu_IMGP5567_bw-150x150.jpg?resize=700%2C400&ssl=1 2x, https:\/\/i0.wp.com\/kotrla.com\/pmpro\/wp-content\/uploads\/2025\/02\/v_souradnicich_neklidu_IMGP5567_bw-150x150.jpg?resize=1050%2C600&ssl=1 3x, https:\/\/i0.wp.com\/kotrla.com\/pmpro\/wp-content\/uploads\/2025\/02\/v_souradnicich_neklidu_IMGP5567_bw-150x150.jpg?resize=1400%2C800&ssl=1 4x"},"classes":[]},{"id":4890,"url":"https:\/\/kotrla.com\/pmpro\/2019\/11\/fotky-z-patecniho-vecirku-textu-a-uvedeni-me-sbirky-mirny-severni\/","url_meta":{"origin":2181,"position":1},"title":"Fotky z p\u00e1te\u010dn\u00edho ve\u010d\u00edrku Text\u016f a uveden\u00ed m\u00e9 sb\u00edrky M\u00edrn\u00fd severn\u00ed","author":"Pavel Kotrla","date":"13.11.2019","format":false,"excerpt":"Fotoalbum najdete na str\u00e1nk\u00e1ch Text\u016f (nebo na Facebooku). Dal\u0161\u00ed fotky pak na Facebooku publikovala Jitka Harabi\u0161ov\u00e1. \u00a0","rel":"","context":"V \u201eFotografie\u201c","block_context":{"text":"Fotografie","link":"https:\/\/kotrla.com\/pmpro\/category\/fotografie\/"},"img":{"alt_text":"","src":"https:\/\/i0.wp.com\/kotrla.com\/pmpro\/wp-content\/uploads\/2019\/11\/uvedeni_IMGP4769.jpg?resize=350%2C200&ssl=1","width":350,"height":200,"srcset":"https:\/\/i0.wp.com\/kotrla.com\/pmpro\/wp-content\/uploads\/2019\/11\/uvedeni_IMGP4769.jpg?resize=350%2C200&ssl=1 1x, https:\/\/i0.wp.com\/kotrla.com\/pmpro\/wp-content\/uploads\/2019\/11\/uvedeni_IMGP4769.jpg?resize=525%2C300&ssl=1 1.5x, https:\/\/i0.wp.com\/kotrla.com\/pmpro\/wp-content\/uploads\/2019\/11\/uvedeni_IMGP4769.jpg?resize=700%2C400&ssl=1 2x, https:\/\/i0.wp.com\/kotrla.com\/pmpro\/wp-content\/uploads\/2019\/11\/uvedeni_IMGP4769.jpg?resize=1050%2C600&ssl=1 3x, https:\/\/i0.wp.com\/kotrla.com\/pmpro\/wp-content\/uploads\/2019\/11\/uvedeni_IMGP4769.jpg?resize=1400%2C800&ssl=1 4x"},"classes":[]},{"id":12399,"url":"https:\/\/kotrla.com\/pmpro\/2025\/01\/v-souradnicich-neklidu-uvedeni-knihy\/","url_meta":{"origin":2181,"position":2},"title":"V sou\u0159adnic\u00edch neklidu \u2013 uveden\u00ed knihy","author":"Pavel Kotrla","date":"14.1.2025","format":false,"excerpt":"Slavnostn\u00ed uveden\u00ed knihy prob\u011bhne 6. \u00fanora 2024 v 17 hodin doln\u00ed zasedac\u00ed m\u00edstnost \u00da\u010cL AV \u010cR, Na Florenci 3, Praha 1. Do publikace, kter\u00e1 p\u0159in\u00e1\u0161\u00ed interpretace vybran\u00fdch d\u011bl \u010desk\u00fdch autor\u016f z druh\u00e9 dek\u00e1dy tohoto stolet\u00ed, jsem p\u0159isp\u011bl (ale nejen j\u00e1) jejich fotografiemi. N\u011bkter\u00e9 z nich byly v minulosti publikov\u00e1ny i\u2026","rel":"","context":"V \u201eFotografie\u201c","block_context":{"text":"Fotografie","link":"https:\/\/kotrla.com\/pmpro\/category\/fotografie\/"},"img":{"alt_text":"","src":"https:\/\/i0.wp.com\/kotrla.com\/pmpro\/wp-content\/uploads\/2025\/01\/v_souradnicich_neklidu.jpg?resize=350%2C200&ssl=1","width":350,"height":200,"srcset":"https:\/\/i0.wp.com\/kotrla.com\/pmpro\/wp-content\/uploads\/2025\/01\/v_souradnicich_neklidu.jpg?resize=350%2C200&ssl=1 1x, https:\/\/i0.wp.com\/kotrla.com\/pmpro\/wp-content\/uploads\/2025\/01\/v_souradnicich_neklidu.jpg?resize=525%2C300&ssl=1 1.5x, https:\/\/i0.wp.com\/kotrla.com\/pmpro\/wp-content\/uploads\/2025\/01\/v_souradnicich_neklidu.jpg?resize=700%2C400&ssl=1 2x, https:\/\/i0.wp.com\/kotrla.com\/pmpro\/wp-content\/uploads\/2025\/01\/v_souradnicich_neklidu.jpg?resize=1050%2C600&ssl=1 3x, https:\/\/i0.wp.com\/kotrla.com\/pmpro\/wp-content\/uploads\/2025\/01\/v_souradnicich_neklidu.jpg?resize=1400%2C800&ssl=1 4x"},"classes":[]},{"id":12877,"url":"https:\/\/kotrla.com\/pmpro\/2025\/06\/bibliofilie-potize-se-zenami-a-jeji-uvedeni\/","url_meta":{"origin":2181,"position":3},"title":"Bibliofilie Pot\u00ed\u017ee se \u017eenami a jej\u00ed uveden\u00ed","author":"Pavel Kotrla","date":"10.6.2025","format":false,"excerpt":"Ve \u010dtvrtek\u00a05. 6. jsme v pr\u016fb\u011bhu ve\u010d\u00edrku m\u00e9ho jednomu\u017en\u00e9ho nakladatelstv\u00ed Klenov (fotky v p\u0159\u00edsp\u011bvku n\u00ed\u017ee) uvedli moji novou bibliofilii Pot\u00ed\u017ee se \u017eenami. Tentokr\u00e1t jsem spojil s\u00edly spole\u010dn\u011b s v\u00fdtvarnic\u00ed Janouzapou, kter\u00e1 vytvo\u0159ila linoryty k m\u00fdm t\u0159em pov\u00eddk\u00e1m. Ka\u017ed\u00fd v\u00fdtisk tak obsahuje t\u0159i origin\u00e1ly. Najdete je na str\u00e1nce knize v\u011bnovan\u00e9, n\u011bco\u2026","rel":"","context":"V \u201eBibliofilie\u201c","block_context":{"text":"Bibliofilie","link":"https:\/\/kotrla.com\/pmpro\/category\/bibliofilie\/"},"img":{"alt_text":"","src":"https:\/\/i0.wp.com\/kotrla.com\/pmpro\/wp-content\/uploads\/2025\/06\/vecirek_klenova_IMGP7729-150x150.jpg?resize=350%2C200&ssl=1","width":350,"height":200,"srcset":"https:\/\/i0.wp.com\/kotrla.com\/pmpro\/wp-content\/uploads\/2025\/06\/vecirek_klenova_IMGP7729-150x150.jpg?resize=350%2C200&ssl=1 1x, https:\/\/i0.wp.com\/kotrla.com\/pmpro\/wp-content\/uploads\/2025\/06\/vecirek_klenova_IMGP7729-150x150.jpg?resize=525%2C300&ssl=1 1.5x, https:\/\/i0.wp.com\/kotrla.com\/pmpro\/wp-content\/uploads\/2025\/06\/vecirek_klenova_IMGP7729-150x150.jpg?resize=700%2C400&ssl=1 2x, https:\/\/i0.wp.com\/kotrla.com\/pmpro\/wp-content\/uploads\/2025\/06\/vecirek_klenova_IMGP7729-150x150.jpg?resize=1050%2C600&ssl=1 3x, https:\/\/i0.wp.com\/kotrla.com\/pmpro\/wp-content\/uploads\/2025\/06\/vecirek_klenova_IMGP7729-150x150.jpg?resize=1400%2C800&ssl=1 4x"},"classes":[]},{"id":1966,"url":"https:\/\/kotrla.com\/pmpro\/2014\/05\/fotky-ze-vsetinske-noci-literatury-2014\/","url_meta":{"origin":2181,"position":4},"title":"Fotky ze vset\u00ednsk\u00e9 Noci literatury 2014","author":"Pavel Kotrla","date":"19.5.2014","format":false,"excerpt":"Noc literatury na Vset\u00edn\u011b byla v\u00fdborn\u00e1. Pro n\u00e1s \u010dtouc\u00ed (Adam Borzi\u010d a j\u00e1) ur\u010dit\u011b. Douf\u00e1m, \u017ee i pro poslucha\u010de a n\u00e1v\u0161t\u011bvn\u00edky. Skv\u011blou atmosf\u00e9ru ve\u010dera umocnila kapela Noca. Jej\u00ed \u010dlenov\u00e9, Marie Davidov\u00e1 a Ale\u0161 Mrnu\u0161t\u00edk, budou doprov\u00e1zet ve \u010dtvrtek i m\u00e9 \u010dten\u00ed. Na str\u00e1nk\u00e1ch TV Beskyd si m\u016f\u017eete prohl\u00e9dnout video. Dal\u0161\u00ed\u2026","rel":"","context":"V \u201e\u010cten\u00e1\u0159sk\u00fd den\u00edk\u201c","block_context":{"text":"\u010cten\u00e1\u0159sk\u00fd den\u00edk","link":"https:\/\/kotrla.com\/pmpro\/category\/ctenarsky-denik\/"},"img":{"alt_text":"","src":"https:\/\/i0.wp.com\/kotrla.com\/pmpro\/wp-content\/uploads\/2014\/05\/IMG6023.jpg?resize=350%2C200&ssl=1","width":350,"height":200,"srcset":"https:\/\/i0.wp.com\/kotrla.com\/pmpro\/wp-content\/uploads\/2014\/05\/IMG6023.jpg?resize=350%2C200&ssl=1 1x, https:\/\/i0.wp.com\/kotrla.com\/pmpro\/wp-content\/uploads\/2014\/05\/IMG6023.jpg?resize=525%2C300&ssl=1 1.5x"},"classes":[]},{"id":10044,"url":"https:\/\/kotrla.com\/pmpro\/2022\/11\/navrat-k-uvedeni-basnicke-sbirky-stanislava-denka-hlava-vody\/","url_meta":{"origin":2181,"position":5},"title":"N\u00e1vrat k uveden\u00ed b\u00e1snick\u00e9 sb\u00edrky Stanislava Denka Hlava vody","author":"Pavel Kotrla","date":"22.11.2022","format":false,"excerpt":"Tak je\u0161t\u011b n\u00e1vrat k uveden\u00ed b\u00e1snick\u00e9 sb\u00edrky Stanislava Denka Hlava vody (Klenov 2022), kter\u00e9 prob\u011bhlo 17. \u0159\u00edjna v olomouck\u00e9 Kratochv\u00edli. Knihu si m\u016f\u017eete zakoupit t\u0159eba na str\u00e1nk\u00e1ch Knihcentra. V\u00edce fotografi\u00ed z uveden\u00ed pak najdete na str\u00e1nce Klenova na Facebooku.","rel":"","context":"V \u201eFotografie\u201c","block_context":{"text":"Fotografie","link":"https:\/\/kotrla.com\/pmpro\/category\/fotografie\/"},"img":{"alt_text":"","src":"https:\/\/i0.wp.com\/kotrla.com\/pmpro\/wp-content\/uploads\/2022\/11\/06_hlava_vody_IMGP4518-150x150.jpg?resize=350%2C200&ssl=1","width":350,"height":200,"srcset":"https:\/\/i0.wp.com\/kotrla.com\/pmpro\/wp-content\/uploads\/2022\/11\/06_hlava_vody_IMGP4518-150x150.jpg?resize=350%2C200&ssl=1 1x, https:\/\/i0.wp.com\/kotrla.com\/pmpro\/wp-content\/uploads\/2022\/11\/06_hlava_vody_IMGP4518-150x150.jpg?resize=525%2C300&ssl=1 1.5x, https:\/\/i0.wp.com\/kotrla.com\/pmpro\/wp-content\/uploads\/2022\/11\/06_hlava_vody_IMGP4518-150x150.jpg?resize=700%2C400&ssl=1 2x, https:\/\/i0.wp.com\/kotrla.com\/pmpro\/wp-content\/uploads\/2022\/11\/06_hlava_vody_IMGP4518-150x150.jpg?resize=1050%2C600&ssl=1 3x, https:\/\/i0.wp.com\/kotrla.com\/pmpro\/wp-content\/uploads\/2022\/11\/06_hlava_vody_IMGP4518-150x150.jpg?resize=1400%2C800&ssl=1 4x"},"classes":[]}],"jetpack_sharing_enabled":true,"_links":{"self":[{"href":"https:\/\/kotrla.com\/pmpro\/wp-json\/wp\/v2\/posts\/2181","targetHints":{"allow":["GET"]}}],"collection":[{"href":"https:\/\/kotrla.com\/pmpro\/wp-json\/wp\/v2\/posts"}],"about":[{"href":"https:\/\/kotrla.com\/pmpro\/wp-json\/wp\/v2\/types\/post"}],"author":[{"embeddable":true,"href":"https:\/\/kotrla.com\/pmpro\/wp-json\/wp\/v2\/users\/1"}],"replies":[{"embeddable":true,"href":"https:\/\/kotrla.com\/pmpro\/wp-json\/wp\/v2\/comments?post=2181"}],"version-history":[{"count":0,"href":"https:\/\/kotrla.com\/pmpro\/wp-json\/wp\/v2\/posts\/2181\/revisions"}],"wp:attachment":[{"href":"https:\/\/kotrla.com\/pmpro\/wp-json\/wp\/v2\/media?parent=2181"}],"wp:term":[{"taxonomy":"category","embeddable":true,"href":"https:\/\/kotrla.com\/pmpro\/wp-json\/wp\/v2\/categories?post=2181"},{"taxonomy":"post_tag","embeddable":true,"href":"https:\/\/kotrla.com\/pmpro\/wp-json\/wp\/v2\/tags?post=2181"}],"curies":[{"name":"wp","href":"https:\/\/api.w.org\/{rel}","templated":true}]}}