{"id":2210,"date":"2014-11-17T17:51:15","date_gmt":"2014-11-17T16:51:15","guid":{"rendered":"http:\/\/kotrla.com\/pmpro\/?p=2210"},"modified":"2019-11-20T22:44:20","modified_gmt":"2019-11-20T21:44:20","slug":"jiri-dienstbier-rozhlasovy-zpravodaj","status":"publish","type":"post","link":"https:\/\/kotrla.com\/pmpro\/2014\/11\/jiri-dienstbier-rozhlasovy-zpravodaj\/","title":{"rendered":"Ji\u0159\u00ed Dienstbier \u2013 rozhlasov\u00fd zpravodaj"},"content":{"rendered":"<p><a href=\"https:\/\/kotrla.com\/pmpro\/wp-content\/uploads\/2014\/11\/jiri_dienstbier_rozhlasovy_zpravodaj.jpg\"><img loading=\"lazy\" decoding=\"async\" class=\"alignright wp-image-2209 size-full\" src=\"https:\/\/kotrla.com\/pmpro\/wp-content\/uploads\/2014\/11\/jiri_dienstbier_rozhlasovy_zpravodaj.jpg\" alt=\"Ji\u0159\u00ed Dienstbier \u2013 rozhlasov\u00fd zpravodaj\" width=\"250\" height=\"316\" srcset=\"https:\/\/kotrla.com\/pmpro\/wp-content\/uploads\/2014\/11\/jiri_dienstbier_rozhlasovy_zpravodaj.jpg 250w, https:\/\/kotrla.com\/pmpro\/wp-content\/uploads\/2014\/11\/jiri_dienstbier_rozhlasovy_zpravodaj-237x300.jpg 237w\" sizes=\"auto, (max-width: 250px) 100vw, 250px\" \/><\/a>K dne\u0161n\u00edmu dni se tak n\u011bjak hod\u00ed kniha, kterou jsem cht\u011bl tu dlouho zm\u00ednit <i>Ji\u0159\u00ed Dienstbier \u2013 rozhlasov\u00fd zpravodaj (1958\u20131969)<\/i>. Kniha se po grafick\u00e9 str\u00e1nce vymyk\u00e1 z b\u011b\u017en\u00e9 produkce nakladatelstv\u00ed Radioservis, kter\u00e9 ji v roce 2013 vydalo, a to sm\u011brem k lep\u0161\u00edmu, knihu upravily Tereza Melenov\u00e1 a Martina Don\u00e1tov\u00e1.<br \/>\nPro mne z\u016fst\u00e1v\u00e1 jedn\u00edm z m\u00e1la politik\u016f, kter\u00fd b\u011bhem sv\u00e9ho p\u016fsoben\u00ed v jej\u00ed vrcholn\u00e9 sf\u00e9\u0159e neztratil svou tv\u00e1\u0159 a svou integritu. Pr\u00e1v\u011b jeho politick\u00e9 anga\u017em\u00e1 pon\u011bkud zast\u0159elo skute\u010dnost, \u017ee Ji\u0159\u00ed Dientsbier byl p\u016fvodn\u00ed profes\u00ed novin\u00e1\u0159 a tak\u00e9 \u017ee z novin\u00e1\u0159sk\u00e9ho prost\u0159ed\u00ed vze\u0161el.<br \/>\nRozhlasov\u00e1 \u017eurnalistika je n\u011bco tak efem\u00e9rn\u00edho a spot\u0159ebn\u00edho, \u017ee i v\u016f\u010di \u017eurnalistice novinov\u00e9 m\u00e1 jepi\u010d\u00ed \u017eivot. M\u00e1lokde jinde plat\u00ed obl\u00edben\u00e9 jedn\u00edm uchem tam \u2013 druh\u00fdm ven. P\u0159esto i zde mohou vzniknout (a taky vznikaj\u00ed) texty, kter\u00e9 vybo\u010duj\u00ed z b\u011b\u017en\u00e9ho pr\u016fm\u011bru nebo kter\u00e9 zasluhuj\u00ed z r\u016fzn\u00fdch d\u016fvod\u016f v\u011bt\u0161\u00ed pozornost. Dienstbierovy pat\u0159\u00ed do t\u00e9to kategorie. Kniha je nejen zaj\u00edmav\u00fdm sv\u011bdectv\u00edm doby, ale tak\u00e9 sv\u011bdkem prom\u011bn rozhlasov\u00e9 tvorby. P\u0159ipom\u00ednkou doby, kdy p\u0159\u00edsp\u011bvky mohly b\u00fdt del\u0161\u00ed, mohly obsahovat v\u00edce informac\u00ed, souvislost\u00ed. Mo\u017en\u00e1 i proto se se daj\u00ed Dienstbierovy \u010d\u00edst s p\u0159ekvapen\u00edm i po letech. Pro mne hlavn\u011b ty z Kambod\u017ee, Vietnamu, a Indon\u00e9sie a Ameriky. Zaujmou svou \u017eivost\u00ed i autorov\u00fdm vhledem, lidskost\u00ed a ohledem na \u010dlov\u011bka. Mo\u017en\u00e1 pr\u00e1v\u011b to osv\u011btluje jeho (ne)\u00fasp\u011bch v politice dom\u00e1c\u00ed a respekt na poli mezin\u00e1rodn\u00edm.<\/p>\n","protected":false},"excerpt":{"rendered":"<p>K dne\u0161n\u00edmu dni se tak n\u011bjak hod\u00ed kniha, kterou jsem cht\u011bl tu dlouho zm\u00ednit Ji\u0159\u00ed Dienstbier \u2013 rozhlasov\u00fd zpravodaj (1958\u20131969). Kniha se po grafick\u00e9 str\u00e1nce vymyk\u00e1 z b\u011b\u017en\u00e9 produkce nakladatelstv\u00ed Radioservis, kter\u00e9 ji v roce 2013 vydalo, a to sm\u011brem k lep\u0161\u00edmu, knihu upravily Tereza Melenov\u00e1 a Martina Don\u00e1tov\u00e1. Pro mne z\u016fst\u00e1v\u00e1 jedn\u00edm z m\u00e1la [&hellip;]<\/p>\n","protected":false},"author":1,"featured_media":0,"comment_status":"open","ping_status":"open","sticky":false,"template":"","format":"standard","meta":{"site-sidebar-layout":"default","site-content-layout":"","ast-site-content-layout":"default","site-content-style":"default","site-sidebar-style":"default","ast-global-header-display":"","ast-banner-title-visibility":"","ast-main-header-display":"","ast-hfb-above-header-display":"","ast-hfb-below-header-display":"","ast-hfb-mobile-header-display":"","site-post-title":"","ast-breadcrumbs-content":"","ast-featured-img":"","footer-sml-layout":"","ast-disable-related-posts":"","theme-transparent-header-meta":"","adv-header-id-meta":"","stick-header-meta":"","header-above-stick-meta":"","header-main-stick-meta":"","header-below-stick-meta":"","astra-migrate-meta-layouts":"default","ast-page-background-enabled":"default","ast-page-background-meta":{"desktop":{"background-color":"var(--ast-global-color-5)","background-image":"","background-repeat":"repeat","background-position":"center center","background-size":"auto","background-attachment":"scroll","background-type":"","background-media":"","overlay-type":"","overlay-color":"","overlay-opacity":"","overlay-gradient":""},"tablet":{"background-color":"","background-image":"","background-repeat":"repeat","background-position":"center center","background-size":"auto","background-attachment":"scroll","background-type":"","background-media":"","overlay-type":"","overlay-color":"","overlay-opacity":"","overlay-gradient":""},"mobile":{"background-color":"","background-image":"","background-repeat":"repeat","background-position":"center center","background-size":"auto","background-attachment":"scroll","background-type":"","background-media":"","overlay-type":"","overlay-color":"","overlay-opacity":"","overlay-gradient":""}},"ast-content-background-meta":{"desktop":{"background-color":"var(--ast-global-color-4)","background-image":"","background-repeat":"repeat","background-position":"center center","background-size":"auto","background-attachment":"scroll","background-type":"","background-media":"","overlay-type":"","overlay-color":"","overlay-opacity":"","overlay-gradient":""},"tablet":{"background-color":"var(--ast-global-color-4)","background-image":"","background-repeat":"repeat","background-position":"center center","background-size":"auto","background-attachment":"scroll","background-type":"","background-media":"","overlay-type":"","overlay-color":"","overlay-opacity":"","overlay-gradient":""},"mobile":{"background-color":"var(--ast-global-color-4)","background-image":"","background-repeat":"repeat","background-position":"center center","background-size":"auto","background-attachment":"scroll","background-type":"","background-media":"","overlay-type":"","overlay-color":"","overlay-opacity":"","overlay-gradient":""}},"jetpack_post_was_ever_published":false,"_jetpack_newsletter_access":"","_jetpack_dont_email_post_to_subs":false,"_jetpack_newsletter_tier_id":0,"_jetpack_memberships_contains_paywalled_content":false,"_jetpack_memberships_contains_paid_content":false,"footnotes":""},"categories":[6,2],"tags":[],"class_list":["post-2210","post","type-post","status-publish","format-standard","hentry","category-ctenarsky-denik","category-literatura"],"jetpack_featured_media_url":"","jetpack_shortlink":"https:\/\/wp.me\/p4mLP7-zE","jetpack-related-posts":[{"id":1323,"url":"https:\/\/kotrla.com\/pmpro\/2003\/06\/jeste-k-cenam-magnesia-litera\/","url_meta":{"origin":2210,"position":0},"title":"Je\u0161t\u011b k cen\u00e1m Magnesia Litera","author":"Pavel Kotrla","date":"12.6.2003","format":false,"excerpt":"V posledn\u00edm \u010d\u00edsle T\u00fdden\u00edku Rozhlas se Ji\u0159\u00ed Padev\u011bt v Knihkupcov\u011b sloupku vrac\u00ed k p\u0159ed\u00e1v\u00e1n\u00ed ceny Magnesia Litera. Jeho n\u00e1zor stoj\u00ed za pozornost, nebo\u0165 byl jedn\u00edm z porotc\u016f. \u201eDomn\u00edv\u00e1m se, \u017ee hlavn\u00edm c\u00edlem t\u00e9to i podobn\u00fdch akc\u00ed je zviditelnit knihu. Ano, zviditelnit, proto\u017ee kniha u\u017e v dne\u0161n\u00edm medi\u00e1ln\u00edm sv\u011bt\u011b nen\u00ed, co\u2026","rel":"","context":"V \u201eNeza\u0159azen\u00e9\u201c","block_context":{"text":"Neza\u0159azen\u00e9","link":"https:\/\/kotrla.com\/pmpro\/category\/nezarazene\/"},"img":{"alt_text":"","src":"","width":0,"height":0},"classes":[]},{"id":1378,"url":"https:\/\/kotrla.com\/pmpro\/2003\/03\/korespondence-bedricha-fucika-a-mojmira-travnicka\/","url_meta":{"origin":2210,"position":1},"title":"Korespondence Bed\u0159icha Fu\u010d\u00edka a Mojm\u00edra Tr\u00e1vn\u00ed\u010dka","author":"Pavel Kotrla","date":"31.3.2003","format":false,"excerpt":"Tak se ke mn\u011b v p\u00e1tek kone\u010dn\u011b dostala dlouho o\u010dek\u00e1van\u00e1 kniha: Listovn\u00ed p\u0159\u00edle\u017eitosti (Dopisy Bed\u0159icha Fu\u010d\u00edka Mojm\u00edru Tr\u00e1vn\u00ed\u010dkovi), kterou jako svou p\u00e1tou p\u0159\u00edlohu vydala olomouck\u00e1 Aluze. Knihu edi\u010dn\u011b p\u0159ipravil Ji\u0159\u00ed Hrabal a najdete v n\u00ed dopisy z let 1969 \u2013 1984, kter\u00e9 jsou z velk\u00e9 \u010d\u00e1sti pracovn\u00edmi z\u00e1znamy zachycuj\u00edc\u00edmi vznik\u2026","rel":"","context":"V \u201eNeza\u0159azen\u00e9\u201c","block_context":{"text":"Neza\u0159azen\u00e9","link":"https:\/\/kotrla.com\/pmpro\/category\/nezarazene\/"},"img":{"alt_text":"J. Hrabal a M. Tr\u00e1vn\u00ed\u010dek","src":"https:\/\/i0.wp.com\/kotrla.com\/pmpro\/images\/uploads\/hrabal_travnicek.jpg?resize=350%2C200&ssl=1","width":350,"height":200},"classes":[]},{"id":6229,"url":"https:\/\/kotrla.com\/pmpro\/2019\/11\/michal-jares-kotrlova-druha\/","url_meta":{"origin":2210,"position":2},"title":"Michal Jare\u0161: Kotrlova druh\u00e1","author":"Pavel Kotrla","date":"21.11.2019","format":false,"excerpt":"Ji\u017e jsem to zmi\u0148oval jinde: T\u00fdneck\u00e9 listy pova\u017euji za jeden z utajen\u00fdch liter\u00e1rn\u00edch \u010dasopis\u016f. Ostatn\u011b jedn\u00edm z jeho redaktor\u016f je Petr Hanu\u0161ka. Starosta Velk\u00e9ho T\u00fdnce, b\u00fdval\u00fd vysoko\u0161kolsk\u00fd pedagog, jeden ze zakladatel\u016f Aluze, kter\u00fd ani zde na literaturu nerezignoval a obecn\u00ed zpravodaj(!) j\u00ed p\u0159in\u00e1\u0161\u00ed ka\u017ed\u00fd m\u011bs\u00edc p\u011bknou porci. Posledn\u00ed \u010d\u00edslo pak\u2026","rel":"","context":"V \u201eKnihy\u201c","block_context":{"text":"Knihy","link":"https:\/\/kotrla.com\/pmpro\/category\/knihy\/"},"img":{"alt_text":"Michal Jare\u0161: Kotrlova druh\u00e1","src":"https:\/\/i0.wp.com\/kotrla.com\/pmpro\/wp-content\/uploads\/2019\/11\/mj_recenze_mirny_severni.jpg?resize=350%2C200&ssl=1","width":350,"height":200,"srcset":"https:\/\/i0.wp.com\/kotrla.com\/pmpro\/wp-content\/uploads\/2019\/11\/mj_recenze_mirny_severni.jpg?resize=350%2C200&ssl=1 1x, https:\/\/i0.wp.com\/kotrla.com\/pmpro\/wp-content\/uploads\/2019\/11\/mj_recenze_mirny_severni.jpg?resize=525%2C300&ssl=1 1.5x, https:\/\/i0.wp.com\/kotrla.com\/pmpro\/wp-content\/uploads\/2019\/11\/mj_recenze_mirny_severni.jpg?resize=700%2C400&ssl=1 2x"},"classes":[]},{"id":11,"url":"https:\/\/kotrla.com\/pmpro\/2014\/01\/slavik-za-mrizi\/","url_meta":{"origin":2210,"position":3},"title":"Slav\u00edk za m\u0159\u00ed\u017e\u00ed","author":"Pavel Kotrla","date":"14.1.2014","format":false,"excerpt":"V podstat\u011b jen n\u00e1hoda cht\u011bla tomu, \u017ee jsem do tisku p\u0159ipravoval knihu vset\u00ednsk\u00e9ho autora Ji\u0159\u00edho Mi\u010dka Slav\u00edk za m\u0159\u00ed\u017e\u00ed, kter\u00e1 vy\u0161la v jeho nakladatelstv\u00ed koncem roku. Vlastn\u011b bylo pro mne bylo p\u0159ekvapen\u00edm, jak jm\u00e9no autora, pro mne v tu chv\u00edli zcela nezn\u00e1m\u00e9, tak nakonec i jeho kniha. Ta rom\u00e1novou formou\u2026","rel":"","context":"V \u201eLiteratura\u201c","block_context":{"text":"Literatura","link":"https:\/\/kotrla.com\/pmpro\/category\/literatura\/"},"img":{"alt_text":"Ji\u0159\u00ed Mi\u010dek - Slav\u00edk za m\u0159\u00ed\u017e\u00ed","src":"https:\/\/i0.wp.com\/kotrla.com\/pmpro\/images\/uploads\/jiri_micek_slavik_za_mrizi.jpg?resize=350%2C200&ssl=1","width":350,"height":200},"classes":[]},{"id":1186,"url":"https:\/\/kotrla.com\/pmpro\/2003\/10\/jiri-hrabal-utocici\/","url_meta":{"origin":2210,"position":4},"title":"Ji\u0159\u00ed Hrabal \u00fato\u010d\u00edc\u00ed","author":"Pavel Kotrla","date":"20.10.2003","format":false,"excerpt":"M\u016fj redak\u010dn\u00ed kolega z Text\u016f a \u0161\u00e9fredaktor Aluze, ale p\u0159edev\u0161\u00edm m\u016fj kamar\u00e1d Ji\u0159\u00ed Hrabal vyrazil do \u00fatoku. V posledn\u00edm \u010d\u00edsle Tvaru si vzal na pa\u0161k\u00e1l Lexikon liter\u00e1rn\u00edch pojm\u016f Libora Pavery a Franti\u0161ka V\u0161eti\u010dky. Vzhledem k tomu, \u017ee opravdu dob\u0159e v\u00edm, jak je t\u011b\u017ek\u00e9 z Jirky vym\u00e1mit p\u0159\u00edsp\u011bvek, tak impuls k\u2026","rel":"","context":"V \u201eNeza\u0159azen\u00e9\u201c","block_context":{"text":"Neza\u0159azen\u00e9","link":"https:\/\/kotrla.com\/pmpro\/category\/nezarazene\/"},"img":{"alt_text":"","src":"","width":0,"height":0},"classes":[]},{"id":55,"url":"https:\/\/kotrla.com\/pmpro\/2013\/03\/ctenar-casopisu-vycepni-list\/","url_meta":{"origin":2210,"position":5},"title":"\u010cten\u00e1\u0159 \u010dasopis\u016f: V\u00fd\u010depn\u00ed list","author":"Pavel Kotrla","date":"27.3.2013","format":false,"excerpt":"Kdy\u017e jsme minul\u00fd t\u00fdden sed\u011bli s p\u0159ekladatelem a b\u00e1sn\u00edkem Ji\u0159\u00edm \u010cervenkou ve ValMezu U Zvonu, netu\u0161il jsem, \u017ee jeho p\u0159\u00edslib bude spln\u011bn tak brzy. Ji\u0159\u00ed \u010cervenka Dnes jsem tedy ze schr\u00e1nky vyt\u00e1hl ob\u00e1lku s \u010d\u00edsly V\u00fd\u010depn\u00edho listu, p\u016flro\u010dn\u00edku, kter\u00fd vyd\u00e1v\u00e1 Rodinn\u00fd v\u00fd\u010dep v P\u0159ibyslavi. Toto \u201ev\u0161estrann\u00e9 periodikum p\u0159\u00edle\u017eitostn\u00e9\u201c vych\u00e1zej\u00ed ji\u017e\u2026","rel":"","context":"V \u201e\u010cten\u00e1\u0159sk\u00fd den\u00edk\u201c","block_context":{"text":"\u010cten\u00e1\u0159sk\u00fd den\u00edk","link":"https:\/\/kotrla.com\/pmpro\/category\/ctenarsky-denik\/"},"img":{"alt_text":"Ji\u0159\u00ed \u010cervenka","src":"https:\/\/i0.wp.com\/kotrla.com\/pmpro\/images\/uploads\/jiri_cervenka_IGP2451bw_cr.jpg?resize=350%2C200&ssl=1","width":350,"height":200},"classes":[]}],"jetpack_sharing_enabled":true,"_links":{"self":[{"href":"https:\/\/kotrla.com\/pmpro\/wp-json\/wp\/v2\/posts\/2210","targetHints":{"allow":["GET"]}}],"collection":[{"href":"https:\/\/kotrla.com\/pmpro\/wp-json\/wp\/v2\/posts"}],"about":[{"href":"https:\/\/kotrla.com\/pmpro\/wp-json\/wp\/v2\/types\/post"}],"author":[{"embeddable":true,"href":"https:\/\/kotrla.com\/pmpro\/wp-json\/wp\/v2\/users\/1"}],"replies":[{"embeddable":true,"href":"https:\/\/kotrla.com\/pmpro\/wp-json\/wp\/v2\/comments?post=2210"}],"version-history":[{"count":0,"href":"https:\/\/kotrla.com\/pmpro\/wp-json\/wp\/v2\/posts\/2210\/revisions"}],"wp:attachment":[{"href":"https:\/\/kotrla.com\/pmpro\/wp-json\/wp\/v2\/media?parent=2210"}],"wp:term":[{"taxonomy":"category","embeddable":true,"href":"https:\/\/kotrla.com\/pmpro\/wp-json\/wp\/v2\/categories?post=2210"},{"taxonomy":"post_tag","embeddable":true,"href":"https:\/\/kotrla.com\/pmpro\/wp-json\/wp\/v2\/tags?post=2210"}],"curies":[{"name":"wp","href":"https:\/\/api.w.org\/{rel}","templated":true}]}}