{"id":2246,"date":"2014-12-09T17:00:43","date_gmt":"2014-12-09T16:00:43","guid":{"rendered":"http:\/\/kotrla.com\/pmpro\/?p=2246"},"modified":"2019-11-20T22:44:20","modified_gmt":"2019-11-20T21:44:20","slug":"zdenek_lysy_nejen_mezi_nomady","status":"publish","type":"post","link":"https:\/\/kotrla.com\/pmpro\/2014\/12\/zdenek_lysy_nejen_mezi_nomady\/","title":{"rendered":"Zden\u011bk Lys\u00fd: Nejen mezi nom\u00e1dy"},"content":{"rendered":"<figure id=\"attachment_2248\" aria-describedby=\"caption-attachment-2248\" style=\"width: 158px\" class=\"wp-caption alignright\"><a href=\"https:\/\/kotrla.com\/pmpro\/wp-content\/uploads\/2014\/12\/lysy_nejen_mezi_nomady.jpg\"><img loading=\"lazy\" decoding=\"async\" class=\"wp-image-2248\" src=\"https:\/\/kotrla.com\/pmpro\/wp-content\/uploads\/2014\/12\/lysy_nejen_mezi_nomady.jpg\" alt=\"Zden\u011bk Lys\u00fd: Nejen mezi nom\u00e1dy\" width=\"158\" height=\"250\" srcset=\"https:\/\/kotrla.com\/pmpro\/wp-content\/uploads\/2014\/12\/lysy_nejen_mezi_nomady.jpg 221w, https:\/\/kotrla.com\/pmpro\/wp-content\/uploads\/2014\/12\/lysy_nejen_mezi_nomady-189x300.jpg 189w\" sizes=\"auto, (max-width: 158px) 100vw, 158px\" \/><\/a><figcaption id=\"caption-attachment-2248\" class=\"wp-caption-text\">Zden\u011bk Lys\u00fd: Nejen mezi nom\u00e1dy<\/figcaption><\/figure>\n<p>P\u0159ed n\u011bkolika m\u00e1lo dny jsme vydali (jmenovit\u011b tedy Dalibor Malina jako nakladatel, j\u00e1 knihu do tisku p\u0159ipravil) \u00fatlou sb\u00edrku text\u016f vset\u00ednsk\u00e9ho veterin\u00e1\u0159e Zde\u0148ka Lys\u00e9ho. Pov\u00eddky jsou humorn\u00fdmi vzpom\u00ednkami autor\u016fv sedmilet\u00fd pobyt v Al\u017e\u00edrsku, kde pracoval jako ter\u00e9nn\u00ed veterin\u00e1\u0159, a na jeho kari\u00e9ru zv\u011brol\u00e9ka\u0159e na mal\u00e9m m\u011bst\u011b. Kniha byla ve\u0159ejnosti poprv\u00e9 p\u0159edstavena na sn\u011bmu Komory veterin\u00e1rn\u00edch l\u00e9ka\u0159\u016f v T\u00e1bo\u0159e. Pr\u00e1v\u011b odtud poch\u00e1z\u00ed p\u0159ipojen\u00e9 fotografie.<br \/>\nKnihu ji\u017e naleznete v distribuci <a href=\"http:\/\/www.kosmas.cz\/knihy\/201147\/nejen-mezi-nomady\/\">Kosmasu<\/a>, nebo si ji m\u016f\u017eete zakoupit i p\u0159\u00edmo u autora v jeho vset\u00ednsk\u00e9 ordinaci a obchod\u011b na Smetanov\u011b ulici.<\/p>\n<p>&nbsp;<\/p>\n<div id='gallery-1' class='gallery galleryid-2246 gallery-columns-4 gallery-size-thumbnail'><figure class='gallery-item'>\n\t\t\t<div class='gallery-icon landscape'>\n\t\t\t\t<a href='https:\/\/kotrla.com\/pmpro\/zdenek_lysy_tabor_dsc05192\/'><img loading=\"lazy\" decoding=\"async\" width=\"150\" height=\"150\" src=\"https:\/\/kotrla.com\/pmpro\/wp-content\/uploads\/2014\/12\/zdenek_lysy_tabor_dsc05192-150x150.jpg\" class=\"attachment-thumbnail size-thumbnail\" alt=\"\" \/><\/a>\n\t\t\t<\/div><\/figure><figure class='gallery-item'>\n\t\t\t<div class='gallery-icon landscape'>\n\t\t\t\t<a href='https:\/\/kotrla.com\/pmpro\/zdenek_lysy_tabor_dsc05196\/'><img loading=\"lazy\" decoding=\"async\" width=\"150\" height=\"150\" src=\"https:\/\/kotrla.com\/pmpro\/wp-content\/uploads\/2014\/12\/zdenek_lysy_tabor_dsc05196-150x150.jpg\" class=\"attachment-thumbnail size-thumbnail\" alt=\"\" \/><\/a>\n\t\t\t<\/div><\/figure><figure class='gallery-item'>\n\t\t\t<div class='gallery-icon landscape'>\n\t\t\t\t<a href='https:\/\/kotrla.com\/pmpro\/zdenek_lysy_tabor_dsc05199\/'><img loading=\"lazy\" decoding=\"async\" width=\"150\" height=\"150\" src=\"https:\/\/kotrla.com\/pmpro\/wp-content\/uploads\/2014\/12\/zdenek_lysy_tabor_dsc05199-150x150.jpg\" class=\"attachment-thumbnail size-thumbnail\" alt=\"\" \/><\/a>\n\t\t\t<\/div><\/figure><figure class='gallery-item'>\n\t\t\t<div class='gallery-icon landscape'>\n\t\t\t\t<a href='https:\/\/kotrla.com\/pmpro\/zdenek_lysy_tabor_dsc05197-2\/'><img loading=\"lazy\" decoding=\"async\" width=\"150\" height=\"150\" src=\"https:\/\/kotrla.com\/pmpro\/wp-content\/uploads\/2014\/12\/zdenek_lysy_tabor_dsc051971-150x150.jpg\" class=\"attachment-thumbnail size-thumbnail\" alt=\"\" \/><\/a>\n\t\t\t<\/div><\/figure>\n\t\t<\/div>\n\n","protected":false},"excerpt":{"rendered":"<p>P\u0159ed n\u011bkolika m\u00e1lo dny jsme vydali (jmenovit\u011b tedy Dalibor Malina jako nakladatel, j\u00e1 knihu do tisku p\u0159ipravil) \u00fatlou sb\u00edrku text\u016f vset\u00ednsk\u00e9ho veterin\u00e1\u0159e Zde\u0148ka Lys\u00e9ho. Pov\u00eddky jsou humorn\u00fdmi vzpom\u00ednkami autor\u016fv sedmilet\u00fd pobyt v Al\u017e\u00edrsku, kde pracoval jako ter\u00e9nn\u00ed veterin\u00e1\u0159, a na jeho kari\u00e9ru zv\u011brol\u00e9ka\u0159e na mal\u00e9m m\u011bst\u011b. Kniha byla ve\u0159ejnosti poprv\u00e9 p\u0159edstavena na sn\u011bmu Komory veterin\u00e1rn\u00edch [&hellip;]<\/p>\n","protected":false},"author":1,"featured_media":0,"comment_status":"open","ping_status":"open","sticky":false,"template":"","format":"standard","meta":{"site-sidebar-layout":"default","site-content-layout":"","ast-site-content-layout":"default","site-content-style":"default","site-sidebar-style":"default","ast-global-header-display":"","ast-banner-title-visibility":"","ast-main-header-display":"","ast-hfb-above-header-display":"","ast-hfb-below-header-display":"","ast-hfb-mobile-header-display":"","site-post-title":"","ast-breadcrumbs-content":"","ast-featured-img":"","footer-sml-layout":"","ast-disable-related-posts":"","theme-transparent-header-meta":"","adv-header-id-meta":"","stick-header-meta":"","header-above-stick-meta":"","header-main-stick-meta":"","header-below-stick-meta":"","astra-migrate-meta-layouts":"default","ast-page-background-enabled":"default","ast-page-background-meta":{"desktop":{"background-color":"var(--ast-global-color-5)","background-image":"","background-repeat":"repeat","background-position":"center center","background-size":"auto","background-attachment":"scroll","background-type":"","background-media":"","overlay-type":"","overlay-color":"","overlay-opacity":"","overlay-gradient":""},"tablet":{"background-color":"","background-image":"","background-repeat":"repeat","background-position":"center center","background-size":"auto","background-attachment":"scroll","background-type":"","background-media":"","overlay-type":"","overlay-color":"","overlay-opacity":"","overlay-gradient":""},"mobile":{"background-color":"","background-image":"","background-repeat":"repeat","background-position":"center center","background-size":"auto","background-attachment":"scroll","background-type":"","background-media":"","overlay-type":"","overlay-color":"","overlay-opacity":"","overlay-gradient":""}},"ast-content-background-meta":{"desktop":{"background-color":"var(--ast-global-color-4)","background-image":"","background-repeat":"repeat","background-position":"center center","background-size":"auto","background-attachment":"scroll","background-type":"","background-media":"","overlay-type":"","overlay-color":"","overlay-opacity":"","overlay-gradient":""},"tablet":{"background-color":"var(--ast-global-color-4)","background-image":"","background-repeat":"repeat","background-position":"center center","background-size":"auto","background-attachment":"scroll","background-type":"","background-media":"","overlay-type":"","overlay-color":"","overlay-opacity":"","overlay-gradient":""},"mobile":{"background-color":"var(--ast-global-color-4)","background-image":"","background-repeat":"repeat","background-position":"center center","background-size":"auto","background-attachment":"scroll","background-type":"","background-media":"","overlay-type":"","overlay-color":"","overlay-opacity":"","overlay-gradient":""}},"jetpack_post_was_ever_published":false,"_jetpack_newsletter_access":"","_jetpack_dont_email_post_to_subs":false,"_jetpack_newsletter_tier_id":0,"_jetpack_memberships_contains_paywalled_content":false,"_jetpack_memberships_contains_paid_content":false,"footnotes":""},"categories":[2,3],"tags":[],"class_list":["post-2246","post","type-post","status-publish","format-standard","hentry","category-literatura","category-osobni"],"jetpack_featured_media_url":"","jetpack_shortlink":"https:\/\/wp.me\/p4mLP7-Ae","jetpack-related-posts":[{"id":12503,"url":"https:\/\/kotrla.com\/pmpro\/2025\/02\/nove-vydani-povidek-zdenka-lyseho-nejen-mezi-nomady\/","url_meta":{"origin":2246,"position":0},"title":"Nov\u00e9 vyd\u00e1n\u00ed pov\u00eddek Zde\u0148ka Lys\u00e9ho Nejen mezi nom\u00e1dy","author":"Pavel Kotrla","date":"24.2.2025","format":false,"excerpt":"V roce 2014 jsem byl u toho, kdy\u017e vznikala drobn\u00e1 kniha pov\u00eddek m\u00e9ho kamar\u00e1da vset\u00ednsk\u00e9ho veterin\u00e1\u0159e Zde\u0148ka Lys\u00e9ho Nejen mezi nom\u00e1dy (p\u0159\u00edb\u011bhy \u010desk\u00e9ho zv\u011brol\u00e9ka\u0159e). Cel\u00fd n\u00e1klad se vyprodal. Nov\u00e9 roz\u0161\u00ed\u0159en\u00e9 vyd\u00e1n\u00ed, kter\u00e9 pr\u00e1v\u011b vydal m\u016fj jednomu\u017en\u00fd Klenov, obsahuje t\u0159i nov\u00e9 texty. Kniha se brzy objev\u00ed v distribuci, ale ji\u017e nyn\u00ed\u2026","rel":"","context":"V \u201eKnihy\u201c","block_context":{"text":"Knihy","link":"https:\/\/kotrla.com\/pmpro\/category\/knihy\/"},"img":{"alt_text":"","src":"https:\/\/i0.wp.com\/kotrla.com\/pmpro\/wp-content\/uploads\/2025\/02\/zdenek_lysy_nejen_mezi_nomady_IMGP5760.jpg?resize=350%2C200&ssl=1","width":350,"height":200,"srcset":"https:\/\/i0.wp.com\/kotrla.com\/pmpro\/wp-content\/uploads\/2025\/02\/zdenek_lysy_nejen_mezi_nomady_IMGP5760.jpg?resize=350%2C200&ssl=1 1x, https:\/\/i0.wp.com\/kotrla.com\/pmpro\/wp-content\/uploads\/2025\/02\/zdenek_lysy_nejen_mezi_nomady_IMGP5760.jpg?resize=525%2C300&ssl=1 1.5x, https:\/\/i0.wp.com\/kotrla.com\/pmpro\/wp-content\/uploads\/2025\/02\/zdenek_lysy_nejen_mezi_nomady_IMGP5760.jpg?resize=700%2C400&ssl=1 2x, https:\/\/i0.wp.com\/kotrla.com\/pmpro\/wp-content\/uploads\/2025\/02\/zdenek_lysy_nejen_mezi_nomady_IMGP5760.jpg?resize=1050%2C600&ssl=1 3x, https:\/\/i0.wp.com\/kotrla.com\/pmpro\/wp-content\/uploads\/2025\/02\/zdenek_lysy_nejen_mezi_nomady_IMGP5760.jpg?resize=1400%2C800&ssl=1 4x"},"classes":[]},{"id":2721,"url":"https:\/\/kotrla.com\/pmpro\/2016\/04\/zdenek-lysy-the-hangmen\/","url_meta":{"origin":2246,"position":1},"title":"Zden\u011bk Lys\u00fd: The Hangmen","author":"Pavel Kotrla","date":"12.4.2016","format":false,"excerpt":"Dodo Gomb\u00e1r zdramatizoval n\u00e1mi vydanou pov\u00eddku Zde\u0148ka Lys\u00e9ho v kterou zdramatizoval, \u00fa\u010dinkoval J. Erftemeijer. Z\u00e1znam z Lucerny 13. 3. na Festivalu \u201eJeden sv\u011bt\u201c. The Hangmen from Bureau Boven on Vimeo.","rel":"","context":"V \u201eLiteratura\u201c","block_context":{"text":"Literatura","link":"https:\/\/kotrla.com\/pmpro\/category\/literatura\/"},"img":{"alt_text":"","src":"","width":0,"height":0},"classes":[]},{"id":10550,"url":"https:\/\/kotrla.com\/pmpro\/2023\/06\/marek-j-vavrinec-krajinou-bohu-demonu-a-lidi\/","url_meta":{"origin":2246,"position":2},"title":"Marek J. Vav\u0159inec: Krajinou Boh\u016f, d\u00e9monu a lid\u00ed","author":"Pavel Kotrla","date":"5.6.2023","format":false,"excerpt":"M\u00e1m r\u00e1d knihy, u kter\u00fdch je vid\u011bt, \u017ee do nich autor vlo\u017eil kus sebe. Nov\u00e1 kniha Krajinou Boh\u016f, d\u00e9monu a lid\u00ed Marka J. Vav\u0159ince mezi n\u011b pat\u0159\u00ed. Autor knihu nejen napsal, ale vyryl pro ni i d\u0159evoryty, vys\u00e1zel ji a tak\u00e9 vytisknul z polymerov\u00fdch \u0161to\u010dk\u016f. Proces vzniku knihy ostatn\u011b \u0161lo\u2026","rel":"","context":"V \u201eKnihy\u201c","block_context":{"text":"Knihy","link":"https:\/\/kotrla.com\/pmpro\/category\/knihy\/"},"img":{"alt_text":"","src":"https:\/\/i0.wp.com\/kotrla.com\/pmpro\/wp-content\/uploads\/2023\/06\/vavrinec_IMGP6954-150x150.jpg?resize=350%2C200&ssl=1","width":350,"height":200,"srcset":"https:\/\/i0.wp.com\/kotrla.com\/pmpro\/wp-content\/uploads\/2023\/06\/vavrinec_IMGP6954-150x150.jpg?resize=350%2C200&ssl=1 1x, https:\/\/i0.wp.com\/kotrla.com\/pmpro\/wp-content\/uploads\/2023\/06\/vavrinec_IMGP6954-150x150.jpg?resize=525%2C300&ssl=1 1.5x, https:\/\/i0.wp.com\/kotrla.com\/pmpro\/wp-content\/uploads\/2023\/06\/vavrinec_IMGP6954-150x150.jpg?resize=700%2C400&ssl=1 2x, https:\/\/i0.wp.com\/kotrla.com\/pmpro\/wp-content\/uploads\/2023\/06\/vavrinec_IMGP6954-150x150.jpg?resize=1050%2C600&ssl=1 3x, https:\/\/i0.wp.com\/kotrla.com\/pmpro\/wp-content\/uploads\/2023\/06\/vavrinec_IMGP6954-150x150.jpg?resize=1400%2C800&ssl=1 4x"},"classes":[]},{"id":154,"url":"https:\/\/kotrla.com\/pmpro\/2011\/04\/davne-rukopisy-na-webu\/","url_meta":{"origin":2246,"position":3},"title":"D\u00e1vn\u00e9 rukopisy na webu","author":"Pavel Kotrla","date":"28.4.2011","format":false,"excerpt":"ps\u00e1no pro Host 2\/2011 Pomalu, ale st\u00e1le z\u0159eteln\u011bji lze sly\u0161et hlasy poukazuj\u00edc\u00ed na to, \u017ee kni\u017en\u00ed trh se pravd\u011bpodobn\u011b rozd\u011bl\u00ed na dv\u011b prol\u00ednaj\u00edc\u00ed se \u010d\u00e1sti, kdy vedle sebe budou existovat vyd\u00e1n\u00ed elektronick\u00e1 a pap\u00edrov\u00e1. Av\u0161ak to pap\u00edrov\u00e9 vyd\u00e1n\u00ed si zaslou\u017e\u00ed jen n\u011bkter\u00e9 vybran\u00e9 tituly. Mo\u017en\u00e1 se kniha ve sv\u00e9 st\u00e1vaj\u00edc\u00ed\u2026","rel":"","context":"V \u201eInternet\u201c","block_context":{"text":"Internet","link":"https:\/\/kotrla.com\/pmpro\/category\/internet\/"},"img":{"alt_text":"image","src":"https:\/\/i0.wp.com\/kotrla.com\/pmpro\/images\/uploads\/codex_sinaiticus.jpg?resize=350%2C200&ssl=1","width":350,"height":200},"classes":[]},{"id":1361,"url":"https:\/\/kotrla.com\/pmpro\/2003\/04\/ajvaz2\/","url_meta":{"origin":2246,"position":4},"title":"Ajvaz2","author":"Pavel Kotrla","date":"29.4.2003","format":false,"excerpt":"\u010cten\u00ed nov\u00e9 Ajvazovy knihy ve mn\u011b vyvol\u00e1v\u00e1 pocit d\u00e9j\u00e0 vu. Jako bych u\u017e ty \u0159\u00e1dky n\u011bkde vid\u011bl!. Asi roztrou\u0161eny v p\u0159ede\u0161l\u00fdch knih\u00e1ch. Tak, te\u010f jsou pohromad\u011b. Jako pocta velk\u00e9mu u\u010diteli - J. L. Borgesovi. V\u0161e se v\u00e1\u017ee k mo\u017en\u00fdm sv\u011bt\u016fm jazyka, k jeho mo\u017enostem a jeho hranic\u00edm. Pro pozn\u00e1n\u00ed Borgesova\u2026","rel":"","context":"V \u201eNeza\u0159azen\u00e9\u201c","block_context":{"text":"Neza\u0159azen\u00e9","link":"https:\/\/kotrla.com\/pmpro\/category\/nezarazene\/"},"img":{"alt_text":"","src":"","width":0,"height":0},"classes":[]},{"id":167,"url":"https:\/\/kotrla.com\/pmpro\/2011\/02\/bila-velryba-opet-mezi-nami\/","url_meta":{"origin":2246,"position":5},"title":"B\u00edl\u00e1 velryba op\u011bt mezi n\u00e1mi","author":"Pavel Kotrla","date":"17.2.2011","format":false,"excerpt":"Jedna z fascinuj\u00edc\u00edch knih. V posledn\u00edch dnech se mi p\u0159ipomenula n\u011bkolikr\u00e1t. Filmem, na kter\u00e9si stanici. \u010cl\u00e1nkem na Fonts in Use o jednom p\u011bkn\u00e9m vyd\u00e1n\u00ed. Ano, to bych cht\u011bl. A nakonec dnes \u010dl\u00e1nkem o objevu vraku lodi, kter\u00e9 velel kapit\u00e1n George Pollard ml. a kter\u00fd Hermana Melvilla k naps\u00e1n\u00ed rom\u00e1nu inspiroval:\u2026","rel":"","context":"V \u201eLiteratura\u201c","block_context":{"text":"Literatura","link":"https:\/\/kotrla.com\/pmpro\/category\/literatura\/"},"img":{"alt_text":"image","src":"https:\/\/i0.wp.com\/kotrla.com\/pmpro\/images\/uploads\/velrybarska_lod.gif?resize=350%2C200&ssl=1","width":350,"height":200},"classes":[]}],"jetpack_sharing_enabled":true,"_links":{"self":[{"href":"https:\/\/kotrla.com\/pmpro\/wp-json\/wp\/v2\/posts\/2246","targetHints":{"allow":["GET"]}}],"collection":[{"href":"https:\/\/kotrla.com\/pmpro\/wp-json\/wp\/v2\/posts"}],"about":[{"href":"https:\/\/kotrla.com\/pmpro\/wp-json\/wp\/v2\/types\/post"}],"author":[{"embeddable":true,"href":"https:\/\/kotrla.com\/pmpro\/wp-json\/wp\/v2\/users\/1"}],"replies":[{"embeddable":true,"href":"https:\/\/kotrla.com\/pmpro\/wp-json\/wp\/v2\/comments?post=2246"}],"version-history":[{"count":0,"href":"https:\/\/kotrla.com\/pmpro\/wp-json\/wp\/v2\/posts\/2246\/revisions"}],"wp:attachment":[{"href":"https:\/\/kotrla.com\/pmpro\/wp-json\/wp\/v2\/media?parent=2246"}],"wp:term":[{"taxonomy":"category","embeddable":true,"href":"https:\/\/kotrla.com\/pmpro\/wp-json\/wp\/v2\/categories?post=2246"},{"taxonomy":"post_tag","embeddable":true,"href":"https:\/\/kotrla.com\/pmpro\/wp-json\/wp\/v2\/tags?post=2246"}],"curies":[{"name":"wp","href":"https:\/\/api.w.org\/{rel}","templated":true}]}}