{"id":232,"date":"2009-12-29T10:55:16","date_gmt":"2009-12-29T09:55:16","guid":{"rendered":"http:\/\/kotrla.com\/wordpress\/?p=232"},"modified":"2019-11-20T22:39:20","modified_gmt":"2019-11-20T21:39:20","slug":"aluze-22009","status":"publish","type":"post","link":"https:\/\/kotrla.com\/pmpro\/2009\/12\/aluze-22009\/","title":{"rendered":"Aluze 2\/2009"},"content":{"rendered":"<p><img loading=\"lazy\" decoding=\"async\" src=\"https:\/\/kotrla.com\/pmpro\/images\/uploads\/obalka2009_2.png\" border=\"0\" alt=\"Aluze 2\/2009\" width=\"141\" height=\"200\" align=\"right\" \/>Pr\u00e1v\u011b jsme vydali druh\u00e9 leto\u0161n\u00ed \u010d\u00edslo revue Aluze. V\u0161e jako obvykle najdete na adrese <a href=\"http:\/\/aluze.cz\">http:\/\/aluze.cz<\/a><br \/>\nP\u0159\u00edjemn\u00e9 po\u010dten\u00ed.<\/p>\n<p>Obsah \u010d\u00edsla: <\/p>\n<p><b>Poezie<\/b><br \/>\nBill Shields: Americk\u00fd hrdina<\/p>\n<p><b>Pr\u00f3za<\/b><br \/>\nHerman Charles Bosman: Maraton v Bekkersdalu<\/p>\n<p><b>Rozhovor<\/b><br \/>\nPavel Zahr\u00e1dka: M\u016f\u017ee spot\u0159ebn\u00ed kultura nahradit vysokou kulturu? (Rozhovor s Wolfgangem Ullrichem)<\/p>\n<p><b>Studie<\/b><br \/>\nJulio Cort\u00e1zar: N\u011bkter\u00e9 aspekty pov\u00eddky<br \/>\nGerald Prince: Je\u0161t\u011b k narativit\u011b<br \/>\nAnne Dunnov\u00e1: Televizn\u00ed zpr\u00e1va jako narativ<br \/>\nDaniel \u0160pelda: Po bitv\u011b gener\u00e1lem: Anachronismy v d\u011bjin\u00e1ch v\u011bdy<\/p>\n<p><b>Recenze<\/b><br \/>\nJi\u0159\u00ed Kratochvil: Slib (rec. Dagmar H\u00e1bov\u00e1)<br \/>\nJi\u0159\u00ed Kratochvil: Slib (rec. Martin Pun\u010doch\u00e1\u0159)<br \/>\nPetr S\u00fdkora: B\u00e1sn\u00edk proti Hradu: neposlu\u0161n\u00fd ob\u010dan Josef Svatopluk Machar (rec. Petr Hora)<br \/>\nBohuslav Brouk: Zde trapno existovat (rec. Filip Miku\u0161)<br \/>\nUmberto Eco: Teorie s\u00e9miotiky (rec. V\u00edt Gvo\u017ediak)<br \/>\nFrances Yatesov\u00e1: Giordano Bruno a hermetick\u00e1 tradice (rec. Daniel \u0160pelda)<br \/>\nKitty Fergusonov\u00e1: Tycho a Kepler. Nesourod\u00e1 dvojice, je\u017e jednou prov\u017edy zm\u011bnila n\u00e1\u0161 pohled na vesm\u00edr. (rec. Daniel \u0160pelda)<br \/>\nMarek Hrubec a kol.: Soci\u00e1ln\u00ed kritika v \u00e9\u0159e globalizace (rec. Radim Br\u00e1zda)<\/p>\n<p><b>Glosy<\/b><br \/>\nZden\u011bk Mathauser: Vzpom\u00ednka na Jana Pato\u010dku<\/p>\n<p><b>Archiv\u00e1lie<\/b><br \/>\nPetr Plech\u00e1\u010d: Metrick\u00e1 teorie Otto Jespersena<br \/>\nOtto Jespersen: Metrum<\/p>\n","protected":false},"excerpt":{"rendered":"<p>Pr\u00e1v\u011b jsme vydali druh\u00e9 leto\u0161n\u00ed \u010d\u00edslo revue Aluze. V\u0161e jako obvykle najdete na adrese http:\/\/aluze.cz P\u0159\u00edjemn\u00e9 po\u010dten\u00ed. Obsah \u010d\u00edsla: Poezie Bill Shields: Americk\u00fd hrdina Pr\u00f3za Herman Charles Bosman: Maraton v Bekkersdalu Rozhovor Pavel Zahr\u00e1dka: M\u016f\u017ee spot\u0159ebn\u00ed kultura nahradit vysokou kulturu? (Rozhovor s Wolfgangem Ullrichem) Studie Julio Cort\u00e1zar: N\u011bkter\u00e9 aspekty pov\u00eddky Gerald Prince: Je\u0161t\u011b k narativit\u011b [&hellip;]<\/p>\n","protected":false},"author":1,"featured_media":0,"comment_status":"open","ping_status":"open","sticky":false,"template":"","format":"standard","meta":{"site-sidebar-layout":"default","site-content-layout":"","ast-site-content-layout":"default","site-content-style":"default","site-sidebar-style":"default","ast-global-header-display":"","ast-banner-title-visibility":"","ast-main-header-display":"","ast-hfb-above-header-display":"","ast-hfb-below-header-display":"","ast-hfb-mobile-header-display":"","site-post-title":"","ast-breadcrumbs-content":"","ast-featured-img":"","footer-sml-layout":"","ast-disable-related-posts":"","theme-transparent-header-meta":"","adv-header-id-meta":"","stick-header-meta":"","header-above-stick-meta":"","header-main-stick-meta":"","header-below-stick-meta":"","astra-migrate-meta-layouts":"default","ast-page-background-enabled":"default","ast-page-background-meta":{"desktop":{"background-color":"var(--ast-global-color-5)","background-image":"","background-repeat":"repeat","background-position":"center center","background-size":"auto","background-attachment":"scroll","background-type":"","background-media":"","overlay-type":"","overlay-color":"","overlay-opacity":"","overlay-gradient":""},"tablet":{"background-color":"","background-image":"","background-repeat":"repeat","background-position":"center center","background-size":"auto","background-attachment":"scroll","background-type":"","background-media":"","overlay-type":"","overlay-color":"","overlay-opacity":"","overlay-gradient":""},"mobile":{"background-color":"","background-image":"","background-repeat":"repeat","background-position":"center center","background-size":"auto","background-attachment":"scroll","background-type":"","background-media":"","overlay-type":"","overlay-color":"","overlay-opacity":"","overlay-gradient":""}},"ast-content-background-meta":{"desktop":{"background-color":"var(--ast-global-color-4)","background-image":"","background-repeat":"repeat","background-position":"center center","background-size":"auto","background-attachment":"scroll","background-type":"","background-media":"","overlay-type":"","overlay-color":"","overlay-opacity":"","overlay-gradient":""},"tablet":{"background-color":"var(--ast-global-color-4)","background-image":"","background-repeat":"repeat","background-position":"center center","background-size":"auto","background-attachment":"scroll","background-type":"","background-media":"","overlay-type":"","overlay-color":"","overlay-opacity":"","overlay-gradient":""},"mobile":{"background-color":"var(--ast-global-color-4)","background-image":"","background-repeat":"repeat","background-position":"center center","background-size":"auto","background-attachment":"scroll","background-type":"","background-media":"","overlay-type":"","overlay-color":"","overlay-opacity":"","overlay-gradient":""}},"jetpack_post_was_ever_published":false,"_jetpack_newsletter_access":"","_jetpack_dont_email_post_to_subs":false,"_jetpack_newsletter_tier_id":0,"_jetpack_memberships_contains_paywalled_content":false,"_jetpack_memberships_contains_paid_content":false,"footnotes":""},"categories":[2,3],"tags":[],"class_list":["post-232","post","type-post","status-publish","format-standard","hentry","category-literatura","category-osobni"],"jetpack_featured_media_url":"","jetpack_shortlink":"https:\/\/wp.me\/p4mLP7-3K","jetpack-related-posts":[{"id":177,"url":"https:\/\/kotrla.com\/pmpro\/2010\/11\/aluze-22010\/","url_meta":{"origin":232,"position":0},"title":"Aluze 2\/2010","author":"Pavel Kotrla","date":"17.11.2010","format":false,"excerpt":"Tak aspo\u0148 n\u011bco k tomu dne\u0161n\u00edmu sv\u00e1tku. Nov\u00e9 \u010d\u00edslo revue Aluze najdete na adrese http:\/\/aluze.cz OBSAH \u010c\u00cdSLA: Poezie Martin St\u00f6hr: Konec sezony Pr\u00f3za Margaret Gibsonov\u00e1 - Zvl\u00e1dnout to Rozhovor Filip Miku\u0161: Um\u011bleck\u00e1 konvence dnes p\u016fsob\u00ed skoro revolu\u010dn\u011b (Rozhovor s Milanem Kn\u00ed\u017e\u00e1kem) Studie Karel Kom\u00e1rek: Intertextualita v d\u00edle Jaroslava Durycha J.\u2026","rel":"","context":"V \u201eLiteratura\u201c","block_context":{"text":"Literatura","link":"https:\/\/kotrla.com\/pmpro\/category\/literatura\/"},"img":{"alt_text":"Aluze 2\/2010","src":"https:\/\/i0.wp.com\/kotrla.com\/pmpro\/images\/uploads\/aluze_2010_2.png?resize=350%2C200&ssl=1","width":350,"height":200},"classes":[]},{"id":318,"url":"https:\/\/kotrla.com\/pmpro\/2008\/11\/prave-jsme-vydali-aluze-22008\/","url_meta":{"origin":232,"position":1},"title":"Pr\u00e1v\u011b jsme vydali: Aluze 2\/2008","author":"Pavel Kotrla","date":"7.11.2008","format":false,"excerpt":"Nov\u00e9 \u010d\u00edslo naleznete na adrese revue http:\/\/aluze.cz P\u0159ejeme p\u011bkn\u00e9 po\u010dten\u00ed. Obsah \u010d\u00edsla: Audiopov\u00eddka Petr Hrb\u00e1\u010d: Slune\u010dn\u00ed soustava Poezie Tatjana Groma\u010da: Jak si p\u0159edstavuje\u0161, \u017ee bude\u0161 d\u00e1l \u017e\u00edt Pr\u00f3za Chimamanda Ngozi Adichie: P\u016fl \u017elut\u00e9ho slunce Rozhovor Rozhovor Davida Brodwella s Jakobem Isakem Nielsenem: Bordwell o Bordwellovi Studie Miloslav Ca\u0148ko: Eti\u010dno \u2014\u2026","rel":"","context":"V \u201eLiteratura\u201c","block_context":{"text":"Literatura","link":"https:\/\/kotrla.com\/pmpro\/category\/literatura\/"},"img":{"alt_text":"Aluze 2\/2008","src":"https:\/\/i0.wp.com\/kotrla.com\/pmpro\/images\/uploads\/aluze_obalka2008_2.png?resize=350%2C200&ssl=1","width":350,"height":200},"classes":[]},{"id":196,"url":"https:\/\/kotrla.com\/pmpro\/2010\/07\/aluze-12010\/","url_meta":{"origin":232,"position":2},"title":"Aluze 1\/2010","author":"Pavel Kotrla","date":"26.7.2010","format":false,"excerpt":"Nov\u00e9 \u010d\u00edslo revue Aluze najdete na adrese http:\/\/aluze.cz Obsah \u010d\u00edsla: Poezie Sa\u0161a Skenderija: Ithaka po deseti letech Pr\u00f3za Arthur Shearly Cripps: Star\u00fd bojovn\u00edk v nov\u00e9m sv\u011btle Rozhovor John V. Knapp: Rozhovor s profesorem Geraldem Graffem Studie Gerald Graff: Pseudopolitika interpretace Radek Mal\u00fd - Fuga smrti Paula Celana v p\u0159ekladech do\u2026","rel":"","context":"V \u201eInternet\u201c","block_context":{"text":"Internet","link":"https:\/\/kotrla.com\/pmpro\/category\/internet\/"},"img":{"alt_text":"Aluze 1\/2010","src":"https:\/\/i0.wp.com\/kotrla.com\/pmpro\/images\/uploads\/aluze_2010_01.png?resize=350%2C200&ssl=1","width":350,"height":200},"classes":[]},{"id":217,"url":"https:\/\/kotrla.com\/pmpro\/2010\/03\/pozde-ale-prece-aluze-32009\/","url_meta":{"origin":232,"position":3},"title":"Pozd\u011b (ale p\u0159ece): Aluze 3\/2009","author":"Pavel Kotrla","date":"31.3.2010","format":false,"excerpt":"S jist\u00fdm skluzem, jak jste si pravd\u011bpodobn\u011b v\u0161imli, ale p\u0159ece jen: pr\u00e1v\u011b jsme zve\u0159ejnili nov\u00e9 \u010d\u00edslo revue Aluze: 3\/2009. Jako obvykle m\u016f\u017eete pro\u010d\u00edtat on-line nebo si st\u00e1hnout \u010d\u00edslo v PDF. Obsah: poezie Ladislav Jurkovi\u010d: A do t\u0159etice pleskot v\u011bt pr\u00f3za Euphrase Kezilahabi: Labyrint rozhovor Petr Skaln\u00edk: Antropologick\u00fd v\u00fdzkum nen\u00ed v\u00fdlet\u2026","rel":"","context":"V \u201eInternet\u201c","block_context":{"text":"Internet","link":"https:\/\/kotrla.com\/pmpro\/category\/internet\/"},"img":{"alt_text":"Aluze 3\/2009","src":"https:\/\/i0.wp.com\/kotrla.com\/pmpro\/images\/uploads\/aluze_2009_03.png?resize=350%2C200&ssl=1","width":350,"height":200},"classes":[]},{"id":1128,"url":"https:\/\/kotrla.com\/pmpro\/2003\/12\/obsah-aluze-22003\/","url_meta":{"origin":232,"position":4},"title":"Obsah Aluze 2\/2003","author":"Pavel Kotrla","date":"18.12.2003","format":false,"excerpt":"Proto\u017ee aktualizace str\u00e1nek Aluze.cz mi zabere o n\u011bco v\u00edce \u010dasu, m\u016f\u017eete si prohl\u00e9dnout obsah nov\u00e9ho \u010d\u00edsla zde. Obsah ALUZE 2\/2003 Poezie \u00a0 Radek Mal\u00fd: Z\u00e1blesky a mal\u00e9 b\u00e1sn\u011b \u00a0 Yusef Komunyakaa: Chv\u00e1la temn\u00fdch m\u00edst \u2014 \u00favod od Josefa Ja\u0159aba Pr\u00f3za \u00a0 Michal Ajvaz: Opera na zahrad\u011b (uk\u00e1zka z rom\u00e1nu) \u00a0\u2026","rel":"","context":"V \u201eNeza\u0159azen\u00e9\u201c","block_context":{"text":"Neza\u0159azen\u00e9","link":"https:\/\/kotrla.com\/pmpro\/category\/nezarazene\/"},"img":{"alt_text":"","src":"","width":0,"height":0},"classes":[]},{"id":300,"url":"https:\/\/kotrla.com\/pmpro\/2009\/01\/prave-jsme-vydali-aluze-32008\/","url_meta":{"origin":232,"position":5},"title":"Pr\u00e1v\u011b jsme vydali: Aluze 3\/2008","author":"Pavel Kotrla","date":"25.1.2009","format":false,"excerpt":"Pr\u00e1v\u011b jsme vydali (by\u0165 s drobn\u00fdm skluzem) nov\u00e9 \u010d\u00edslo Aluze, kter\u00e9 naleznete na adrese revue http:\/\/aluze.cz P\u0159ejeme p\u011bkn\u00e9 po\u010dten\u00ed. Obsah \u010d\u00edsla Aluze 3\/2008: Audio-pov\u00eddka V\u00e1clav Chochola: Mal\u00e1 mal\u00e1 Poezie Milan D\u011b\u017einsk\u00fd: Tajn\u00fd \u017eivot Pr\u00f3za Alan Paton: Sponono Rozhovor Milan Or\u00e1lek: Rozhovor s Otakarem Hulcem Rozhovor Davida Brodwella s Jakobem Isakem\u2026","rel":"","context":"V \u201eLiteratura\u201c","block_context":{"text":"Literatura","link":"https:\/\/kotrla.com\/pmpro\/category\/literatura\/"},"img":{"alt_text":"Aluze 3\/2008","src":"https:\/\/i0.wp.com\/kotrla.com\/pmpro\/images\/uploads\/obalka2008_3.png?resize=350%2C200&ssl=1","width":350,"height":200},"classes":[]}],"jetpack_sharing_enabled":true,"_links":{"self":[{"href":"https:\/\/kotrla.com\/pmpro\/wp-json\/wp\/v2\/posts\/232","targetHints":{"allow":["GET"]}}],"collection":[{"href":"https:\/\/kotrla.com\/pmpro\/wp-json\/wp\/v2\/posts"}],"about":[{"href":"https:\/\/kotrla.com\/pmpro\/wp-json\/wp\/v2\/types\/post"}],"author":[{"embeddable":true,"href":"https:\/\/kotrla.com\/pmpro\/wp-json\/wp\/v2\/users\/1"}],"replies":[{"embeddable":true,"href":"https:\/\/kotrla.com\/pmpro\/wp-json\/wp\/v2\/comments?post=232"}],"version-history":[{"count":0,"href":"https:\/\/kotrla.com\/pmpro\/wp-json\/wp\/v2\/posts\/232\/revisions"}],"wp:attachment":[{"href":"https:\/\/kotrla.com\/pmpro\/wp-json\/wp\/v2\/media?parent=232"}],"wp:term":[{"taxonomy":"category","embeddable":true,"href":"https:\/\/kotrla.com\/pmpro\/wp-json\/wp\/v2\/categories?post=232"},{"taxonomy":"post_tag","embeddable":true,"href":"https:\/\/kotrla.com\/pmpro\/wp-json\/wp\/v2\/tags?post=232"}],"curies":[{"name":"wp","href":"https:\/\/api.w.org\/{rel}","templated":true}]}}