{"id":2324,"date":"2015-03-19T20:21:33","date_gmt":"2015-03-19T19:21:33","guid":{"rendered":"http:\/\/kotrla.com\/pmpro\/?p=2324"},"modified":"2019-11-20T22:44:19","modified_gmt":"2019-11-20T21:44:19","slug":"robert-golan-cesty-bez-svodidel","status":"publish","type":"post","link":"https:\/\/kotrla.com\/pmpro\/2015\/03\/robert-golan-cesty-bez-svodidel\/","title":{"rendered":"Robert Gol\u00e1\u0148 \u2013 Cesty bez svodidel"},"content":{"rendered":"<p>1. dubna 2015 bude v galerii S\u00fdpka zah\u00e1jena vernis\u00e1\u017e fotografi\u00ed m\u00e9ho kamar\u00e1da\u00a0\u00a0<a title=\"Robert Gol\u00e1\u0148 - Cesty bez svodidel\" href=\"http:\/\/galerie.kzvalmez.cz\/vystavy-sypka\/aktualni\/Robert-Golan\/\">Roberta Gol\u00e1n\u011b\u00a0\u2013 Cesty bez svodidel<\/a>.\u00a0Jeho tvorbu si m\u016f\u017eete prohl\u00e9dnout na str\u00e1nk\u00e1ch <a href=\"http:\/\/robertgolan.cz\">robertgolan.cz<\/a><\/p>\n<p><a href=\"https:\/\/kotrla.com\/pmpro\/wp-content\/uploads\/2015\/03\/rg_cesty_bez_svodidel.jpg\"><img loading=\"lazy\" decoding=\"async\" class=\"alignnone size-full wp-image-2325\" src=\"https:\/\/kotrla.com\/pmpro\/wp-content\/uploads\/2015\/03\/rg_cesty_bez_svodidel.jpg\" alt=\"rg_cesty_bez_svodidel\" width=\"345\" height=\"230\" srcset=\"https:\/\/kotrla.com\/pmpro\/wp-content\/uploads\/2015\/03\/rg_cesty_bez_svodidel.jpg 345w, https:\/\/kotrla.com\/pmpro\/wp-content\/uploads\/2015\/03\/rg_cesty_bez_svodidel-300x200.jpg 300w\" sizes=\"auto, (max-width: 345px) 100vw, 345px\" \/><\/a><\/p>\n","protected":false},"excerpt":{"rendered":"<p>1. dubna 2015 bude v galerii S\u00fdpka zah\u00e1jena vernis\u00e1\u017e fotografi\u00ed m\u00e9ho kamar\u00e1da\u00a0\u00a0Roberta Gol\u00e1n\u011b\u00a0\u2013 Cesty bez svodidel.\u00a0Jeho tvorbu si m\u016f\u017eete prohl\u00e9dnout na str\u00e1nk\u00e1ch robertgolan.cz<\/p>\n","protected":false},"author":1,"featured_media":0,"comment_status":"open","ping_status":"open","sticky":false,"template":"","format":"standard","meta":{"site-sidebar-layout":"default","site-content-layout":"","ast-site-content-layout":"default","site-content-style":"default","site-sidebar-style":"default","ast-global-header-display":"","ast-banner-title-visibility":"","ast-main-header-display":"","ast-hfb-above-header-display":"","ast-hfb-below-header-display":"","ast-hfb-mobile-header-display":"","site-post-title":"","ast-breadcrumbs-content":"","ast-featured-img":"","footer-sml-layout":"","ast-disable-related-posts":"","theme-transparent-header-meta":"","adv-header-id-meta":"","stick-header-meta":"","header-above-stick-meta":"","header-main-stick-meta":"","header-below-stick-meta":"","astra-migrate-meta-layouts":"default","ast-page-background-enabled":"default","ast-page-background-meta":{"desktop":{"background-color":"var(--ast-global-color-5)","background-image":"","background-repeat":"repeat","background-position":"center center","background-size":"auto","background-attachment":"scroll","background-type":"","background-media":"","overlay-type":"","overlay-color":"","overlay-opacity":"","overlay-gradient":""},"tablet":{"background-color":"","background-image":"","background-repeat":"repeat","background-position":"center center","background-size":"auto","background-attachment":"scroll","background-type":"","background-media":"","overlay-type":"","overlay-color":"","overlay-opacity":"","overlay-gradient":""},"mobile":{"background-color":"","background-image":"","background-repeat":"repeat","background-position":"center center","background-size":"auto","background-attachment":"scroll","background-type":"","background-media":"","overlay-type":"","overlay-color":"","overlay-opacity":"","overlay-gradient":""}},"ast-content-background-meta":{"desktop":{"background-color":"var(--ast-global-color-4)","background-image":"","background-repeat":"repeat","background-position":"center center","background-size":"auto","background-attachment":"scroll","background-type":"","background-media":"","overlay-type":"","overlay-color":"","overlay-opacity":"","overlay-gradient":""},"tablet":{"background-color":"var(--ast-global-color-4)","background-image":"","background-repeat":"repeat","background-position":"center center","background-size":"auto","background-attachment":"scroll","background-type":"","background-media":"","overlay-type":"","overlay-color":"","overlay-opacity":"","overlay-gradient":""},"mobile":{"background-color":"var(--ast-global-color-4)","background-image":"","background-repeat":"repeat","background-position":"center center","background-size":"auto","background-attachment":"scroll","background-type":"","background-media":"","overlay-type":"","overlay-color":"","overlay-opacity":"","overlay-gradient":""}},"jetpack_post_was_ever_published":false,"_jetpack_newsletter_access":"","_jetpack_dont_email_post_to_subs":false,"_jetpack_newsletter_tier_id":0,"_jetpack_memberships_contains_paywalled_content":false,"_jetpack_memberships_contains_paid_content":false,"footnotes":""},"categories":[7],"tags":[],"class_list":["post-2324","post","type-post","status-publish","format-standard","hentry","category-fotografie"],"jetpack_featured_media_url":"","jetpack_shortlink":"https:\/\/wp.me\/p4mLP7-Bu","jetpack-related-posts":[{"id":570,"url":"https:\/\/kotrla.com\/pmpro\/2006\/04\/davne-cesty-davnych-kapitanu\/","url_meta":{"origin":2324,"position":0},"title":"D\u00e1vn\u00e9 cesty d\u00e1vn\u00fdch kapit\u00e1n\u016f","author":"Pavel Kotrla","date":"20.4.2006","format":false,"excerpt":"http:\/\/www.aerenlund.dk\/helte\/index.html","rel":"","context":"V \u201eInternet\u201c","block_context":{"text":"Internet","link":"https:\/\/kotrla.com\/pmpro\/category\/internet\/"},"img":{"alt_text":"image","src":"https:\/\/i0.wp.com\/kotrla.com\/pmpro\/images\/uploads\/jens_munk_vinterhavn.jpg?resize=350%2C200&ssl=1","width":350,"height":200},"classes":[]},{"id":7080,"url":"https:\/\/kotrla.com\/pmpro\/2021\/02\/v-zaklete-zemi-na-konci-cesty\/","url_meta":{"origin":2324,"position":1},"title":"V zaklet\u00e9 zemi na konci cesty","author":"Pavel Kotrla","date":"11.2.2021","format":false,"excerpt":"","rel":"","context":"V \u201eFotografie\u201c","block_context":{"text":"Fotografie","link":"https:\/\/kotrla.com\/pmpro\/category\/fotografie\/"},"img":{"alt_text":"","src":"https:\/\/i0.wp.com\/kotrla.com\/pmpro\/wp-content\/uploads\/2021\/02\/v_zaklete_zemi_na_konci_cesty_IMGP9153.jpg?resize=350%2C200&ssl=1","width":350,"height":200,"srcset":"https:\/\/i0.wp.com\/kotrla.com\/pmpro\/wp-content\/uploads\/2021\/02\/v_zaklete_zemi_na_konci_cesty_IMGP9153.jpg?resize=350%2C200&ssl=1 1x, https:\/\/i0.wp.com\/kotrla.com\/pmpro\/wp-content\/uploads\/2021\/02\/v_zaklete_zemi_na_konci_cesty_IMGP9153.jpg?resize=525%2C300&ssl=1 1.5x, https:\/\/i0.wp.com\/kotrla.com\/pmpro\/wp-content\/uploads\/2021\/02\/v_zaklete_zemi_na_konci_cesty_IMGP9153.jpg?resize=700%2C400&ssl=1 2x, https:\/\/i0.wp.com\/kotrla.com\/pmpro\/wp-content\/uploads\/2021\/02\/v_zaklete_zemi_na_konci_cesty_IMGP9153.jpg?resize=1050%2C600&ssl=1 3x, https:\/\/i0.wp.com\/kotrla.com\/pmpro\/wp-content\/uploads\/2021\/02\/v_zaklete_zemi_na_konci_cesty_IMGP9153.jpg?resize=1400%2C800&ssl=1 4x"},"classes":[]},{"id":4514,"url":"https:\/\/kotrla.com\/pmpro\/2019\/07\/20-malirske-cesty-kolem-solane\/","url_meta":{"origin":2324,"position":2},"title":"20. mal\u00ed\u0159sk\u00e9 cesty kolem Sol\u00e1n\u011b","author":"Pavel Kotrla","date":"1.7.2019","format":false,"excerpt":"V sobotu byl zah\u00e1jen ji\u017e dvac\u00e1t\u00fd ro\u010dn\u00edk Mal\u00ed\u0159sk\u00fdch cest kolem Sol\u00e1n\u011b. Aspo\u0148 n\u011bkolik fotek ze zah\u00e1jen\u00ed v amfite\u00e1tru ateli\u00e9ru u Hofman\u016f, kdy zahr\u00e1la v hork\u00e9m odpoledni Noca. Program pokra\u010doval ve Zvonici, na jej\u00edch str\u00e1nk\u00e1ch naleznete program prob\u00edhaj\u00edc\u00edch v\u00fdstav, kde bylo ale lidmi tak nabito, \u017ee nem\u011blo ani cenu vytahovat fo\u0165\u00e1k,\u2026","rel":"","context":"V \u201eOsobn\u00ed\u201c","block_context":{"text":"Osobn\u00ed","link":"https:\/\/kotrla.com\/pmpro\/category\/osobni\/"},"img":{"alt_text":"","src":"https:\/\/i0.wp.com\/kotrla.com\/pmpro\/wp-content\/uploads\/2019\/07\/20_malirske_cesty_solan_IMGP2335-150x150.jpg?resize=350%2C200&ssl=1","width":350,"height":200,"srcset":"https:\/\/i0.wp.com\/kotrla.com\/pmpro\/wp-content\/uploads\/2019\/07\/20_malirske_cesty_solan_IMGP2335-150x150.jpg?resize=350%2C200&ssl=1 1x, https:\/\/i0.wp.com\/kotrla.com\/pmpro\/wp-content\/uploads\/2019\/07\/20_malirske_cesty_solan_IMGP2335-150x150.jpg?resize=525%2C300&ssl=1 1.5x, https:\/\/i0.wp.com\/kotrla.com\/pmpro\/wp-content\/uploads\/2019\/07\/20_malirske_cesty_solan_IMGP2335-150x150.jpg?resize=700%2C400&ssl=1 2x, https:\/\/i0.wp.com\/kotrla.com\/pmpro\/wp-content\/uploads\/2019\/07\/20_malirske_cesty_solan_IMGP2335-150x150.jpg?resize=1050%2C600&ssl=1 3x, https:\/\/i0.wp.com\/kotrla.com\/pmpro\/wp-content\/uploads\/2019\/07\/20_malirske_cesty_solan_IMGP2335-150x150.jpg?resize=1400%2C800&ssl=1 4x"},"classes":[]},{"id":1141,"url":"https:\/\/kotrla.com\/pmpro\/2003\/12\/stari-dobri-emily-dickinsonova-xvi\/","url_meta":{"origin":2324,"position":3},"title":"STA\u0158\u00cd DOB\u0158\u00cd: Emily Dickinsonov\u00e1 (XVI.)","author":"Pavel Kotrla","date":"7.12.2003","format":false,"excerpt":"Americk\u00e1 b\u00e1sn\u00ed\u0159ka Emily Dickinsonov\u00e1 (1830 - 1886) pat\u0159\u00ed k m\u00fdm obl\u00edben\u00fdm. V\u011bt\u0161ina b\u00e1sn\u00ed byla publikov\u00e1na po jej\u00ed smrti, prvn\u00ed t\u0159i svaze\u010dky v letech 1890 a\u017e 1896. MOZEK SV\u00ddM \u017dL\u00c1BKEM JDE Mozek sv\u00fdm \u017el\u00e1bkem jde klidn\u011b a bez chyby. V\u0161ak t\u0159\u00edska vzp\u0159\u00ed\u010d\u00ed se - a snaz\u0161\u00ed bylo by zahnati vody zp\u011bt,\u2026","rel":"","context":"V \u201eSta\u0159\u00ed dob\u0159\u00ed\u201c","block_context":{"text":"Sta\u0159\u00ed dob\u0159\u00ed","link":"https:\/\/kotrla.com\/pmpro\/category\/stari-dobri\/"},"img":{"alt_text":"","src":"","width":0,"height":0},"classes":[]},{"id":94,"url":"https:\/\/kotrla.com\/pmpro\/2012\/06\/krest-knihy-kulturni-dedictvi-solane-a-jeho-okoli\/","url_meta":{"origin":2324,"position":4},"title":"K\u0159est knihy Kulturn\u00ed d\u011bdictv\u00ed Sol\u00e1n\u011b a jeho okol\u00ed","author":"Pavel Kotrla","date":"17.6.2012","format":false,"excerpt":"V sobotu 23. \u010dervna 2012 v 15.30 se ve Zvonici na Sol\u00e1ni uskute\u010dn\u00ed k\u0159est knihy Kulturn\u00ed d\u011bdictv\u00ed Sol\u00e1n\u011b a jeho okol\u00ed, a to v r\u00e1mci akce 13. Mal\u00ed\u0159sk\u00e9 cesty kolem Sol\u00e1n\u011b.","rel":"","context":"V \u201eOsobn\u00ed\u201c","block_context":{"text":"Osobn\u00ed","link":"https:\/\/kotrla.com\/pmpro\/category\/osobni\/"},"img":{"alt_text":"13. Mal\u00ed\u0159sk\u00e9 cesty kolem Sol\u00e1n\u011b","src":"https:\/\/i0.wp.com\/kotrla.com\/pmpro\/images\/uploads\/malirske_cesty_2012.jpg?resize=350%2C200&ssl=1","width":350,"height":200},"classes":[]},{"id":912,"url":"https:\/\/kotrla.com\/pmpro\/2004\/09\/selmy-na-vylete\/","url_meta":{"origin":2324,"position":5},"title":"\u0160elmy na v\u00fdlet\u011b","author":"Pavel Kotrla","date":"27.9.2004","format":false,"excerpt":"...z cesty autobusem.","rel":"","context":"V \u201eNeza\u0159azen\u00e9\u201c","block_context":{"text":"Neza\u0159azen\u00e9","link":"https:\/\/kotrla.com\/pmpro\/category\/nezarazene\/"},"img":{"alt_text":"\u0160elmy na v\u00fdlet\u011b","src":"https:\/\/i0.wp.com\/kotrla.com\/pmpro\/images\/uploads\/selmy_na_vylete.jpg?resize=350%2C200&ssl=1","width":350,"height":200},"classes":[]}],"jetpack_sharing_enabled":true,"_links":{"self":[{"href":"https:\/\/kotrla.com\/pmpro\/wp-json\/wp\/v2\/posts\/2324","targetHints":{"allow":["GET"]}}],"collection":[{"href":"https:\/\/kotrla.com\/pmpro\/wp-json\/wp\/v2\/posts"}],"about":[{"href":"https:\/\/kotrla.com\/pmpro\/wp-json\/wp\/v2\/types\/post"}],"author":[{"embeddable":true,"href":"https:\/\/kotrla.com\/pmpro\/wp-json\/wp\/v2\/users\/1"}],"replies":[{"embeddable":true,"href":"https:\/\/kotrla.com\/pmpro\/wp-json\/wp\/v2\/comments?post=2324"}],"version-history":[{"count":0,"href":"https:\/\/kotrla.com\/pmpro\/wp-json\/wp\/v2\/posts\/2324\/revisions"}],"wp:attachment":[{"href":"https:\/\/kotrla.com\/pmpro\/wp-json\/wp\/v2\/media?parent=2324"}],"wp:term":[{"taxonomy":"category","embeddable":true,"href":"https:\/\/kotrla.com\/pmpro\/wp-json\/wp\/v2\/categories?post=2324"},{"taxonomy":"post_tag","embeddable":true,"href":"https:\/\/kotrla.com\/pmpro\/wp-json\/wp\/v2\/tags?post=2324"}],"curies":[{"name":"wp","href":"https:\/\/api.w.org\/{rel}","templated":true}]}}