{"id":2329,"date":"2015-04-10T09:58:42","date_gmt":"2015-04-10T08:58:42","guid":{"rendered":"http:\/\/kotrla.com\/pmpro\/?p=2329"},"modified":"2019-11-20T22:44:19","modified_gmt":"2019-11-20T21:44:19","slug":"po-stopach-josefa-capka-29-4-2015","status":"publish","type":"post","link":"https:\/\/kotrla.com\/pmpro\/2015\/04\/po-stopach-josefa-capka-29-4-2015\/","title":{"rendered":"Po stop\u00e1ch Josefa \u010capka (29. 4. 2015)"},"content":{"rendered":"<p><a href=\"https:\/\/kotrla.com\/pmpro\/wp-content\/uploads\/2015\/04\/po_stopach_josefa_capka.jpg\"><img loading=\"lazy\" decoding=\"async\" class=\"alignnone size-full wp-image-2330\" src=\"https:\/\/kotrla.com\/pmpro\/wp-content\/uploads\/2015\/04\/po_stopach_josefa_capka.jpg\" alt=\"Po stop\u00e1ch Josefa \u010capka\" width=\"1143\" height=\"800\" srcset=\"https:\/\/kotrla.com\/pmpro\/wp-content\/uploads\/2015\/04\/po_stopach_josefa_capka.jpg 1143w, https:\/\/kotrla.com\/pmpro\/wp-content\/uploads\/2015\/04\/po_stopach_josefa_capka-300x210.jpg 300w, https:\/\/kotrla.com\/pmpro\/wp-content\/uploads\/2015\/04\/po_stopach_josefa_capka-1024x717.jpg 1024w\" sizes=\"auto, (max-width: 1143px) 100vw, 1143px\" \/><\/a><\/p>\n<p>V\u00edce na str\u00e1nk\u00e1ch <a href=\"http:\/\/www.dkvsetin.cz\/\">Domu kultury Vset\u00edn<\/a>.<\/p>\n","protected":false},"excerpt":{"rendered":"<p>V\u00edce na str\u00e1nk\u00e1ch Domu kultury Vset\u00edn.<\/p>\n","protected":false},"author":1,"featured_media":0,"comment_status":"open","ping_status":"open","sticky":false,"template":"","format":"standard","meta":{"site-sidebar-layout":"default","site-content-layout":"","ast-site-content-layout":"default","site-content-style":"default","site-sidebar-style":"default","ast-global-header-display":"","ast-banner-title-visibility":"","ast-main-header-display":"","ast-hfb-above-header-display":"","ast-hfb-below-header-display":"","ast-hfb-mobile-header-display":"","site-post-title":"","ast-breadcrumbs-content":"","ast-featured-img":"","footer-sml-layout":"","ast-disable-related-posts":"","theme-transparent-header-meta":"","adv-header-id-meta":"","stick-header-meta":"","header-above-stick-meta":"","header-main-stick-meta":"","header-below-stick-meta":"","astra-migrate-meta-layouts":"default","ast-page-background-enabled":"default","ast-page-background-meta":{"desktop":{"background-color":"var(--ast-global-color-5)","background-image":"","background-repeat":"repeat","background-position":"center center","background-size":"auto","background-attachment":"scroll","background-type":"","background-media":"","overlay-type":"","overlay-color":"","overlay-opacity":"","overlay-gradient":""},"tablet":{"background-color":"","background-image":"","background-repeat":"repeat","background-position":"center center","background-size":"auto","background-attachment":"scroll","background-type":"","background-media":"","overlay-type":"","overlay-color":"","overlay-opacity":"","overlay-gradient":""},"mobile":{"background-color":"","background-image":"","background-repeat":"repeat","background-position":"center center","background-size":"auto","background-attachment":"scroll","background-type":"","background-media":"","overlay-type":"","overlay-color":"","overlay-opacity":"","overlay-gradient":""}},"ast-content-background-meta":{"desktop":{"background-color":"var(--ast-global-color-4)","background-image":"","background-repeat":"repeat","background-position":"center center","background-size":"auto","background-attachment":"scroll","background-type":"","background-media":"","overlay-type":"","overlay-color":"","overlay-opacity":"","overlay-gradient":""},"tablet":{"background-color":"var(--ast-global-color-4)","background-image":"","background-repeat":"repeat","background-position":"center center","background-size":"auto","background-attachment":"scroll","background-type":"","background-media":"","overlay-type":"","overlay-color":"","overlay-opacity":"","overlay-gradient":""},"mobile":{"background-color":"var(--ast-global-color-4)","background-image":"","background-repeat":"repeat","background-position":"center center","background-size":"auto","background-attachment":"scroll","background-type":"","background-media":"","overlay-type":"","overlay-color":"","overlay-opacity":"","overlay-gradient":""}},"jetpack_post_was_ever_published":false,"_jetpack_newsletter_access":"","_jetpack_dont_email_post_to_subs":false,"_jetpack_newsletter_tier_id":0,"_jetpack_memberships_contains_paywalled_content":false,"_jetpack_memberships_contains_paid_content":false,"footnotes":""},"categories":[2,3],"tags":[],"class_list":["post-2329","post","type-post","status-publish","format-standard","hentry","category-literatura","category-osobni"],"jetpack_featured_media_url":"","jetpack_shortlink":"https:\/\/wp.me\/p4mLP7-Bz","jetpack-related-posts":[{"id":45,"url":"https:\/\/kotrla.com\/pmpro\/2013\/05\/noc-literatury-poprve-ve-vsetine\/","url_meta":{"origin":2329,"position":0},"title":"Noc literatury poprv\u00e9 ve Vset\u00edn\u011b","author":"Pavel Kotrla","date":"3.5.2013","format":false,"excerpt":"Prost\u011b si n\u00e1s p\u0159ij\u010fte poslechnout... V\u00edce a souvisej\u00edc\u00ed na n\u00e1sleduj\u00edc\u00edch str\u00e1nk\u00e1ch: http:\/\/www.mvk.cz\/knihovna\/vsetin\/co-se-deje-10037\/?ID=10396&datum=2013-05#stay http:\/\/www.literaturenights.eu\/2013\/city\/prague\/page\/accompanying-program\/libraries\/?lang=cs https:\/\/www.facebook.com\/Noci.Literatury","rel":"","context":"V \u201eLiteratura\u201c","block_context":{"text":"Literatura","link":"https:\/\/kotrla.com\/pmpro\/category\/literatura\/"},"img":{"alt_text":"","src":"","width":0,"height":0},"classes":[]},{"id":1946,"url":"https:\/\/kotrla.com\/pmpro\/2014\/04\/noc-literatury-ve-vsetine-aneb-tri-opic\/","url_meta":{"origin":2329,"position":1},"title":"Noc literatury ve Vset\u00edn\u011b (aneb do T\u0159\u00ed opic!)","author":"Pavel Kotrla","date":"29.4.2014","format":false,"excerpt":"Spole\u010dn\u011b s Adamem Borzi\u010dem \u010dteme\u00a014. kv\u011btna v 18:00 u T\u0159\u00ed opic.\u00a0\u00a0Dal\u0161\u00ed dv\u011b sc\u00e9ny najdete v Masarykov\u011b knihovn\u011b a v hasi\u010dsk\u00e9 zbrojnici. Na p\u0159ech\u00e1zen\u00ed to nebude daleko. V\u00edce o cel\u00e9 akci na str\u00e1nk\u00e1ch \u00a0Noci literatury.\u00a0","rel":"","context":"V \u201eLiteratura\u201c","block_context":{"text":"Literatura","link":"https:\/\/kotrla.com\/pmpro\/category\/literatura\/"},"img":{"alt_text":"","src":"https:\/\/i0.wp.com\/kotrla.com\/pmpro\/wp-content\/uploads\/2014\/04\/noc-literatury-2014-vsetin.jpg?resize=350%2C200&ssl=1","width":350,"height":200,"srcset":"https:\/\/i0.wp.com\/kotrla.com\/pmpro\/wp-content\/uploads\/2014\/04\/noc-literatury-2014-vsetin.jpg?resize=350%2C200&ssl=1 1x, https:\/\/i0.wp.com\/kotrla.com\/pmpro\/wp-content\/uploads\/2014\/04\/noc-literatury-2014-vsetin.jpg?resize=525%2C300&ssl=1 1.5x"},"classes":[]},{"id":211,"url":"https:\/\/kotrla.com\/pmpro\/2010\/04\/2-clenska-vystava-fotografii-fotoklubu-vsetin\/","url_meta":{"origin":2329,"position":2},"title":"2. \u010clensk\u00e1 v\u00fdstava fotografi\u00ed Fotoklubu Vset\u00edn","author":"Pavel Kotrla","date":"28.4.2010","format":false,"excerpt":"V\u00edce informac\u00ed na str\u00e1nk\u00e1ch fotoklubu","rel":"","context":"V \u201eFotografie\u201c","block_context":{"text":"Fotografie","link":"https:\/\/kotrla.com\/pmpro\/category\/fotografie\/"},"img":{"alt_text":"image","src":"https:\/\/i0.wp.com\/kotrla.com\/pmpro\/images\/uploads\/fotoklub_2_vystava.jpg?resize=350%2C200&ssl=1","width":350,"height":200},"classes":[]},{"id":56,"url":"https:\/\/kotrla.com\/pmpro\/2013\/03\/literarni-jaro-ve-vsetine-2013\/","url_meta":{"origin":2329,"position":3},"title":"Liter\u00e1rn\u00ed jaro ve Vset\u00edn\u011b 2013","author":"Pavel Kotrla","date":"4.3.2013","format":false,"excerpt":"V r\u00e1mci \u010dtvrt\u00e9ho ro\u010dn\u00edku vset\u00ednsk\u00e9ho liter\u00e1rn\u00edho festivali tentokr\u00e1t uv\u00e1d\u00edm dv\u011b setk\u00e1n\u00ed. Ji\u017e tento \u010dtvrtek 7. 3. se v 17 hod. m\u016f\u017eeme spole\u010dn\u011b setkat v Masarykov\u011b ve\u0159ejn\u00e9 knihovn\u011b, kde bude hostem zn\u00e1m\u00fd b\u00e1sn\u00edk a liter\u00e1rn\u00ed historik Petr Hru\u0161ka. Petrov\u00fdm hostem ve\u010dera, kter\u00fdm hudebn\u011b doprov\u00e1z\u00ed Le\u017e\u00e9rn\u011b a vle\u017ee, bude Jakub Chrob\u00e1k. Ve\u2026","rel":"","context":"V \u201eLiteratura\u201c","block_context":{"text":"Literatura","link":"https:\/\/kotrla.com\/pmpro\/category\/literatura\/"},"img":{"alt_text":"","src":"","width":0,"height":0},"classes":[]},{"id":111,"url":"https:\/\/kotrla.com\/pmpro\/2012\/02\/literarni-festival-2012-vsetin\/","url_meta":{"origin":2329,"position":4},"title":"Liter\u00e1rn\u00ed festival 2012 (Vset\u00edn)","author":"Pavel Kotrla","date":"26.2.2012","format":false,"excerpt":"Vset\u00ednsk\u00fd liter\u00e1rn\u00ed festival (p\u0159\u00edpadn\u011b na Facebooku) za\u010d\u00edn\u00e1 ji\u017e ve \u010dtvrtek. V jeho r\u00e1mci uv\u00e1d\u00edm t\u0159i liter\u00e1rn\u00ed ve\u010dery. 11. 4. \u2013 Kate\u0159ina Tu\u010dkov\u00e1 http:\/\/www.katerina-tuckova.cz Autorka prozaick\u00fdch knih (Montespani\u00e1da, Vyhn\u00e1n\u00ed Gerty Schnirch, \u017d\u00edtkovsk\u00e9 bohyn\u011b) a \u0159ady odborn\u00fdch publikac\u00ed z oblasti um\u011bn\u00ed. 12. 4. \u2013 Radka Denemarkov\u00e1 - NOV\u00dd TERM\u00cdN Autorka n\u011bkolika v\u00fdrazn\u00fdch\u2026","rel":"","context":"V \u201eLiteratura\u201c","block_context":{"text":"Literatura","link":"https:\/\/kotrla.com\/pmpro\/category\/literatura\/"},"img":{"alt_text":"Liter\u00e1rn\u00ed festival 2012 (Vset\u00edn)","src":"https:\/\/i0.wp.com\/kotrla.com\/pmpro\/images\/uploads\/literarni_festival_vsetin_2012.jpg?resize=350%2C200&ssl=1","width":350,"height":200},"classes":[]},{"id":9789,"url":"https:\/\/kotrla.com\/pmpro\/2022\/08\/lucie-redlova-garde\/","url_meta":{"origin":2329,"position":5},"title":"Lucie Redlov\u00e1 &#038; Garde","author":"Pavel Kotrla","date":"26.8.2022","format":false,"excerpt":"Po del\u0161\u00ed dob\u011b na koncert\u011b. Lucie Redlov\u00e1 spolu s doprovodnou kapelou Garde (Ivan Trp\u00edk, Milan Kratochv\u00edl) p\u0159edstavila ve \u010dtvrtek 25. srpna 2022 na vset\u00ednsk\u00e9m Doln\u00edm n\u00e1m\u011bst\u00ed nov\u00e9 album Lidov\u00e1 Redlov\u00e1. Koncert se uskute\u010dnil v r\u00e1mci Vset\u00ednsk\u00e9ho kulturn\u00edho l\u00e9ta, kter\u00e9 po\u0159\u00e1d\u00e1 D\u016fm kultury Vset\u00edn. Pot\u011b\u0161ilo.","rel":"","context":"V \u201eFotografie\u201c","block_context":{"text":"Fotografie","link":"https:\/\/kotrla.com\/pmpro\/category\/fotografie\/"},"img":{"alt_text":"","src":"https:\/\/i0.wp.com\/kotrla.com\/pmpro\/wp-content\/uploads\/2022\/08\/redlova_garde_IMGP1942-150x150.jpg?resize=350%2C200&ssl=1","width":350,"height":200,"srcset":"https:\/\/i0.wp.com\/kotrla.com\/pmpro\/wp-content\/uploads\/2022\/08\/redlova_garde_IMGP1942-150x150.jpg?resize=350%2C200&ssl=1 1x, https:\/\/i0.wp.com\/kotrla.com\/pmpro\/wp-content\/uploads\/2022\/08\/redlova_garde_IMGP1942-150x150.jpg?resize=525%2C300&ssl=1 1.5x, https:\/\/i0.wp.com\/kotrla.com\/pmpro\/wp-content\/uploads\/2022\/08\/redlova_garde_IMGP1942-150x150.jpg?resize=700%2C400&ssl=1 2x, https:\/\/i0.wp.com\/kotrla.com\/pmpro\/wp-content\/uploads\/2022\/08\/redlova_garde_IMGP1942-150x150.jpg?resize=1050%2C600&ssl=1 3x, https:\/\/i0.wp.com\/kotrla.com\/pmpro\/wp-content\/uploads\/2022\/08\/redlova_garde_IMGP1942-150x150.jpg?resize=1400%2C800&ssl=1 4x"},"classes":[]}],"jetpack_sharing_enabled":true,"_links":{"self":[{"href":"https:\/\/kotrla.com\/pmpro\/wp-json\/wp\/v2\/posts\/2329","targetHints":{"allow":["GET"]}}],"collection":[{"href":"https:\/\/kotrla.com\/pmpro\/wp-json\/wp\/v2\/posts"}],"about":[{"href":"https:\/\/kotrla.com\/pmpro\/wp-json\/wp\/v2\/types\/post"}],"author":[{"embeddable":true,"href":"https:\/\/kotrla.com\/pmpro\/wp-json\/wp\/v2\/users\/1"}],"replies":[{"embeddable":true,"href":"https:\/\/kotrla.com\/pmpro\/wp-json\/wp\/v2\/comments?post=2329"}],"version-history":[{"count":0,"href":"https:\/\/kotrla.com\/pmpro\/wp-json\/wp\/v2\/posts\/2329\/revisions"}],"wp:attachment":[{"href":"https:\/\/kotrla.com\/pmpro\/wp-json\/wp\/v2\/media?parent=2329"}],"wp:term":[{"taxonomy":"category","embeddable":true,"href":"https:\/\/kotrla.com\/pmpro\/wp-json\/wp\/v2\/categories?post=2329"},{"taxonomy":"post_tag","embeddable":true,"href":"https:\/\/kotrla.com\/pmpro\/wp-json\/wp\/v2\/tags?post=2329"}],"curies":[{"name":"wp","href":"https:\/\/api.w.org\/{rel}","templated":true}]}}