{"id":233,"date":"2009-12-26T19:20:27","date_gmt":"2009-12-26T18:20:27","guid":{"rendered":"http:\/\/kotrla.com\/wordpress\/?p=233"},"modified":"2019-11-20T22:39:20","modified_gmt":"2019-11-20T21:39:20","slug":"moje-kniha-roku","status":"publish","type":"post","link":"https:\/\/kotrla.com\/pmpro\/2009\/12\/moje-kniha-roku\/","title":{"rendered":"Moje kniha roku?"},"content":{"rendered":"<p><a href=\"http:\/\/www.lidovky.cz\/ceske-osobnosti-vybraly-v-ankete-ln-knihu-roku-2009-f7c-\/ln_kultura.asp?c=A091215_121041_ln_kultura_tsh\">Tradi\u010dn\u00ed anketu Lidov\u00fdch novin<\/a> m\u00e1m celkem r\u00e1d. Mal\u00e9 srovn\u00e1n\u00ed toho, co \u010dtou druz\u00ed a co by mi mo\u017en\u00e1 jinak uniklo je u\u017eite\u010dn\u00e9 a p\u0159\u00ednosn\u00e9. No, v\u00fdsledek leto\u0161n\u00ed ankety mne tro\u0161ku p\u0159ekvapil. Samoz\u0159ejm\u011b, z druh\u00e9ho m\u00edsta Se\u0161it\u016f m\u00e1m radost, ale z prvn\u00edho &#8211; ocen\u011bn\u00ed B\u00e1sn\u00ed a Pov\u00eddek Josefa Kostohryze &#8211; jsem byl p\u0159ekvapen. V pam\u011bti jsem to jm\u00e9no m\u011bl, i p\u00e1r b\u00e1sn\u00ed od n\u011bj \u010detl. Ale n\u011bjak si nevzpom\u00ednal, \u017ee by zaujaly. Jist\u011b: o t\u011b\u017ek\u00e9m osudu \u017e\u00e1dn\u00e1. Snad tedy o d\u016fvod v\u00edc po letech se vr\u00e1tit a zkusit to znovu.<br \/>\n<img loading=\"lazy\" decoding=\"async\" src=\"https:\/\/kotrla.com\/pmpro\/images\/uploads\/nejlepsi_ceske_basne_2009.jpg\" border=\"0\" alt=\"Nejlep\u0161\u00ed \u010desk\u00e9 b\u00e1sn\u011b 2009\" width=\"150\" height=\"189\" align=\"right\" \/>Ostatn\u011b pr\u00e1v\u011b k tomu mne vyprovokovala kniha, kterou osobn\u011b pova\u017euji za svou knihu roku. Uk\u00e1zala, \u017ee s \u010deskou poezi\u00ed to v uplynul\u00e9m roce v\u011bru nebylo \u0161patn\u00e9. A donutila mne vr\u00e1tit se k text\u016fm, kter\u00e9 u\u017e jednou le\u017eely na m\u00e9m stole. Dovoluji si tedy upozornit na antologii <a href=\"http:\/\/www.nakladatelstvi.hostbrno.cz\/cs\/nakladatelstvi\/poezie\/ostatni\/item-442\">Nejlep\u0161\u00ed \u010desk\u00e9 b\u00e1sn\u011b 2009<\/a>, kterou edi\u010dn\u011b p\u0159ipravili Karel \u0160iktanc a Karel Pioreck\u00fd. Ano, u\u017e to tu bylo, v pades\u00e1t\u00fdch letech, pozd\u011bji pokus v letech sedmdes\u00e1t\u00fdch. Nyn\u00ed tedy znovu. A dob\u0159e. U\u017e dlouho se mi nestalo, abych m\u011bl chu\u0165 nahlas kamar\u00e1d\u016fm p\u0159ed\u010d\u00edtat vybran\u00e9 texty a u\u017e dlouho se nestalo, aby na z\u00e1klad\u011b pr\u00e1v\u011b sly\u0161en\u00e9ho \u0161li a knihu koupili. Po\u0159\u00e1d\u00e1n\u00ed antologi\u00ed a v\u00fdb\u011br\u016f je nevd\u011b\u010dn\u00e1 v\u011bc. A i nyn\u00ed jsem zaslechl hlasy, \u017ee by to \u0161lo jinak. Ur\u010dit\u011b ano, ale pro mne je posta\u010duj\u00edc\u00ed, \u017ee jsem se na n\u011bkolika m\u00edstech s editory zcela se\u0161el. Na jin\u00fdch m\u00edstech mi p\u0159ipravili p\u0159\u00edjemn\u00e9 p\u0159ekvapen\u00ed a \u017ee m\u00edsto n\u011bkolika text\u016f bych za\u0159adil jin\u00e9, je docela p\u0159irozen\u00e9. Ostatn\u011b, p\u0159\u00ed\u0161t\u00ed rok bude m\u00edt p\u0159\u00edle\u017eitost n\u011bkdo jin\u00fd.<br \/>\nZm\u00ednku si zaslou\u017e\u00ed tak\u00e9 samotn\u00e1 \u00faprava knihy, kter\u00e1 je d\u00edlem Martina Peciny, autora typografick\u00fdch sloupk\u016f v \u010dasopise Host a blogu <a href=\"http:\/\/typomil.com\/typofilos\/\">Typofilos<\/a>.<br \/>\nA tak na z\u00e1v\u011br aspo\u0148 jednu za\u0159azenou uk\u00e1zku, b\u00e1se\u0148 <a href=\"http:\/\/radekmaly.flexum.cz\/\">Radka Mal\u00e9ho<\/a> se sb\u00edrky <i>Mal\u00e1 tma<\/i>. Tomu \u0159\u00edk\u00e1m anga\u017eovan\u00e1 poezie par excellence. Mnohovrstv\u00e1. A c\u00edt\u00edte ten smutek?<\/p>\n<p>\n<b>Pr\u0161\u00ed a \u010ce\u0161i opou\u0161t\u011bj\u00ed kempy<\/b> <\/p>\n<p>\u010cas plyne dv\u011bma odli\u0161n\u00fdmi tempy<br \/>\nPr\u0161\u00ed a \u010ce\u0161i opou\u0161t\u011bj\u00ed kempy<br \/>\nDvojhlav\u00e9 karty, plastov\u00fd n\u00e1bytek<br \/>\nNa pl\u00e1\u017ei le\u017e\u00ed od\u017eit\u00fd z\u00e1\u017eitek<\/p>\n<p>Smutn\u00ed jak Srbov\u00e9 uprost\u0159ed Evropy<br \/>\nBez moci, mo\u0159e a Kosova Bez ropy<br \/>\nZav\u00e1la br\u00edza V\u0161ecko ulet\u011blo<br \/>\nA m\u00e1-li Balk\u00e1n du\u0161i, m\u00e1 i t\u011blo?<\/p>\n<p>Kotorsk\u00e9 ko\u010dky, huben\u00e9 a plach\u00e9<br \/>\nzna\u010dkuj\u00ed m\u00edsta na map\u00e1ch sv\u00fdm pachem<br \/>\na kdyby Srbsko stokr\u00e1t cht\u011blo mo\u0159e<br \/>\ndostane jenom jizvy \u010cern\u00e9 Ho\u0159e<\/p>\n<p>Souvisej\u00edc\u00ed:<br \/>\n<a href=\"http:\/\/dezinsky.bloguje.cz\/818855-00133-nejlepsi-ceske-basne.php\">Milan D\u011b\u017einsk\u00fd: Nejlep\u0161\u00ed \u010desk\u00e9 b\u00e1sn\u011b<\/a><br \/>\n<a href=\"http:\/\/lipar.blogspot.com\/2009\/11\/nejlepsi-ceske-basne-2009.html\">Ond\u0159ej Lip\u00e1r: Nejlep\u0161\u00ed \u010desk\u00e9 b\u00e1sn\u011b 2009 &#8211; z\u00e1znam ze k\u0159tu knihy<\/a><br \/>\n<a href=\"http:\/\/www.fleuron.cz\/knihy-a-periodika\/nejlepsi-ceske-basne-2009.html\">Fleuron.cz  (Martin Pecina) &#8211; autor ob\u00e1lky a typografick\u00e9 \u00fapravy knihy<\/a><\/p>\n","protected":false},"excerpt":{"rendered":"<p>Tradi\u010dn\u00ed anketu Lidov\u00fdch novin m\u00e1m celkem r\u00e1d. Mal\u00e9 srovn\u00e1n\u00ed toho, co \u010dtou druz\u00ed a co by mi mo\u017en\u00e1 jinak uniklo je u\u017eite\u010dn\u00e9 a p\u0159\u00ednosn\u00e9. No, v\u00fdsledek leto\u0161n\u00ed ankety mne tro\u0161ku p\u0159ekvapil. Samoz\u0159ejm\u011b, z druh\u00e9ho m\u00edsta Se\u0161it\u016f m\u00e1m radost, ale z prvn\u00edho &#8211; ocen\u011bn\u00ed B\u00e1sn\u00ed a Pov\u00eddek Josefa Kostohryze &#8211; jsem byl p\u0159ekvapen. V pam\u011bti jsem [&hellip;]<\/p>\n","protected":false},"author":1,"featured_media":0,"comment_status":"open","ping_status":"open","sticky":false,"template":"","format":"standard","meta":{"site-sidebar-layout":"default","site-content-layout":"","ast-site-content-layout":"default","site-content-style":"default","site-sidebar-style":"default","ast-global-header-display":"","ast-banner-title-visibility":"","ast-main-header-display":"","ast-hfb-above-header-display":"","ast-hfb-below-header-display":"","ast-hfb-mobile-header-display":"","site-post-title":"","ast-breadcrumbs-content":"","ast-featured-img":"","footer-sml-layout":"","ast-disable-related-posts":"","theme-transparent-header-meta":"","adv-header-id-meta":"","stick-header-meta":"","header-above-stick-meta":"","header-main-stick-meta":"","header-below-stick-meta":"","astra-migrate-meta-layouts":"default","ast-page-background-enabled":"default","ast-page-background-meta":{"desktop":{"background-color":"var(--ast-global-color-5)","background-image":"","background-repeat":"repeat","background-position":"center center","background-size":"auto","background-attachment":"scroll","background-type":"","background-media":"","overlay-type":"","overlay-color":"","overlay-opacity":"","overlay-gradient":""},"tablet":{"background-color":"","background-image":"","background-repeat":"repeat","background-position":"center center","background-size":"auto","background-attachment":"scroll","background-type":"","background-media":"","overlay-type":"","overlay-color":"","overlay-opacity":"","overlay-gradient":""},"mobile":{"background-color":"","background-image":"","background-repeat":"repeat","background-position":"center center","background-size":"auto","background-attachment":"scroll","background-type":"","background-media":"","overlay-type":"","overlay-color":"","overlay-opacity":"","overlay-gradient":""}},"ast-content-background-meta":{"desktop":{"background-color":"var(--ast-global-color-4)","background-image":"","background-repeat":"repeat","background-position":"center center","background-size":"auto","background-attachment":"scroll","background-type":"","background-media":"","overlay-type":"","overlay-color":"","overlay-opacity":"","overlay-gradient":""},"tablet":{"background-color":"var(--ast-global-color-4)","background-image":"","background-repeat":"repeat","background-position":"center center","background-size":"auto","background-attachment":"scroll","background-type":"","background-media":"","overlay-type":"","overlay-color":"","overlay-opacity":"","overlay-gradient":""},"mobile":{"background-color":"var(--ast-global-color-4)","background-image":"","background-repeat":"repeat","background-position":"center center","background-size":"auto","background-attachment":"scroll","background-type":"","background-media":"","overlay-type":"","overlay-color":"","overlay-opacity":"","overlay-gradient":""}},"jetpack_post_was_ever_published":false,"_jetpack_newsletter_access":"","_jetpack_dont_email_post_to_subs":false,"_jetpack_newsletter_tier_id":0,"_jetpack_memberships_contains_paywalled_content":false,"_jetpack_memberships_contains_paid_content":false,"footnotes":""},"categories":[6,2,3],"tags":[],"class_list":["post-233","post","type-post","status-publish","format-standard","hentry","category-ctenarsky-denik","category-literatura","category-osobni"],"jetpack_featured_media_url":"","jetpack_shortlink":"https:\/\/wp.me\/p4mLP7-3L","jetpack-related-posts":[{"id":600,"url":"https:\/\/kotrla.com\/pmpro\/2006\/03\/a2-na-zacatku-brezna\/","url_meta":{"origin":233,"position":0},"title":"A2 na za\u010d\u00e1tku b\u0159ezna","author":"Pavel Kotrla","date":"9.3.2006","format":false,"excerpt":"T\u00fdden\u00edk A2 mi za p\u016flro\u010dn\u00ed dobu sv\u00e9 existence pln\u011b nahradil Liter\u00e1rn\u00ed noviny. Bohu\u017eel mus\u00edm \u0159\u00edct, \u017ee je lhostejn\u011b m\u00edj\u00edm v knihkupectv\u00ed a nic mne nel\u00e1k\u00e1 k jejich koupi. A ani k tomu, abych jimi prolistoval. M\u00edval jsem je r\u00e1d, ale jen z nostalgie je kupovat nebudu. V nov\u00e9 A2 mne\u2026","rel":"","context":"V \u201e\u010cten\u00e1\u0159sk\u00fd den\u00edk\u201c","block_context":{"text":"\u010cten\u00e1\u0159sk\u00fd den\u00edk","link":"https:\/\/kotrla.com\/pmpro\/category\/ctenarsky-denik\/"},"img":{"alt_text":"","src":"","width":0,"height":0},"classes":[]},{"id":11,"url":"https:\/\/kotrla.com\/pmpro\/2014\/01\/slavik-za-mrizi\/","url_meta":{"origin":233,"position":1},"title":"Slav\u00edk za m\u0159\u00ed\u017e\u00ed","author":"Pavel Kotrla","date":"14.1.2014","format":false,"excerpt":"V podstat\u011b jen n\u00e1hoda cht\u011bla tomu, \u017ee jsem do tisku p\u0159ipravoval knihu vset\u00ednsk\u00e9ho autora Ji\u0159\u00edho Mi\u010dka Slav\u00edk za m\u0159\u00ed\u017e\u00ed, kter\u00e1 vy\u0161la v jeho nakladatelstv\u00ed koncem roku. Vlastn\u011b bylo pro mne bylo p\u0159ekvapen\u00edm, jak jm\u00e9no autora, pro mne v tu chv\u00edli zcela nezn\u00e1m\u00e9, tak nakonec i jeho kniha. Ta rom\u00e1novou formou\u2026","rel":"","context":"V \u201eLiteratura\u201c","block_context":{"text":"Literatura","link":"https:\/\/kotrla.com\/pmpro\/category\/literatura\/"},"img":{"alt_text":"Ji\u0159\u00ed Mi\u010dek - Slav\u00edk za m\u0159\u00ed\u017e\u00ed","src":"https:\/\/i0.wp.com\/kotrla.com\/pmpro\/images\/uploads\/jiri_micek_slavik_za_mrizi.jpg?resize=350%2C200&ssl=1","width":350,"height":200},"classes":[]},{"id":9,"url":"https:\/\/kotrla.com\/pmpro\/2014\/01\/ctenar-poezie-ivo-odehnal-saman-k-kancich-hor\/","url_meta":{"origin":233,"position":2},"title":"\u010cten\u00e1\u0159 poezie: Ivo Odehnal &#8211; \u0160aman k Kan\u010d\u00edch hor&#8230;","author":"Pavel Kotrla","date":"22.1.2014","format":false,"excerpt":"B\u00e1snick\u00e1 sb\u00edrka Ivo Odehnala s dlouh\u00fdm n\u00e1zvem \u0160aman z Kan\u010d\u00edch hor pou\u0161t\u00ed \u017e\u00edlou mat\u00fdl\u016fm pam\u011bti, kterou vydalo nakladatelstv\u00ed Sursum koncem lo\u0148sk\u00e9ho roku, sv\u00fdmi dv\u011bma suitami navazuje na b\u00e1sn\u00edkovu p\u0159edchoz\u00ed sb\u00edrku Oho\u0159elec (2006) a tvo\u0159\u00ed s n\u00ed triptych v\u011bnovan\u00fd rodn\u00e9mu kraji \u2013 Vala\u0161sku. Jestli je n\u011bco pro mne s tvorbou Ivo\u2026","rel":"","context":"V \u201e\u010cten\u00e1\u0159sk\u00fd den\u00edk\u201c","block_context":{"text":"\u010cten\u00e1\u0159sk\u00fd den\u00edk","link":"https:\/\/kotrla.com\/pmpro\/category\/ctenarsky-denik\/"},"img":{"alt_text":"Ivo Odehnal \u2013 \u0160aman k Kan\u010d\u00edch hor","src":"https:\/\/i0.wp.com\/kotrla.com\/pmpro\/images\/uploads\/odehnal_saman_z_kancich_hor.jpg?resize=350%2C200&ssl=1","width":350,"height":200},"classes":[]},{"id":322,"url":"https:\/\/kotrla.com\/pmpro\/2008\/10\/z-bloku-04-horke-konce-leta\/","url_meta":{"origin":233,"position":3},"title":"Z bloku 04: Ho\u0159k\u00e9 konce l\u00e9ta","author":"Pavel Kotrla","date":"22.10.2008","format":false,"excerpt":"Sloupek vy\u0161el v Tvaru \u010d. 15 (18.09.2008) P\u016fvodn\u011b jsem cht\u011bl zabrousit ke konkurenci a do oblasti designu a grafick\u00e9 \u00fapravy, proto\u017ee nov\u00e9 Ps\u00ed v\u00edno, kter\u00e9 se v pr\u016fb\u011bhu l\u00e9ta objevilo, mne zastihlo nep\u0159ipraven\u00e9ho a p\u0159ekvapilo u\u017e p\u0159i prvn\u00edm pohledu. Nov\u00e1, pon\u011bkud nesourod\u00e1 a nahodil\u00e1 \u00faprava. Elegance \u00fapravy Petra Palar\u010d\u00edka ta\u2026","rel":"","context":"V \u201eSloupky pro Tvar\u201c","block_context":{"text":"Sloupky pro Tvar","link":"https:\/\/kotrla.com\/pmpro\/category\/sloupky-pro-tvar\/"},"img":{"alt_text":"","src":"","width":0,"height":0},"classes":[]},{"id":1252,"url":"https:\/\/kotrla.com\/pmpro\/2003\/08\/stari-dobri-aloysius-bertrand-iii\/","url_meta":{"origin":233,"position":4},"title":"STA\u0158\u00cd DOB\u0158\u00cd: Aloysius Bertrand (III.)","author":"Pavel Kotrla","date":"23.8.2003","format":false,"excerpt":"SCARBO \u201eA\u017e zem\u0159e\u0161, dostav rozh\u0159e\u0161en\u00ed nebo proklet,\u201c \u0161eptal mi dnes v noci Scarbo do ucha, \u201ebude\u0161 m\u00edt rub\u00e1\u0161 z pavu\u010diny, ba poh\u0159b\u00edm s tebou pavouka.\u201c \u201eAch, nech\u0165 m\u00e1m alespo\u0148 m\u00edsto rub\u00e1\u0161e list osiky, v n\u011bm\u017e m\u011b bude kol\u00e9bat v\u00e1nek z jezera,\u201c odpov\u011bd\u011bl jsem mu s o\u010dima rud\u00fdma, nebo\u0165 jsem tolik\u2026","rel":"","context":"V \u201eSta\u0159\u00ed dob\u0159\u00ed\u201c","block_context":{"text":"Sta\u0159\u00ed dob\u0159\u00ed","link":"https:\/\/kotrla.com\/pmpro\/category\/stari-dobri\/"},"img":{"alt_text":"","src":"","width":0,"height":0},"classes":[]},{"id":10,"url":"https:\/\/kotrla.com\/pmpro\/2014\/01\/ctenar-poezie-bozena-spravcova-strasnice\/","url_meta":{"origin":233,"position":5},"title":"\u010cten\u00e1\u0159 poezie: Bo\u017eena Spr\u00e1vcov\u00e1 &#8211; Stra\u0161nice","author":"Pavel Kotrla","date":"19.1.2014","format":false,"excerpt":"Posledn\u00ed b\u00e1snick\u00e1 sb\u00edrka Bo\u017eeny Spr\u00e1vcov\u00e9 Stra\u0161nice zaujme u\u017e na prvn\u00ed pohled, a to sv\u00fdm uhran\u010div\u00fdm obalem, ze kter\u00e9ho z\u00e1\u0159\u00ed z temnot o\u010di t\u0159\u00ed baskervillsk\u00fdch psisek. Sb\u00edrku je\u0161t\u011b v lo\u0148sk\u00e9m roce vydalo nakladatelstv\u00ed Trigon, ve kter\u00e9m vydala i p\u0159edchoz\u00ed sb\u00edrky Po\u017e\u00e1rn\u00ed kniha a V\u00fdchod. Tentokr\u00e1t se nejedn\u00e1 o jednu skladku, ale\u2026","rel":"","context":"V \u201e\u010cten\u00e1\u0159sk\u00fd den\u00edk\u201c","block_context":{"text":"\u010cten\u00e1\u0159sk\u00fd den\u00edk","link":"https:\/\/kotrla.com\/pmpro\/category\/ctenarsky-denik\/"},"img":{"alt_text":"Bo\u017eena Spr\u00e1vcov\u00e1 - Stra\u0161nice","src":"https:\/\/i0.wp.com\/kotrla.com\/pmpro\/images\/uploads\/bozena_spravcova_strasnice.jpg?resize=350%2C200&ssl=1","width":350,"height":200},"classes":[]}],"jetpack_sharing_enabled":true,"_links":{"self":[{"href":"https:\/\/kotrla.com\/pmpro\/wp-json\/wp\/v2\/posts\/233","targetHints":{"allow":["GET"]}}],"collection":[{"href":"https:\/\/kotrla.com\/pmpro\/wp-json\/wp\/v2\/posts"}],"about":[{"href":"https:\/\/kotrla.com\/pmpro\/wp-json\/wp\/v2\/types\/post"}],"author":[{"embeddable":true,"href":"https:\/\/kotrla.com\/pmpro\/wp-json\/wp\/v2\/users\/1"}],"replies":[{"embeddable":true,"href":"https:\/\/kotrla.com\/pmpro\/wp-json\/wp\/v2\/comments?post=233"}],"version-history":[{"count":0,"href":"https:\/\/kotrla.com\/pmpro\/wp-json\/wp\/v2\/posts\/233\/revisions"}],"wp:attachment":[{"href":"https:\/\/kotrla.com\/pmpro\/wp-json\/wp\/v2\/media?parent=233"}],"wp:term":[{"taxonomy":"category","embeddable":true,"href":"https:\/\/kotrla.com\/pmpro\/wp-json\/wp\/v2\/categories?post=233"},{"taxonomy":"post_tag","embeddable":true,"href":"https:\/\/kotrla.com\/pmpro\/wp-json\/wp\/v2\/tags?post=233"}],"curies":[{"name":"wp","href":"https:\/\/api.w.org\/{rel}","templated":true}]}}