{"id":2371,"date":"2015-05-21T22:16:53","date_gmt":"2015-05-21T21:16:53","guid":{"rendered":"http:\/\/kotrla.com\/pmpro\/?p=2371"},"modified":"2019-11-20T22:44:19","modified_gmt":"2019-11-20T21:44:19","slug":"jan-rous-vybor-z-dila","status":"publish","type":"post","link":"https:\/\/kotrla.com\/pmpro\/2015\/05\/jan-rous-vybor-z-dila\/","title":{"rendered":"Jan Rous \u2013 V\u00fdbor z d\u00edla"},"content":{"rendered":"<figure id=\"attachment_2373\" aria-describedby=\"caption-attachment-2373\" style=\"width: 137px\" class=\"wp-caption alignright\"><a href=\"https:\/\/kotrla.com\/pmpro\/wp-content\/uploads\/2015\/05\/jan_rous_vybor_z_dila.jpg\"><img loading=\"lazy\" decoding=\"async\" class=\" wp-image-2373\" src=\"https:\/\/kotrla.com\/pmpro\/wp-content\/uploads\/2015\/05\/jan_rous_vybor_z_dila-190x300.jpg\" alt=\"Jan Rous - V\u00fdbor z d\u00edla\" width=\"137\" height=\"216\" srcset=\"https:\/\/kotrla.com\/pmpro\/wp-content\/uploads\/2015\/05\/jan_rous_vybor_z_dila-190x300.jpg 190w, https:\/\/kotrla.com\/pmpro\/wp-content\/uploads\/2015\/05\/jan_rous_vybor_z_dila.jpg 380w\" sizes=\"auto, (max-width: 137px) 100vw, 137px\" \/><\/a><figcaption id=\"caption-attachment-2373\" class=\"wp-caption-text\">Jan Rous &#8211; V\u00fdbor z d\u00edla<\/figcaption><\/figure>\n<p>Tak tento t\u00fdden jsem z tisk\u00e1rny dovezl <em>V\u00fdbor z d\u00edla<\/em>\u00a0<a href=\"http:\/\/cs.wikipedia.org\/wiki\/Jan_Rous\">Jana Rouse<\/a>, kter\u00fd jsem p\u0159ipravil do tisku, opat\u0159il kr\u00e1tk\u00fdm profilem autora a i vys\u00e1zel. Snad jsem tak smazal dluh, kter\u00fd jsem po\u0159\u00e1d n\u011bjak vnit\u0159n\u011b d\u00edky m\u00edstn\u00ed p\u0159\u00edslu\u0161nosti poci\u0165oval. Prost\u011b mne mrzelo, \u017ee by d\u00edlo tohoto pracovit\u00e9ho spoluzakladatele Na\u0161eho Vala\u0161ska m\u011blo zapadnout.\u00a0Do drobmn\u00e9ho svazku se samoz\u0159ejm\u011b neve\u0161ly v\u0161echny Rousovy p\u0159\u00edsp\u011bvky, vybral jsem t\u011bch deset snad nejpodstatn\u011bj\u0161\u00edch nebo nejcharakteristi\u010dt\u011bj\u0161\u00edch. Konkr\u00e9tn\u011b se jedn\u00e1 o tyto: Klenov v\u00a0pod\u00e1n\u00ed lidov\u00e9m, Chl\u00e9b n\u00e1\u0161 vezdej\u0161\u00ed, Vala\u0161i v boji za svobodu, V\u00fdroba d\u0159ev\u011bn\u00e9ho n\u00e1\u010din\u00ed na Vala\u0161sku, V\u00fdroba k\u0159iv\u00e1k\u016f na Vala\u0161sku, V\u00fdroba k\u0159iv\u00e1k\u016f a\u00a0no\u017e\u016f na Vala\u0161sku, Po stop\u00e1ch zanikl\u00e9 vsi Svojanova na Vsatsku, Pr\u017een\u0161t\u00ed rekto\u0159i od polovice XVII. do po\u010d\u00e1tku XIX. stolet\u00ed, Kronik\u00e1\u0159 genealogem, P\u0159\u00edsp\u011bvek k\u00a0star\u00e9mu vala\u0161sk\u00e9mu zem\u011bd\u011blstv\u00ed.<br \/>\nAktu\u00e1ln\u011b je kniha k dost\u00e1n\u00ed na obecn\u00edm \u00fa\u0159adu obce Byst\u0159i\u010dka, kter\u00e1 knihu vydala, pozd\u011bji snad i na jin\u00fdch m\u00edstech.<\/p>\n<figure id=\"attachment_2372\" aria-describedby=\"caption-attachment-2372\" style=\"width: 1000px\" class=\"wp-caption alignnone\"><a href=\"https:\/\/kotrla.com\/pmpro\/wp-content\/uploads\/2015\/05\/Jan-Rous-1937.jpg\"><img loading=\"lazy\" decoding=\"async\" class=\"size-full wp-image-2372\" src=\"https:\/\/kotrla.com\/pmpro\/wp-content\/uploads\/2015\/05\/Jan-Rous-1937.jpg\" alt=\"Jan Rous na fotografii z roku 1937\" width=\"1000\" height=\"1444\" srcset=\"https:\/\/kotrla.com\/pmpro\/wp-content\/uploads\/2015\/05\/Jan-Rous-1937.jpg 1000w, https:\/\/kotrla.com\/pmpro\/wp-content\/uploads\/2015\/05\/Jan-Rous-1937-208x300.jpg 208w, https:\/\/kotrla.com\/pmpro\/wp-content\/uploads\/2015\/05\/Jan-Rous-1937-709x1024.jpg 709w\" sizes=\"auto, (max-width: 1000px) 100vw, 1000px\" \/><\/a><figcaption id=\"caption-attachment-2372\" class=\"wp-caption-text\">Jan Rous na fotografii z roku 1937<\/figcaption><\/figure>\n","protected":false},"excerpt":{"rendered":"<p>Tak tento t\u00fdden jsem z tisk\u00e1rny dovezl V\u00fdbor z d\u00edla\u00a0Jana Rouse, kter\u00fd jsem p\u0159ipravil do tisku, opat\u0159il kr\u00e1tk\u00fdm profilem autora a i vys\u00e1zel. Snad jsem tak smazal dluh, kter\u00fd jsem po\u0159\u00e1d n\u011bjak vnit\u0159n\u011b d\u00edky m\u00edstn\u00ed p\u0159\u00edslu\u0161nosti poci\u0165oval. Prost\u011b mne mrzelo, \u017ee by d\u00edlo tohoto pracovit\u00e9ho spoluzakladatele Na\u0161eho Vala\u0161ska m\u011blo zapadnout.\u00a0Do drobmn\u00e9ho svazku se samoz\u0159ejm\u011b neve\u0161ly [&hellip;]<\/p>\n","protected":false},"author":1,"featured_media":0,"comment_status":"open","ping_status":"open","sticky":false,"template":"","format":"standard","meta":{"site-sidebar-layout":"default","site-content-layout":"","ast-site-content-layout":"default","site-content-style":"default","site-sidebar-style":"default","ast-global-header-display":"","ast-banner-title-visibility":"","ast-main-header-display":"","ast-hfb-above-header-display":"","ast-hfb-below-header-display":"","ast-hfb-mobile-header-display":"","site-post-title":"","ast-breadcrumbs-content":"","ast-featured-img":"","footer-sml-layout":"","ast-disable-related-posts":"","theme-transparent-header-meta":"","adv-header-id-meta":"","stick-header-meta":"","header-above-stick-meta":"","header-main-stick-meta":"","header-below-stick-meta":"","astra-migrate-meta-layouts":"default","ast-page-background-enabled":"default","ast-page-background-meta":{"desktop":{"background-color":"var(--ast-global-color-5)","background-image":"","background-repeat":"repeat","background-position":"center center","background-size":"auto","background-attachment":"scroll","background-type":"","background-media":"","overlay-type":"","overlay-color":"","overlay-opacity":"","overlay-gradient":""},"tablet":{"background-color":"","background-image":"","background-repeat":"repeat","background-position":"center center","background-size":"auto","background-attachment":"scroll","background-type":"","background-media":"","overlay-type":"","overlay-color":"","overlay-opacity":"","overlay-gradient":""},"mobile":{"background-color":"","background-image":"","background-repeat":"repeat","background-position":"center center","background-size":"auto","background-attachment":"scroll","background-type":"","background-media":"","overlay-type":"","overlay-color":"","overlay-opacity":"","overlay-gradient":""}},"ast-content-background-meta":{"desktop":{"background-color":"var(--ast-global-color-4)","background-image":"","background-repeat":"repeat","background-position":"center center","background-size":"auto","background-attachment":"scroll","background-type":"","background-media":"","overlay-type":"","overlay-color":"","overlay-opacity":"","overlay-gradient":""},"tablet":{"background-color":"var(--ast-global-color-4)","background-image":"","background-repeat":"repeat","background-position":"center center","background-size":"auto","background-attachment":"scroll","background-type":"","background-media":"","overlay-type":"","overlay-color":"","overlay-opacity":"","overlay-gradient":""},"mobile":{"background-color":"var(--ast-global-color-4)","background-image":"","background-repeat":"repeat","background-position":"center center","background-size":"auto","background-attachment":"scroll","background-type":"","background-media":"","overlay-type":"","overlay-color":"","overlay-opacity":"","overlay-gradient":""}},"jetpack_post_was_ever_published":false,"_jetpack_newsletter_access":"","_jetpack_dont_email_post_to_subs":false,"_jetpack_newsletter_tier_id":0,"_jetpack_memberships_contains_paywalled_content":false,"_jetpack_memberships_contains_paid_content":false,"footnotes":""},"categories":[5,2,3],"tags":[],"class_list":["post-2371","post","type-post","status-publish","format-standard","hentry","category-bystricka","category-literatura","category-osobni"],"jetpack_featured_media_url":"","jetpack_shortlink":"https:\/\/wp.me\/p4mLP7-Cf","jetpack-related-posts":[{"id":123,"url":"https:\/\/kotrla.com\/pmpro\/2011\/12\/zrozeni-literarni-legendy\/","url_meta":{"origin":2371,"position":0},"title":"Zrozen\u00ed liter\u00e1rn\u00ed legendy","author":"Pavel Kotrla","date":"27.12.2011","format":false,"excerpt":"Ano, jsme u toho, pr\u00e1v\u011b te\u010f se rod\u00ed legenda, o kter\u00e9 se bude ps\u00e1t v u\u010debnic\u00edch literatury. Pr\u00e1v\u011b te\u010f prob\u00edh\u00e1 proces kanonizace. V posledn\u00edm \u010d\u00edsle Hosta jsou t\u0159i p\u0159\u00edsp\u011bvky v\u011bnovan\u00e9 d\u00edlu Jana Balab\u00e1na. Zaj\u00edmav\u00e9 \u00favahy, kter\u00e9 stoj\u00ed za p\u0159e\u010dten\u00ed, zvl\u00e1\u0161\u0165 ten z pera Pavla Janou\u0161ka Smrt \u010dlov\u011bka zrod liter\u00e1rn\u00ed legendy.\u2026","rel":"","context":"V \u201eLiteratura\u201c","block_context":{"text":"Literatura","link":"https:\/\/kotrla.com\/pmpro\/category\/literatura\/"},"img":{"alt_text":"Jan Balab\u00e1n - internetov\u00e9 str\u00e1nky","src":"https:\/\/i0.wp.com\/kotrla.com\/pmpro\/images\/uploads\/janbalaban_stranky.jpg?resize=350%2C200&ssl=1","width":350,"height":200},"classes":[]},{"id":332,"url":"https:\/\/kotrla.com\/pmpro\/2008\/08\/z-bloku-03-binarni-svetlo-binarni-tma\/","url_meta":{"origin":2371,"position":1},"title":"Z bloku 03: Bin\u00e1rn\u00ed sv\u011btlo, bin\u00e1rn\u00ed tma","author":"Pavel Kotrla","date":"15.8.2008","format":false,"excerpt":"Sloupek vy\u0161el v Tvaru \u010d. 13 (27.06.2008) Svou malou m\u011brou se pod\u00edl\u00edm na vyd\u00e1v\u00e1n\u00ed Aluze (http:\/\/aluze.cz), revue pro literaturu, filozofii a jin\u00e9, o kter\u00e9m pravd\u011bpodobn\u011b \u010d\u00e1st \u010dten\u00e1\u0159\u016f Tvaru minim\u00e1ln\u011b zaslechla. V lo\u0148sk\u00e9m roce do\u0161lo k drobn\u00e9 metamorf\u00f3ze. Jej\u00ed ti\u0161t\u011bn\u00e1 podoba zanikla a nyn\u00ed vych\u00e1z\u00ed jen v elektronick\u00e9 podob\u011b. Okolnosti, kter\u00e9\u2026","rel":"","context":"V \u201eSloupky pro Tvar\u201c","block_context":{"text":"Sloupky pro Tvar","link":"https:\/\/kotrla.com\/pmpro\/category\/sloupky-pro-tvar\/"},"img":{"alt_text":"","src":"","width":0,"height":0},"classes":[]},{"id":2018,"url":"https:\/\/kotrla.com\/pmpro\/2014\/07\/kobzan-v-ulicich\/","url_meta":{"origin":2371,"position":2},"title":"Kobz\u00e1\u0148 v ulic\u00edch","author":"Pavel Kotrla","date":"1.7.2014","format":false,"excerpt":"Tak je\u0161t\u011b trochu na region\u00e1ln\u00ed notu. Pokud n\u00e1hodou pojedete p\u0159es Velk\u00e9 Karlovice, m\u00e1te v t\u011bchto dnech mo\u017enost v m\u00edstn\u00edm muzeu nav\u0161t\u00edvit v\u00fdstavu \u010cty\u0159i ze Sol\u00e1n\u011b. Doporu\u010duji, proto\u017ee na v\u00e1s \u010dekaj\u00ed pohromad\u011b d\u00edla Schneiderkova, Pode\u0161vova, Kobz\u00e1\u0148ova a Hofmanova. Tedy autor\u016f, kter\u00e9 pojilo jak jedno m\u00edsto, tak tak\u00e9 skute\u010dnost, \u017ee pat\u0159ili na\u2026","rel":"","context":"V \u201eLiteratura\u201c","block_context":{"text":"Literatura","link":"https:\/\/kotrla.com\/pmpro\/category\/literatura\/"},"img":{"alt_text":"","src":"https:\/\/i0.wp.com\/kotrla.com\/pmpro\/wp-content\/uploads\/2014\/07\/jan_kobzan_zahumeni_IMG_5808.jpg?resize=350%2C200&ssl=1","width":350,"height":200,"srcset":"https:\/\/i0.wp.com\/kotrla.com\/pmpro\/wp-content\/uploads\/2014\/07\/jan_kobzan_zahumeni_IMG_5808.jpg?resize=350%2C200&ssl=1 1x, https:\/\/i0.wp.com\/kotrla.com\/pmpro\/wp-content\/uploads\/2014\/07\/jan_kobzan_zahumeni_IMG_5808.jpg?resize=525%2C300&ssl=1 1.5x, https:\/\/i0.wp.com\/kotrla.com\/pmpro\/wp-content\/uploads\/2014\/07\/jan_kobzan_zahumeni_IMG_5808.jpg?resize=700%2C400&ssl=1 2x, https:\/\/i0.wp.com\/kotrla.com\/pmpro\/wp-content\/uploads\/2014\/07\/jan_kobzan_zahumeni_IMG_5808.jpg?resize=1050%2C600&ssl=1 3x"},"classes":[]},{"id":1012,"url":"https:\/\/kotrla.com\/pmpro\/2004\/05\/jevhen-malanjuk-pod-cizim-nebem\/","url_meta":{"origin":2371,"position":3},"title":"Jevhen Malanjuk: Pod ciz\u00edm nebem","author":"Pavel Kotrla","date":"6.5.2004","format":false,"excerpt":"Byl jsem obdarov\u00e1n kamar\u00e1dem knihou, kterou z poloviny p\u0159elo\u017eil n\u00e1\u0161 spole\u010dn\u00fd kamar\u00e1d Tom\u00e1\u0161 Va\u0161ut. Spolu s V\u00e1clavem Da\u0148kem do \u010de\u0161tiny p\u0159evedli b\u00e1sn\u011b ukrajinsk\u00e9ho emigranta Jevhena Malanjuka (1897 - 1968), kter\u00fd \u017eil ve 20. a 30. letech i v \u010ceskoslovensku. Jedn\u00e1 se o prvn\u00ed \u010desk\u00fd v\u00fdbor z tvorby tohoto ji\u017e klasika\u2026","rel":"","context":"V \u201eNeza\u0159azen\u00e9\u201c","block_context":{"text":"Neza\u0159azen\u00e9","link":"https:\/\/kotrla.com\/pmpro\/category\/nezarazene\/"},"img":{"alt_text":"Malanjuk","src":"https:\/\/i0.wp.com\/kotrla.com\/pmpro\/images\/uploads\/malanjuk.gif?resize=350%2C200&ssl=1","width":350,"height":200},"classes":[]},{"id":1146,"url":"https:\/\/kotrla.com\/pmpro\/2003\/12\/vsetin-ocima-fotografu\/","url_meta":{"origin":2371,"position":4},"title":"Vset\u00edn o\u010dima fotograf\u016f","author":"Pavel Kotrla","date":"2.12.2003","format":false,"excerpt":"Tak se v knihkupectv\u00edch na Vala\u0161sku objevilo nov\u00e9 CD s n\u00e1zvem Vset\u00edn o\u010dima fotograf\u016f v cen\u011b 250 K\u010d. Cena je to tak akor\u00e1t, ale mohla b\u00fdt i ni\u017e\u0161\u00ed, nebo\u0165 za 590 K\u010d je k dost\u00e1n\u00ed kni\u017en\u00ed encyklopedick\u00e1 publikace Okres Vset\u00edn, kter\u00e1 obsahuje i datov\u00fd disk. \u010clov\u011bk, kter\u00fd se r\u00e1d p\u0159ehrabuje\u2026","rel":"","context":"V \u201eNeza\u0159azen\u00e9\u201c","block_context":{"text":"Neza\u0159azen\u00e9","link":"https:\/\/kotrla.com\/pmpro\/category\/nezarazene\/"},"img":{"alt_text":"image","src":"https:\/\/i0.wp.com\/kotrla.com\/pmpro\/images\/uploads\/vsetin_ocima.jpg?resize=350%2C200&ssl=1","width":350,"height":200},"classes":[]},{"id":9057,"url":"https:\/\/kotrla.com\/pmpro\/2021\/09\/verdigris\/","url_meta":{"origin":2371,"position":5},"title":"Verdigris","author":"Pavel Kotrla","date":"22.9.2021","format":false,"excerpt":"Dne\u0161n\u00ed pokus s v\u00fdrobou \u0159e\u0161etl\u00e1kov\u00e9 zeleni a \u017eluti nedopadl \u00fapln\u011b podle p\u0159edstav, by\u0165 katastrofou se to p\u0159ece jen zdr\u00e1h\u00e1m nazvat. Na bobule, kter\u00e9 nakonec je\u0161t\u011b nebyly zral\u00e9, budu musit vyrazit je\u0161t\u011b o n\u011bco pozd\u011bji. A tak jsem se vr\u00e1til k jin\u00e9mu pokusu, kdy na po\u010d\u00e1tku byl m\u011bd\u011bn\u00fd plech. Voda, ocet,\u2026","rel":"","context":"V \u201eOsobn\u00ed\u201c","block_context":{"text":"Osobn\u00ed","link":"https:\/\/kotrla.com\/pmpro\/category\/osobni\/"},"img":{"alt_text":"","src":"https:\/\/i0.wp.com\/kotrla.com\/pmpro\/wp-content\/uploads\/2021\/08\/zrani_modre_IMGP1383-150x150.jpg?resize=350%2C200&ssl=1","width":350,"height":200,"srcset":"https:\/\/i0.wp.com\/kotrla.com\/pmpro\/wp-content\/uploads\/2021\/08\/zrani_modre_IMGP1383-150x150.jpg?resize=350%2C200&ssl=1 1x, https:\/\/i0.wp.com\/kotrla.com\/pmpro\/wp-content\/uploads\/2021\/08\/zrani_modre_IMGP1383-150x150.jpg?resize=525%2C300&ssl=1 1.5x, https:\/\/i0.wp.com\/kotrla.com\/pmpro\/wp-content\/uploads\/2021\/08\/zrani_modre_IMGP1383-150x150.jpg?resize=700%2C400&ssl=1 2x, https:\/\/i0.wp.com\/kotrla.com\/pmpro\/wp-content\/uploads\/2021\/08\/zrani_modre_IMGP1383-150x150.jpg?resize=1050%2C600&ssl=1 3x, https:\/\/i0.wp.com\/kotrla.com\/pmpro\/wp-content\/uploads\/2021\/08\/zrani_modre_IMGP1383-150x150.jpg?resize=1400%2C800&ssl=1 4x"},"classes":[]}],"jetpack_sharing_enabled":true,"_links":{"self":[{"href":"https:\/\/kotrla.com\/pmpro\/wp-json\/wp\/v2\/posts\/2371","targetHints":{"allow":["GET"]}}],"collection":[{"href":"https:\/\/kotrla.com\/pmpro\/wp-json\/wp\/v2\/posts"}],"about":[{"href":"https:\/\/kotrla.com\/pmpro\/wp-json\/wp\/v2\/types\/post"}],"author":[{"embeddable":true,"href":"https:\/\/kotrla.com\/pmpro\/wp-json\/wp\/v2\/users\/1"}],"replies":[{"embeddable":true,"href":"https:\/\/kotrla.com\/pmpro\/wp-json\/wp\/v2\/comments?post=2371"}],"version-history":[{"count":0,"href":"https:\/\/kotrla.com\/pmpro\/wp-json\/wp\/v2\/posts\/2371\/revisions"}],"wp:attachment":[{"href":"https:\/\/kotrla.com\/pmpro\/wp-json\/wp\/v2\/media?parent=2371"}],"wp:term":[{"taxonomy":"category","embeddable":true,"href":"https:\/\/kotrla.com\/pmpro\/wp-json\/wp\/v2\/categories?post=2371"},{"taxonomy":"post_tag","embeddable":true,"href":"https:\/\/kotrla.com\/pmpro\/wp-json\/wp\/v2\/tags?post=2371"}],"curies":[{"name":"wp","href":"https:\/\/api.w.org\/{rel}","templated":true}]}}