{"id":2389,"date":"2015-07-08T21:39:30","date_gmt":"2015-07-08T20:39:30","guid":{"rendered":"http:\/\/kotrla.com\/pmpro\/?p=2389"},"modified":"2019-11-20T22:44:19","modified_gmt":"2019-11-20T21:44:19","slug":"prstnatec-fuchsuv-dactylorhiza-fuchsii","status":"publish","type":"post","link":"https:\/\/kotrla.com\/pmpro\/2015\/07\/prstnatec-fuchsuv-dactylorhiza-fuchsii\/","title":{"rendered":"Prstnatec Fuchs\u016fv (Dactylorhiza fuchsii)"},"content":{"rendered":"<p>U\u017e jsem myslel, \u017ee na tento <a href=\"http:\/\/botany.cz\/cs\/dactylorhiza-fuchsii\/\">vstava\u010d<\/a> nenaraz\u00edm, tedy na katastru Byst\u0159i\u010dky. Ale p\u0159ece jen. Tak\u017ee p\u0159edpoklad z knihy <a href=\"http:\/\/www.priroda-valasska.cz\/\">P\u0159\u00edroda Vala\u0161ska<\/a>\u00a0se potvrdil.<\/p>\n<figure id=\"attachment_2390\" aria-describedby=\"caption-attachment-2390\" style=\"width: 1000px\" class=\"wp-caption alignnone\"><a href=\"https:\/\/kotrla.com\/pmpro\/wp-content\/uploads\/2015\/07\/Prstnatec_Fuchs\u016fv_IMGP9132.jpg\"><img loading=\"lazy\" decoding=\"async\" class=\"wp-image-2390 size-full\" src=\"https:\/\/kotrla.com\/pmpro\/wp-content\/uploads\/2015\/07\/Prstnatec_Fuchs\u016fv_IMGP9132.jpg\" alt=\"Prstnatec_Fuchs\u016fv_IMGP9132\" width=\"1000\" height=\"662\" srcset=\"https:\/\/kotrla.com\/pmpro\/wp-content\/uploads\/2015\/07\/Prstnatec_Fuchs\u016fv_IMGP9132.jpg 1000w, https:\/\/kotrla.com\/pmpro\/wp-content\/uploads\/2015\/07\/Prstnatec_Fuchs\u016fv_IMGP9132-300x199.jpg 300w\" sizes=\"auto, (max-width: 1000px) 100vw, 1000px\" \/><\/a><figcaption id=\"caption-attachment-2390\" class=\"wp-caption-text\">Prstnatec Fuchs\u016fv (Dactylorhiza fuchsii)<\/figcaption><\/figure>\n<figure id=\"attachment_2391\" aria-describedby=\"caption-attachment-2391\" style=\"width: 1000px\" class=\"wp-caption alignnone\"><a href=\"https:\/\/kotrla.com\/pmpro\/wp-content\/uploads\/2015\/07\/Prstnatec_Fuchs\u016fv_IMG9129.jpg\"><img loading=\"lazy\" decoding=\"async\" class=\"wp-image-2391 size-full\" src=\"https:\/\/kotrla.com\/pmpro\/wp-content\/uploads\/2015\/07\/Prstnatec_Fuchs\u016fv_IMG9129.jpg\" alt=\"Prstnatec_Fuchs\u016fv_IMG9129\" width=\"1000\" height=\"662\" srcset=\"https:\/\/kotrla.com\/pmpro\/wp-content\/uploads\/2015\/07\/Prstnatec_Fuchs\u016fv_IMG9129.jpg 1000w, https:\/\/kotrla.com\/pmpro\/wp-content\/uploads\/2015\/07\/Prstnatec_Fuchs\u016fv_IMG9129-300x199.jpg 300w\" sizes=\"auto, (max-width: 1000px) 100vw, 1000px\" \/><\/a><figcaption id=\"caption-attachment-2391\" class=\"wp-caption-text\">Prstnatec Fuchs\u016fv (Dactylorhiza fuchsii)<\/figcaption><\/figure>\n<figure id=\"attachment_2392\" aria-describedby=\"caption-attachment-2392\" style=\"width: 1000px\" class=\"wp-caption alignnone\"><a href=\"https:\/\/kotrla.com\/pmpro\/wp-content\/uploads\/2015\/07\/Prstnatec_Fuchs\u016fv_IMG9119.jpg\"><img loading=\"lazy\" decoding=\"async\" class=\"wp-image-2392 size-full\" src=\"https:\/\/kotrla.com\/pmpro\/wp-content\/uploads\/2015\/07\/Prstnatec_Fuchs\u016fv_IMG9119.jpg\" alt=\"Prstnatec_Fuchs\u016fv_IMG9119\" width=\"1000\" height=\"662\" srcset=\"https:\/\/kotrla.com\/pmpro\/wp-content\/uploads\/2015\/07\/Prstnatec_Fuchs\u016fv_IMG9119.jpg 1000w, https:\/\/kotrla.com\/pmpro\/wp-content\/uploads\/2015\/07\/Prstnatec_Fuchs\u016fv_IMG9119-300x199.jpg 300w\" sizes=\"auto, (max-width: 1000px) 100vw, 1000px\" \/><\/a><figcaption id=\"caption-attachment-2392\" class=\"wp-caption-text\">Prstnatec Fuchs\u016fv (Dactylorhiza fuchsii)<\/figcaption><\/figure>\n","protected":false},"excerpt":{"rendered":"<p>U\u017e jsem myslel, \u017ee na tento vstava\u010d nenaraz\u00edm, tedy na katastru Byst\u0159i\u010dky. Ale p\u0159ece jen. Tak\u017ee p\u0159edpoklad z knihy P\u0159\u00edroda Vala\u0161ska\u00a0se potvrdil.<\/p>\n","protected":false},"author":1,"featured_media":0,"comment_status":"open","ping_status":"open","sticky":false,"template":"","format":"standard","meta":{"site-sidebar-layout":"default","site-content-layout":"","ast-site-content-layout":"default","site-content-style":"default","site-sidebar-style":"default","ast-global-header-display":"","ast-banner-title-visibility":"","ast-main-header-display":"","ast-hfb-above-header-display":"","ast-hfb-below-header-display":"","ast-hfb-mobile-header-display":"","site-post-title":"","ast-breadcrumbs-content":"","ast-featured-img":"","footer-sml-layout":"","ast-disable-related-posts":"","theme-transparent-header-meta":"","adv-header-id-meta":"","stick-header-meta":"","header-above-stick-meta":"","header-main-stick-meta":"","header-below-stick-meta":"","astra-migrate-meta-layouts":"default","ast-page-background-enabled":"default","ast-page-background-meta":{"desktop":{"background-color":"var(--ast-global-color-5)","background-image":"","background-repeat":"repeat","background-position":"center center","background-size":"auto","background-attachment":"scroll","background-type":"","background-media":"","overlay-type":"","overlay-color":"","overlay-opacity":"","overlay-gradient":""},"tablet":{"background-color":"","background-image":"","background-repeat":"repeat","background-position":"center center","background-size":"auto","background-attachment":"scroll","background-type":"","background-media":"","overlay-type":"","overlay-color":"","overlay-opacity":"","overlay-gradient":""},"mobile":{"background-color":"","background-image":"","background-repeat":"repeat","background-position":"center center","background-size":"auto","background-attachment":"scroll","background-type":"","background-media":"","overlay-type":"","overlay-color":"","overlay-opacity":"","overlay-gradient":""}},"ast-content-background-meta":{"desktop":{"background-color":"var(--ast-global-color-4)","background-image":"","background-repeat":"repeat","background-position":"center center","background-size":"auto","background-attachment":"scroll","background-type":"","background-media":"","overlay-type":"","overlay-color":"","overlay-opacity":"","overlay-gradient":""},"tablet":{"background-color":"var(--ast-global-color-4)","background-image":"","background-repeat":"repeat","background-position":"center center","background-size":"auto","background-attachment":"scroll","background-type":"","background-media":"","overlay-type":"","overlay-color":"","overlay-opacity":"","overlay-gradient":""},"mobile":{"background-color":"var(--ast-global-color-4)","background-image":"","background-repeat":"repeat","background-position":"center center","background-size":"auto","background-attachment":"scroll","background-type":"","background-media":"","overlay-type":"","overlay-color":"","overlay-opacity":"","overlay-gradient":""}},"jetpack_post_was_ever_published":false,"_jetpack_newsletter_access":"","_jetpack_dont_email_post_to_subs":false,"_jetpack_newsletter_tier_id":0,"_jetpack_memberships_contains_paywalled_content":false,"_jetpack_memberships_contains_paid_content":false,"footnotes":""},"categories":[5,7],"tags":[],"class_list":["post-2389","post","type-post","status-publish","format-standard","hentry","category-bystricka","category-fotografie"],"jetpack_featured_media_url":"","jetpack_shortlink":"https:\/\/wp.me\/p4mLP7-Cx","jetpack-related-posts":[{"id":1390,"url":"https:\/\/kotrla.com\/pmpro\/2003\/03\/pmachine-nazvy-ceskych-dni-pro-minikalendar\/","url_meta":{"origin":2389,"position":0},"title":"pMachine &#8211; N\u00e1zvy \u010desk\u00fdch dn\u00ed pro minikalend\u00e1\u0159","author":"Pavel Kotrla","date":"19.3.2003","format":false,"excerpt":"Drobn\u00fdm probl\u00e9mem v pMachine je skute\u010dnost, \u017ee minikalend\u00e1\u0159 ve standardn\u00ed instalaci obsahuje zkratky anglick\u00fdch dn\u016f. A z\u016fstanou tak i po instalaci \u010de\u0161tiny, proto\u017ee pes je zakop\u00e1n jinde. Konkr\u00e9tn\u011b v souboru minicalendar.fns.php, kter\u00fd se nach\u00e1z\u00ed v adres\u00e1\u0159i ...\/pm\/lib\/ Sta\u010d\u00ed upravit k\u00f3d na \u0159\u00e1dc\u00edch 235 - 241 podle vlastn\u00edch pot\u0159eb: <td bgcolor=\u201d<?php\u2026","rel":"","context":"V \u201eExpressionEngine \/ pMachine\u201c","block_context":{"text":"ExpressionEngine \/ pMachine","link":"https:\/\/kotrla.com\/pmpro\/category\/expressionengine-pmachine\/"},"img":{"alt_text":"","src":"","width":0,"height":0},"classes":[]},{"id":1063,"url":"https:\/\/kotrla.com\/pmpro\/2004\/03\/reakce-libora-pavery\/","url_meta":{"origin":2389,"position":1},"title":"Reakce Libora Pavery","author":"Pavel Kotrla","date":"3.3.2004","format":false,"excerpt":"Na str\u00e1nk\u00e1ch Aluze najdete reakci Libora Pavery na prob\u00edhaj\u00edc\u00ed diskuzi o jeho habilita\u010dn\u00ed pr\u00e1ci: http:\/\/aluze.cz\/comments.php?id=18_0_1_0_C P\u0159edchoz\u00ed: http:\/\/aluze.cz\/comments.php?id=14_0_1_0_C http:\/\/aluze.cz\/comments.php?id=12_0_1_0_C https:\/\/kotrla.com\/pmpro\/2004\/02\/diskuze-pokracuje\/","rel":"","context":"V \u201eNeza\u0159azen\u00e9\u201c","block_context":{"text":"Neza\u0159azen\u00e9","link":"https:\/\/kotrla.com\/pmpro\/category\/nezarazene\/"},"img":{"alt_text":"","src":"","width":0,"height":0},"classes":[]},{"id":207,"url":"https:\/\/kotrla.com\/pmpro\/2010\/05\/prehrada-bystricka-skoro-plna-prehrady\/","url_meta":{"origin":2389,"position":2},"title":"P\u0159ehrada Byst\u0159i\u010dka: Skoro pln\u00e1 p\u0159ehrady","author":"Pavel Kotrla","date":"17.5.2010","format":false,"excerpt":"Souvisej\u00edc\u00ed: Varov\u00e1n\u00ed na str\u00e1nk\u00e1ch obce: http:\/\/www.bystricka.cz\/deska\/weblog.php?id=P152 Pr\u016ftoky: http:\/\/www.pmo.cz\/portal\/sap\/cz\/index.htm V\u00edc ne\u017e ve zpr\u00e1v\u011b: http:\/\/www.ceskenoviny.cz\/domov\/zpravy\/prehrada-bystricka-na-vsetinsku-je-temer-plna\/478219","rel":"","context":"V \u201eByst\u0159i\u010dka\u201c","block_context":{"text":"Byst\u0159i\u010dka","link":"https:\/\/kotrla.com\/pmpro\/category\/bystricka\/"},"img":{"alt_text":"image","src":"https:\/\/i0.wp.com\/kotrla.com\/pmpro\/images\/uploads\/_IGP1745.jpg?resize=350%2C200&ssl=1","width":350,"height":200},"classes":[]},{"id":1124,"url":"https:\/\/kotrla.com\/pmpro\/2003\/12\/jeden-maly-literarni-skandalek\/","url_meta":{"origin":2389,"position":3},"title":"Jeden mal\u00fd liter\u00e1rn\u00ed skand\u00e1lek","author":"Pavel Kotrla","date":"26.12.2003","format":false,"excerpt":"Jsem r\u00e1d, \u017ee publika\u010dn\u00ed syst\u00e9m na str\u00e1nk\u00e1ch Aluze m\u00e1 sv\u00e9 opodstatn\u011bn\u00ed. \u010cT\u011aTE: http:\/\/aluze.cz\/more.php?id=12_0_1_0_M","rel":"","context":"V \u201eNeza\u0159azen\u00e9\u201c","block_context":{"text":"Neza\u0159azen\u00e9","link":"https:\/\/kotrla.com\/pmpro\/category\/nezarazene\/"},"img":{"alt_text":"","src":"","width":0,"height":0},"classes":[]},{"id":1073,"url":"https:\/\/kotrla.com\/pmpro\/2004\/02\/diskuze-pokracuje\/","url_meta":{"origin":2389,"position":4},"title":"Diskuze pokra\u010duje","author":"Pavel Kotrla","date":"19.2.2004","format":false,"excerpt":"Diskuze o knize Libora Pavery ( http:\/\/aluze.cz\/comments.php?id=12_0_1_0_C ) pokra\u010duje odpov\u011bd\u00ed rektora Slezsk\u00e9 univerzity Zde\u0148ka Jir\u00e1ska na ot\u00e1zku Ji\u0159\u00edho Tr\u00e1vn\u00ed\u010dka:\u00a0 http:\/\/www.slu.cz\/rektor\/dokument1254.htm","rel":"","context":"V \u201eNeza\u0159azen\u00e9\u201c","block_context":{"text":"Neza\u0159azen\u00e9","link":"https:\/\/kotrla.com\/pmpro\/category\/nezarazene\/"},"img":{"alt_text":"","src":"","width":0,"height":0},"classes":[]},{"id":19,"url":"https:\/\/kotrla.com\/pmpro\/2013\/09\/radka-denemarkova-beseda-a-cteni-2-10-2013-vsetin\/","url_meta":{"origin":2389,"position":5},"title":"Radka Denemarkov\u00e1 &#8211; beseda a \u010dten\u00ed 2. 10. 2013 (Vset\u00edn)","author":"Pavel Kotrla","date":"29.9.2013","format":false,"excerpt":"S \u00fasp\u011b\u0161nou \u010deskou prozai\u010dkou, esejistkou, p\u0159ekladatelkou a dramati\u010dkou se m\u016f\u017eete potkat tuto st\u0159edu 2. 10. v 17.00 ve vset\u00ednsk\u00e9 Masarykov\u011b knihovn\u011b. Besedou si V\u00e1s dovol\u00edm prov\u00e1zet j\u00e1. V\u00edce na: http:\/\/www.mvk.cz\/knihovna\/vsetin\/co-se-deje-10037\/?ID=10426&datum=2013-09#10426 fotografie Radky Denemarkov\u00e9 z lo\u0148sk\u00e9ho Liter\u00e1rn\u00edho jara na Vset\u00edn\u011b","rel":"","context":"V \u201eLiteratura\u201c","block_context":{"text":"Literatura","link":"https:\/\/kotrla.com\/pmpro\/category\/literatura\/"},"img":{"alt_text":"Radka Denemarkov\u00e1","src":"https:\/\/i0.wp.com\/kotrla.com\/pmpro\/images\/uploads\/radka_denemarkov%C3%A1_IGP9008.jpg?resize=350%2C200&ssl=1","width":350,"height":200},"classes":[]}],"jetpack_sharing_enabled":true,"_links":{"self":[{"href":"https:\/\/kotrla.com\/pmpro\/wp-json\/wp\/v2\/posts\/2389","targetHints":{"allow":["GET"]}}],"collection":[{"href":"https:\/\/kotrla.com\/pmpro\/wp-json\/wp\/v2\/posts"}],"about":[{"href":"https:\/\/kotrla.com\/pmpro\/wp-json\/wp\/v2\/types\/post"}],"author":[{"embeddable":true,"href":"https:\/\/kotrla.com\/pmpro\/wp-json\/wp\/v2\/users\/1"}],"replies":[{"embeddable":true,"href":"https:\/\/kotrla.com\/pmpro\/wp-json\/wp\/v2\/comments?post=2389"}],"version-history":[{"count":0,"href":"https:\/\/kotrla.com\/pmpro\/wp-json\/wp\/v2\/posts\/2389\/revisions"}],"wp:attachment":[{"href":"https:\/\/kotrla.com\/pmpro\/wp-json\/wp\/v2\/media?parent=2389"}],"wp:term":[{"taxonomy":"category","embeddable":true,"href":"https:\/\/kotrla.com\/pmpro\/wp-json\/wp\/v2\/categories?post=2389"},{"taxonomy":"post_tag","embeddable":true,"href":"https:\/\/kotrla.com\/pmpro\/wp-json\/wp\/v2\/tags?post=2389"}],"curies":[{"name":"wp","href":"https:\/\/api.w.org\/{rel}","templated":true}]}}