{"id":2411,"date":"2015-08-01T19:45:32","date_gmt":"2015-08-01T18:45:32","guid":{"rendered":"http:\/\/kotrla.com\/pmpro\/?p=2411"},"modified":"2019-11-20T22:44:19","modified_gmt":"2019-11-20T21:44:19","slug":"koncert-a-autorske-cteni-ve-svatojanske-vezi-7-8-fm","status":"publish","type":"post","link":"https:\/\/kotrla.com\/pmpro\/2015\/08\/koncert-a-autorske-cteni-ve-svatojanske-vezi-7-8-fm\/","title":{"rendered":"Koncert a autorsk\u00e9 \u010dten\u00ed ve Svatoj\u00e1nsk\u00e9 v\u011b\u017ei (7. 8. FM)"},"content":{"rendered":"<p>\u017derykovy Vlo\u010dky \/ koncert (Ji\u0159\u00ed Veska &#8211; akordeon, Anna Neuwirthov\u00e1 &#8211; housle) a m\u00e9 autorsk\u00e9 \u010dten\u00ed.<\/p>\n<p>7. 8 . 2015 v\u00a018 hodin ve Fr\u00fddku-M\u00edstku ve <a href=\"http:\/\/www.svatojanskavez.cz\/prohlidka-veze\/aktuality\/\">Svatoj\u00e1nsk\u00e9 v\u011b\u017ei<\/a>.<\/p>\n","protected":false},"excerpt":{"rendered":"<p>\u017derykovy Vlo\u010dky \/ koncert (Ji\u0159\u00ed Veska &#8211; akordeon, Anna Neuwirthov\u00e1 &#8211; housle) a m\u00e9 autorsk\u00e9 \u010dten\u00ed. 7. 8 . 2015 v\u00a018 hodin ve Fr\u00fddku-M\u00edstku ve Svatoj\u00e1nsk\u00e9 v\u011b\u017ei.<\/p>\n","protected":false},"author":1,"featured_media":0,"comment_status":"open","ping_status":"open","sticky":false,"template":"","format":"standard","meta":{"site-sidebar-layout":"default","site-content-layout":"","ast-site-content-layout":"default","site-content-style":"default","site-sidebar-style":"default","ast-global-header-display":"","ast-banner-title-visibility":"","ast-main-header-display":"","ast-hfb-above-header-display":"","ast-hfb-below-header-display":"","ast-hfb-mobile-header-display":"","site-post-title":"","ast-breadcrumbs-content":"","ast-featured-img":"","footer-sml-layout":"","ast-disable-related-posts":"","theme-transparent-header-meta":"","adv-header-id-meta":"","stick-header-meta":"","header-above-stick-meta":"","header-main-stick-meta":"","header-below-stick-meta":"","astra-migrate-meta-layouts":"default","ast-page-background-enabled":"default","ast-page-background-meta":{"desktop":{"background-color":"var(--ast-global-color-5)","background-image":"","background-repeat":"repeat","background-position":"center center","background-size":"auto","background-attachment":"scroll","background-type":"","background-media":"","overlay-type":"","overlay-color":"","overlay-opacity":"","overlay-gradient":""},"tablet":{"background-color":"","background-image":"","background-repeat":"repeat","background-position":"center center","background-size":"auto","background-attachment":"scroll","background-type":"","background-media":"","overlay-type":"","overlay-color":"","overlay-opacity":"","overlay-gradient":""},"mobile":{"background-color":"","background-image":"","background-repeat":"repeat","background-position":"center center","background-size":"auto","background-attachment":"scroll","background-type":"","background-media":"","overlay-type":"","overlay-color":"","overlay-opacity":"","overlay-gradient":""}},"ast-content-background-meta":{"desktop":{"background-color":"var(--ast-global-color-4)","background-image":"","background-repeat":"repeat","background-position":"center center","background-size":"auto","background-attachment":"scroll","background-type":"","background-media":"","overlay-type":"","overlay-color":"","overlay-opacity":"","overlay-gradient":""},"tablet":{"background-color":"var(--ast-global-color-4)","background-image":"","background-repeat":"repeat","background-position":"center center","background-size":"auto","background-attachment":"scroll","background-type":"","background-media":"","overlay-type":"","overlay-color":"","overlay-opacity":"","overlay-gradient":""},"mobile":{"background-color":"var(--ast-global-color-4)","background-image":"","background-repeat":"repeat","background-position":"center center","background-size":"auto","background-attachment":"scroll","background-type":"","background-media":"","overlay-type":"","overlay-color":"","overlay-opacity":"","overlay-gradient":""}},"jetpack_post_was_ever_published":false,"_jetpack_newsletter_access":"","_jetpack_dont_email_post_to_subs":false,"_jetpack_newsletter_tier_id":0,"_jetpack_memberships_contains_paywalled_content":false,"_jetpack_memberships_contains_paid_content":false,"footnotes":""},"categories":[2,3],"tags":[],"class_list":["post-2411","post","type-post","status-publish","format-standard","hentry","category-literatura","category-osobni"],"jetpack_featured_media_url":"","jetpack_shortlink":"https:\/\/wp.me\/p4mLP7-CT","jetpack-related-posts":[{"id":2418,"url":"https:\/\/kotrla.com\/pmpro\/2015\/08\/par-fotek-z-patecniho-cteni-ve-svatojakubske-vezi\/","url_meta":{"origin":2411,"position":0},"title":"P\u00e1r fotek z p\u00e1te\u010dn\u00edho \u010dten\u00ed ve Svatoj\u00e1nsk\u00e9 v\u011b\u017ei","author":"Pavel Kotrla","date":"9.8.2015","format":false,"excerpt":"Str\u00e1nky Svatoj\u00e1nsk\u00e9 v\u011b\u017ee","rel":"","context":"V \u201eFotografie\u201c","block_context":{"text":"Fotografie","link":"https:\/\/kotrla.com\/pmpro\/category\/fotografie\/"},"img":{"alt_text":"","src":"https:\/\/i0.wp.com\/kotrla.com\/pmpro\/wp-content\/uploads\/2015\/08\/fm_IMGP9960-150x150.jpg?resize=350%2C200&ssl=1","width":350,"height":200,"srcset":"https:\/\/i0.wp.com\/kotrla.com\/pmpro\/wp-content\/uploads\/2015\/08\/fm_IMGP9960-150x150.jpg?resize=350%2C200&ssl=1 1x, https:\/\/i0.wp.com\/kotrla.com\/pmpro\/wp-content\/uploads\/2015\/08\/fm_IMGP9960-150x150.jpg?resize=525%2C300&ssl=1 1.5x, https:\/\/i0.wp.com\/kotrla.com\/pmpro\/wp-content\/uploads\/2015\/08\/fm_IMGP9960-150x150.jpg?resize=700%2C400&ssl=1 2x"},"classes":[]},{"id":4757,"url":"https:\/\/kotrla.com\/pmpro\/2019\/09\/ze-sobotniho-cteni-ve-vezi\/","url_meta":{"origin":2411,"position":1},"title":"Ze sobotn\u00edho \u010dten\u00ed ve v\u011b\u017ei","author":"Pavel Kotrla","date":"24.9.2019","format":false,"excerpt":"Sobota ve Svatoj\u00e1nsk\u00e9 v\u011b\u017ei ve Fr\u00fddku-M\u00edstku.","rel":"","context":"V \u201eOsobn\u00ed\u201c","block_context":{"text":"Osobn\u00ed","link":"https:\/\/kotrla.com\/pmpro\/category\/osobni\/"},"img":{"alt_text":"","src":"https:\/\/i0.wp.com\/kotrla.com\/pmpro\/wp-content\/uploads\/2019\/09\/vez_IMGP3910-150x150.jpg?resize=350%2C200&ssl=1","width":350,"height":200,"srcset":"https:\/\/i0.wp.com\/kotrla.com\/pmpro\/wp-content\/uploads\/2019\/09\/vez_IMGP3910-150x150.jpg?resize=350%2C200&ssl=1 1x, https:\/\/i0.wp.com\/kotrla.com\/pmpro\/wp-content\/uploads\/2019\/09\/vez_IMGP3910-150x150.jpg?resize=525%2C300&ssl=1 1.5x, https:\/\/i0.wp.com\/kotrla.com\/pmpro\/wp-content\/uploads\/2019\/09\/vez_IMGP3910-150x150.jpg?resize=700%2C400&ssl=1 2x, https:\/\/i0.wp.com\/kotrla.com\/pmpro\/wp-content\/uploads\/2019\/09\/vez_IMGP3910-150x150.jpg?resize=1050%2C600&ssl=1 3x, https:\/\/i0.wp.com\/kotrla.com\/pmpro\/wp-content\/uploads\/2019\/09\/vez_IMGP3910-150x150.jpg?resize=1400%2C800&ssl=1 4x"},"classes":[]},{"id":11910,"url":"https:\/\/kotrla.com\/pmpro\/2024\/08\/cteni-ondreje-buddeuse\/","url_meta":{"origin":2411,"position":2},"title":"\u010cten\u00ed Ond\u0159eje Buddeuse","author":"Pavel Kotrla","date":"11.8.2024","format":false,"excerpt":"P\u00e1te\u010dn\u00ed letn\u00ed ve\u010der v dobr\u00e9 spole\u010dnosti. Po \u010dase zas jednou ve Fr\u00fddku ve Svatoj\u00e1nsk\u00e9 v\u011b\u017ei. \u010cten\u00ed Ond\u0159eje Buddeuse. A tak\u00e9 setk\u00e1n\u00ed se star\u00fdmi zn\u00e1m\u00fdmi. Dobr\u00e9 to bylo.","rel":"","context":"V \u201eLiteratura\u201c","block_context":{"text":"Literatura","link":"https:\/\/kotrla.com\/pmpro\/category\/literatura\/"},"img":{"alt_text":"","src":"https:\/\/i0.wp.com\/kotrla.com\/pmpro\/wp-content\/uploads\/2024\/08\/buddeus_IMGP3425-150x150.jpg?resize=350%2C200&ssl=1","width":350,"height":200,"srcset":"https:\/\/i0.wp.com\/kotrla.com\/pmpro\/wp-content\/uploads\/2024\/08\/buddeus_IMGP3425-150x150.jpg?resize=350%2C200&ssl=1 1x, https:\/\/i0.wp.com\/kotrla.com\/pmpro\/wp-content\/uploads\/2024\/08\/buddeus_IMGP3425-150x150.jpg?resize=525%2C300&ssl=1 1.5x, https:\/\/i0.wp.com\/kotrla.com\/pmpro\/wp-content\/uploads\/2024\/08\/buddeus_IMGP3425-150x150.jpg?resize=700%2C400&ssl=1 2x, https:\/\/i0.wp.com\/kotrla.com\/pmpro\/wp-content\/uploads\/2024\/08\/buddeus_IMGP3425-150x150.jpg?resize=1050%2C600&ssl=1 3x, https:\/\/i0.wp.com\/kotrla.com\/pmpro\/wp-content\/uploads\/2024\/08\/buddeus_IMGP3425-150x150.jpg?resize=1400%2C800&ssl=1 4x"},"classes":[]},{"id":3240,"url":"https:\/\/kotrla.com\/pmpro\/2017\/07\/jaromir-typlt-ve-vezi\/","url_meta":{"origin":2411,"position":3},"title":"Jarom\u00edr Typlt ve V\u011b\u017ei","author":"Pavel Kotrla","date":"3.7.2017","format":false,"excerpt":"Z p\u00e1te\u010dn\u00edho v\u00fdletu na autorsk\u00e9 \u010dten\u00ed do fr\u00fddeck\u00e9 V\u011b\u017ee. \u017de u\u017e se n\u00e1s tam vyst\u0159\u00eddalo. Ostatn\u011b \u010dinnost galerie velmi zda\u0159ile dokumentuje vydan\u00fd sborn\u00edk. Taky v n\u011bm okupuju pap\u00edr.","rel":"","context":"V \u201eFotografie\u201c","block_context":{"text":"Fotografie","link":"https:\/\/kotrla.com\/pmpro\/category\/fotografie\/"},"img":{"alt_text":"","src":"https:\/\/i0.wp.com\/kotrla.com\/pmpro\/wp-content\/uploads\/2017\/07\/jaromir_typlt_IMGP9295.jpg?resize=350%2C200&ssl=1","width":350,"height":200,"srcset":"https:\/\/i0.wp.com\/kotrla.com\/pmpro\/wp-content\/uploads\/2017\/07\/jaromir_typlt_IMGP9295.jpg?resize=350%2C200&ssl=1 1x, https:\/\/i0.wp.com\/kotrla.com\/pmpro\/wp-content\/uploads\/2017\/07\/jaromir_typlt_IMGP9295.jpg?resize=525%2C300&ssl=1 1.5x, https:\/\/i0.wp.com\/kotrla.com\/pmpro\/wp-content\/uploads\/2017\/07\/jaromir_typlt_IMGP9295.jpg?resize=700%2C400&ssl=1 2x, https:\/\/i0.wp.com\/kotrla.com\/pmpro\/wp-content\/uploads\/2017\/07\/jaromir_typlt_IMGP9295.jpg?resize=1050%2C600&ssl=1 3x, https:\/\/i0.wp.com\/kotrla.com\/pmpro\/wp-content\/uploads\/2017\/07\/jaromir_typlt_IMGP9295.jpg?resize=1400%2C800&ssl=1 4x"},"classes":[]},{"id":4681,"url":"https:\/\/kotrla.com\/pmpro\/2019\/09\/navrat-do-veze-autorske-cteni\/","url_meta":{"origin":2411,"position":4},"title":"N\u00e1vrat do v\u011b\u017ee: Autorsk\u00e9 \u010dten\u00ed","author":"Pavel Kotrla","date":"10.9.2019","format":false,"excerpt":"GALERIE V\u011a\u017d, Fr\u00fddek-M\u00edstek, sobota 21. z\u00e1\u0159\u00ed v 18 hodin Pavel Kotrla \/ autorsk\u00e9 \u010dten\u00ed poezie a dal\u0161\u00edch text\u016f \/ uvede Tom\u00e1\u0161 Rozehnal M\u00e9 druh\u00e9 \u010dten\u00ed v tomto prostoru.","rel":"","context":"V \u201eLiteratura\u201c","block_context":{"text":"Literatura","link":"https:\/\/kotrla.com\/pmpro\/category\/literatura\/"},"img":{"alt_text":"","src":"https:\/\/i0.wp.com\/kotrla.com\/pmpro\/wp-content\/uploads\/2019\/09\/vez_fm_zari_2019.png?resize=350%2C200&ssl=1","width":350,"height":200,"srcset":"https:\/\/i0.wp.com\/kotrla.com\/pmpro\/wp-content\/uploads\/2019\/09\/vez_fm_zari_2019.png?resize=350%2C200&ssl=1 1x, https:\/\/i0.wp.com\/kotrla.com\/pmpro\/wp-content\/uploads\/2019\/09\/vez_fm_zari_2019.png?resize=525%2C300&ssl=1 1.5x, https:\/\/i0.wp.com\/kotrla.com\/pmpro\/wp-content\/uploads\/2019\/09\/vez_fm_zari_2019.png?resize=700%2C400&ssl=1 2x"},"classes":[]},{"id":14132,"url":"https:\/\/kotrla.com\/pmpro\/2026\/02\/cteni-petra-borkovce-v-bystrici-pod-hostynem\/","url_meta":{"origin":2411,"position":5},"title":"\u010cten\u00ed Petra Borkovce v Byst\u0159ici pod Host\u00fdnem","author":"Pavel Kotrla","date":"21.2.2026","format":false,"excerpt":"Musel jsem tam i zp\u011bt p\u0159ekonat kopce Troj\u00e1k i Tes\u00e1k, ale p\u00e1te\u010dn\u00ed v\u00fdprava kr\u00e1sn\u011b mrazivou noc\u00ed z d\u011bdiny B. do m\u011bsta B. na Petrovo autorsk\u00e9 \u010dten\u00ed ve vile Ton, kter\u00e9 uspo\u0159\u00e1dala podhost\u00fdnsk\u00e1 kulturn\u00ed dru\u017eina Kultur\u00e1k, m\u011bla smysl. Dobr\u00e9 to bylo. Poslechn\u011bte si Petrovy texty aspo\u0148 na port\u00e1lu \u010cesk\u00e9ho rozhlasu.","rel":"","context":"V \u201eKnihy\u201c","block_context":{"text":"Knihy","link":"https:\/\/kotrla.com\/pmpro\/category\/knihy\/"},"img":{"alt_text":"","src":"https:\/\/i0.wp.com\/kotrla.com\/pmpro\/wp-content\/uploads\/2026\/02\/petr_borkovec_IMGP1933-150x150.jpg?resize=350%2C200&ssl=1","width":350,"height":200,"srcset":"https:\/\/i0.wp.com\/kotrla.com\/pmpro\/wp-content\/uploads\/2026\/02\/petr_borkovec_IMGP1933-150x150.jpg?resize=350%2C200&ssl=1 1x, https:\/\/i0.wp.com\/kotrla.com\/pmpro\/wp-content\/uploads\/2026\/02\/petr_borkovec_IMGP1933-150x150.jpg?resize=525%2C300&ssl=1 1.5x, https:\/\/i0.wp.com\/kotrla.com\/pmpro\/wp-content\/uploads\/2026\/02\/petr_borkovec_IMGP1933-150x150.jpg?resize=700%2C400&ssl=1 2x, https:\/\/i0.wp.com\/kotrla.com\/pmpro\/wp-content\/uploads\/2026\/02\/petr_borkovec_IMGP1933-150x150.jpg?resize=1050%2C600&ssl=1 3x, https:\/\/i0.wp.com\/kotrla.com\/pmpro\/wp-content\/uploads\/2026\/02\/petr_borkovec_IMGP1933-150x150.jpg?resize=1400%2C800&ssl=1 4x"},"classes":[]}],"jetpack_sharing_enabled":true,"_links":{"self":[{"href":"https:\/\/kotrla.com\/pmpro\/wp-json\/wp\/v2\/posts\/2411","targetHints":{"allow":["GET"]}}],"collection":[{"href":"https:\/\/kotrla.com\/pmpro\/wp-json\/wp\/v2\/posts"}],"about":[{"href":"https:\/\/kotrla.com\/pmpro\/wp-json\/wp\/v2\/types\/post"}],"author":[{"embeddable":true,"href":"https:\/\/kotrla.com\/pmpro\/wp-json\/wp\/v2\/users\/1"}],"replies":[{"embeddable":true,"href":"https:\/\/kotrla.com\/pmpro\/wp-json\/wp\/v2\/comments?post=2411"}],"version-history":[{"count":0,"href":"https:\/\/kotrla.com\/pmpro\/wp-json\/wp\/v2\/posts\/2411\/revisions"}],"wp:attachment":[{"href":"https:\/\/kotrla.com\/pmpro\/wp-json\/wp\/v2\/media?parent=2411"}],"wp:term":[{"taxonomy":"category","embeddable":true,"href":"https:\/\/kotrla.com\/pmpro\/wp-json\/wp\/v2\/categories?post=2411"},{"taxonomy":"post_tag","embeddable":true,"href":"https:\/\/kotrla.com\/pmpro\/wp-json\/wp\/v2\/tags?post=2411"}],"curies":[{"name":"wp","href":"https:\/\/api.w.org\/{rel}","templated":true}]}}