{"id":244,"date":"2009-10-27T17:30:26","date_gmt":"2009-10-27T16:30:26","guid":{"rendered":"http:\/\/kotrla.com\/wordpress\/?p=244"},"modified":"2019-11-24T19:42:47","modified_gmt":"2019-11-24T18:42:47","slug":"par-fotek-ze-krtu-a-vecirku","status":"publish","type":"post","link":"https:\/\/kotrla.com\/pmpro\/2009\/10\/par-fotek-ze-krtu-a-vecirku\/","title":{"rendered":"P\u00e1r fotek ze k\u0159tu a ve\u010d\u00edrku"},"content":{"rendered":"<p><img loading=\"lazy\" decoding=\"async\" src=\"https:\/\/kotrla.com\/pmpro\/images\/uploads\/vecirek_2009.jpg\" border=\"0\" alt=\"Ve\u010d\u00edrek Text\u016f 2009\" width=\"420\" height=\"287\" \/><\/p>\n<p>N\u011bkolik fotografi\u00ed ze k\u0159tu nov\u00e9 knihy Mojm\u00edra Tr\u00e1vn\u00ed\u010dka a ve\u010d\u00edrku <a href=\"http:\/\/www.casopis-texty.cz\/texty\">Text\u016f<\/a> najdete na adrese:<br \/>\n<a href=\"http:\/\/casopis-texty.cz\/texty\/2009vecirek\/index.html\">http:\/\/casopis-texty.cz\/texty\/2009vecirek\/index.html<\/a><\/p>\n","protected":false},"excerpt":{"rendered":"<p>N\u011bkolik fotografi\u00ed ze k\u0159tu nov\u00e9 knihy Mojm\u00edra Tr\u00e1vn\u00ed\u010dka a ve\u010d\u00edrku Text\u016f najdete na adrese: http:\/\/casopis-texty.cz\/texty\/2009vecirek\/index.html<\/p>\n","protected":false},"author":1,"featured_media":0,"comment_status":"open","ping_status":"open","sticky":false,"template":"","format":"standard","meta":{"site-sidebar-layout":"default","site-content-layout":"","ast-site-content-layout":"default","site-content-style":"default","site-sidebar-style":"default","ast-global-header-display":"","ast-banner-title-visibility":"","ast-main-header-display":"","ast-hfb-above-header-display":"","ast-hfb-below-header-display":"","ast-hfb-mobile-header-display":"","site-post-title":"","ast-breadcrumbs-content":"","ast-featured-img":"","footer-sml-layout":"","ast-disable-related-posts":"","theme-transparent-header-meta":"","adv-header-id-meta":"","stick-header-meta":"","header-above-stick-meta":"","header-main-stick-meta":"","header-below-stick-meta":"","astra-migrate-meta-layouts":"default","ast-page-background-enabled":"default","ast-page-background-meta":{"desktop":{"background-color":"var(--ast-global-color-5)","background-image":"","background-repeat":"repeat","background-position":"center center","background-size":"auto","background-attachment":"scroll","background-type":"","background-media":"","overlay-type":"","overlay-color":"","overlay-opacity":"","overlay-gradient":""},"tablet":{"background-color":"","background-image":"","background-repeat":"repeat","background-position":"center center","background-size":"auto","background-attachment":"scroll","background-type":"","background-media":"","overlay-type":"","overlay-color":"","overlay-opacity":"","overlay-gradient":""},"mobile":{"background-color":"","background-image":"","background-repeat":"repeat","background-position":"center center","background-size":"auto","background-attachment":"scroll","background-type":"","background-media":"","overlay-type":"","overlay-color":"","overlay-opacity":"","overlay-gradient":""}},"ast-content-background-meta":{"desktop":{"background-color":"var(--ast-global-color-4)","background-image":"","background-repeat":"repeat","background-position":"center center","background-size":"auto","background-attachment":"scroll","background-type":"","background-media":"","overlay-type":"","overlay-color":"","overlay-opacity":"","overlay-gradient":""},"tablet":{"background-color":"var(--ast-global-color-4)","background-image":"","background-repeat":"repeat","background-position":"center center","background-size":"auto","background-attachment":"scroll","background-type":"","background-media":"","overlay-type":"","overlay-color":"","overlay-opacity":"","overlay-gradient":""},"mobile":{"background-color":"var(--ast-global-color-4)","background-image":"","background-repeat":"repeat","background-position":"center center","background-size":"auto","background-attachment":"scroll","background-type":"","background-media":"","overlay-type":"","overlay-color":"","overlay-opacity":"","overlay-gradient":""}},"jetpack_post_was_ever_published":false,"_jetpack_newsletter_access":"","_jetpack_dont_email_post_to_subs":false,"_jetpack_newsletter_tier_id":0,"_jetpack_memberships_contains_paywalled_content":false,"_jetpack_memberships_contains_paid_content":false,"footnotes":""},"categories":[7,3],"tags":[],"class_list":["post-244","post","type-post","status-publish","format-standard","hentry","category-fotografie","category-osobni"],"jetpack_featured_media_url":"","jetpack_shortlink":"https:\/\/wp.me\/p4mLP7-3W","jetpack-related-posts":[{"id":12,"url":"https:\/\/kotrla.com\/pmpro\/2013\/11\/fotografie-ze-17-vecirku-casopisu-texty-a-krtu-knih\/","url_meta":{"origin":244,"position":0},"title":"Fotografie ze 17. ve\u010d\u00edrku \u010dasopisu Texty a k\u0159tu knih","author":"Pavel Kotrla","date":"27.11.2013","format":false,"excerpt":"Fotografie z p\u00e1te\u010dn\u00edho ve\u010d\u00edrku \u010dasopisu Texty a k\u0159t\u016f naleznete na str\u00e1nce http:\/\/casopis-texty.cz\/vyrocni-vecirky\/17-vecirek-textu-22-11-2013\/","rel":"","context":"V \u201eLiteratura\u201c","block_context":{"text":"Literatura","link":"https:\/\/kotrla.com\/pmpro\/category\/literatura\/"},"img":{"alt_text":"","src":"","width":0,"height":0},"classes":[]},{"id":163,"url":"https:\/\/kotrla.com\/pmpro\/2011\/03\/fotky-z-vecirku-textu-a-krtu-tizin-ondreje-hlozka\/","url_meta":{"origin":244,"position":1},"title":"Fotky z ve\u010d\u00edrku Text\u016f a k\u0159tu T\u00ed\u017ein Ond\u0159eje Hlo\u017eka","author":"Pavel Kotrla","date":"12.3.2011","format":false,"excerpt":"P\u00e1r fotek ze v\u010derej\u0161\u00edho ve\u010d\u00edrku a k\u0159tu naleznete zde: http:\/\/texty.kotrla.com\/2011vecirek\/ (Lo\u0148sk\u00e9 fotky: http:\/\/texty.kotrla.com\/2010vecirek\/)","rel":"","context":"V \u201eOsobn\u00ed\u201c","block_context":{"text":"Osobn\u00ed","link":"https:\/\/kotrla.com\/pmpro\/category\/osobni\/"},"img":{"alt_text":"Ve\u010d\u00edrek Text\u016f - 15 let","src":"https:\/\/i0.wp.com\/kotrla.com\/pmpro\/images\/uploads\/vecirek_15_tiziny_IGP5268.jpg?resize=350%2C200&ssl=1","width":350,"height":200},"classes":[]},{"id":70,"url":"https:\/\/kotrla.com\/pmpro\/2012\/11\/par-fotek-z-vecirku\/","url_meta":{"origin":244,"position":2},"title":"P\u00e1r fotek z ve\u010d\u00edrku","author":"Pavel Kotrla","date":"28.11.2012","format":false,"excerpt":"P\u00e1r fotek ze k\u0159tu sborn\u00edku a ve\u010d\u00edrku naleznete zde: http:\/\/texty.kotrla.com\/2012vecirek\/","rel":"","context":"V \u201eFotografie\u201c","block_context":{"text":"Fotografie","link":"https:\/\/kotrla.com\/pmpro\/category\/fotografie\/"},"img":{"alt_text":"image","src":"https:\/\/i0.wp.com\/kotrla.com\/pmpro\/images\/uploads\/fotky_z_vecirku_2012.jpg?resize=350%2C200&ssl=1","width":350,"height":200},"classes":[]},{"id":204,"url":"https:\/\/kotrla.com\/pmpro\/2010\/05\/fotky-z-vecirku-textu-a-krtu-adres-jakuba-chrobaka\/","url_meta":{"origin":244,"position":3},"title":"Fotky z ve\u010d\u00edrku Text\u016f a k\u0159tu Adres Jakuba Chrob\u00e1ka","author":"Pavel Kotrla","date":"23.5.2010","format":false,"excerpt":"Fotky z p\u00e1te\u010dn\u00edho ve\u010d\u00edrku \u010dasopisu Texty najdete na adrese: http:\/\/texty.kotrla.com\/2010vecirek\/ Fotka kmotra (Petr Hru\u0161ka) s autorem (Jakub Chrob\u00e1k):","rel":"","context":"V \u201eFotografie\u201c","block_context":{"text":"Fotografie","link":"https:\/\/kotrla.com\/pmpro\/category\/fotografie\/"},"img":{"alt_text":"Petr a Jakub","src":"https:\/\/i0.wp.com\/kotrla.com\/pmpro\/images\/uploads\/petr_a_jakub_IGP1862.jpg?resize=350%2C200&ssl=1","width":350,"height":200},"classes":[]},{"id":2178,"url":"https:\/\/kotrla.com\/pmpro\/2014\/10\/fotografie-patecniho-vecirku-textu\/","url_meta":{"origin":244,"position":4},"title":"Fotografie z p\u00e1te\u010dn\u00edho ve\u010d\u00edrku Text\u016f","author":"Pavel Kotrla","date":"26.10.2014","format":false,"excerpt":"Osmn\u00e1ct\u00fd ve\u010d\u00edrek Text\u016f se mysl\u00edm povedl, v\u010detn\u011b k\u0159tu Jakubovy sb\u00edrky Jak pr\u00e1zdn\u00e9 kolo, po r\u00e1fku, kter\u00e9 jsem byl kmotrem. Fotografie najdete v galerii na t\u00e9to str\u00e1nce.","rel":"","context":"V \u201eLiteratura\u201c","block_context":{"text":"Literatura","link":"https:\/\/kotrla.com\/pmpro\/category\/literatura\/"},"img":{"alt_text":"","src":"https:\/\/i0.wp.com\/kotrla.com\/pmpro\/wp-content\/uploads\/2014\/10\/IMG7377.jpg?resize=350%2C200&ssl=1","width":350,"height":200,"srcset":"https:\/\/i0.wp.com\/kotrla.com\/pmpro\/wp-content\/uploads\/2014\/10\/IMG7377.jpg?resize=350%2C200&ssl=1 1x, https:\/\/i0.wp.com\/kotrla.com\/pmpro\/wp-content\/uploads\/2014\/10\/IMG7377.jpg?resize=525%2C300&ssl=1 1.5x, https:\/\/i0.wp.com\/kotrla.com\/pmpro\/wp-content\/uploads\/2014\/10\/IMG7377.jpg?resize=700%2C400&ssl=1 2x"},"classes":[]},{"id":3254,"url":"https:\/\/kotrla.com\/pmpro\/2017\/08\/ze-vcerejsiho-krtu\/","url_meta":{"origin":244,"position":5},"title":"Ze v\u010derej\u0161\u00edho k\u0159tu","author":"Pavel Kotrla","date":"3.8.2017","format":false,"excerpt":"Z v\u010derej\u0161\u00edho k\u0159tu knihy Slovinsk\u00fd Film a Franti\u0161ek \u010c\u00e1p na Letn\u00ed filmov\u00e9 \u0161kole.","rel":"","context":"V \u201eFotografie\u201c","block_context":{"text":"Fotografie","link":"https:\/\/kotrla.com\/pmpro\/category\/fotografie\/"},"img":{"alt_text":"","src":"https:\/\/i0.wp.com\/kotrla.com\/pmpro\/wp-content\/uploads\/2017\/08\/01_IMGP9425-150x150.jpg?resize=350%2C200&ssl=1","width":350,"height":200,"srcset":"https:\/\/i0.wp.com\/kotrla.com\/pmpro\/wp-content\/uploads\/2017\/08\/01_IMGP9425-150x150.jpg?resize=350%2C200&ssl=1 1x, https:\/\/i0.wp.com\/kotrla.com\/pmpro\/wp-content\/uploads\/2017\/08\/01_IMGP9425-150x150.jpg?resize=525%2C300&ssl=1 1.5x, https:\/\/i0.wp.com\/kotrla.com\/pmpro\/wp-content\/uploads\/2017\/08\/01_IMGP9425-150x150.jpg?resize=700%2C400&ssl=1 2x, https:\/\/i0.wp.com\/kotrla.com\/pmpro\/wp-content\/uploads\/2017\/08\/01_IMGP9425-150x150.jpg?resize=1050%2C600&ssl=1 3x, https:\/\/i0.wp.com\/kotrla.com\/pmpro\/wp-content\/uploads\/2017\/08\/01_IMGP9425-150x150.jpg?resize=1400%2C800&ssl=1 4x"},"classes":[]}],"jetpack_sharing_enabled":true,"_links":{"self":[{"href":"https:\/\/kotrla.com\/pmpro\/wp-json\/wp\/v2\/posts\/244","targetHints":{"allow":["GET"]}}],"collection":[{"href":"https:\/\/kotrla.com\/pmpro\/wp-json\/wp\/v2\/posts"}],"about":[{"href":"https:\/\/kotrla.com\/pmpro\/wp-json\/wp\/v2\/types\/post"}],"author":[{"embeddable":true,"href":"https:\/\/kotrla.com\/pmpro\/wp-json\/wp\/v2\/users\/1"}],"replies":[{"embeddable":true,"href":"https:\/\/kotrla.com\/pmpro\/wp-json\/wp\/v2\/comments?post=244"}],"version-history":[{"count":0,"href":"https:\/\/kotrla.com\/pmpro\/wp-json\/wp\/v2\/posts\/244\/revisions"}],"wp:attachment":[{"href":"https:\/\/kotrla.com\/pmpro\/wp-json\/wp\/v2\/media?parent=244"}],"wp:term":[{"taxonomy":"category","embeddable":true,"href":"https:\/\/kotrla.com\/pmpro\/wp-json\/wp\/v2\/categories?post=244"},{"taxonomy":"post_tag","embeddable":true,"href":"https:\/\/kotrla.com\/pmpro\/wp-json\/wp\/v2\/tags?post=244"}],"curies":[{"name":"wp","href":"https:\/\/api.w.org\/{rel}","templated":true}]}}