{"id":257,"date":"2009-08-12T20:34:48","date_gmt":"2009-08-12T19:34:48","guid":{"rendered":"http:\/\/kotrla.com\/wordpress\/?p=257"},"modified":"2019-11-20T22:39:22","modified_gmt":"2019-11-20T21:39:22","slug":"svitani","status":"publish","type":"post","link":"https:\/\/kotrla.com\/pmpro\/2009\/08\/svitani\/","title":{"rendered":"Sv\u00edt\u00e1n\u00ed"},"content":{"rendered":"<p>V p\u00e1tek se n\u00e1m poda\u0159ilo s Jirkou po v\u00edc ne\u017e roce sej\u00edt spole\u010dn\u011b s i rodinami. Skoro mal\u00fd z\u00e1zrak. Je nutn\u00e9 si takov\u00e9to ud\u00e1losti u\u017e\u00edt, a tak v sobotu r\u00e1no jsem p\u0159ed pl\u00e1novan\u00fdm vst\u00e1v\u00e1n\u00edm dal p\u0159ednost pohodl\u00ed a bud\u00edk na mobilu navzdory kom\u00e1\u0159\u00edmu p\u00edsk\u00e1n\u00ed zase t\u00edpl. P\u0159i\u0161el jsem tak o <a href=\"http:\/\/www.fotoklub-vsetin.cz\/galerie\/novinky?g2_albumId=61&#038;g2_itemId=11791\">spole\u010dn\u00e9<\/a> focen\u00ed u <a href=\"http:\/\/foto.kotrla.com\/thumbnails.php?album=23\">lhoteck\u00e9ho javora<\/a>. <br \/>\nAle co u\u017e, v ned\u011bli jsem si to vynahradil. Kupodivu jsem si jako sova p\u0159ivykl \u010dasn\u00e9mu vst\u00e1v\u00e1n\u00ed a na\u0161t\u011bst\u00ed mi ned\u011bl\u00e1 probl\u00e9m den na to p\u0159ej\u00edt na &#8222;no\u010dn\u00ed&#8220; re\u017eim. Av\u0161ak  proch\u00e1zka je\u0161t\u011b tak\u0159ka no\u010dn\u00edm lesem m\u00e1 do sebe n\u011bco zcela jin\u00e9ho, ne\u017e rann\u00ed industri\u00e1ln\u00ed krajinou. Zavzpom\u00ednal jsem si na sv\u00e1 mysliveck\u00e1 l\u00e9ta, sv\u011bt ticha a tajemn\u00fdm zvuk\u016f v hou\u0161tin\u00e1ch. Koneckonc\u016f p\u0159\u00edjemn\u00e1 zm\u011bna.<br \/>\nD\u00edky <a href=\"http:\/\/stephentrainor.com\/tools\">Ephemeris<\/a> jsem tak n\u011bjak tu\u0161il, kdy nakonec m\u016f\u017eu o\u010dek\u00e1vat v\u00fdchod slunce. A nakonec jsem se i do\u010dkal. <br \/>\nNed\u011bln\u00ed r\u00e1no. Kupodivu den po <a href=\"http:\/\/www.gympleri.cz\">Star\u00e9m dobr\u00e9m westernu<\/a>, kde vystupoval Pavel Bobek, interpret t\u00e9to <a href=\"http:\/\/www.youtube.com\/watch?v=6uOFV6SDuYE\">m\u00e9 obl\u00edben\u00e9 p\u00edsn\u011b<\/a>. No, Byst\u0159i\u010dka zas jednou <a href=\"http:\/\/valassky.denik.cz\/kultura_region\/stary-dobry-western-country-prilakalo-tisice-lidi.html\">zavzpom\u00ednala na obdob\u00ed sv\u00e9 ji\u017e sp\u00ed\u0161 za\u0161l\u00e9 sl\u00e1vy<\/a>.<\/p>\n<p><img loading=\"lazy\" decoding=\"async\" src=\"https:\/\/kotrla.com\/pmpro\/images\/uploads\/svitani_IGP9262_3_4_5_6.jpg\" border=\"0\" alt=\"Sv\u00edt\u00e1n\u00ed nad Byst\u0159i\u010dkou\" width=\"420\" height=\"616\" \/><\/p>\n","protected":false},"excerpt":{"rendered":"<p>V p\u00e1tek se n\u00e1m poda\u0159ilo s Jirkou po v\u00edc ne\u017e roce sej\u00edt spole\u010dn\u011b s i rodinami. Skoro mal\u00fd z\u00e1zrak. Je nutn\u00e9 si takov\u00e9to ud\u00e1losti u\u017e\u00edt, a tak v sobotu r\u00e1no jsem p\u0159ed pl\u00e1novan\u00fdm vst\u00e1v\u00e1n\u00edm dal p\u0159ednost pohodl\u00ed a bud\u00edk na mobilu navzdory kom\u00e1\u0159\u00edmu p\u00edsk\u00e1n\u00ed zase t\u00edpl. P\u0159i\u0161el jsem tak o spole\u010dn\u00e9 focen\u00ed u lhoteck\u00e9ho javora. [&hellip;]<\/p>\n","protected":false},"author":1,"featured_media":0,"comment_status":"open","ping_status":"open","sticky":false,"template":"","format":"standard","meta":{"site-sidebar-layout":"default","site-content-layout":"","ast-site-content-layout":"default","site-content-style":"default","site-sidebar-style":"default","ast-global-header-display":"","ast-banner-title-visibility":"","ast-main-header-display":"","ast-hfb-above-header-display":"","ast-hfb-below-header-display":"","ast-hfb-mobile-header-display":"","site-post-title":"","ast-breadcrumbs-content":"","ast-featured-img":"","footer-sml-layout":"","ast-disable-related-posts":"","theme-transparent-header-meta":"","adv-header-id-meta":"","stick-header-meta":"","header-above-stick-meta":"","header-main-stick-meta":"","header-below-stick-meta":"","astra-migrate-meta-layouts":"default","ast-page-background-enabled":"default","ast-page-background-meta":{"desktop":{"background-color":"var(--ast-global-color-5)","background-image":"","background-repeat":"repeat","background-position":"center center","background-size":"auto","background-attachment":"scroll","background-type":"","background-media":"","overlay-type":"","overlay-color":"","overlay-opacity":"","overlay-gradient":""},"tablet":{"background-color":"","background-image":"","background-repeat":"repeat","background-position":"center center","background-size":"auto","background-attachment":"scroll","background-type":"","background-media":"","overlay-type":"","overlay-color":"","overlay-opacity":"","overlay-gradient":""},"mobile":{"background-color":"","background-image":"","background-repeat":"repeat","background-position":"center center","background-size":"auto","background-attachment":"scroll","background-type":"","background-media":"","overlay-type":"","overlay-color":"","overlay-opacity":"","overlay-gradient":""}},"ast-content-background-meta":{"desktop":{"background-color":"var(--ast-global-color-4)","background-image":"","background-repeat":"repeat","background-position":"center center","background-size":"auto","background-attachment":"scroll","background-type":"","background-media":"","overlay-type":"","overlay-color":"","overlay-opacity":"","overlay-gradient":""},"tablet":{"background-color":"var(--ast-global-color-4)","background-image":"","background-repeat":"repeat","background-position":"center center","background-size":"auto","background-attachment":"scroll","background-type":"","background-media":"","overlay-type":"","overlay-color":"","overlay-opacity":"","overlay-gradient":""},"mobile":{"background-color":"var(--ast-global-color-4)","background-image":"","background-repeat":"repeat","background-position":"center center","background-size":"auto","background-attachment":"scroll","background-type":"","background-media":"","overlay-type":"","overlay-color":"","overlay-opacity":"","overlay-gradient":""}},"jetpack_post_was_ever_published":false,"_jetpack_newsletter_access":"","_jetpack_dont_email_post_to_subs":false,"_jetpack_newsletter_tier_id":0,"_jetpack_memberships_contains_paywalled_content":false,"_jetpack_memberships_contains_paid_content":false,"footnotes":""},"categories":[5,7,3,4],"tags":[],"class_list":["post-257","post","type-post","status-publish","format-standard","hentry","category-bystricka","category-fotografie","category-osobni","category-ostatni"],"jetpack_featured_media_url":"","jetpack_shortlink":"https:\/\/wp.me\/s4mLP7-svitani","jetpack-related-posts":[{"id":1249,"url":"https:\/\/kotrla.com\/pmpro\/2003\/08\/zivot-pise-filmove-scenare\/","url_meta":{"origin":257,"position":0},"title":"\u017divot p\u00ed\u0161e filmov\u00e9 sc\u00e9n\u00e1\u0159e","author":"Pavel Kotrla","date":"27.8.2003","format":false,"excerpt":"P\u0159izn\u00e1m se, \u017ee nen\u00e1ro\u010dn\u00e9 hollywoodsk\u00e9 komedie mi zpravidla nevad\u00ed, a tak jsem sv\u00e9ho \u010dasu shl\u00e9dl i film N\u011bco na t\u00e9 Mary je. \u017d\u00e1dn\u00ed intelektu\u00e1ln\u00ed \u0161pi\u010dka. Jasn\u011b... Snad si n\u011bkdo vzpomenete na situaci, kdy hlavn\u00ed hrdina o\u010dek\u00e1v\u00e1 vytou\u017eenou d\u00edvku, se kterou m\u00e1 absolvovat rande. A aby nebyl od sam\u00e9ho po\u010d\u00e1tku setk\u00e1n\u00ed\u2026","rel":"","context":"V \u201eNeza\u0159azen\u00e9\u201c","block_context":{"text":"Neza\u0159azen\u00e9","link":"https:\/\/kotrla.com\/pmpro\/category\/nezarazene\/"},"img":{"alt_text":"","src":"","width":0,"height":0},"classes":[]},{"id":9339,"url":"https:\/\/kotrla.com\/pmpro\/2022\/01\/narwhal-nautilus-cephalopod-black\/","url_meta":{"origin":257,"position":1},"title":"Narwhal Nautilus &#8211; Cephalopod Black","author":"Pavel Kotrla","date":"25.1.2022","format":false,"excerpt":"M\u00e1m slabost pro p\u00edstov\u00e1 plnic\u00ed pera (dob\u0159e, nejen pro n\u011b), proto jsem nemohl p\u0159ehl\u00e9dnout americkou zna\u010dku Narwhal. N\u011bkter\u00e9 modely jsou za opravdu dobrou cenu, ale kdy\u017e se objevil model Nautilus... Hm, byla to l\u00e1ska skoro na prvn\u00ed pohled. Skoro. Chv\u00edli jsem v\u00e1hal, a najednou bylo vyprod\u00e1no. A st\u00e1le je\u0161t\u011b je,\u2026","rel":"","context":"V \u201ePlnic\u00ed pera a inkousty\u201c","block_context":{"text":"Plnic\u00ed pera a inkousty","link":"https:\/\/kotrla.com\/pmpro\/category\/plnici-pera\/"},"img":{"alt_text":"","src":"https:\/\/i0.wp.com\/kotrla.com\/pmpro\/wp-content\/uploads\/2022\/01\/narwhal_nautilus_IMGP4192-150x150.jpg?resize=350%2C200&ssl=1","width":350,"height":200,"srcset":"https:\/\/i0.wp.com\/kotrla.com\/pmpro\/wp-content\/uploads\/2022\/01\/narwhal_nautilus_IMGP4192-150x150.jpg?resize=350%2C200&ssl=1 1x, https:\/\/i0.wp.com\/kotrla.com\/pmpro\/wp-content\/uploads\/2022\/01\/narwhal_nautilus_IMGP4192-150x150.jpg?resize=525%2C300&ssl=1 1.5x, https:\/\/i0.wp.com\/kotrla.com\/pmpro\/wp-content\/uploads\/2022\/01\/narwhal_nautilus_IMGP4192-150x150.jpg?resize=700%2C400&ssl=1 2x, https:\/\/i0.wp.com\/kotrla.com\/pmpro\/wp-content\/uploads\/2022\/01\/narwhal_nautilus_IMGP4192-150x150.jpg?resize=1050%2C600&ssl=1 3x, https:\/\/i0.wp.com\/kotrla.com\/pmpro\/wp-content\/uploads\/2022\/01\/narwhal_nautilus_IMGP4192-150x150.jpg?resize=1400%2C800&ssl=1 4x"},"classes":[]},{"id":2193,"url":"https:\/\/kotrla.com\/pmpro\/2014\/11\/nove-stare-jan-kunze-vitrholc\/","url_meta":{"origin":257,"position":2},"title":"Nov\u00e9 a star\u00e9: Jan Kunze a V\u00edtrholc","author":"Pavel Kotrla","date":"1.11.2014","format":false,"excerpt":"V\u010derej\u0161ek byl ve znamen\u00ed vala\u0161skomezi\u0159\u00ed\u010dsk\u00e9 M-klubu, nejsen, \u017ee jsem v n\u011bm byl, ale je\u0161t\u011b jsem pak sta\u010dil sledovat na st\u00e1le podivn\u011b nevyhran\u011bn\u00e9m kan\u00e1lu \u010cT Art ve\u010der s jeho nejzn\u00e1m\u011bj\u0161\u00edmi tv\u00e1\u0159emi. Mo\u017en\u00e1 pr\u00e1v\u011b proto v\u010dera v klubu \u00fapln\u011b nabito nebylo. Jan Kunze a Hi\u010dhaikum projekt jsem sly\u0161el na\u017eivo poprv\u00e9. Sice zahr\u00e1li\u2026","rel":"","context":"V \u201eLiteratura\u201c","block_context":{"text":"Literatura","link":"https:\/\/kotrla.com\/pmpro\/category\/literatura\/"},"img":{"alt_text":"","src":"https:\/\/i0.wp.com\/kotrla.com\/pmpro\/wp-content\/uploads\/2014\/11\/IMG7565.jpg?resize=350%2C200&ssl=1","width":350,"height":200,"srcset":"https:\/\/i0.wp.com\/kotrla.com\/pmpro\/wp-content\/uploads\/2014\/11\/IMG7565.jpg?resize=350%2C200&ssl=1 1x, https:\/\/i0.wp.com\/kotrla.com\/pmpro\/wp-content\/uploads\/2014\/11\/IMG7565.jpg?resize=525%2C300&ssl=1 1.5x, https:\/\/i0.wp.com\/kotrla.com\/pmpro\/wp-content\/uploads\/2014\/11\/IMG7565.jpg?resize=700%2C400&ssl=1 2x"},"classes":[]},{"id":9057,"url":"https:\/\/kotrla.com\/pmpro\/2021\/09\/verdigris\/","url_meta":{"origin":257,"position":3},"title":"Verdigris","author":"Pavel Kotrla","date":"22.9.2021","format":false,"excerpt":"Dne\u0161n\u00ed pokus s v\u00fdrobou \u0159e\u0161etl\u00e1kov\u00e9 zeleni a \u017eluti nedopadl \u00fapln\u011b podle p\u0159edstav, by\u0165 katastrofou se to p\u0159ece jen zdr\u00e1h\u00e1m nazvat. Na bobule, kter\u00e9 nakonec je\u0161t\u011b nebyly zral\u00e9, budu musit vyrazit je\u0161t\u011b o n\u011bco pozd\u011bji. A tak jsem se vr\u00e1til k jin\u00e9mu pokusu, kdy na po\u010d\u00e1tku byl m\u011bd\u011bn\u00fd plech. Voda, ocet,\u2026","rel":"","context":"V \u201eOsobn\u00ed\u201c","block_context":{"text":"Osobn\u00ed","link":"https:\/\/kotrla.com\/pmpro\/category\/osobni\/"},"img":{"alt_text":"","src":"https:\/\/i0.wp.com\/kotrla.com\/pmpro\/wp-content\/uploads\/2021\/08\/zrani_modre_IMGP1383-150x150.jpg?resize=350%2C200&ssl=1","width":350,"height":200,"srcset":"https:\/\/i0.wp.com\/kotrla.com\/pmpro\/wp-content\/uploads\/2021\/08\/zrani_modre_IMGP1383-150x150.jpg?resize=350%2C200&ssl=1 1x, https:\/\/i0.wp.com\/kotrla.com\/pmpro\/wp-content\/uploads\/2021\/08\/zrani_modre_IMGP1383-150x150.jpg?resize=525%2C300&ssl=1 1.5x, https:\/\/i0.wp.com\/kotrla.com\/pmpro\/wp-content\/uploads\/2021\/08\/zrani_modre_IMGP1383-150x150.jpg?resize=700%2C400&ssl=1 2x, https:\/\/i0.wp.com\/kotrla.com\/pmpro\/wp-content\/uploads\/2021\/08\/zrani_modre_IMGP1383-150x150.jpg?resize=1050%2C600&ssl=1 3x, https:\/\/i0.wp.com\/kotrla.com\/pmpro\/wp-content\/uploads\/2021\/08\/zrani_modre_IMGP1383-150x150.jpg?resize=1400%2C800&ssl=1 4x"},"classes":[]},{"id":10765,"url":"https:\/\/kotrla.com\/pmpro\/2023\/09\/kone-a-prase-mucha-jarcova-26-8-2023\/","url_meta":{"origin":257,"position":4},"title":"Ko\u0148e a prase, Mucha (Jarcov\u00e1 26. 8. 2023)","author":"Pavel Kotrla","date":"2.9.2023","format":false,"excerpt":"Lenka Halov\u00e1 sice vydala vloni v m\u00e9m jednomu\u017en\u00e9m nakladatelstv\u00ed Klenov svou b\u00e1snickou sb\u00edrku L\u00e9taj\u00edc\u00ed jelen, ale ve\u0159ejnost ji bude zn\u00e1t hlavn\u011b jako organiz\u00e1torku nejr\u016fzn\u011bj\u0161\u00edch akc\u00ed a jako zp\u011bva\u010dku kapely Ko\u0148e a prase. A tak kdy\u017e minulou sobotu hr\u00e1li spole\u010dn\u011b s Muchou v hostinci Za vod\u00fa v Jarcov\u00e9, tak jsem tam\u2026","rel":"","context":"V \u201eOsobn\u00ed\u201c","block_context":{"text":"Osobn\u00ed","link":"https:\/\/kotrla.com\/pmpro\/category\/osobni\/"},"img":{"alt_text":"","src":"https:\/\/i0.wp.com\/kotrla.com\/pmpro\/wp-content\/uploads\/2023\/09\/kone_a_prase_IMGP8618-150x150.jpg?resize=350%2C200&ssl=1","width":350,"height":200,"srcset":"https:\/\/i0.wp.com\/kotrla.com\/pmpro\/wp-content\/uploads\/2023\/09\/kone_a_prase_IMGP8618-150x150.jpg?resize=350%2C200&ssl=1 1x, https:\/\/i0.wp.com\/kotrla.com\/pmpro\/wp-content\/uploads\/2023\/09\/kone_a_prase_IMGP8618-150x150.jpg?resize=525%2C300&ssl=1 1.5x, https:\/\/i0.wp.com\/kotrla.com\/pmpro\/wp-content\/uploads\/2023\/09\/kone_a_prase_IMGP8618-150x150.jpg?resize=700%2C400&ssl=1 2x, https:\/\/i0.wp.com\/kotrla.com\/pmpro\/wp-content\/uploads\/2023\/09\/kone_a_prase_IMGP8618-150x150.jpg?resize=1050%2C600&ssl=1 3x, https:\/\/i0.wp.com\/kotrla.com\/pmpro\/wp-content\/uploads\/2023\/09\/kone_a_prase_IMGP8618-150x150.jpg?resize=1400%2C800&ssl=1 4x"},"classes":[]},{"id":12797,"url":"https:\/\/kotrla.com\/pmpro\/2025\/05\/pininfarina-pf-two\/","url_meta":{"origin":257,"position":5},"title":"Pininfarina PF Two","author":"Pavel Kotrla","date":"31.5.2025","format":false,"excerpt":"Florencie \u2013 m\u011bsto per\u016fm zasl\u00edben\u00e9. Ano, je to tak. M\u011bsto Leonardovo a Michelangelovo, ale tak\u00e9 zde maj\u00ed sv\u00e9 s\u00eddlo Pineider (zalo\u017eeno 1774!), Stipula (zalo\u017eeno 1945), Visconti (zalo\u017eeno 1988) nebo p\u016fvodn\u011b znovuobnoven\u00e9 Tibaldi (zalo\u017eeno 1914). Dal\u0161\u00ed v\u00fdrobci tomuto m\u011bstu v\u011bnovali sv\u00e9 limitky (Delta, Aurora...). Srdce milovn\u00edka plnic\u00edch per zde ples\u00e1. Tak\u017ee\u2026","rel":"","context":"V \u201ePlnic\u00ed pera a inkousty\u201c","block_context":{"text":"Plnic\u00ed pera a inkousty","link":"https:\/\/kotrla.com\/pmpro\/category\/plnici-pera\/"},"img":{"alt_text":"","src":"https:\/\/i0.wp.com\/kotrla.com\/pmpro\/wp-content\/uploads\/2025\/05\/pininfarina_pf_two_IMGP9831-150x150.jpg?resize=350%2C200&ssl=1","width":350,"height":200,"srcset":"https:\/\/i0.wp.com\/kotrla.com\/pmpro\/wp-content\/uploads\/2025\/05\/pininfarina_pf_two_IMGP9831-150x150.jpg?resize=350%2C200&ssl=1 1x, https:\/\/i0.wp.com\/kotrla.com\/pmpro\/wp-content\/uploads\/2025\/05\/pininfarina_pf_two_IMGP9831-150x150.jpg?resize=525%2C300&ssl=1 1.5x, https:\/\/i0.wp.com\/kotrla.com\/pmpro\/wp-content\/uploads\/2025\/05\/pininfarina_pf_two_IMGP9831-150x150.jpg?resize=700%2C400&ssl=1 2x, https:\/\/i0.wp.com\/kotrla.com\/pmpro\/wp-content\/uploads\/2025\/05\/pininfarina_pf_two_IMGP9831-150x150.jpg?resize=1050%2C600&ssl=1 3x, https:\/\/i0.wp.com\/kotrla.com\/pmpro\/wp-content\/uploads\/2025\/05\/pininfarina_pf_two_IMGP9831-150x150.jpg?resize=1400%2C800&ssl=1 4x"},"classes":[]}],"jetpack_sharing_enabled":true,"_links":{"self":[{"href":"https:\/\/kotrla.com\/pmpro\/wp-json\/wp\/v2\/posts\/257","targetHints":{"allow":["GET"]}}],"collection":[{"href":"https:\/\/kotrla.com\/pmpro\/wp-json\/wp\/v2\/posts"}],"about":[{"href":"https:\/\/kotrla.com\/pmpro\/wp-json\/wp\/v2\/types\/post"}],"author":[{"embeddable":true,"href":"https:\/\/kotrla.com\/pmpro\/wp-json\/wp\/v2\/users\/1"}],"replies":[{"embeddable":true,"href":"https:\/\/kotrla.com\/pmpro\/wp-json\/wp\/v2\/comments?post=257"}],"version-history":[{"count":0,"href":"https:\/\/kotrla.com\/pmpro\/wp-json\/wp\/v2\/posts\/257\/revisions"}],"wp:attachment":[{"href":"https:\/\/kotrla.com\/pmpro\/wp-json\/wp\/v2\/media?parent=257"}],"wp:term":[{"taxonomy":"category","embeddable":true,"href":"https:\/\/kotrla.com\/pmpro\/wp-json\/wp\/v2\/categories?post=257"},{"taxonomy":"post_tag","embeddable":true,"href":"https:\/\/kotrla.com\/pmpro\/wp-json\/wp\/v2\/tags?post=257"}],"curies":[{"name":"wp","href":"https:\/\/api.w.org\/{rel}","templated":true}]}}