{"id":2587,"date":"2015-10-01T18:52:45","date_gmt":"2015-10-01T17:52:45","guid":{"rendered":"http:\/\/kotrla.com\/pmpro\/?p=2587"},"modified":"2019-11-20T22:44:18","modified_gmt":"2019-11-20T21:44:18","slug":"autorska-cteni-jiriho-hajicka-a-tyden-knihoven","status":"publish","type":"post","link":"https:\/\/kotrla.com\/pmpro\/2015\/10\/autorska-cteni-jiriho-hajicka-a-tyden-knihoven\/","title":{"rendered":"Autorsk\u00e1 \u010dten\u00ed Ji\u0159\u00edho H\u00e1j\u00ed\u010dka a T\u00fdden knihoven"},"content":{"rendered":"<p><a href=\"http:\/\/www.hajicek.info\/\">Ji\u0159\u00ed H\u00e1j\u00ed\u010dek<\/a>\u00a0je\u00a0\u010desk\u00fd prozaik, dvojn\u00e1sobn\u00fd dr\u017eitel ocen\u011bn\u00ed Magnesia Litera za sv\u00e9 rom\u00e1ny Selsk\u00fd baroko a Ryb\u00ed krev, kter\u00e1 se stala knihou roku 2013. Srde\u010dn\u011b zvu na jeho \u0161\u0148\u016fru autorsk\u00fdch \u010dten\u00ed, zvl\u00e1\u0161t\u011b pak do <a href=\"http:\/\/www.mvk.cz\/\">Vset\u00edna<\/a> a do <a href=\"http:\/\/kfbz.cz\/\">Zl\u00edna<\/a>, kde budu ve\u010dery moderovat.<\/p>\n<ul>\n<li>M\u011bstsk\u00e1 knihovna <strong>Hodon\u00edn \u2013\u00a0<\/strong>5. 10. 2015, od 17:00 hod.<\/li>\n<li>M\u011bstsk\u00e1 knihovna <strong>Vala\u0161sk\u00e9 Mezi\u0159\u00ed\u010d\u00ed \u2013\u00a0<\/strong>6. 10. 2015, od 17:00 hod.<\/li>\n<li>M\u011bstsk\u00e1 knihovna <strong>Ro\u017enov pod Radho\u0161t\u011bm \u2013\u00a0<\/strong>7. 10. 2015, od 17:00 hod.<\/li>\n<li>Masarykova ve\u0159ejn\u00e1 knihovna <strong>Vset\u00edn \u2013\u00a0<\/strong>8. 10. 2015, od 17:00 hod.<\/li>\n<li>Krajsk\u00e1 knihovna Franti\u0161ka Barto\u0161e ve <strong>Zl\u00edn\u011b \u2013<\/strong>\u00a09. 10. 2015, od 17:00 hod.<\/li>\n<\/ul>\n<figure id=\"attachment_1641\" aria-describedby=\"caption-attachment-1641\" style=\"width: 1050px\" class=\"wp-caption aligncenter\"><a href=\"https:\/\/kotrla.com\/pmpro\/wp-content\/uploads\/2014\/03\/jiri_hajicek2.jpg\"><img loading=\"lazy\" decoding=\"async\" class=\"size-full wp-image-1641\" src=\"https:\/\/kotrla.com\/pmpro\/wp-content\/uploads\/2014\/03\/jiri_hajicek2.jpg\" alt=\"Spisovatel Ji\u0159\u00ed H\u00e1j\u00ed\u010dek\" width=\"1050\" height=\"759\" srcset=\"https:\/\/kotrla.com\/pmpro\/wp-content\/uploads\/2014\/03\/jiri_hajicek2.jpg 1050w, https:\/\/kotrla.com\/pmpro\/wp-content\/uploads\/2014\/03\/jiri_hajicek2-300x216.jpg 300w, https:\/\/kotrla.com\/pmpro\/wp-content\/uploads\/2014\/03\/jiri_hajicek2-1024x740.jpg 1024w\" sizes=\"auto, (max-width: 1050px) 100vw, 1050px\" \/><\/a><figcaption id=\"caption-attachment-1641\" class=\"wp-caption-text\">Spisovatel Ji\u0159\u00ed H\u00e1j\u00ed\u010dek<\/figcaption><\/figure>\n","protected":false},"excerpt":{"rendered":"<p>Ji\u0159\u00ed H\u00e1j\u00ed\u010dek\u00a0je\u00a0\u010desk\u00fd prozaik, dvojn\u00e1sobn\u00fd dr\u017eitel ocen\u011bn\u00ed Magnesia Litera za sv\u00e9 rom\u00e1ny Selsk\u00fd baroko a Ryb\u00ed krev, kter\u00e1 se stala knihou roku 2013. Srde\u010dn\u011b zvu na jeho \u0161\u0148\u016fru autorsk\u00fdch \u010dten\u00ed, zvl\u00e1\u0161t\u011b pak do Vset\u00edna a do Zl\u00edna, kde budu ve\u010dery moderovat. M\u011bstsk\u00e1 knihovna Hodon\u00edn \u2013\u00a05. 10. 2015, od 17:00 hod. M\u011bstsk\u00e1 knihovna Vala\u0161sk\u00e9 Mezi\u0159\u00ed\u010d\u00ed \u2013\u00a06. 10. [&hellip;]<\/p>\n","protected":false},"author":1,"featured_media":0,"comment_status":"open","ping_status":"open","sticky":false,"template":"","format":"standard","meta":{"site-sidebar-layout":"default","site-content-layout":"","ast-site-content-layout":"default","site-content-style":"default","site-sidebar-style":"default","ast-global-header-display":"","ast-banner-title-visibility":"","ast-main-header-display":"","ast-hfb-above-header-display":"","ast-hfb-below-header-display":"","ast-hfb-mobile-header-display":"","site-post-title":"","ast-breadcrumbs-content":"","ast-featured-img":"","footer-sml-layout":"","ast-disable-related-posts":"","theme-transparent-header-meta":"","adv-header-id-meta":"","stick-header-meta":"","header-above-stick-meta":"","header-main-stick-meta":"","header-below-stick-meta":"","astra-migrate-meta-layouts":"default","ast-page-background-enabled":"default","ast-page-background-meta":{"desktop":{"background-color":"var(--ast-global-color-5)","background-image":"","background-repeat":"repeat","background-position":"center center","background-size":"auto","background-attachment":"scroll","background-type":"","background-media":"","overlay-type":"","overlay-color":"","overlay-opacity":"","overlay-gradient":""},"tablet":{"background-color":"","background-image":"","background-repeat":"repeat","background-position":"center center","background-size":"auto","background-attachment":"scroll","background-type":"","background-media":"","overlay-type":"","overlay-color":"","overlay-opacity":"","overlay-gradient":""},"mobile":{"background-color":"","background-image":"","background-repeat":"repeat","background-position":"center center","background-size":"auto","background-attachment":"scroll","background-type":"","background-media":"","overlay-type":"","overlay-color":"","overlay-opacity":"","overlay-gradient":""}},"ast-content-background-meta":{"desktop":{"background-color":"var(--ast-global-color-4)","background-image":"","background-repeat":"repeat","background-position":"center center","background-size":"auto","background-attachment":"scroll","background-type":"","background-media":"","overlay-type":"","overlay-color":"","overlay-opacity":"","overlay-gradient":""},"tablet":{"background-color":"var(--ast-global-color-4)","background-image":"","background-repeat":"repeat","background-position":"center center","background-size":"auto","background-attachment":"scroll","background-type":"","background-media":"","overlay-type":"","overlay-color":"","overlay-opacity":"","overlay-gradient":""},"mobile":{"background-color":"var(--ast-global-color-4)","background-image":"","background-repeat":"repeat","background-position":"center center","background-size":"auto","background-attachment":"scroll","background-type":"","background-media":"","overlay-type":"","overlay-color":"","overlay-opacity":"","overlay-gradient":""}},"jetpack_post_was_ever_published":false,"_jetpack_newsletter_access":"","_jetpack_dont_email_post_to_subs":false,"_jetpack_newsletter_tier_id":0,"_jetpack_memberships_contains_paywalled_content":false,"_jetpack_memberships_contains_paid_content":false,"footnotes":""},"categories":[2,3],"tags":[],"class_list":["post-2587","post","type-post","status-publish","format-standard","hentry","category-literatura","category-osobni"],"jetpack_featured_media_url":"","jetpack_shortlink":"https:\/\/wp.me\/p4mLP7-FJ","jetpack-related-posts":[{"id":3109,"url":"https:\/\/kotrla.com\/pmpro\/2017\/04\/kam\/","url_meta":{"origin":2587,"position":0},"title":"Kam?","author":"Pavel Kotrla","date":"12.4.2017","format":false,"excerpt":"Kate\u0159ina Dubsk\u00e1 \u2013 autorsk\u00e9 \u010dten\u00ed a beseda 20. dubna 2017 17:00, Masarykova knihovna Vset\u00edn Ve\u010der liter\u00e1rn\u011b-hudebn\u00ed v M-klubu Vala\u0161sk\u00e9 Mezi\u0159\u00ed\u010d\u00ed (\u0160imon Leitgeb, Ji\u0159\u00ed \u0160t\u011bp\u00e1n a Vl\u00e1\u010fa Da\u0165ka) 20. dubna 2017 19:00, M-klub Vala\u0161sk\u00e9 Mezi\u0159\u00ed\u010d\u00ed nebo na FB Liter\u00e1rn\u00ed jaro Zl\u00edn http:\/\/www.literarnijaro.cz Alena Morn\u0161tajnov\u00e1: Hana 26. dubna 2017 17:30, M\u011bstsk\u00e1 knihovna\u2026","rel":"","context":"V \u201eLiteratura\u201c","block_context":{"text":"Literatura","link":"https:\/\/kotrla.com\/pmpro\/category\/literatura\/"},"img":{"alt_text":"","src":"","width":0,"height":0},"classes":[]},{"id":2766,"url":"https:\/\/kotrla.com\/pmpro\/2016\/08\/2766\/","url_meta":{"origin":2587,"position":1},"title":"Kam za literaturou na Vala\u0161sku v nejbli\u017e\u0161\u00edch t\u00fddnech","author":"Pavel Kotrla","date":"23.8.2016","format":false,"excerpt":"Tak krom ji\u017e n\u00ed\u017ee avizovan\u00e9ho Letn\u00edho \u010dten\u00ed na st\u0159e\u0161e vset\u00ednsk\u00e9 knihovny jsou zde i dal\u0161\u00ed akce, kter\u00e9 mo\u017en\u00e1 stoj\u00ed za pozornost. (V\u00edm, \u017ee FM ji\u017e nen\u00ed Vala\u0161sko, ale autorka ano, tak\u017ee za\u0159azuji.) Zden\u011bk Lys\u00fd 1. z\u00e1\u0159\u00ed v 17:00 Masarykova knihovna Vset\u00edn Pavel Kosat\u00edk 15. z\u00e1\u0159\u00ed 2016 17:30 M\u011bstsk\u00e1 knihovna Ro\u017enov\u2026","rel":"","context":"V \u201eLiteratura\u201c","block_context":{"text":"Literatura","link":"https:\/\/kotrla.com\/pmpro\/category\/literatura\/"},"img":{"alt_text":"","src":"","width":0,"height":0},"classes":[]},{"id":3337,"url":"https:\/\/kotrla.com\/pmpro\/2017\/09\/kam-za-literaturou-podzim-2017\/","url_meta":{"origin":2587,"position":2},"title":"Kam za literaturou (podzim 2017)?","author":"Pavel Kotrla","date":"25.9.2017","format":false,"excerpt":"Bez n\u00e1rok\u016f na \u00faplnost, p\u0159ehled liter\u00e1rn\u00edch akci na Vala\u0161sku a v bl\u00edzk\u00e9m okol\u00ed. Na \u00favod tedy pozv\u00e1n\u00ed na jednu moji akci\u010dku, pak u\u017e v \u010dasov\u00e9 posloupnosti. JAK FILMOV\u00dd RE\u017dIS\u00c9R FRANTI\u0160EK \u010c\u00c1P K BESKYD\u00c1M A SLOVINSKU P\u0158I\u0160EL (BESEDY) 10. 10. 17 17:00, Spole\u010densk\u00fd s\u00e1l knihovny, Masarykova knihovna Vset\u00edn Komponovan\u00fd podve\u010der u\u2026","rel":"","context":"V \u201eLiteratura\u201c","block_context":{"text":"Literatura","link":"https:\/\/kotrla.com\/pmpro\/category\/literatura\/"},"img":{"alt_text":"","src":"","width":0,"height":0},"classes":[]},{"id":10838,"url":"https:\/\/kotrla.com\/pmpro\/2023\/09\/zuzana-kultanova-spisovatele-do-knihoven\/","url_meta":{"origin":2587,"position":3},"title":"Zuzana Kult\u00e1nov\u00e1 (Spisovatel\u00e9 do knihoven)","author":"Pavel Kotrla","date":"20.9.2023","format":false,"excerpt":"Tak\u00e9 v leto\u0161n\u00edm roce pokra\u010duje projekt Asociace spisovatel\u016f Spisovatel\u00e9 do knihoven. Jednou ze zapojen\u00fdch knihoven je i M\u011bstsk\u00e1 knihovna Vala\u0161sk\u00e9 Mezi\u0159\u00ed\u010d\u00ed, kde se v\u010dera uskute\u010dnilo prvn\u00ed \u010dten\u00ed a beseda z cyklu. Hostem byla tentokr\u00e1t Zuzana Kult\u00e1nov\u00e1, autorka pr\u00f3z Augustin Zimmermann (2016) a Zp\u00edv\u00e1\u0161 jako bys plakala (2022). Je to u\u017e\u2026","rel":"","context":"V \u201eFotografie\u201c","block_context":{"text":"Fotografie","link":"https:\/\/kotrla.com\/pmpro\/category\/fotografie\/"},"img":{"alt_text":"","src":"https:\/\/i0.wp.com\/kotrla.com\/pmpro\/wp-content\/uploads\/2023\/09\/zuzana_kultanova_IMGP9489-150x150.jpg?resize=350%2C200&ssl=1","width":350,"height":200,"srcset":"https:\/\/i0.wp.com\/kotrla.com\/pmpro\/wp-content\/uploads\/2023\/09\/zuzana_kultanova_IMGP9489-150x150.jpg?resize=350%2C200&ssl=1 1x, https:\/\/i0.wp.com\/kotrla.com\/pmpro\/wp-content\/uploads\/2023\/09\/zuzana_kultanova_IMGP9489-150x150.jpg?resize=525%2C300&ssl=1 1.5x, https:\/\/i0.wp.com\/kotrla.com\/pmpro\/wp-content\/uploads\/2023\/09\/zuzana_kultanova_IMGP9489-150x150.jpg?resize=700%2C400&ssl=1 2x, https:\/\/i0.wp.com\/kotrla.com\/pmpro\/wp-content\/uploads\/2023\/09\/zuzana_kultanova_IMGP9489-150x150.jpg?resize=1050%2C600&ssl=1 3x, https:\/\/i0.wp.com\/kotrla.com\/pmpro\/wp-content\/uploads\/2023\/09\/zuzana_kultanova_IMGP9489-150x150.jpg?resize=1400%2C800&ssl=1 4x"},"classes":[]},{"id":2386,"url":"https:\/\/kotrla.com\/pmpro\/2015\/07\/vzornik-2014\/","url_meta":{"origin":2587,"position":4},"title":"Vzorn\u00edk 2014","author":"Pavel Kotrla","date":"3.7.2015","format":false,"excerpt":"M\u011bstsk\u00e1 knihovna v Praze vydala nov\u00fd sborn\u00edk\u00a0Vzorn\u00edk 2014, ve kter\u00e9m naleznete mimo tvorby osmi jin\u00fdch autor\u016f i n\u011bkolik m\u00fdch\u00a0b\u00e1sn\u00ed.","rel":"","context":"V \u201eLiteratura\u201c","block_context":{"text":"Literatura","link":"https:\/\/kotrla.com\/pmpro\/category\/literatura\/"},"img":{"alt_text":"","src":"","width":0,"height":0},"classes":[]},{"id":12183,"url":"https:\/\/kotrla.com\/pmpro\/2024\/11\/zuzana-dostalova\/","url_meta":{"origin":2587,"position":5},"title":"Zuzana Dost\u00e1lov\u00e1","author":"Pavel Kotrla","date":"1.11.2024","format":false,"excerpt":"Zuzana Dost\u00e1lov\u00e1 a jej\u00ed v\u010derej\u0161\u00ed \u010dten\u00ed v r\u00e1mci projektu Liter\u00e1rn\u00ed Vset\u00edn. D\u00edky. Masarykova ve\u0159ejn\u00e1 knihovna Vset\u00edn & T\u0159i opice.","rel":"","context":"V \u201eFotografie\u201c","block_context":{"text":"Fotografie","link":"https:\/\/kotrla.com\/pmpro\/category\/fotografie\/"},"img":{"alt_text":"","src":"https:\/\/i0.wp.com\/kotrla.com\/pmpro\/wp-content\/uploads\/2024\/11\/zuzana_dostalova_IMGP4814.jpg?resize=350%2C200&ssl=1","width":350,"height":200,"srcset":"https:\/\/i0.wp.com\/kotrla.com\/pmpro\/wp-content\/uploads\/2024\/11\/zuzana_dostalova_IMGP4814.jpg?resize=350%2C200&ssl=1 1x, https:\/\/i0.wp.com\/kotrla.com\/pmpro\/wp-content\/uploads\/2024\/11\/zuzana_dostalova_IMGP4814.jpg?resize=525%2C300&ssl=1 1.5x, https:\/\/i0.wp.com\/kotrla.com\/pmpro\/wp-content\/uploads\/2024\/11\/zuzana_dostalova_IMGP4814.jpg?resize=700%2C400&ssl=1 2x, https:\/\/i0.wp.com\/kotrla.com\/pmpro\/wp-content\/uploads\/2024\/11\/zuzana_dostalova_IMGP4814.jpg?resize=1050%2C600&ssl=1 3x, https:\/\/i0.wp.com\/kotrla.com\/pmpro\/wp-content\/uploads\/2024\/11\/zuzana_dostalova_IMGP4814.jpg?resize=1400%2C800&ssl=1 4x"},"classes":[]}],"jetpack_sharing_enabled":true,"_links":{"self":[{"href":"https:\/\/kotrla.com\/pmpro\/wp-json\/wp\/v2\/posts\/2587","targetHints":{"allow":["GET"]}}],"collection":[{"href":"https:\/\/kotrla.com\/pmpro\/wp-json\/wp\/v2\/posts"}],"about":[{"href":"https:\/\/kotrla.com\/pmpro\/wp-json\/wp\/v2\/types\/post"}],"author":[{"embeddable":true,"href":"https:\/\/kotrla.com\/pmpro\/wp-json\/wp\/v2\/users\/1"}],"replies":[{"embeddable":true,"href":"https:\/\/kotrla.com\/pmpro\/wp-json\/wp\/v2\/comments?post=2587"}],"version-history":[{"count":0,"href":"https:\/\/kotrla.com\/pmpro\/wp-json\/wp\/v2\/posts\/2587\/revisions"}],"wp:attachment":[{"href":"https:\/\/kotrla.com\/pmpro\/wp-json\/wp\/v2\/media?parent=2587"}],"wp:term":[{"taxonomy":"category","embeddable":true,"href":"https:\/\/kotrla.com\/pmpro\/wp-json\/wp\/v2\/categories?post=2587"},{"taxonomy":"post_tag","embeddable":true,"href":"https:\/\/kotrla.com\/pmpro\/wp-json\/wp\/v2\/tags?post=2587"}],"curies":[{"name":"wp","href":"https:\/\/api.w.org\/{rel}","templated":true}]}}