{"id":2603,"date":"2015-11-02T09:50:04","date_gmt":"2015-11-02T08:50:04","guid":{"rendered":"http:\/\/kotrla.com\/pmpro\/?p=2603"},"modified":"2025-09-29T20:13:01","modified_gmt":"2025-09-29T19:13:01","slug":"karel-vyslouzil-1927-2015","status":"publish","type":"post","link":"https:\/\/kotrla.com\/pmpro\/2015\/11\/karel-vyslouzil-1927-2015\/","title":{"rendered":"Karel Vyslou\u017eil (1927\u20132015)"},"content":{"rendered":"<p>27. 10. 2015 zem\u0159el Karel Vyslou\u017eil, b\u00e1sn\u00edk a esejista.\u00a0Poh\u0159eb se uskute\u010dn\u00ed\u00a007. 11. 2015 v 14:30 ve vset\u00ednsk\u00e9m katolick\u00e9m\u00a0kostele.<\/p>\n<ul>\n<li><a href=\"http:\/\/www.ustrcr.cz\/cs\/karel-vyslouzil\">Profil Karla Vyslou\u017eila na\u00a0\u00dastavu pro studium totalitn\u00edch re\u017eim\u016f<\/a><\/li>\n<li><a href=\"http:\/\/casopis-texty.cz\/vydani-casopisu\/texty-59-podzim-2012\/\">Recenze Dalibora Maliny na str\u00e1nk\u00e1ch Text\u016f<\/a><\/li>\n<li><a href=\"https:\/\/www.h7o.cz\/files\/magazines\/232\/host_2008_010.pdf\">Usedl-li kdy duch z nebe r\u00e1d na zemi, usedl na pas\u00ednku\u2026 (m\u016fj rozhovor s KV pro Host \u010d. 10\/2008)<\/a><\/li>\n<li><a href=\"http:\/\/dobracestina.cz\/basta\/clanek\/dvakrat-karel-vyslouzil-l-p-2015\">Daniela Iwashita: Dvakr\u00e1t Karel Vyslou\u017eil L. P. 2015<\/a><\/li>\n<li><a href=\"https:\/\/is.muni.cz\/th\/146209\/ff_m_a3\/Dilo_Karla_Vyslouzila_v_perspektive_sdruzenych_umenoved.txt\">Diplomov\u00e1 pr\u00e1ce o d\u00edle Karla Vyslou\u017eila<\/a><\/li>\n<\/ul>\n<figure id=\"attachment_2604\" aria-describedby=\"caption-attachment-2604\" style=\"width: 1050px\" class=\"wp-caption alignnone\"><a href=\"https:\/\/kotrla.com\/pmpro\/wp-content\/uploads\/2015\/11\/Vyslouzil_Karel_3.jpg\"><img loading=\"lazy\" decoding=\"async\" class=\"size-full wp-image-2604\" src=\"https:\/\/kotrla.com\/pmpro\/wp-content\/uploads\/2015\/11\/Vyslouzil_Karel_3.jpg\" alt=\"Karel Vyslou\u017eil\" width=\"1050\" height=\"759\" srcset=\"https:\/\/kotrla.com\/pmpro\/wp-content\/uploads\/2015\/11\/Vyslouzil_Karel_3.jpg 1050w, https:\/\/kotrla.com\/pmpro\/wp-content\/uploads\/2015\/11\/Vyslouzil_Karel_3-300x217.jpg 300w, https:\/\/kotrla.com\/pmpro\/wp-content\/uploads\/2015\/11\/Vyslouzil_Karel_3-1024x740.jpg 1024w\" sizes=\"auto, (max-width: 1050px) 100vw, 1050px\" \/><\/a><figcaption id=\"caption-attachment-2604\" class=\"wp-caption-text\">Karel Vyslou\u017eil \u2013 dosud nepublikovan\u00e1 fotografie z m\u00e9 n\u00e1v\u0161t\u011bvy u Karla Vyslou\u017eila v roce 2008<\/figcaption><\/figure>\n","protected":false},"excerpt":{"rendered":"<p>27. 10. 2015 zem\u0159el Karel Vyslou\u017eil, b\u00e1sn\u00edk a esejista.\u00a0Poh\u0159eb se uskute\u010dn\u00ed\u00a007. 11. 2015 v 14:30 ve vset\u00ednsk\u00e9m katolick\u00e9m\u00a0kostele. Profil Karla Vyslou\u017eila na\u00a0\u00dastavu pro studium totalitn\u00edch re\u017eim\u016f Recenze Dalibora Maliny na str\u00e1nk\u00e1ch Text\u016f Usedl-li kdy duch z nebe r\u00e1d na zemi, usedl na pas\u00ednku\u2026 (m\u016fj rozhovor s KV pro Host \u010d. 10\/2008) Daniela Iwashita: Dvakr\u00e1t Karel [&hellip;]<\/p>\n","protected":false},"author":1,"featured_media":0,"comment_status":"open","ping_status":"open","sticky":false,"template":"","format":"standard","meta":{"site-sidebar-layout":"default","site-content-layout":"","ast-site-content-layout":"default","site-content-style":"default","site-sidebar-style":"default","ast-global-header-display":"","ast-banner-title-visibility":"","ast-main-header-display":"","ast-hfb-above-header-display":"","ast-hfb-below-header-display":"","ast-hfb-mobile-header-display":"","site-post-title":"","ast-breadcrumbs-content":"","ast-featured-img":"","footer-sml-layout":"","ast-disable-related-posts":"","theme-transparent-header-meta":"default","adv-header-id-meta":"","stick-header-meta":"","header-above-stick-meta":"","header-main-stick-meta":"","header-below-stick-meta":"","astra-migrate-meta-layouts":"set","ast-page-background-enabled":"default","ast-page-background-meta":{"desktop":{"background-color":"var(--ast-global-color-5)","background-image":"","background-repeat":"repeat","background-position":"center center","background-size":"auto","background-attachment":"scroll","background-type":"","background-media":"","overlay-type":"","overlay-color":"","overlay-opacity":"","overlay-gradient":""},"tablet":{"background-color":"","background-image":"","background-repeat":"repeat","background-position":"center center","background-size":"auto","background-attachment":"scroll","background-type":"","background-media":"","overlay-type":"","overlay-color":"","overlay-opacity":"","overlay-gradient":""},"mobile":{"background-color":"","background-image":"","background-repeat":"repeat","background-position":"center center","background-size":"auto","background-attachment":"scroll","background-type":"","background-media":"","overlay-type":"","overlay-color":"","overlay-opacity":"","overlay-gradient":""}},"ast-content-background-meta":{"desktop":{"background-color":"var(--ast-global-color-4)","background-image":"","background-repeat":"repeat","background-position":"center center","background-size":"auto","background-attachment":"scroll","background-type":"","background-media":"","overlay-type":"","overlay-color":"","overlay-opacity":"","overlay-gradient":""},"tablet":{"background-color":"var(--ast-global-color-4)","background-image":"","background-repeat":"repeat","background-position":"center center","background-size":"auto","background-attachment":"scroll","background-type":"","background-media":"","overlay-type":"","overlay-color":"","overlay-opacity":"","overlay-gradient":""},"mobile":{"background-color":"var(--ast-global-color-4)","background-image":"","background-repeat":"repeat","background-position":"center center","background-size":"auto","background-attachment":"scroll","background-type":"","background-media":"","overlay-type":"","overlay-color":"","overlay-opacity":"","overlay-gradient":""}},"jetpack_post_was_ever_published":false,"_jetpack_newsletter_access":"","_jetpack_dont_email_post_to_subs":false,"_jetpack_newsletter_tier_id":0,"_jetpack_memberships_contains_paywalled_content":false,"_jetpack_memberships_contains_paid_content":false,"footnotes":""},"categories":[7,2],"tags":[],"class_list":["post-2603","post","type-post","status-publish","format-standard","hentry","category-fotografie","category-literatura"],"jetpack_featured_media_url":"","jetpack_shortlink":"https:\/\/wp.me\/p4mLP7-FZ","jetpack-related-posts":[{"id":13597,"url":"https:\/\/kotrla.com\/pmpro\/2025\/11\/vzpominka-na-karla-vyslouzila\/","url_meta":{"origin":2603,"position":0},"title":"Vzpom\u00ednka na Karla Vyslou\u017eila","author":"Pavel Kotrla","date":"17.11.2025","format":false,"excerpt":"Dnes je 17. listopadu. Den boje za svobodu a demokracii a Mezin\u00e1rodn\u00ed den studentstva. Na p\u0159elomov\u00e9 ud\u00e1losti bude upozor\u0148ovat v\u011bt\u0161ina m\u00e9di\u00ed. D\u016fvod\u016f pro\u010d si tyto ud\u00e1losti st\u00e1le p\u0159ipom\u00ednat a vracet se k nim je mnoho, mo\u017en\u00e1 den ode dne v\u00edc. Doba minul\u00e1 se nesmazateln\u011b propsala do osud\u016f konkr\u00e9tn\u00edch lid\u00ed. J\u00e1\u2026","rel":"","context":"V \u201eLiteratura\u201c","block_context":{"text":"Literatura","link":"https:\/\/kotrla.com\/pmpro\/category\/literatura\/"},"img":{"alt_text":"","src":"https:\/\/i0.wp.com\/kotrla.com\/pmpro\/wp-content\/uploads\/2015\/11\/Vyslouzil_Karel_3.jpg?resize=350%2C200&ssl=1","width":350,"height":200,"srcset":"https:\/\/i0.wp.com\/kotrla.com\/pmpro\/wp-content\/uploads\/2015\/11\/Vyslouzil_Karel_3.jpg?resize=350%2C200&ssl=1 1x, https:\/\/i0.wp.com\/kotrla.com\/pmpro\/wp-content\/uploads\/2015\/11\/Vyslouzil_Karel_3.jpg?resize=525%2C300&ssl=1 1.5x, https:\/\/i0.wp.com\/kotrla.com\/pmpro\/wp-content\/uploads\/2015\/11\/Vyslouzil_Karel_3.jpg?resize=700%2C400&ssl=1 2x, https:\/\/i0.wp.com\/kotrla.com\/pmpro\/wp-content\/uploads\/2015\/11\/Vyslouzil_Karel_3.jpg?resize=1050%2C600&ssl=1 3x"},"classes":[]},{"id":1417,"url":"https:\/\/kotrla.com\/pmpro\/2014\/02\/tolerancni-kostel-na-hrube-lhote-historickym-objektivem\/","url_meta":{"origin":2603,"position":1},"title":"Toleran\u010dn\u00ed kostel na Hrub\u00e9 Lhot\u011b historick\u00fdm objektivem","author":"Pavel Kotrla","date":"24.2.2014","format":false,"excerpt":"V\u011bt\u0161ina informac\u00ed je je\u0161t\u011b st\u00e1le ukryta v knih\u00e1ch a dal\u0161\u00edch zapr\u00e1\u0161en\u00fdch svazc\u00edch. U fotografick\u00e9ho materi\u00e1lu je to mysl\u00edm je\u0161t\u011b hor\u0161\u00ed, ne\u017e u slova ti\u0161t\u011bn\u00e9ho. Ka\u017ed\u00fd, kdo se v\u011bnoval n\u011bjak\u00e9mu t\u00e9matu do v\u011bt\u0161\u00ed hloubky nakonec na limity s\u00edt\u011b naraz\u00ed. O to v\u011bt\u0161\u00ed je pak radost z ne\u010dekan\u00fdch objev\u016f na za\u017e\u00a0 loutl\u00fdch\u2026","rel":"","context":"V \u201eFotografie\u201c","block_context":{"text":"Fotografie","link":"https:\/\/kotrla.com\/pmpro\/category\/fotografie\/"},"img":{"alt_text":"","src":"https:\/\/i0.wp.com\/kotrla.com\/pmpro\/wp-content\/uploads\/2014\/02\/puszkailer_ruzdka_skrabolova_stodola.jpg?resize=350%2C200&ssl=1","width":350,"height":200,"srcset":"https:\/\/i0.wp.com\/kotrla.com\/pmpro\/wp-content\/uploads\/2014\/02\/puszkailer_ruzdka_skrabolova_stodola.jpg?resize=350%2C200&ssl=1 1x, https:\/\/i0.wp.com\/kotrla.com\/pmpro\/wp-content\/uploads\/2014\/02\/puszkailer_ruzdka_skrabolova_stodola.jpg?resize=525%2C300&ssl=1 1.5x"},"classes":[]},{"id":255,"url":"https:\/\/kotrla.com\/pmpro\/2009\/08\/khm-200\/","url_meta":{"origin":2603,"position":2},"title":"KHM 200","author":"Pavel Kotrla","date":"25.8.2009","format":false,"excerpt":"Obec spisovatel\u016f m\u00e1 nov\u00e9 str\u00e1nky. Zcela jist\u011b zm\u011bna k lep\u0161\u00edmu, nelze ne\u017e p\u0159iv\u00edtat. Nav\u00edc odkazuj\u00ed na dal\u0161\u00ed nov\u00e9 str\u00e1nky, kter\u00e9 jsou v\u011bnov\u00e1ny oslav\u00e1m dvoust\u00e9ho v\u00fdro\u010d\u00ed narozen\u00ed b\u00e1sn\u00edka K. H. M\u00e1chy: Rok Karla Hynka M\u00e1chy 2010. Tak aspo\u0148 jedna mal\u00e1 uk\u00e1zka z d\u00edla MARINKA - INTERMEZZO Temn\u00e1 noci! jasn\u00e1 noci! Ob\u00e9\u2026","rel":"","context":"V \u201eLiteratura\u201c","block_context":{"text":"Literatura","link":"https:\/\/kotrla.com\/pmpro\/category\/literatura\/"},"img":{"alt_text":"Rok Karla Hynka M\u00e1chy 2010","src":"https:\/\/i0.wp.com\/kotrla.com\/pmpro\/images\/uploads\/Rok_Karla_Hynka_Machy_2010.png?resize=350%2C200&ssl=1","width":350,"height":200},"classes":[]},{"id":1088,"url":"https:\/\/kotrla.com\/pmpro\/2004\/02\/stari-dobri-karel-toman-xxiv\/","url_meta":{"origin":2603,"position":3},"title":"STA\u0158\u00cd DOB\u0158\u00cd: Karel Toman (XXIV.)","author":"Pavel Kotrla","date":"1.2.2004","format":false,"excerpt":"(1877-1946) MAJ\u00c1K P\u016fl v\u011bznice a zpola hl\u00e1sn\u00e1 v\u011b\u017e, na b\u0159ehu p\u00eds\u010dit\u00e9m \u010dn\u00ed k nebes\u016fm pochmurn\u00fd maj\u00e1k. Pro hovor sv\u00fdch dum v n\u011bm d\u016fv\u011brn\u00e9ho druha nalezne\u0161. V samot\u011b bezcitn\u00e9 chce du\u0161e sn\u00edt, ve v\u011b\u017ei kamenn\u00e9 a \u017eelezn\u00e9, vesm\u00edrn\u00e9 moci vzd\u00e1na v\u00edt\u011bzn\u00e9, hra sv\u011btel jen, vln rozechv\u011bl\u00fd kmit. Tv\u00e9 drobn\u00e9 \u017ealy mo\u0159e\u2026","rel":"","context":"V \u201eSta\u0159\u00ed dob\u0159\u00ed\u201c","block_context":{"text":"Sta\u0159\u00ed dob\u0159\u00ed","link":"https:\/\/kotrla.com\/pmpro\/category\/stari-dobri\/"},"img":{"alt_text":"","src":"","width":0,"height":0},"classes":[]},{"id":926,"url":"https:\/\/kotrla.com\/pmpro\/2004\/09\/stari-dobri-karel-hlavacek-liv\/","url_meta":{"origin":2603,"position":4},"title":"STA\u0158\u00cd DOB\u0158\u00cd: Karel Hlav\u00e1\u010dek (LIV.)","author":"Pavel Kotrla","date":"5.9.2004","format":false,"excerpt":"(Praha: 1874 - 1898) Z\u00e1hada A\u010d pozd\u011b v noci na n\u00e1m\u011bst\u00ed, u\u0161l\u00ed, dorazili \u2013 t\u0159i poutn\u00edci \u2013, p\u0159ec navz\u00e1jem se ml\u010dky pozdravili. * A z n\u00e1m\u011bst\u00ed do \u00fazk\u00fdch ulic sp\u011b\u0161n\u011b vyb\u00edhali, a v\u00edc, ne\u017e dneska p\u0159ijde-li, si pt\u00e1t se netroufali. * A k r\u00e1nu ani t\u00e1zav\u011b na sebe nepohl\u00e9dli, kdy\u017e\u2026","rel":"","context":"V \u201eSta\u0159\u00ed dob\u0159\u00ed\u201c","block_context":{"text":"Sta\u0159\u00ed dob\u0159\u00ed","link":"https:\/\/kotrla.com\/pmpro\/category\/stari-dobri\/"},"img":{"alt_text":"","src":"","width":0,"height":0},"classes":[]},{"id":2193,"url":"https:\/\/kotrla.com\/pmpro\/2014\/11\/nove-stare-jan-kunze-vitrholc\/","url_meta":{"origin":2603,"position":5},"title":"Nov\u00e9 a star\u00e9: Jan Kunze a V\u00edtrholc","author":"Pavel Kotrla","date":"1.11.2014","format":false,"excerpt":"V\u010derej\u0161ek byl ve znamen\u00ed vala\u0161skomezi\u0159\u00ed\u010dsk\u00e9 M-klubu, nejsen, \u017ee jsem v n\u011bm byl, ale je\u0161t\u011b jsem pak sta\u010dil sledovat na st\u00e1le podivn\u011b nevyhran\u011bn\u00e9m kan\u00e1lu \u010cT Art ve\u010der s jeho nejzn\u00e1m\u011bj\u0161\u00edmi tv\u00e1\u0159emi. Mo\u017en\u00e1 pr\u00e1v\u011b proto v\u010dera v klubu \u00fapln\u011b nabito nebylo. Jan Kunze a Hi\u010dhaikum projekt jsem sly\u0161el na\u017eivo poprv\u00e9. Sice zahr\u00e1li\u2026","rel":"","context":"V \u201eLiteratura\u201c","block_context":{"text":"Literatura","link":"https:\/\/kotrla.com\/pmpro\/category\/literatura\/"},"img":{"alt_text":"","src":"https:\/\/i0.wp.com\/kotrla.com\/pmpro\/wp-content\/uploads\/2014\/11\/IMG7565.jpg?resize=350%2C200&ssl=1","width":350,"height":200,"srcset":"https:\/\/i0.wp.com\/kotrla.com\/pmpro\/wp-content\/uploads\/2014\/11\/IMG7565.jpg?resize=350%2C200&ssl=1 1x, https:\/\/i0.wp.com\/kotrla.com\/pmpro\/wp-content\/uploads\/2014\/11\/IMG7565.jpg?resize=525%2C300&ssl=1 1.5x, https:\/\/i0.wp.com\/kotrla.com\/pmpro\/wp-content\/uploads\/2014\/11\/IMG7565.jpg?resize=700%2C400&ssl=1 2x"},"classes":[]}],"jetpack_sharing_enabled":true,"_links":{"self":[{"href":"https:\/\/kotrla.com\/pmpro\/wp-json\/wp\/v2\/posts\/2603","targetHints":{"allow":["GET"]}}],"collection":[{"href":"https:\/\/kotrla.com\/pmpro\/wp-json\/wp\/v2\/posts"}],"about":[{"href":"https:\/\/kotrla.com\/pmpro\/wp-json\/wp\/v2\/types\/post"}],"author":[{"embeddable":true,"href":"https:\/\/kotrla.com\/pmpro\/wp-json\/wp\/v2\/users\/1"}],"replies":[{"embeddable":true,"href":"https:\/\/kotrla.com\/pmpro\/wp-json\/wp\/v2\/comments?post=2603"}],"version-history":[{"count":0,"href":"https:\/\/kotrla.com\/pmpro\/wp-json\/wp\/v2\/posts\/2603\/revisions"}],"wp:attachment":[{"href":"https:\/\/kotrla.com\/pmpro\/wp-json\/wp\/v2\/media?parent=2603"}],"wp:term":[{"taxonomy":"category","embeddable":true,"href":"https:\/\/kotrla.com\/pmpro\/wp-json\/wp\/v2\/categories?post=2603"},{"taxonomy":"post_tag","embeddable":true,"href":"https:\/\/kotrla.com\/pmpro\/wp-json\/wp\/v2\/tags?post=2603"}],"curies":[{"name":"wp","href":"https:\/\/api.w.org\/{rel}","templated":true}]}}