{"id":2619,"date":"2015-11-19T10:10:37","date_gmt":"2015-11-19T09:10:37","guid":{"rendered":"http:\/\/kotrla.com\/pmpro\/?p=2619"},"modified":"2019-11-20T22:44:17","modified_gmt":"2019-11-20T21:44:17","slug":"vecer-poezie-literarnich-casopisu-plav-protimluv-a-texty","status":"publish","type":"post","link":"https:\/\/kotrla.com\/pmpro\/2015\/11\/vecer-poezie-literarnich-casopisu-plav-protimluv-a-texty\/","title":{"rendered":"Ve\u010der poezie liter\u00e1rn\u00edch \u010dasopis\u016f Plav, Protimluv a Texty"},"content":{"rendered":"<p>Posledn\u00ed setk\u00e1n\u00ed s Hlasy v roce 2015 \u2013 8. prosinec 2015 v 19:00,\u00a0kav\u00e1rna Ev\u017een, Beethovenova<wbr \/>, Opava.\u00a0Ve\u010der poezie liter\u00e1rn\u00edch \u010dasopis\u016f <a href=\"http:\/\/www.svetovka.cz\" target=\"_blank\">Plav<\/a>, <a href=\"http:\/\/protimluv.net\" target=\"_blank\">Protimluv<\/a> a <a href=\"http:\/\/casopis-texty.cz\">Texty<\/a> moderuje Jakub Chrob\u00e1k.<\/p>\n<p>Pozv\u00e1nku najdete i na <a href=\"https:\/\/www.facebook.com\/events\/916765535064458\/\" target=\"_blank\">Facebooku<\/a><\/p>\n","protected":false},"excerpt":{"rendered":"<p>Posledn\u00ed setk\u00e1n\u00ed s Hlasy v roce 2015 \u2013 8. prosinec 2015 v 19:00,\u00a0kav\u00e1rna Ev\u017een, Beethovenova, Opava.\u00a0Ve\u010der poezie liter\u00e1rn\u00edch \u010dasopis\u016f Plav, Protimluv a Texty moderuje Jakub Chrob\u00e1k. Pozv\u00e1nku najdete i na Facebooku<\/p>\n","protected":false},"author":1,"featured_media":0,"comment_status":"open","ping_status":"open","sticky":false,"template":"","format":"standard","meta":{"site-sidebar-layout":"default","site-content-layout":"","ast-site-content-layout":"default","site-content-style":"default","site-sidebar-style":"default","ast-global-header-display":"","ast-banner-title-visibility":"","ast-main-header-display":"","ast-hfb-above-header-display":"","ast-hfb-below-header-display":"","ast-hfb-mobile-header-display":"","site-post-title":"","ast-breadcrumbs-content":"","ast-featured-img":"","footer-sml-layout":"","ast-disable-related-posts":"","theme-transparent-header-meta":"","adv-header-id-meta":"","stick-header-meta":"","header-above-stick-meta":"","header-main-stick-meta":"","header-below-stick-meta":"","astra-migrate-meta-layouts":"default","ast-page-background-enabled":"default","ast-page-background-meta":{"desktop":{"background-color":"var(--ast-global-color-5)","background-image":"","background-repeat":"repeat","background-position":"center center","background-size":"auto","background-attachment":"scroll","background-type":"","background-media":"","overlay-type":"","overlay-color":"","overlay-opacity":"","overlay-gradient":""},"tablet":{"background-color":"","background-image":"","background-repeat":"repeat","background-position":"center center","background-size":"auto","background-attachment":"scroll","background-type":"","background-media":"","overlay-type":"","overlay-color":"","overlay-opacity":"","overlay-gradient":""},"mobile":{"background-color":"","background-image":"","background-repeat":"repeat","background-position":"center center","background-size":"auto","background-attachment":"scroll","background-type":"","background-media":"","overlay-type":"","overlay-color":"","overlay-opacity":"","overlay-gradient":""}},"ast-content-background-meta":{"desktop":{"background-color":"var(--ast-global-color-4)","background-image":"","background-repeat":"repeat","background-position":"center center","background-size":"auto","background-attachment":"scroll","background-type":"","background-media":"","overlay-type":"","overlay-color":"","overlay-opacity":"","overlay-gradient":""},"tablet":{"background-color":"var(--ast-global-color-4)","background-image":"","background-repeat":"repeat","background-position":"center center","background-size":"auto","background-attachment":"scroll","background-type":"","background-media":"","overlay-type":"","overlay-color":"","overlay-opacity":"","overlay-gradient":""},"mobile":{"background-color":"var(--ast-global-color-4)","background-image":"","background-repeat":"repeat","background-position":"center center","background-size":"auto","background-attachment":"scroll","background-type":"","background-media":"","overlay-type":"","overlay-color":"","overlay-opacity":"","overlay-gradient":""}},"jetpack_post_was_ever_published":false,"_jetpack_newsletter_access":"","_jetpack_dont_email_post_to_subs":false,"_jetpack_newsletter_tier_id":0,"_jetpack_memberships_contains_paywalled_content":false,"_jetpack_memberships_contains_paid_content":false,"footnotes":""},"categories":[2,3],"tags":[],"class_list":["post-2619","post","type-post","status-publish","format-standard","hentry","category-literatura","category-osobni"],"jetpack_featured_media_url":"","jetpack_shortlink":"https:\/\/wp.me\/p4mLP7-Gf","jetpack-related-posts":[{"id":174,"url":"https:\/\/kotrla.com\/pmpro\/2010\/12\/basnicke-hlasy-vecer-casopisu\/","url_meta":{"origin":2619,"position":0},"title":"B\u00e1snick\u00e9 hlasy: Ve\u010der \u010dasopis\u016f","author":"Pavel Kotrla","date":"8.12.2010","format":false,"excerpt":"V\u010dera ve\u010der v opavsk\u00e9 kav\u00e1rn\u011b Ev\u017een na Beethovenov\u011b ulici. Nakonec ve slo\u017een\u00ed Aluze, Protimluv, Texty, Tvar.","rel":"","context":"V \u201eFotografie\u201c","block_context":{"text":"Fotografie","link":"https:\/\/kotrla.com\/pmpro\/category\/fotografie\/"},"img":{"alt_text":"image","src":"https:\/\/i0.wp.com\/kotrla.com\/pmpro\/images\/uploads\/basnicke_hlasy_opava_2010_vecer_casopisu_IGP4911.jpg?resize=350%2C200&ssl=1","width":350,"height":200},"classes":[]},{"id":1372,"url":"https:\/\/kotrla.com\/pmpro\/2003\/04\/dobra-adresa-042003-a-tvar-72003\/","url_meta":{"origin":2619,"position":1},"title":"Dobr\u00e1 adresa 04\/2003 a Tvar 7\/2003","author":"Pavel Kotrla","date":"8.4.2003","format":false,"excerpt":"Cel\u00fd nat\u011b\u0161en\u00fd jsem za\u010dal \u010d\u00edst posledn\u00ed \u010d\u00edsla t\u011bchto liter\u00e1rn\u00edch \u010dasopis\u016f.\u00a0 Dobr\u00e1 adresa mne ale p\u0159\u00edli\u0161 nep\u0159esv\u011bd\u010dila. Nest\u00e1v\u00e1 se to u tohoto \u010dasopisu \u010dasto, ale dubnov\u00e9 \u010d\u00edslo je takov\u00e9 n\u011bjak\u00e9 plan\u00e9. \u017de by ub\u00fdvalo sil? T\u011b\u017eko odhadnout. Vy\u0161lo pozd\u011bji ne\u017e je obvykl\u00e9. I kdy\u017e dva dny zpo\u017ed\u011bn\u00ed nen\u00ed v p\u0159\u00edpad\u011b liter\u00e1rn\u00edch\u2026","rel":"","context":"V \u201eNeza\u0159azen\u00e9\u201c","block_context":{"text":"Neza\u0159azen\u00e9","link":"https:\/\/kotrla.com\/pmpro\/category\/nezarazene\/"},"img":{"alt_text":"","src":"","width":0,"height":0},"classes":[]},{"id":9253,"url":"https:\/\/kotrla.com\/pmpro\/2021\/12\/texty-85-jaro-podzim-2021\/","url_meta":{"origin":2619,"position":2},"title":"Texty 85 (jaro\u2013podzim 2021)","author":"Pavel Kotrla","date":"23.12.2021","format":false,"excerpt":"Na nov\u00e9 \u010d\u00edslo Text\u016f jste si tentokr\u00e1t museli trochu po\u010dkat, ale snad v\u00e1s pot\u011b\u0161\u00ed. P\u0159\u00edsp\u011bvk\u016f bylo dost, dokonce skoro na dal\u0161\u00ed \u010d\u00edslo, jen prost\u011b nebyl \u010das. V\u0161echna vydan\u00e1 \u010d\u00edsla Text\u016f, v\u010detn\u011b tohoto, v PDF najdete v archivu. \u00favodn\u00edk Pavel Kotrla: 25 pr\u00f3za Jakub Chrob\u00e1k: Rozhodnut\u00ed Jana Zapa poezie Martin \u0160enkypl\u2026","rel":"","context":"V \u201eLiteratura\u201c","block_context":{"text":"Literatura","link":"https:\/\/kotrla.com\/pmpro\/category\/literatura\/"},"img":{"alt_text":"","src":"","width":0,"height":0},"classes":[]},{"id":1126,"url":"https:\/\/kotrla.com\/pmpro\/2003\/12\/host-102003\/","url_meta":{"origin":2619,"position":3},"title":"HOST 10\/2003","author":"Pavel Kotrla","date":"21.12.2003","format":false,"excerpt":"Nov\u00fd Host pot\u011b\u0161il. Mimo jin\u00e9 kritikou posledn\u00ed knihy Milo\u0161e Urbana St\u00edn katedr\u00e1ly z pera Martina Pila\u0159e, kter\u00e1 p\u0159esn\u011b pojmenov\u00e1v\u00e1 n\u011bkter\u00e9 z inspira\u010dn\u00edch zdroj\u016f autora. A tak\u00e9 trochu zpochyb\u0148uje jeho automatick\u00e9 p\u0159i\u0159azov\u00e1n\u00ed k postmodern\u011b. Co\u017e je jenom dob\u0159e. Rozhodn\u011b ale doporu\u010duji k p\u0159e\u010dten\u00ed rozhovor s Petrem Borkovcem, u\u017e t\u0159eba pro tyto\u2026","rel":"","context":"V \u201eNeza\u0159azen\u00e9\u201c","block_context":{"text":"Neza\u0159azen\u00e9","link":"https:\/\/kotrla.com\/pmpro\/category\/nezarazene\/"},"img":{"alt_text":"","src":"","width":0,"height":0},"classes":[]},{"id":197,"url":"https:\/\/kotrla.com\/pmpro\/2010\/07\/na-hrbete-delfina\/","url_meta":{"origin":2619,"position":4},"title":"Na h\u0159bet\u011b delf\u00edna","author":"Pavel Kotrla","date":"25.7.2010","format":false,"excerpt":"ps\u00e1no pro Host 6\/2010 Portfolio rusk\u00fdch liter\u00e1rn\u00edch \u010dasopis\u016f mne asi nikdy nep\u0159estane udivovat, ostatn\u011b z\u00e1kladn\u00ed p\u0159ehled sami m\u016f\u017eete z\u00edskat na serveru \u0416\u0443\u0440\u043d\u0430\u043b\u044c\u043d\u044b\u0439 \u0437\u0430\u043b, kter\u00fd p\u0159in\u00e1\u0161\u00ed informace o n\u011bkter\u00fdch z nich a kter\u00fd je z\u00e1rove\u0148 jejich virtu\u00e1ln\u00edm archivem. Je to st\u00e1le velk\u00e1 zem\u011b\u2026 Kdy\u017e legend\u00e1rn\u00ed b\u00e1sn\u00edk Ari\u00f3n z M\u00e9thymny vezen na\u2026","rel":"","context":"V \u201eInternet\u201c","block_context":{"text":"Internet","link":"https:\/\/kotrla.com\/pmpro\/category\/internet\/"},"img":{"alt_text":"image","src":"https:\/\/i0.wp.com\/kotrla.com\/pmpro\/images\/uploads\/arion.gif?resize=350%2C200&ssl=1","width":350,"height":200},"classes":[]},{"id":1366,"url":"https:\/\/kotrla.com\/pmpro\/2003\/04\/psi-vino-242003\/","url_meta":{"origin":2619,"position":5},"title":"Ps\u00ed v\u00edno 24\/2003","author":"Pavel Kotrla","date":"19.4.2003","format":false,"excerpt":"Kdy\u017e jsem se p\u0159ed n\u011bkolika lety poprv\u00e9 setkal s vydavatelem Ps\u00edho v\u00edna, b\u00e1sn\u00edkem, v\u00fdtvarn\u00edkem a kulturn\u00edm organiz\u00e1torem Jaroslavem Kovandou, tak m\u016fj prvn\u00ed pocit byl rozpa\u010dit\u00fd. Vinu na tom nesu p\u0159edev\u0161\u00edm j\u00e1, proto\u017ee jsem nev\u011b\u0159il jeho up\u0159\u00edmnosti, se kterou ji\u017e tehdy nab\u00edzel spolupr\u00e1ci. Texty ji\u017e m\u011bly v existenci drobn\u00fd n\u00e1skok, kter\u00fd\u2026","rel":"","context":"V \u201eNeza\u0159azen\u00e9\u201c","block_context":{"text":"Neza\u0159azen\u00e9","link":"https:\/\/kotrla.com\/pmpro\/category\/nezarazene\/"},"img":{"alt_text":"","src":"","width":0,"height":0},"classes":[]}],"jetpack_sharing_enabled":true,"_links":{"self":[{"href":"https:\/\/kotrla.com\/pmpro\/wp-json\/wp\/v2\/posts\/2619","targetHints":{"allow":["GET"]}}],"collection":[{"href":"https:\/\/kotrla.com\/pmpro\/wp-json\/wp\/v2\/posts"}],"about":[{"href":"https:\/\/kotrla.com\/pmpro\/wp-json\/wp\/v2\/types\/post"}],"author":[{"embeddable":true,"href":"https:\/\/kotrla.com\/pmpro\/wp-json\/wp\/v2\/users\/1"}],"replies":[{"embeddable":true,"href":"https:\/\/kotrla.com\/pmpro\/wp-json\/wp\/v2\/comments?post=2619"}],"version-history":[{"count":0,"href":"https:\/\/kotrla.com\/pmpro\/wp-json\/wp\/v2\/posts\/2619\/revisions"}],"wp:attachment":[{"href":"https:\/\/kotrla.com\/pmpro\/wp-json\/wp\/v2\/media?parent=2619"}],"wp:term":[{"taxonomy":"category","embeddable":true,"href":"https:\/\/kotrla.com\/pmpro\/wp-json\/wp\/v2\/categories?post=2619"},{"taxonomy":"post_tag","embeddable":true,"href":"https:\/\/kotrla.com\/pmpro\/wp-json\/wp\/v2\/tags?post=2619"}],"curies":[{"name":"wp","href":"https:\/\/api.w.org\/{rel}","templated":true}]}}