{"id":262,"date":"2009-07-22T11:55:05","date_gmt":"2009-07-22T10:55:05","guid":{"rendered":"http:\/\/kotrla.com\/wordpress\/?p=262"},"modified":"2019-11-20T22:39:22","modified_gmt":"2019-11-20T21:39:22","slug":"prave-jsme-vydali-aluze-12009","status":"publish","type":"post","link":"https:\/\/kotrla.com\/pmpro\/2009\/07\/prave-jsme-vydali-aluze-12009\/","title":{"rendered":"Pr\u00e1v\u011b jsme vydali: Aluze 1\/2009"},"content":{"rendered":"<p><img loading=\"lazy\" decoding=\"async\" src=\"https:\/\/kotrla.com\/pmpro\/images\/uploads\/aluze_obalka2009_1.png\" border=\"0\" alt=\"Aluze 1\/2009 - ob\u00e1lka\" width=\"141\" height=\"199\" align=\"right\" \/>Prvn\u00ed leto\u0161n\u00ed \u010d\u00edslo najdete jako obvykle na adrese <a href=\"http:\/\/aluze.cz\">http:\/\/aluze.cz<\/a><\/p>\n<p><b>Obsah \u010d\u00edsla<\/b><\/p>\n<p><b>poezie<\/b><br \/>\nMichal Habaj: Ani Buddha zo m\u0148a nebude<\/p>\n<p><b>pr\u00f3za<\/b><br \/>\nHanif Kureishi: M\u016fj syn fanatik<br \/>\nClive Sinclair: \u0160t\u011bnice<\/p>\n<p><b>rozhovor<\/b><br \/>\nLubo\u0161 Krop\u00e1\u010dek: &#8222;Abrah\u00e1movsk\u00e1 n\u00e1bo\u017eenstv\u00ed maj\u00ed m\u00edrov\u00fd potenci\u00e1l&#8220; &#8211; rozhovor vedl P\u0159emysl Zbon\u010d\u00e1k<\/p>\n<p><b>studie<\/b><br \/>\nKlaus Weimar: Kde a co je vyprav\u011b\u010d?<br \/>\nGabriel Zoran: K teorii narativn\u00edho prostoru<br \/>\nJenny Sharpov\u00e1: Postkoloni\u00e1ln\u00ed studia na p\u016fd\u011b americk\u00e9ho multikulturalismu<br \/>\nArthur Danto: Sv\u011bt um\u011bn\u00ed<\/p>\n<p><b>recenze<\/b><br \/>\nMilan Hrabal (p\u0159ekl.): Jazyk, j\u00edm\u017e porozum\u00ed\u0161 v\u011btru. Antologie lu\u017eickosrbsk\u00e9 poezie (rec. Lenka Krausov\u00e1)<br \/>\nTatjana Groma\u010da: N\u011bco nen\u00ed v po\u0159\u00e1dku? (rec. Mat\u011bj Martin\u010d\u00e1k)<br \/>\nAndr\u00e9-Marcel Adamek: Kv\u011btinov\u00e1 pu\u0161ka (rec. Jakub Gromb\u00ed\u0159)<br \/>\nStanislav Rub\u00e1\u0161: J\u00e1 p\u00ed\u0161i V\u00e1m. On\u011bgin v \u010desk\u00fdch p\u0159ekladech (rec. Luk\u00e1\u0161 Neumann)<br \/>\nMonika Schwarzov\u00e1: \u00davod do kognitivn\u00ed lingvistiky (rec. Marek Nagy)<br \/>\nRadim \u0160\u00edp: Richard Rorty. Pragmatismus mezi jazykem a zku\u0161enost\u00ed (rec. Tom\u00e1\u0161 Marvan)<br \/>\nB\u0159etislav Horyna: Filosofie skepse (rec. Daniel \u0160pelda)<br \/>\nTom\u00e1\u0161 Nejeschleba: Jan Jessenius v kontextu renesan\u010dn\u00ed filosofie (rec. Daniel \u0160pelda)<br \/>\nPavel Zahr\u00e1dka: Vysok\u00e9 versus n\u00edzk\u00e9 um\u011bn\u00ed (rec. Filip Miku\u0161)<\/p>\n<p><b>glosa<\/b><br \/>\nPavel Zahr\u00e1dka: J\u00e1 a David Bowie<\/p>\n<p><b>archiv\u00e1lie<\/b><br \/>\nOtokar B\u0159ezina: Dokumenty (s \u00favodem Petra Holmana)<\/p>\n","protected":false},"excerpt":{"rendered":"<p>Prvn\u00ed leto\u0161n\u00ed \u010d\u00edslo najdete jako obvykle na adrese http:\/\/aluze.cz Obsah \u010d\u00edsla poezie Michal Habaj: Ani Buddha zo m\u0148a nebude pr\u00f3za Hanif Kureishi: M\u016fj syn fanatik Clive Sinclair: \u0160t\u011bnice rozhovor Lubo\u0161 Krop\u00e1\u010dek: &#8222;Abrah\u00e1movsk\u00e1 n\u00e1bo\u017eenstv\u00ed maj\u00ed m\u00edrov\u00fd potenci\u00e1l&#8220; &#8211; rozhovor vedl P\u0159emysl Zbon\u010d\u00e1k studie Klaus Weimar: Kde a co je vyprav\u011b\u010d? Gabriel Zoran: K teorii narativn\u00edho prostoru [&hellip;]<\/p>\n","protected":false},"author":1,"featured_media":0,"comment_status":"open","ping_status":"open","sticky":false,"template":"","format":"standard","meta":{"site-sidebar-layout":"default","site-content-layout":"","ast-site-content-layout":"default","site-content-style":"default","site-sidebar-style":"default","ast-global-header-display":"","ast-banner-title-visibility":"","ast-main-header-display":"","ast-hfb-above-header-display":"","ast-hfb-below-header-display":"","ast-hfb-mobile-header-display":"","site-post-title":"","ast-breadcrumbs-content":"","ast-featured-img":"","footer-sml-layout":"","ast-disable-related-posts":"","theme-transparent-header-meta":"","adv-header-id-meta":"","stick-header-meta":"","header-above-stick-meta":"","header-main-stick-meta":"","header-below-stick-meta":"","astra-migrate-meta-layouts":"default","ast-page-background-enabled":"default","ast-page-background-meta":{"desktop":{"background-color":"var(--ast-global-color-5)","background-image":"","background-repeat":"repeat","background-position":"center center","background-size":"auto","background-attachment":"scroll","background-type":"","background-media":"","overlay-type":"","overlay-color":"","overlay-opacity":"","overlay-gradient":""},"tablet":{"background-color":"","background-image":"","background-repeat":"repeat","background-position":"center center","background-size":"auto","background-attachment":"scroll","background-type":"","background-media":"","overlay-type":"","overlay-color":"","overlay-opacity":"","overlay-gradient":""},"mobile":{"background-color":"","background-image":"","background-repeat":"repeat","background-position":"center center","background-size":"auto","background-attachment":"scroll","background-type":"","background-media":"","overlay-type":"","overlay-color":"","overlay-opacity":"","overlay-gradient":""}},"ast-content-background-meta":{"desktop":{"background-color":"var(--ast-global-color-4)","background-image":"","background-repeat":"repeat","background-position":"center center","background-size":"auto","background-attachment":"scroll","background-type":"","background-media":"","overlay-type":"","overlay-color":"","overlay-opacity":"","overlay-gradient":""},"tablet":{"background-color":"var(--ast-global-color-4)","background-image":"","background-repeat":"repeat","background-position":"center center","background-size":"auto","background-attachment":"scroll","background-type":"","background-media":"","overlay-type":"","overlay-color":"","overlay-opacity":"","overlay-gradient":""},"mobile":{"background-color":"var(--ast-global-color-4)","background-image":"","background-repeat":"repeat","background-position":"center center","background-size":"auto","background-attachment":"scroll","background-type":"","background-media":"","overlay-type":"","overlay-color":"","overlay-opacity":"","overlay-gradient":""}},"jetpack_post_was_ever_published":false,"_jetpack_newsletter_access":"","_jetpack_dont_email_post_to_subs":false,"_jetpack_newsletter_tier_id":0,"_jetpack_memberships_contains_paywalled_content":false,"_jetpack_memberships_contains_paid_content":false,"footnotes":""},"categories":[9,2,3],"tags":[],"class_list":["post-262","post","type-post","status-publish","format-standard","hentry","category-internet","category-literatura","category-osobni"],"jetpack_featured_media_url":"","jetpack_shortlink":"https:\/\/wp.me\/p4mLP7-4e","jetpack-related-posts":[{"id":232,"url":"https:\/\/kotrla.com\/pmpro\/2009\/12\/aluze-22009\/","url_meta":{"origin":262,"position":0},"title":"Aluze 2\/2009","author":"Pavel Kotrla","date":"29.12.2009","format":false,"excerpt":"Pr\u00e1v\u011b jsme vydali druh\u00e9 leto\u0161n\u00ed \u010d\u00edslo revue Aluze. V\u0161e jako obvykle najdete na adrese http:\/\/aluze.cz P\u0159\u00edjemn\u00e9 po\u010dten\u00ed. Obsah \u010d\u00edsla: Poezie Bill Shields: Americk\u00fd hrdina Pr\u00f3za Herman Charles Bosman: Maraton v Bekkersdalu Rozhovor Pavel Zahr\u00e1dka: M\u016f\u017ee spot\u0159ebn\u00ed kultura nahradit vysokou kulturu? (Rozhovor s Wolfgangem Ullrichem) Studie Julio Cort\u00e1zar: N\u011bkter\u00e9 aspekty pov\u00eddky\u2026","rel":"","context":"V \u201eLiteratura\u201c","block_context":{"text":"Literatura","link":"https:\/\/kotrla.com\/pmpro\/category\/literatura\/"},"img":{"alt_text":"Aluze 2\/2009","src":"https:\/\/i0.wp.com\/kotrla.com\/pmpro\/images\/uploads\/obalka2009_2.png?resize=350%2C200&ssl=1","width":350,"height":200},"classes":[]},{"id":300,"url":"https:\/\/kotrla.com\/pmpro\/2009\/01\/prave-jsme-vydali-aluze-32008\/","url_meta":{"origin":262,"position":1},"title":"Pr\u00e1v\u011b jsme vydali: Aluze 3\/2008","author":"Pavel Kotrla","date":"25.1.2009","format":false,"excerpt":"Pr\u00e1v\u011b jsme vydali (by\u0165 s drobn\u00fdm skluzem) nov\u00e9 \u010d\u00edslo Aluze, kter\u00e9 naleznete na adrese revue http:\/\/aluze.cz P\u0159ejeme p\u011bkn\u00e9 po\u010dten\u00ed. Obsah \u010d\u00edsla Aluze 3\/2008: Audio-pov\u00eddka V\u00e1clav Chochola: Mal\u00e1 mal\u00e1 Poezie Milan D\u011b\u017einsk\u00fd: Tajn\u00fd \u017eivot Pr\u00f3za Alan Paton: Sponono Rozhovor Milan Or\u00e1lek: Rozhovor s Otakarem Hulcem Rozhovor Davida Brodwella s Jakobem Isakem\u2026","rel":"","context":"V \u201eLiteratura\u201c","block_context":{"text":"Literatura","link":"https:\/\/kotrla.com\/pmpro\/category\/literatura\/"},"img":{"alt_text":"Aluze 3\/2008","src":"https:\/\/i0.wp.com\/kotrla.com\/pmpro\/images\/uploads\/obalka2008_3.png?resize=350%2C200&ssl=1","width":350,"height":200},"classes":[]},{"id":177,"url":"https:\/\/kotrla.com\/pmpro\/2010\/11\/aluze-22010\/","url_meta":{"origin":262,"position":2},"title":"Aluze 2\/2010","author":"Pavel Kotrla","date":"17.11.2010","format":false,"excerpt":"Tak aspo\u0148 n\u011bco k tomu dne\u0161n\u00edmu sv\u00e1tku. Nov\u00e9 \u010d\u00edslo revue Aluze najdete na adrese http:\/\/aluze.cz OBSAH \u010c\u00cdSLA: Poezie Martin St\u00f6hr: Konec sezony Pr\u00f3za Margaret Gibsonov\u00e1 - Zvl\u00e1dnout to Rozhovor Filip Miku\u0161: Um\u011bleck\u00e1 konvence dnes p\u016fsob\u00ed skoro revolu\u010dn\u011b (Rozhovor s Milanem Kn\u00ed\u017e\u00e1kem) Studie Karel Kom\u00e1rek: Intertextualita v d\u00edle Jaroslava Durycha J.\u2026","rel":"","context":"V \u201eLiteratura\u201c","block_context":{"text":"Literatura","link":"https:\/\/kotrla.com\/pmpro\/category\/literatura\/"},"img":{"alt_text":"Aluze 2\/2010","src":"https:\/\/i0.wp.com\/kotrla.com\/pmpro\/images\/uploads\/aluze_2010_2.png?resize=350%2C200&ssl=1","width":350,"height":200},"classes":[]},{"id":82,"url":"https:\/\/kotrla.com\/pmpro\/2012\/09\/nove-cislo-aluze-12012\/","url_meta":{"origin":262,"position":3},"title":"Nov\u00e9 \u010d\u00edslo Aluze 1\/2012","author":"Pavel Kotrla","date":"20.9.2012","format":false,"excerpt":"Prvn\u00ed leto\u0161n\u00ed \u010d\u00edslo najdete zde: http:\/\/aluze.cz\/index.php Poezie Du\u0161an \u0160utar\u00edk: Ver\u0161e Daniel Hradeck\u00fd: V\u00fdpisky z memoranda Pr\u00f3za Abdulrazak Gurnah: Klece Ta\u0148a Maljar\u010duk: Pov\u00eddky Rozhovor Harry Kreisler: Pen\u00edze a moc (Rozhovor s historikem Niallem Fergusonem) Studie Milan Exner: Druh\u00e1 \u00favaha o estetick\u00e9m objektu (Antick\u00fd sv\u011bt a jeho aktualita) \u010cestm\u00edr Pelik\u00e1n: Georges Poulet\u2026","rel":"","context":"V \u201eLiteratura\u201c","block_context":{"text":"Literatura","link":"https:\/\/kotrla.com\/pmpro\/category\/literatura\/"},"img":{"alt_text":"Aluze 1\/2012","src":"https:\/\/i0.wp.com\/kotrla.com\/pmpro\/images\/uploads\/aluze_2012_1.png?resize=350%2C200&ssl=1","width":350,"height":200},"classes":[]},{"id":196,"url":"https:\/\/kotrla.com\/pmpro\/2010\/07\/aluze-12010\/","url_meta":{"origin":262,"position":4},"title":"Aluze 1\/2010","author":"Pavel Kotrla","date":"26.7.2010","format":false,"excerpt":"Nov\u00e9 \u010d\u00edslo revue Aluze najdete na adrese http:\/\/aluze.cz Obsah \u010d\u00edsla: Poezie Sa\u0161a Skenderija: Ithaka po deseti letech Pr\u00f3za Arthur Shearly Cripps: Star\u00fd bojovn\u00edk v nov\u00e9m sv\u011btle Rozhovor John V. Knapp: Rozhovor s profesorem Geraldem Graffem Studie Gerald Graff: Pseudopolitika interpretace Radek Mal\u00fd - Fuga smrti Paula Celana v p\u0159ekladech do\u2026","rel":"","context":"V \u201eInternet\u201c","block_context":{"text":"Internet","link":"https:\/\/kotrla.com\/pmpro\/category\/internet\/"},"img":{"alt_text":"Aluze 1\/2010","src":"https:\/\/i0.wp.com\/kotrla.com\/pmpro\/images\/uploads\/aluze_2010_01.png?resize=350%2C200&ssl=1","width":350,"height":200},"classes":[]},{"id":318,"url":"https:\/\/kotrla.com\/pmpro\/2008\/11\/prave-jsme-vydali-aluze-22008\/","url_meta":{"origin":262,"position":5},"title":"Pr\u00e1v\u011b jsme vydali: Aluze 2\/2008","author":"Pavel Kotrla","date":"7.11.2008","format":false,"excerpt":"Nov\u00e9 \u010d\u00edslo naleznete na adrese revue http:\/\/aluze.cz P\u0159ejeme p\u011bkn\u00e9 po\u010dten\u00ed. Obsah \u010d\u00edsla: Audiopov\u00eddka Petr Hrb\u00e1\u010d: Slune\u010dn\u00ed soustava Poezie Tatjana Groma\u010da: Jak si p\u0159edstavuje\u0161, \u017ee bude\u0161 d\u00e1l \u017e\u00edt Pr\u00f3za Chimamanda Ngozi Adichie: P\u016fl \u017elut\u00e9ho slunce Rozhovor Rozhovor Davida Brodwella s Jakobem Isakem Nielsenem: Bordwell o Bordwellovi Studie Miloslav Ca\u0148ko: Eti\u010dno \u2014\u2026","rel":"","context":"V \u201eLiteratura\u201c","block_context":{"text":"Literatura","link":"https:\/\/kotrla.com\/pmpro\/category\/literatura\/"},"img":{"alt_text":"Aluze 2\/2008","src":"https:\/\/i0.wp.com\/kotrla.com\/pmpro\/images\/uploads\/aluze_obalka2008_2.png?resize=350%2C200&ssl=1","width":350,"height":200},"classes":[]}],"jetpack_sharing_enabled":true,"_links":{"self":[{"href":"https:\/\/kotrla.com\/pmpro\/wp-json\/wp\/v2\/posts\/262","targetHints":{"allow":["GET"]}}],"collection":[{"href":"https:\/\/kotrla.com\/pmpro\/wp-json\/wp\/v2\/posts"}],"about":[{"href":"https:\/\/kotrla.com\/pmpro\/wp-json\/wp\/v2\/types\/post"}],"author":[{"embeddable":true,"href":"https:\/\/kotrla.com\/pmpro\/wp-json\/wp\/v2\/users\/1"}],"replies":[{"embeddable":true,"href":"https:\/\/kotrla.com\/pmpro\/wp-json\/wp\/v2\/comments?post=262"}],"version-history":[{"count":0,"href":"https:\/\/kotrla.com\/pmpro\/wp-json\/wp\/v2\/posts\/262\/revisions"}],"wp:attachment":[{"href":"https:\/\/kotrla.com\/pmpro\/wp-json\/wp\/v2\/media?parent=262"}],"wp:term":[{"taxonomy":"category","embeddable":true,"href":"https:\/\/kotrla.com\/pmpro\/wp-json\/wp\/v2\/categories?post=262"},{"taxonomy":"post_tag","embeddable":true,"href":"https:\/\/kotrla.com\/pmpro\/wp-json\/wp\/v2\/tags?post=262"}],"curies":[{"name":"wp","href":"https:\/\/api.w.org\/{rel}","templated":true}]}}