{"id":2624,"date":"2015-11-25T11:50:49","date_gmt":"2015-11-25T10:50:49","guid":{"rendered":"http:\/\/kotrla.com\/pmpro\/?p=2624"},"modified":"2019-11-20T22:46:41","modified_gmt":"2019-11-20T21:46:41","slug":"pokracovani-literarne-hudebnich-veceru-v-m-klubu","status":"publish","type":"post","link":"https:\/\/kotrla.com\/pmpro\/2015\/11\/pokracovani-literarne-hudebnich-veceru-v-m-klubu\/","title":{"rendered":"Pokra\u010dov\u00e1n\u00ed liter\u00e1rn\u011b-hudebn\u00edch ve\u010der\u016f v M-klubu"},"content":{"rendered":"<p>Dal\u0161\u00ed liter\u00e1rn\u00ed ve\u010der ve Vala\u0161sk\u00e9m Mezi\u0159\u00ed\u010d\u00ed, tentokr\u00e1t v re\u017eii Kl\u00e1ry Goldstein, kter\u00e1 vyst\u0159\u00eddala Ji\u0159\u00edho M\u011bs\u00edce, se uskute\u010dnil 19. listopadu, a to ve znamen\u00ed olomouck\u00e9 bohemistiky. P\u0159ed p\u0159ibli\u017en\u011b dvaceti hosty vystoupil se sv\u00fdmi b\u00e1sn\u011bmi se sb\u00edrky <a href=\"http:\/\/www.nakladatelstvi-barbara.cz\/products\/moravsky-zemepis-miroslav-veprek-\/\">Moravsk\u00fd ZeM\u011bPis<\/a> \u0161\u00e9f olomouck\u00e9 bohemistiky <a href=\"https:\/\/kb.upol.cz\/nc\/kontakty\/vizitka\/empid\/20458\/\">Miroslav Vep\u0159ek<\/a>, kter\u00fd se p\u0159edstavil tak\u00e9 jako frontman blues-folkov\u00e9ho uskupen\u00ed <a href=\"http:\/\/bandzone.cz\/alibaba?at=info\">Alibaba<\/a>. Druhou \u00fa\u010dinkuj\u00edc\u00ed ve\u010dera byla Lucie Ju\u0159enov\u00e1, doprov\u00e1zen\u00e1 kl\u00e1vesami Davida Cmerka, kter\u00e1 ned\u00e1vno z\u00edskala uzn\u00e1n\u00ed poroty <a href=\"http:\/\/lsfh.webnode.cz\/\">Liter\u00e1rn\u00ed sout\u011b\u017ee Franti\u0161ka Halase<\/a>. Kr\u00e1tk\u00fd prostor dostala i organiz\u00e1torka ve\u010dera Kl\u00e1ra Goldstein, jinak \u010derstv\u00e1 <a href=\"http:\/\/lsfh.webnode.cz\/news\/laureatkou-klara-goldstein-kniha-marku-torcikovi\/\">laure\u00e1tka<\/a> v\u00fd\u0161e zm\u00edn\u011bn\u00e9 sout\u011b\u017ee. P\u0159\u00edjemn\u00fd ve\u010der v relativn\u011b komorn\u00edm prost\u0159ed\u00ed. Osobn\u011b mne ale zaujala sp\u00ed\u0161e poezie obou sle\u010den, ta Vep\u0159ekova mne prozat\u00edm m\u00edj\u00ed.<\/p>\n<figure id=\"attachment_2626\" aria-describedby=\"caption-attachment-2626\" style=\"width: 1200px\" class=\"wp-caption alignnone\"><a href=\"https:\/\/kotrla.com\/pmpro\/wp-content\/uploads\/2015\/11\/miroslav_veprek_IMGP2083.jpg\"><img loading=\"lazy\" decoding=\"async\" class=\"size-full wp-image-2626\" src=\"https:\/\/kotrla.com\/pmpro\/wp-content\/uploads\/2015\/11\/miroslav_veprek_IMGP2083.jpg\" alt=\"Miroslav Vep\u0159ek\" width=\"1200\" height=\"795\" srcset=\"https:\/\/kotrla.com\/pmpro\/wp-content\/uploads\/2015\/11\/miroslav_veprek_IMGP2083.jpg 1200w, https:\/\/kotrla.com\/pmpro\/wp-content\/uploads\/2015\/11\/miroslav_veprek_IMGP2083-300x199.jpg 300w, https:\/\/kotrla.com\/pmpro\/wp-content\/uploads\/2015\/11\/miroslav_veprek_IMGP2083-1024x678.jpg 1024w\" sizes=\"auto, (max-width: 1200px) 100vw, 1200px\" \/><\/a><figcaption id=\"caption-attachment-2626\" class=\"wp-caption-text\">Miroslav Vep\u0159ek<\/figcaption><\/figure>\n<figure id=\"attachment_2629\" aria-describedby=\"caption-attachment-2629\" style=\"width: 1200px\" class=\"wp-caption alignnone\"><a href=\"https:\/\/kotrla.com\/pmpro\/wp-content\/uploads\/2015\/11\/alibaba_IMGP2090.jpg\"><img loading=\"lazy\" decoding=\"async\" class=\"size-full wp-image-2629\" src=\"https:\/\/kotrla.com\/pmpro\/wp-content\/uploads\/2015\/11\/alibaba_IMGP2090.jpg\" alt=\"Alibaba\" width=\"1200\" height=\"795\" srcset=\"https:\/\/kotrla.com\/pmpro\/wp-content\/uploads\/2015\/11\/alibaba_IMGP2090.jpg 1200w, https:\/\/kotrla.com\/pmpro\/wp-content\/uploads\/2015\/11\/alibaba_IMGP2090-300x199.jpg 300w, https:\/\/kotrla.com\/pmpro\/wp-content\/uploads\/2015\/11\/alibaba_IMGP2090-1024x678.jpg 1024w\" sizes=\"auto, (max-width: 1200px) 100vw, 1200px\" \/><\/a><figcaption id=\"caption-attachment-2629\" class=\"wp-caption-text\">Alibaba<\/figcaption><\/figure>\n<figure id=\"attachment_2627\" aria-describedby=\"caption-attachment-2627\" style=\"width: 1200px\" class=\"wp-caption alignnone\"><a href=\"https:\/\/kotrla.com\/pmpro\/wp-content\/uploads\/2015\/11\/lucie_jurenova_IMGP2115.jpg\"><img loading=\"lazy\" decoding=\"async\" class=\"size-full wp-image-2627\" src=\"https:\/\/kotrla.com\/pmpro\/wp-content\/uploads\/2015\/11\/lucie_jurenova_IMGP2115.jpg\" alt=\"Lucie Ju\u0159enov\u00e1\" width=\"1200\" height=\"795\" srcset=\"https:\/\/kotrla.com\/pmpro\/wp-content\/uploads\/2015\/11\/lucie_jurenova_IMGP2115.jpg 1200w, https:\/\/kotrla.com\/pmpro\/wp-content\/uploads\/2015\/11\/lucie_jurenova_IMGP2115-300x199.jpg 300w, https:\/\/kotrla.com\/pmpro\/wp-content\/uploads\/2015\/11\/lucie_jurenova_IMGP2115-1024x678.jpg 1024w\" sizes=\"auto, (max-width: 1200px) 100vw, 1200px\" \/><\/a><figcaption id=\"caption-attachment-2627\" class=\"wp-caption-text\">Lucie Ju\u0159enov\u00e1<\/figcaption><\/figure>\n<figure id=\"attachment_2625\" aria-describedby=\"caption-attachment-2625\" style=\"width: 1200px\" class=\"wp-caption alignnone\"><a href=\"https:\/\/kotrla.com\/pmpro\/wp-content\/uploads\/2015\/11\/david_cmerek_IMGP2103.jpg\"><img loading=\"lazy\" decoding=\"async\" class=\"size-full wp-image-2625\" src=\"https:\/\/kotrla.com\/pmpro\/wp-content\/uploads\/2015\/11\/david_cmerek_IMGP2103.jpg\" alt=\"David Cmerek\" width=\"1200\" height=\"795\" srcset=\"https:\/\/kotrla.com\/pmpro\/wp-content\/uploads\/2015\/11\/david_cmerek_IMGP2103.jpg 1200w, https:\/\/kotrla.com\/pmpro\/wp-content\/uploads\/2015\/11\/david_cmerek_IMGP2103-300x199.jpg 300w, https:\/\/kotrla.com\/pmpro\/wp-content\/uploads\/2015\/11\/david_cmerek_IMGP2103-1024x678.jpg 1024w\" sizes=\"auto, (max-width: 1200px) 100vw, 1200px\" \/><\/a><figcaption id=\"caption-attachment-2625\" class=\"wp-caption-text\">David Cmerek<\/figcaption><\/figure>\n<figure id=\"attachment_2628\" aria-describedby=\"caption-attachment-2628\" style=\"width: 1200px\" class=\"wp-caption alignnone\"><a href=\"https:\/\/kotrla.com\/pmpro\/wp-content\/uploads\/2015\/11\/klara_goldsteinova_IMGP2125.jpg\"><img loading=\"lazy\" decoding=\"async\" class=\"wp-image-2628 size-full\" src=\"https:\/\/kotrla.com\/pmpro\/wp-content\/uploads\/2015\/11\/klara_goldsteinova_IMGP2125.jpg\" alt=\"Kl\u00e1ra Goldstein\" width=\"1200\" height=\"795\" srcset=\"https:\/\/kotrla.com\/pmpro\/wp-content\/uploads\/2015\/11\/klara_goldsteinova_IMGP2125.jpg 1200w, https:\/\/kotrla.com\/pmpro\/wp-content\/uploads\/2015\/11\/klara_goldsteinova_IMGP2125-300x199.jpg 300w, https:\/\/kotrla.com\/pmpro\/wp-content\/uploads\/2015\/11\/klara_goldsteinova_IMGP2125-1024x678.jpg 1024w\" sizes=\"auto, (max-width: 1200px) 100vw, 1200px\" \/><\/a><figcaption id=\"caption-attachment-2628\" class=\"wp-caption-text\">Kl\u00e1ra Goldstein<\/figcaption><\/figure>\n","protected":false},"excerpt":{"rendered":"<p>Dal\u0161\u00ed liter\u00e1rn\u00ed ve\u010der ve Vala\u0161sk\u00e9m Mezi\u0159\u00ed\u010d\u00ed, tentokr\u00e1t v re\u017eii Kl\u00e1ry Goldstein, kter\u00e1 vyst\u0159\u00eddala Ji\u0159\u00edho M\u011bs\u00edce, se uskute\u010dnil 19. listopadu, a to ve znamen\u00ed olomouck\u00e9 bohemistiky. P\u0159ed p\u0159ibli\u017en\u011b dvaceti hosty vystoupil se sv\u00fdmi b\u00e1sn\u011bmi se sb\u00edrky Moravsk\u00fd ZeM\u011bPis \u0161\u00e9f olomouck\u00e9 bohemistiky Miroslav Vep\u0159ek, kter\u00fd se p\u0159edstavil tak\u00e9 jako frontman blues-folkov\u00e9ho uskupen\u00ed Alibaba. Druhou \u00fa\u010dinkuj\u00edc\u00ed ve\u010dera byla [&hellip;]<\/p>\n","protected":false},"author":1,"featured_media":0,"comment_status":"open","ping_status":"open","sticky":false,"template":"","format":"standard","meta":{"site-sidebar-layout":"default","site-content-layout":"","ast-site-content-layout":"default","site-content-style":"default","site-sidebar-style":"default","ast-global-header-display":"","ast-banner-title-visibility":"","ast-main-header-display":"","ast-hfb-above-header-display":"","ast-hfb-below-header-display":"","ast-hfb-mobile-header-display":"","site-post-title":"","ast-breadcrumbs-content":"","ast-featured-img":"","footer-sml-layout":"","ast-disable-related-posts":"","theme-transparent-header-meta":"","adv-header-id-meta":"","stick-header-meta":"","header-above-stick-meta":"","header-main-stick-meta":"","header-below-stick-meta":"","astra-migrate-meta-layouts":"default","ast-page-background-enabled":"default","ast-page-background-meta":{"desktop":{"background-color":"var(--ast-global-color-5)","background-image":"","background-repeat":"repeat","background-position":"center center","background-size":"auto","background-attachment":"scroll","background-type":"","background-media":"","overlay-type":"","overlay-color":"","overlay-opacity":"","overlay-gradient":""},"tablet":{"background-color":"","background-image":"","background-repeat":"repeat","background-position":"center center","background-size":"auto","background-attachment":"scroll","background-type":"","background-media":"","overlay-type":"","overlay-color":"","overlay-opacity":"","overlay-gradient":""},"mobile":{"background-color":"","background-image":"","background-repeat":"repeat","background-position":"center center","background-size":"auto","background-attachment":"scroll","background-type":"","background-media":"","overlay-type":"","overlay-color":"","overlay-opacity":"","overlay-gradient":""}},"ast-content-background-meta":{"desktop":{"background-color":"var(--ast-global-color-4)","background-image":"","background-repeat":"repeat","background-position":"center center","background-size":"auto","background-attachment":"scroll","background-type":"","background-media":"","overlay-type":"","overlay-color":"","overlay-opacity":"","overlay-gradient":""},"tablet":{"background-color":"var(--ast-global-color-4)","background-image":"","background-repeat":"repeat","background-position":"center center","background-size":"auto","background-attachment":"scroll","background-type":"","background-media":"","overlay-type":"","overlay-color":"","overlay-opacity":"","overlay-gradient":""},"mobile":{"background-color":"var(--ast-global-color-4)","background-image":"","background-repeat":"repeat","background-position":"center center","background-size":"auto","background-attachment":"scroll","background-type":"","background-media":"","overlay-type":"","overlay-color":"","overlay-opacity":"","overlay-gradient":""}},"jetpack_post_was_ever_published":false,"_jetpack_newsletter_access":"","_jetpack_dont_email_post_to_subs":false,"_jetpack_newsletter_tier_id":0,"_jetpack_memberships_contains_paywalled_content":false,"_jetpack_memberships_contains_paid_content":false,"footnotes":""},"categories":[7,2],"tags":[],"class_list":["post-2624","post","type-post","status-publish","format-standard","hentry","category-fotografie","category-literatura"],"jetpack_featured_media_url":"","jetpack_shortlink":"https:\/\/wp.me\/p4mLP7-Gk","jetpack-related-posts":[{"id":127,"url":"https:\/\/kotrla.com\/pmpro\/2011\/11\/talent-ze-supliku-2011\/","url_meta":{"origin":2624,"position":0},"title":"Talent ze \u0161upl\u00edku 2011","author":"Pavel Kotrla","date":"13.11.2011","format":false,"excerpt":"Tak jako v minul\u00fdch letech, i letos jsem byl porotcem a p\u0159edsedou liter\u00e1rn\u00ed sout\u011b\u017ee Talent ze \u0161upl\u00edku, kterou po\u0159\u00e1d\u00e1 Masarykova knihovna Vset\u00edn. P\u0159ekvapuj\u00edc\u00ed byl leto\u0161n\u00ed z\u00e1jem sout\u011b\u017e\u00edc\u00edch. Hodnoceno bylo \u0161edes\u00e1t prac\u00ed, a to z \u00fazem\u00ed cel\u00e9 republiky. Pon\u011bkud zar\u00e1\u017eej\u00edc\u00ed byla nerovnov\u00e1ha v kvalit\u011b p\u0159\u00edsp\u011bvk\u016f, kdy v pr\u00f3ze bylo opravdu z\u2026","rel":"","context":"V \u201eLiteratura\u201c","block_context":{"text":"Literatura","link":"https:\/\/kotrla.com\/pmpro\/category\/literatura\/"},"img":{"alt_text":"Talent ze \u0161upl\u00edku 2011","src":"https:\/\/i0.wp.com\/kotrla.com\/pmpro\/images\/uploads\/talent_ze_supliku_2011.jpg?resize=350%2C200&ssl=1","width":350,"height":200},"classes":[]},{"id":4187,"url":"https:\/\/kotrla.com\/pmpro\/2019\/04\/patecni-literarni-vecer-v-m-klubu-valmez\/","url_meta":{"origin":2624,"position":1},"title":"P\u00e1te\u010dn\u00ed liter\u00e1rn\u00ed ve\u010der v M-klubu ValMez","author":"Pavel Kotrla","date":"9.4.2019","format":false,"excerpt":"Kl\u00e1ra Goldstein tentokr\u00e1t uvedla Marii \u0160\u0165astnou a Josefa Straku.","rel":"","context":"V \u201eFotografie\u201c","block_context":{"text":"Fotografie","link":"https:\/\/kotrla.com\/pmpro\/category\/fotografie\/"},"img":{"alt_text":"Josef Straka","src":"https:\/\/i0.wp.com\/kotrla.com\/pmpro\/wp-content\/uploads\/2019\/04\/josef_straka_IMGP9928.jpg?resize=350%2C200&ssl=1","width":350,"height":200,"srcset":"https:\/\/i0.wp.com\/kotrla.com\/pmpro\/wp-content\/uploads\/2019\/04\/josef_straka_IMGP9928.jpg?resize=350%2C200&ssl=1 1x, https:\/\/i0.wp.com\/kotrla.com\/pmpro\/wp-content\/uploads\/2019\/04\/josef_straka_IMGP9928.jpg?resize=525%2C300&ssl=1 1.5x, https:\/\/i0.wp.com\/kotrla.com\/pmpro\/wp-content\/uploads\/2019\/04\/josef_straka_IMGP9928.jpg?resize=700%2C400&ssl=1 2x, https:\/\/i0.wp.com\/kotrla.com\/pmpro\/wp-content\/uploads\/2019\/04\/josef_straka_IMGP9928.jpg?resize=1050%2C600&ssl=1 3x, https:\/\/i0.wp.com\/kotrla.com\/pmpro\/wp-content\/uploads\/2019\/04\/josef_straka_IMGP9928.jpg?resize=1400%2C800&ssl=1 4x"},"classes":[]},{"id":13236,"url":"https:\/\/kotrla.com\/pmpro\/2025\/09\/krajinou-srdce-literarni-vecer-s-komentovanou-prohlidkou\/","url_meta":{"origin":2624,"position":2},"title":"Krajinou srdce &#8211; Liter\u00e1rn\u00ed ve\u010der s komentovanou prohl\u00eddkou","author":"Pavel Kotrla","date":"15.9.2025","format":false,"excerpt":"V pond\u011bl\u00ed 22. z\u00e1\u0159\u00ed 2025 v\u00e1m v galerii Star\u00e1 radnice na Vset\u00edn\u011b r\u00e1di n\u011bco p\u0159e\u010dteme. P\u0159edev\u0161\u00edm si v\u0161ak nenechejte uj\u00edt komentovanou prohl\u00eddku. Na fotografi\u00edch si m\u016f\u017eete p\u0159ipomenout atmosf\u00e9ru vernis\u00e1\u017ee v\u00fdstavy Krajinou srdce, krajinou domova Pravoslava Dordy, v\u00fdstavy, kde je hostem Jana Baletkov\u00e1, kter\u00e1 prob\u011bhla 3. z\u00e1\u0159\u00ed 2025.","rel":"","context":"V \u201eLiteratura\u201c","block_context":{"text":"Literatura","link":"https:\/\/kotrla.com\/pmpro\/category\/literatura\/"},"img":{"alt_text":"","src":"https:\/\/i0.wp.com\/kotrla.com\/pmpro\/wp-content\/uploads\/2025\/09\/vernisaz_IMGP9635-150x150.jpg?resize=350%2C200&ssl=1","width":350,"height":200,"srcset":"https:\/\/i0.wp.com\/kotrla.com\/pmpro\/wp-content\/uploads\/2025\/09\/vernisaz_IMGP9635-150x150.jpg?resize=350%2C200&ssl=1 1x, https:\/\/i0.wp.com\/kotrla.com\/pmpro\/wp-content\/uploads\/2025\/09\/vernisaz_IMGP9635-150x150.jpg?resize=525%2C300&ssl=1 1.5x, https:\/\/i0.wp.com\/kotrla.com\/pmpro\/wp-content\/uploads\/2025\/09\/vernisaz_IMGP9635-150x150.jpg?resize=700%2C400&ssl=1 2x, https:\/\/i0.wp.com\/kotrla.com\/pmpro\/wp-content\/uploads\/2025\/09\/vernisaz_IMGP9635-150x150.jpg?resize=1050%2C600&ssl=1 3x, https:\/\/i0.wp.com\/kotrla.com\/pmpro\/wp-content\/uploads\/2025\/09\/vernisaz_IMGP9635-150x150.jpg?resize=1400%2C800&ssl=1 4x"},"classes":[]},{"id":6521,"url":"https:\/\/kotrla.com\/pmpro\/2020\/02\/petr-cichon-tim-postovit\/","url_meta":{"origin":2624,"position":3},"title":"Petr \u010cicho\u0148 &#038; Tim Postovit","author":"Pavel Kotrla","date":"29.2.2020","format":false,"excerpt":"Dal\u0161\u00ed liter\u00e1rn\u00ed ve\u010der v re\u017eii Kl\u00e1ry Goldstein ve vala\u0161skomezi\u0159\u00ed\u010dsk\u00e9m M-klubu. Tentokr\u00e1t Petr \u010cicho\u0148\u00a0a\u00a0Tim Postovit. D\u011bkujeme, \u017ee kou\u0159\u00edte...","rel":"","context":"V \u201eFotografie\u201c","block_context":{"text":"Fotografie","link":"https:\/\/kotrla.com\/pmpro\/category\/fotografie\/"},"img":{"alt_text":"","src":"https:\/\/i0.wp.com\/kotrla.com\/pmpro\/wp-content\/uploads\/2020\/02\/klara_goldstein_IMGP5491-150x150.jpg?resize=350%2C200&ssl=1","width":350,"height":200,"srcset":"https:\/\/i0.wp.com\/kotrla.com\/pmpro\/wp-content\/uploads\/2020\/02\/klara_goldstein_IMGP5491-150x150.jpg?resize=350%2C200&ssl=1 1x, https:\/\/i0.wp.com\/kotrla.com\/pmpro\/wp-content\/uploads\/2020\/02\/klara_goldstein_IMGP5491-150x150.jpg?resize=525%2C300&ssl=1 1.5x, https:\/\/i0.wp.com\/kotrla.com\/pmpro\/wp-content\/uploads\/2020\/02\/klara_goldstein_IMGP5491-150x150.jpg?resize=700%2C400&ssl=1 2x, https:\/\/i0.wp.com\/kotrla.com\/pmpro\/wp-content\/uploads\/2020\/02\/klara_goldstein_IMGP5491-150x150.jpg?resize=1050%2C600&ssl=1 3x, https:\/\/i0.wp.com\/kotrla.com\/pmpro\/wp-content\/uploads\/2020\/02\/klara_goldstein_IMGP5491-150x150.jpg?resize=1400%2C800&ssl=1 4x"},"classes":[]},{"id":2616,"url":"https:\/\/kotrla.com\/pmpro\/2015\/11\/vyhlaseni-literarni-souteze-talent-ze-supliku-7\/","url_meta":{"origin":2624,"position":4},"title":"Vyhl\u00e1\u0161en\u00ed liter\u00e1rn\u00ed sout\u011b\u017ee Talent ze \u0161upl\u00edku 7","author":"Pavel Kotrla","date":"18.11.2015","format":false,"excerpt":"Ji\u017e se to bl\u00ed\u017e\u00ed! V\u0161echny p\u0159\u00edsp\u011bvky jsme poctiv\u011b p\u0159e\u010detli. Slavnostn\u00ed vyhl\u00e1\u0161en\u00ed v\u00fdsledk\u016f liter\u00e1rn\u00ed sout\u011b\u017ee Talent ze \u0161upl\u00edku prob\u011bhne p\u0159\u00ed\u0161t\u00ed t\u00fdden 25. listopadu v r\u00e1mci liter\u00e1rn\u011b komiksov\u00e9ho ve\u010d\u00edrku \u00a0od 17.00 v Masarykov\u011b ve\u0159ejn\u00e9 knihovn\u011b ve Vset\u00edn\u011b. M\u016f\u017eete se sezn\u00e1mit s Nikkarinem, jedn\u00edm z nejv\u00fdrazn\u011bj\u0161\u00edch tv\u016frc\u016f sou\u010dasn\u00e9ho \u010desk\u00e9ho komiksu.","rel":"","context":"V \u201eLiteratura\u201c","block_context":{"text":"Literatura","link":"https:\/\/kotrla.com\/pmpro\/category\/literatura\/"},"img":{"alt_text":"","src":"","width":0,"height":0},"classes":[]},{"id":1038,"url":"https:\/\/kotrla.com\/pmpro\/2004\/04\/stari-dobri-josef-hora-xxxii\/","url_meta":{"origin":2624,"position":5},"title":"STA\u0158\u00cd DOB\u0158\u00cd: Josef Hora (XXXII.)","author":"Pavel Kotrla","date":"4.4.2004","format":false,"excerpt":"Uk\u00e1zka z autorovy knihy Dv\u011b minuty ticha (1934, Praha: Dru\u017estevn\u00ed pr\u00e1ce), kter\u00e1 byla poct\u011bna cenou M\u00e1jov\u00e9 liter\u00e1rn\u00ed sout\u011b\u017ee pro lyriku 1934, kterou vypsaly nakladatelstv\u00ed Fr. Borov\u00fd a Dru\u017estevn\u00ed pr\u00e1ce. \u0160koda, \u017ee podobn\u00e9 nakladatelsk\u00e9 sout\u011b\u017ee dnes nejsou. :( NA MO\u0158I Schouleno v teplou mod\u0159, sp\u00ed mo\u0159e. Jenom z novin \u00a0\u00a0vzd\u00e1len\u00e1 ozv\u011bna\u2026","rel":"","context":"V \u201eSta\u0159\u00ed dob\u0159\u00ed\u201c","block_context":{"text":"Sta\u0159\u00ed dob\u0159\u00ed","link":"https:\/\/kotrla.com\/pmpro\/category\/stari-dobri\/"},"img":{"alt_text":"","src":"","width":0,"height":0},"classes":[]}],"jetpack_sharing_enabled":true,"_links":{"self":[{"href":"https:\/\/kotrla.com\/pmpro\/wp-json\/wp\/v2\/posts\/2624","targetHints":{"allow":["GET"]}}],"collection":[{"href":"https:\/\/kotrla.com\/pmpro\/wp-json\/wp\/v2\/posts"}],"about":[{"href":"https:\/\/kotrla.com\/pmpro\/wp-json\/wp\/v2\/types\/post"}],"author":[{"embeddable":true,"href":"https:\/\/kotrla.com\/pmpro\/wp-json\/wp\/v2\/users\/1"}],"replies":[{"embeddable":true,"href":"https:\/\/kotrla.com\/pmpro\/wp-json\/wp\/v2\/comments?post=2624"}],"version-history":[{"count":0,"href":"https:\/\/kotrla.com\/pmpro\/wp-json\/wp\/v2\/posts\/2624\/revisions"}],"wp:attachment":[{"href":"https:\/\/kotrla.com\/pmpro\/wp-json\/wp\/v2\/media?parent=2624"}],"wp:term":[{"taxonomy":"category","embeddable":true,"href":"https:\/\/kotrla.com\/pmpro\/wp-json\/wp\/v2\/categories?post=2624"},{"taxonomy":"post_tag","embeddable":true,"href":"https:\/\/kotrla.com\/pmpro\/wp-json\/wp\/v2\/tags?post=2624"}],"curies":[{"name":"wp","href":"https:\/\/api.w.org\/{rel}","templated":true}]}}