{"id":2700,"date":"2016-02-18T22:37:29","date_gmt":"2016-02-18T21:37:29","guid":{"rendered":"http:\/\/kotrla.com\/pmpro\/?p=2700"},"modified":"2019-11-20T22:46:40","modified_gmt":"2019-11-20T21:46:40","slug":"marek-sindelka","status":"publish","type":"post","link":"https:\/\/kotrla.com\/pmpro\/2016\/02\/marek-sindelka\/","title":{"rendered":"Marek \u0160indelka"},"content":{"rendered":"<p>Dnes ve\u010der v <a href=\"http:\/\/www.knir.cz\">ro\u017enovsk\u00e9 knihovn\u011b<\/a> prob\u011bhlo\u00a0p\u0159\u00edjemn\u00e9 \u010dten\u00ed autora, kter\u00fd se neboj\u00ed zachycovat sou\u010dasnost.<\/p>\n<figure id=\"attachment_2701\" aria-describedby=\"caption-attachment-2701\" style=\"width: 1200px\" class=\"wp-caption alignnone\"><a href=\"https:\/\/kotrla.com\/pmpro\/wp-content\/uploads\/2016\/02\/marek_sindelka_IMGP2857.jpg\" rel=\"attachment wp-att-2701\"><img loading=\"lazy\" decoding=\"async\" class=\"size-full wp-image-2701\" src=\"https:\/\/kotrla.com\/pmpro\/wp-content\/uploads\/2016\/02\/marek_sindelka_IMGP2857.jpg\" alt=\"Marek \u0160indelka\" width=\"1200\" height=\"795\" srcset=\"https:\/\/kotrla.com\/pmpro\/wp-content\/uploads\/2016\/02\/marek_sindelka_IMGP2857.jpg 1200w, https:\/\/kotrla.com\/pmpro\/wp-content\/uploads\/2016\/02\/marek_sindelka_IMGP2857-300x199.jpg 300w, https:\/\/kotrla.com\/pmpro\/wp-content\/uploads\/2016\/02\/marek_sindelka_IMGP2857-1024x678.jpg 1024w\" sizes=\"auto, (max-width: 1200px) 100vw, 1200px\" \/><\/a><figcaption id=\"caption-attachment-2701\" class=\"wp-caption-text\">Marek \u0160indelka<\/figcaption><\/figure>\n<figure id=\"attachment_2702\" aria-describedby=\"caption-attachment-2702\" style=\"width: 1200px\" class=\"wp-caption alignnone\"><a href=\"https:\/\/kotrla.com\/pmpro\/wp-content\/uploads\/2016\/02\/marek_sindelka_IMGP2868.jpg\" rel=\"attachment wp-att-2702\"><img loading=\"lazy\" decoding=\"async\" class=\"size-full wp-image-2702\" src=\"https:\/\/kotrla.com\/pmpro\/wp-content\/uploads\/2016\/02\/marek_sindelka_IMGP2868.jpg\" alt=\"Marek \u0160indelka\" width=\"1200\" height=\"795\" srcset=\"https:\/\/kotrla.com\/pmpro\/wp-content\/uploads\/2016\/02\/marek_sindelka_IMGP2868.jpg 1200w, https:\/\/kotrla.com\/pmpro\/wp-content\/uploads\/2016\/02\/marek_sindelka_IMGP2868-300x199.jpg 300w, https:\/\/kotrla.com\/pmpro\/wp-content\/uploads\/2016\/02\/marek_sindelka_IMGP2868-1024x678.jpg 1024w\" sizes=\"auto, (max-width: 1200px) 100vw, 1200px\" \/><\/a><figcaption id=\"caption-attachment-2702\" class=\"wp-caption-text\">Marek \u0160indelka<\/figcaption><\/figure>\n","protected":false},"excerpt":{"rendered":"<p>Dnes ve\u010der v ro\u017enovsk\u00e9 knihovn\u011b prob\u011bhlo\u00a0p\u0159\u00edjemn\u00e9 \u010dten\u00ed autora, kter\u00fd se neboj\u00ed zachycovat sou\u010dasnost.<\/p>\n","protected":false},"author":1,"featured_media":0,"comment_status":"open","ping_status":"open","sticky":false,"template":"","format":"standard","meta":{"site-sidebar-layout":"default","site-content-layout":"","ast-site-content-layout":"default","site-content-style":"default","site-sidebar-style":"default","ast-global-header-display":"","ast-banner-title-visibility":"","ast-main-header-display":"","ast-hfb-above-header-display":"","ast-hfb-below-header-display":"","ast-hfb-mobile-header-display":"","site-post-title":"","ast-breadcrumbs-content":"","ast-featured-img":"","footer-sml-layout":"","ast-disable-related-posts":"","theme-transparent-header-meta":"","adv-header-id-meta":"","stick-header-meta":"","header-above-stick-meta":"","header-main-stick-meta":"","header-below-stick-meta":"","astra-migrate-meta-layouts":"default","ast-page-background-enabled":"default","ast-page-background-meta":{"desktop":{"background-color":"var(--ast-global-color-5)","background-image":"","background-repeat":"repeat","background-position":"center center","background-size":"auto","background-attachment":"scroll","background-type":"","background-media":"","overlay-type":"","overlay-color":"","overlay-opacity":"","overlay-gradient":""},"tablet":{"background-color":"","background-image":"","background-repeat":"repeat","background-position":"center center","background-size":"auto","background-attachment":"scroll","background-type":"","background-media":"","overlay-type":"","overlay-color":"","overlay-opacity":"","overlay-gradient":""},"mobile":{"background-color":"","background-image":"","background-repeat":"repeat","background-position":"center center","background-size":"auto","background-attachment":"scroll","background-type":"","background-media":"","overlay-type":"","overlay-color":"","overlay-opacity":"","overlay-gradient":""}},"ast-content-background-meta":{"desktop":{"background-color":"var(--ast-global-color-4)","background-image":"","background-repeat":"repeat","background-position":"center center","background-size":"auto","background-attachment":"scroll","background-type":"","background-media":"","overlay-type":"","overlay-color":"","overlay-opacity":"","overlay-gradient":""},"tablet":{"background-color":"var(--ast-global-color-4)","background-image":"","background-repeat":"repeat","background-position":"center center","background-size":"auto","background-attachment":"scroll","background-type":"","background-media":"","overlay-type":"","overlay-color":"","overlay-opacity":"","overlay-gradient":""},"mobile":{"background-color":"var(--ast-global-color-4)","background-image":"","background-repeat":"repeat","background-position":"center center","background-size":"auto","background-attachment":"scroll","background-type":"","background-media":"","overlay-type":"","overlay-color":"","overlay-opacity":"","overlay-gradient":""}},"jetpack_post_was_ever_published":false,"_jetpack_newsletter_access":"","_jetpack_dont_email_post_to_subs":false,"_jetpack_newsletter_tier_id":0,"_jetpack_memberships_contains_paywalled_content":false,"_jetpack_memberships_contains_paid_content":false,"footnotes":""},"categories":[7,2],"tags":[],"class_list":["post-2700","post","type-post","status-publish","format-standard","hentry","category-fotografie","category-literatura"],"jetpack_featured_media_url":"","jetpack_shortlink":"https:\/\/wp.me\/p4mLP7-Hy","jetpack-related-posts":[{"id":2985,"url":"https:\/\/kotrla.com\/pmpro\/2016\/10\/ze-vsetinskeho-cteni-marka-sindelky\/","url_meta":{"origin":2700,"position":0},"title":"Ze vset\u00ednsk\u00e9ho \u010dten\u00ed Marka \u0160indelky","author":"Pavel Kotrla","date":"6.10.2016","format":false,"excerpt":"Kdo v \u00fater\u00fd chyb\u011bl na \u010dten\u00ed Marka \u0160indelky, tak prohloupil. Brzy (v prosinci) se m\u016f\u017eeme t\u011b\u0161it na autorovu novou knihu \u00danava materi\u00e1lu. S ohledem na zvolen\u00e9 t\u00e9ma jsem zv\u011bdav\u00fd na reakce... Souvisej\u00edc\u00ed: Ro\u017enovsk\u00e9 jarn\u00ed \u010dten\u00ed","rel":"","context":"V \u201eFotografie\u201c","block_context":{"text":"Fotografie","link":"https:\/\/kotrla.com\/pmpro\/category\/fotografie\/"},"img":{"alt_text":"Marek \u0160indelka","src":"https:\/\/i0.wp.com\/kotrla.com\/pmpro\/wp-content\/uploads\/2016\/10\/Marek_Sindelka_IMGP7213.jpg?resize=350%2C200&ssl=1","width":350,"height":200,"srcset":"https:\/\/i0.wp.com\/kotrla.com\/pmpro\/wp-content\/uploads\/2016\/10\/Marek_Sindelka_IMGP7213.jpg?resize=350%2C200&ssl=1 1x, https:\/\/i0.wp.com\/kotrla.com\/pmpro\/wp-content\/uploads\/2016\/10\/Marek_Sindelka_IMGP7213.jpg?resize=525%2C300&ssl=1 1.5x, https:\/\/i0.wp.com\/kotrla.com\/pmpro\/wp-content\/uploads\/2016\/10\/Marek_Sindelka_IMGP7213.jpg?resize=700%2C400&ssl=1 2x"},"classes":[]},{"id":2766,"url":"https:\/\/kotrla.com\/pmpro\/2016\/08\/2766\/","url_meta":{"origin":2700,"position":1},"title":"Kam za literaturou na Vala\u0161sku v nejbli\u017e\u0161\u00edch t\u00fddnech","author":"Pavel Kotrla","date":"23.8.2016","format":false,"excerpt":"Tak krom ji\u017e n\u00ed\u017ee avizovan\u00e9ho Letn\u00edho \u010dten\u00ed na st\u0159e\u0161e vset\u00ednsk\u00e9 knihovny jsou zde i dal\u0161\u00ed akce, kter\u00e9 mo\u017en\u00e1 stoj\u00ed za pozornost. (V\u00edm, \u017ee FM ji\u017e nen\u00ed Vala\u0161sko, ale autorka ano, tak\u017ee za\u0159azuji.) Zden\u011bk Lys\u00fd 1. z\u00e1\u0159\u00ed v 17:00 Masarykova knihovna Vset\u00edn Pavel Kosat\u00edk 15. z\u00e1\u0159\u00ed 2016 17:30 M\u011bstsk\u00e1 knihovna Ro\u017enov\u2026","rel":"","context":"V \u201eLiteratura\u201c","block_context":{"text":"Literatura","link":"https:\/\/kotrla.com\/pmpro\/category\/literatura\/"},"img":{"alt_text":"","src":"","width":0,"height":0},"classes":[]},{"id":3337,"url":"https:\/\/kotrla.com\/pmpro\/2017\/09\/kam-za-literaturou-podzim-2017\/","url_meta":{"origin":2700,"position":2},"title":"Kam za literaturou (podzim 2017)?","author":"Pavel Kotrla","date":"25.9.2017","format":false,"excerpt":"Bez n\u00e1rok\u016f na \u00faplnost, p\u0159ehled liter\u00e1rn\u00edch akci na Vala\u0161sku a v bl\u00edzk\u00e9m okol\u00ed. Na \u00favod tedy pozv\u00e1n\u00ed na jednu moji akci\u010dku, pak u\u017e v \u010dasov\u00e9 posloupnosti. JAK FILMOV\u00dd RE\u017dIS\u00c9R FRANTI\u0160EK \u010c\u00c1P K BESKYD\u00c1M A SLOVINSKU P\u0158I\u0160EL (BESEDY) 10. 10. 17 17:00, Spole\u010densk\u00fd s\u00e1l knihovny, Masarykova knihovna Vset\u00edn Komponovan\u00fd podve\u010der u\u2026","rel":"","context":"V \u201eLiteratura\u201c","block_context":{"text":"Literatura","link":"https:\/\/kotrla.com\/pmpro\/category\/literatura\/"},"img":{"alt_text":"","src":"","width":0,"height":0},"classes":[]},{"id":10550,"url":"https:\/\/kotrla.com\/pmpro\/2023\/06\/marek-j-vavrinec-krajinou-bohu-demonu-a-lidi\/","url_meta":{"origin":2700,"position":3},"title":"Marek J. Vav\u0159inec: Krajinou Boh\u016f, d\u00e9monu a lid\u00ed","author":"Pavel Kotrla","date":"5.6.2023","format":false,"excerpt":"M\u00e1m r\u00e1d knihy, u kter\u00fdch je vid\u011bt, \u017ee do nich autor vlo\u017eil kus sebe. Nov\u00e1 kniha Krajinou Boh\u016f, d\u00e9monu a lid\u00ed Marka J. Vav\u0159ince mezi n\u011b pat\u0159\u00ed. Autor knihu nejen napsal, ale vyryl pro ni i d\u0159evoryty, vys\u00e1zel ji a tak\u00e9 vytisknul z polymerov\u00fdch \u0161to\u010dk\u016f. Proces vzniku knihy ostatn\u011b \u0161lo\u2026","rel":"","context":"V \u201eKnihy\u201c","block_context":{"text":"Knihy","link":"https:\/\/kotrla.com\/pmpro\/category\/knihy\/"},"img":{"alt_text":"","src":"https:\/\/i0.wp.com\/kotrla.com\/pmpro\/wp-content\/uploads\/2023\/06\/vavrinec_IMGP6954-150x150.jpg?resize=350%2C200&ssl=1","width":350,"height":200,"srcset":"https:\/\/i0.wp.com\/kotrla.com\/pmpro\/wp-content\/uploads\/2023\/06\/vavrinec_IMGP6954-150x150.jpg?resize=350%2C200&ssl=1 1x, https:\/\/i0.wp.com\/kotrla.com\/pmpro\/wp-content\/uploads\/2023\/06\/vavrinec_IMGP6954-150x150.jpg?resize=525%2C300&ssl=1 1.5x, https:\/\/i0.wp.com\/kotrla.com\/pmpro\/wp-content\/uploads\/2023\/06\/vavrinec_IMGP6954-150x150.jpg?resize=700%2C400&ssl=1 2x, https:\/\/i0.wp.com\/kotrla.com\/pmpro\/wp-content\/uploads\/2023\/06\/vavrinec_IMGP6954-150x150.jpg?resize=1050%2C600&ssl=1 3x, https:\/\/i0.wp.com\/kotrla.com\/pmpro\/wp-content\/uploads\/2023\/06\/vavrinec_IMGP6954-150x150.jpg?resize=1400%2C800&ssl=1 4x"},"classes":[]},{"id":2669,"url":"https:\/\/kotrla.com\/pmpro\/2016\/02\/z-vecera-literarne-hudebniho\/","url_meta":{"origin":2700,"position":4},"title":"Z ve\u010dera liter\u00e1rn\u011b-hudebn\u00edho","author":"Pavel Kotrla","date":"5.2.2016","format":false,"excerpt":"Konalo se 4. 2. 2016 ve vala\u0161sko-mezi\u0159\u00ed\u010dsk\u00e9m M-klubu.","rel":"","context":"V \u201eFotografie\u201c","block_context":{"text":"Fotografie","link":"https:\/\/kotrla.com\/pmpro\/category\/fotografie\/"},"img":{"alt_text":"B\u00edl\u00ed kon\u011b","src":"https:\/\/i0.wp.com\/kotrla.com\/pmpro\/wp-content\/uploads\/2016\/02\/IMGP2650_bili_kone-150x150.jpg?resize=350%2C200&ssl=1","width":350,"height":200,"srcset":"https:\/\/i0.wp.com\/kotrla.com\/pmpro\/wp-content\/uploads\/2016\/02\/IMGP2650_bili_kone-150x150.jpg?resize=350%2C200&ssl=1 1x, https:\/\/i0.wp.com\/kotrla.com\/pmpro\/wp-content\/uploads\/2016\/02\/IMGP2650_bili_kone-150x150.jpg?resize=525%2C300&ssl=1 1.5x, https:\/\/i0.wp.com\/kotrla.com\/pmpro\/wp-content\/uploads\/2016\/02\/IMGP2650_bili_kone-150x150.jpg?resize=700%2C400&ssl=1 2x, https:\/\/i0.wp.com\/kotrla.com\/pmpro\/wp-content\/uploads\/2016\/02\/IMGP2650_bili_kone-150x150.jpg?resize=1050%2C600&ssl=1 3x"},"classes":[]},{"id":1222,"url":"https:\/\/kotrla.com\/pmpro\/2003\/09\/1-socharske-sympozium-na-solani\/","url_meta":{"origin":2700,"position":5},"title":"1. socha\u0159sk\u00e9 sympozium na Sol\u00e1ni","author":"Pavel Kotrla","date":"16.9.2003","format":false,"excerpt":"Walter Taszek M\u011bl jsem to \u0161t\u011bst\u00ed, \u017ee jsem se o v\u00edkendu mohl z\u00fa\u010dastnit vernis\u00e1\u017ee v\u00fdstavy 1. socha\u0159sk\u00e9ho sympozia na Sol\u00e1ni, kter\u00e9 po\u0159\u00e1dalo Sdru\u017een\u00ed pro rozvoj Sol\u00e1n\u011b a Vala\u0161sk\u00fd ateli\u00e9r u Hofman\u016f. \u00da\u010dastn\u00edci (Martin Gaja, Walter Taszek, Marek Miklo\u0161) m\u011bli \u010dtrn\u00e1ct dn\u016f na to, aby vytvo\u0159ili sv\u00e1 d\u00edla. A pr\u00e1v\u011b ta\u2026","rel":"","context":"V \u201eNeza\u0159azen\u00e9\u201c","block_context":{"text":"Neza\u0159azen\u00e9","link":"https:\/\/kotrla.com\/pmpro\/category\/nezarazene\/"},"img":{"alt_text":"image","src":"https:\/\/i0.wp.com\/kotrla.com\/pmpro\/images\/uploads\/solan_taszek.jpg?resize=350%2C200&ssl=1","width":350,"height":200},"classes":[]}],"jetpack_sharing_enabled":true,"_links":{"self":[{"href":"https:\/\/kotrla.com\/pmpro\/wp-json\/wp\/v2\/posts\/2700","targetHints":{"allow":["GET"]}}],"collection":[{"href":"https:\/\/kotrla.com\/pmpro\/wp-json\/wp\/v2\/posts"}],"about":[{"href":"https:\/\/kotrla.com\/pmpro\/wp-json\/wp\/v2\/types\/post"}],"author":[{"embeddable":true,"href":"https:\/\/kotrla.com\/pmpro\/wp-json\/wp\/v2\/users\/1"}],"replies":[{"embeddable":true,"href":"https:\/\/kotrla.com\/pmpro\/wp-json\/wp\/v2\/comments?post=2700"}],"version-history":[{"count":0,"href":"https:\/\/kotrla.com\/pmpro\/wp-json\/wp\/v2\/posts\/2700\/revisions"}],"wp:attachment":[{"href":"https:\/\/kotrla.com\/pmpro\/wp-json\/wp\/v2\/media?parent=2700"}],"wp:term":[{"taxonomy":"category","embeddable":true,"href":"https:\/\/kotrla.com\/pmpro\/wp-json\/wp\/v2\/categories?post=2700"},{"taxonomy":"post_tag","embeddable":true,"href":"https:\/\/kotrla.com\/pmpro\/wp-json\/wp\/v2\/tags?post=2700"}],"curies":[{"name":"wp","href":"https:\/\/api.w.org\/{rel}","templated":true}]}}