{"id":276,"date":"2009-05-15T17:00:17","date_gmt":"2009-05-15T16:00:17","guid":{"rendered":"http:\/\/kotrla.com\/wordpress\/?p=276"},"modified":"2019-11-20T22:39:23","modified_gmt":"2019-11-20T21:39:23","slug":"ach-ti-holubi","status":"publish","type":"post","link":"https:\/\/kotrla.com\/pmpro\/2009\/05\/ach-ti-holubi\/","title":{"rendered":"Ach ti holubi"},"content":{"rendered":"<p>Socha svat\u00e9ho Libora ve Vala\u0161sk\u00e9m Mezi\u0159\u00ed\u010d\u00ed byla v lo\u0148sk\u00e9m roce zrestaurov\u00e1na m\u00fdm kamar\u00e1dem Mirkem Machalou a jeho dcerou Evou. Zd\u00e1 se, \u017ee holubi byli rychlej\u0161\u00ed ne\u017e m\u016fj z\u00e1m\u011br. No nic, lidsk\u00e9 vanitas.<\/p>\n<p><img loading=\"lazy\" decoding=\"async\" src=\"https:\/\/kotrla.com\/pmpro\/images\/uploads\/sv_libor.jpg\" border=\"0\" alt=\"Socha Sv. Libora ve Vala\u0161sk\u00e9m Mezi\u0159\u00ed\u010d\u00ed\" width=\"420\" height=\"285\" \/><\/p>\n<p>Nyn\u00ed se restauruje vedlej\u0161\u00ed souso\u0161\u00ed <a href=\"http:\/\/www.valasskemezirici.cz\/doc\/28564\/\">Sv. Anny s d\u00edt\u011btem<\/a>.<\/p>\n<p><img loading=\"lazy\" decoding=\"async\" src=\"https:\/\/kotrla.com\/pmpro\/images\/uploads\/sv_anna.jpg\" border=\"0\" alt=\"Barokn\u00ed souso\u0161\u00ed svat\u00e9 Anny a jej\u00ed dcery Panny Marie (Vala\u0161sk\u00e9 Mezi\u0159\u00ed\u010d\u00ed)\" width=\"420\" height=\"621\" \/><\/p>\n<p>Souvisej\u00edc\u00ed:<br \/>\n<a href=\"http:\/\/catholica.cz\/?id=1118\">Sv. Libor na str\u00e1nk\u00e1ch Catholica.cz<\/a><\/p>\n","protected":false},"excerpt":{"rendered":"<p>Socha svat\u00e9ho Libora ve Vala\u0161sk\u00e9m Mezi\u0159\u00ed\u010d\u00ed byla v lo\u0148sk\u00e9m roce zrestaurov\u00e1na m\u00fdm kamar\u00e1dem Mirkem Machalou a jeho dcerou Evou. Zd\u00e1 se, \u017ee holubi byli rychlej\u0161\u00ed ne\u017e m\u016fj z\u00e1m\u011br. No nic, lidsk\u00e9 vanitas. Nyn\u00ed se restauruje vedlej\u0161\u00ed souso\u0161\u00ed Sv. Anny s d\u00edt\u011btem. Souvisej\u00edc\u00ed: Sv. Libor na str\u00e1nk\u00e1ch Catholica.cz<\/p>\n","protected":false},"author":1,"featured_media":0,"comment_status":"open","ping_status":"open","sticky":false,"template":"","format":"standard","meta":{"site-sidebar-layout":"default","site-content-layout":"","ast-site-content-layout":"default","site-content-style":"default","site-sidebar-style":"default","ast-global-header-display":"","ast-banner-title-visibility":"","ast-main-header-display":"","ast-hfb-above-header-display":"","ast-hfb-below-header-display":"","ast-hfb-mobile-header-display":"","site-post-title":"","ast-breadcrumbs-content":"","ast-featured-img":"","footer-sml-layout":"","ast-disable-related-posts":"","theme-transparent-header-meta":"","adv-header-id-meta":"","stick-header-meta":"","header-above-stick-meta":"","header-main-stick-meta":"","header-below-stick-meta":"","astra-migrate-meta-layouts":"default","ast-page-background-enabled":"default","ast-page-background-meta":{"desktop":{"background-color":"var(--ast-global-color-5)","background-image":"","background-repeat":"repeat","background-position":"center center","background-size":"auto","background-attachment":"scroll","background-type":"","background-media":"","overlay-type":"","overlay-color":"","overlay-opacity":"","overlay-gradient":""},"tablet":{"background-color":"","background-image":"","background-repeat":"repeat","background-position":"center center","background-size":"auto","background-attachment":"scroll","background-type":"","background-media":"","overlay-type":"","overlay-color":"","overlay-opacity":"","overlay-gradient":""},"mobile":{"background-color":"","background-image":"","background-repeat":"repeat","background-position":"center center","background-size":"auto","background-attachment":"scroll","background-type":"","background-media":"","overlay-type":"","overlay-color":"","overlay-opacity":"","overlay-gradient":""}},"ast-content-background-meta":{"desktop":{"background-color":"var(--ast-global-color-4)","background-image":"","background-repeat":"repeat","background-position":"center center","background-size":"auto","background-attachment":"scroll","background-type":"","background-media":"","overlay-type":"","overlay-color":"","overlay-opacity":"","overlay-gradient":""},"tablet":{"background-color":"var(--ast-global-color-4)","background-image":"","background-repeat":"repeat","background-position":"center center","background-size":"auto","background-attachment":"scroll","background-type":"","background-media":"","overlay-type":"","overlay-color":"","overlay-opacity":"","overlay-gradient":""},"mobile":{"background-color":"var(--ast-global-color-4)","background-image":"","background-repeat":"repeat","background-position":"center center","background-size":"auto","background-attachment":"scroll","background-type":"","background-media":"","overlay-type":"","overlay-color":"","overlay-opacity":"","overlay-gradient":""}},"jetpack_post_was_ever_published":false,"_jetpack_newsletter_access":"","_jetpack_dont_email_post_to_subs":false,"_jetpack_newsletter_tier_id":0,"_jetpack_memberships_contains_paywalled_content":false,"_jetpack_memberships_contains_paid_content":false,"footnotes":""},"categories":[7,3,4],"tags":[],"class_list":["post-276","post","type-post","status-publish","format-standard","hentry","category-fotografie","category-osobni","category-ostatni"],"jetpack_featured_media_url":"","jetpack_shortlink":"https:\/\/wp.me\/p4mLP7-4s","jetpack-related-posts":[{"id":497,"url":"https:\/\/kotrla.com\/pmpro\/2006\/12\/kostel-sv-jakuba-v-krasne\/","url_meta":{"origin":276,"position":0},"title":"Kostel sv. Jakuba v Kr\u00e1sn\u011b","author":"Pavel Kotrla","date":"12.12.2006","format":false,"excerpt":"Nyn\u00ed tedy ve Vala\u0161sk\u00e9m Mezi\u0159\u00ed\u010d\u00ed. V z\u00e1kladech kostela byly objeveny zbytky rom\u00e1nsk\u00e9 rotundy z 12. stolet\u00ed.","rel":"","context":"V \u201eFotografie\u201c","block_context":{"text":"Fotografie","link":"https:\/\/kotrla.com\/pmpro\/category\/fotografie\/"},"img":{"alt_text":"Kostel sv. Jakuba ve Vala\u0161sk\u00e9m Mezi\u0159\u00ed\u010d\u00ed \u2013 Kr\u00e1sn\u011b","src":"https:\/\/i0.wp.com\/kotrla.com\/pmpro\/images\/uploads\/vm_kostel_sv_jakuba.jpg?resize=350%2C200&ssl=1","width":350,"height":200},"classes":[]},{"id":10308,"url":"https:\/\/kotrla.com\/pmpro\/2023\/03\/par-pohledu-z-oci-do-oci\/","url_meta":{"origin":276,"position":1},"title":"P\u00e1r pohled\u016f z o\u010d\u00ed do o\u010d\u00ed&#8230;","author":"Pavel Kotrla","date":"26.3.2023","format":false,"excerpt":"...na brn\u011bnsk\u00e9m kostele sv. Jakuba. P\u00e1te\u010dn\u00ed n\u00e1v\u0161t\u011bva a zas trochu nad zem\u00ed. N\u011bkter\u00e9 z u\u0159ezan\u00fdch hlav si m\u016f\u017eete prohl\u00e9dnout dole v kostele. Kamenn\u00e9 prvky jsou postupn\u011b obnovov\u00e1ny. Gotick\u00e1 pam\u00e1tka proch\u00e1z\u00ed n\u00e1ro\u010dnou rekonstrukc\u00ed, kter\u00e9 jsou v\u011bnov\u00e1ny str\u00e1nky https:\/\/otevreno.svatyjakub.cz A ten prdelat\u00fd nah\u00e1\u010d? P\u0159e\u010dt\u011bte si pov\u011bst O neslu\u0161n\u00e9m mu\u017e\u00ed\u010dkovi u sv. Jakuba.\u2026","rel":"","context":"V \u201eFotografie\u201c","block_context":{"text":"Fotografie","link":"https:\/\/kotrla.com\/pmpro\/category\/fotografie\/"},"img":{"alt_text":"","src":"https:\/\/i0.wp.com\/kotrla.com\/pmpro\/wp-content\/uploads\/2023\/03\/brno_kostel_sv_jakuba_IMGP5261-150x150.jpg?resize=350%2C200&ssl=1","width":350,"height":200,"srcset":"https:\/\/i0.wp.com\/kotrla.com\/pmpro\/wp-content\/uploads\/2023\/03\/brno_kostel_sv_jakuba_IMGP5261-150x150.jpg?resize=350%2C200&ssl=1 1x, https:\/\/i0.wp.com\/kotrla.com\/pmpro\/wp-content\/uploads\/2023\/03\/brno_kostel_sv_jakuba_IMGP5261-150x150.jpg?resize=525%2C300&ssl=1 1.5x, https:\/\/i0.wp.com\/kotrla.com\/pmpro\/wp-content\/uploads\/2023\/03\/brno_kostel_sv_jakuba_IMGP5261-150x150.jpg?resize=700%2C400&ssl=1 2x, https:\/\/i0.wp.com\/kotrla.com\/pmpro\/wp-content\/uploads\/2023\/03\/brno_kostel_sv_jakuba_IMGP5261-150x150.jpg?resize=1050%2C600&ssl=1 3x, https:\/\/i0.wp.com\/kotrla.com\/pmpro\/wp-content\/uploads\/2023\/03\/brno_kostel_sv_jakuba_IMGP5261-150x150.jpg?resize=1400%2C800&ssl=1 4x"},"classes":[]},{"id":10646,"url":"https:\/\/kotrla.com\/pmpro\/2023\/07\/proste-santini\/","url_meta":{"origin":276,"position":2},"title":"Prost\u011b Santini!","author":"Pavel Kotrla","date":"11.7.2023","format":false,"excerpt":"Krajina jak omalov\u00e1nky. Skoro k\u00fd\u010d, kdyby ta Zelen\u00e1 hora nebyla takov\u00e1 kr\u00e1sa... \u017de jo? :) L\u00e9to budi\u017e zas pochv\u00e1leno! A kniha? Volba je tentokr\u00e1t jasn\u00e1, nelze skoro jinak: Urban\u016fv Santiniho jazyk. Kostel svat\u00e9ho Jana Nepomuck\u00e9ho (\u017d\u010f\u00e1r nad S\u00e1zavou) - Wikipedie Poutn\u00ed kostel Sv. Jana Nepomuck\u00e9ho na Zelen\u00e9 ho\u0159e \u00a0","rel":"","context":"V \u201eFotografie\u201c","block_context":{"text":"Fotografie","link":"https:\/\/kotrla.com\/pmpro\/category\/fotografie\/"},"img":{"alt_text":"","src":"https:\/\/i0.wp.com\/kotrla.com\/pmpro\/wp-content\/uploads\/2023\/07\/santini_zelena_hora_IMGP7794-150x150.jpg?resize=350%2C200&ssl=1","width":350,"height":200,"srcset":"https:\/\/i0.wp.com\/kotrla.com\/pmpro\/wp-content\/uploads\/2023\/07\/santini_zelena_hora_IMGP7794-150x150.jpg?resize=350%2C200&ssl=1 1x, https:\/\/i0.wp.com\/kotrla.com\/pmpro\/wp-content\/uploads\/2023\/07\/santini_zelena_hora_IMGP7794-150x150.jpg?resize=525%2C300&ssl=1 1.5x, https:\/\/i0.wp.com\/kotrla.com\/pmpro\/wp-content\/uploads\/2023\/07\/santini_zelena_hora_IMGP7794-150x150.jpg?resize=700%2C400&ssl=1 2x, https:\/\/i0.wp.com\/kotrla.com\/pmpro\/wp-content\/uploads\/2023\/07\/santini_zelena_hora_IMGP7794-150x150.jpg?resize=1050%2C600&ssl=1 3x, https:\/\/i0.wp.com\/kotrla.com\/pmpro\/wp-content\/uploads\/2023\/07\/santini_zelena_hora_IMGP7794-150x150.jpg?resize=1400%2C800&ssl=1 4x"},"classes":[]},{"id":2853,"url":"https:\/\/kotrla.com\/pmpro\/2016\/09\/mene-obvykle\/","url_meta":{"origin":276,"position":3},"title":"M\u00e9n\u011b obvykl\u00e9","author":"Pavel Kotrla","date":"4.9.2016","format":false,"excerpt":"V\u00fd\u0161ky neb\u00fdvaly moje. A ani p\u0159\u00edli\u0161 nejsou. Ale jsou m\u00edsta, kam se b\u011b\u017en\u011b nepod\u00edv\u00e1te. A tento t\u00fdden jich bylo hned n\u011bkolik. T\u0159eba st\u0159echa a v\u011b\u017ee T\u00fdnsk\u00e9ho chr\u00e1mu. M\u00e9n\u011b obvykl\u00fd pohled na Pra\u017esk\u00fd hrad a kostel sv. Mikul\u00e1\u0161e p\u0159es k\u0159\u00ed\u017e T\u00fdnsk\u00e9ho chr\u00e1mu. V\u011b\u017e ukr\u00fdv\u00e1\u00a0druh\u00fd nejv\u011bt\u0161\u00ed pra\u017esk\u00fd zvon. Do v\u011b\u017e\u00ed...","rel":"","context":"V \u201eFotografie\u201c","block_context":{"text":"Fotografie","link":"https:\/\/kotrla.com\/pmpro\/category\/fotografie\/"},"img":{"alt_text":"","src":"https:\/\/i0.wp.com\/kotrla.com\/pmpro\/wp-content\/uploads\/2016\/09\/tynsky_chram_IMGP6107.jpg?resize=350%2C200&ssl=1","width":350,"height":200,"srcset":"https:\/\/i0.wp.com\/kotrla.com\/pmpro\/wp-content\/uploads\/2016\/09\/tynsky_chram_IMGP6107.jpg?resize=350%2C200&ssl=1 1x, https:\/\/i0.wp.com\/kotrla.com\/pmpro\/wp-content\/uploads\/2016\/09\/tynsky_chram_IMGP6107.jpg?resize=525%2C300&ssl=1 1.5x, https:\/\/i0.wp.com\/kotrla.com\/pmpro\/wp-content\/uploads\/2016\/09\/tynsky_chram_IMGP6107.jpg?resize=700%2C400&ssl=1 2x, https:\/\/i0.wp.com\/kotrla.com\/pmpro\/wp-content\/uploads\/2016\/09\/tynsky_chram_IMGP6107.jpg?resize=1050%2C600&ssl=1 3x"},"classes":[]},{"id":6692,"url":"https:\/\/kotrla.com\/pmpro\/2020\/07\/vylet-do-oblak\/","url_meta":{"origin":276,"position":4},"title":"V\u00fdlet do oblak","author":"Pavel Kotrla","date":"20.7.2020","format":false,"excerpt":"V\u00fdlet na \u0161pi\u010dku v\u011b\u017ee olomouck\u00e9 radnice v minul\u00e9m t\u00fddnu. Hmm, kdy\u017e jste nem\u011bli nebo nem\u00e1te r\u00e1di v\u00fd\u0161ky, je \u201eskv\u011bl\u00e9\u201c se a\u017e tam nahoru vy\u0161plhat s fo\u0165\u00e1kem a batohem objektiv\u016f. Fotku z dronu jsem nefotil, ale n\u011bkter\u00e1 ta \u017elut\u00e1 te\u010dka bych b\u00fdt mohl. V\u00fdhled je tam ale kr\u00e1sn\u00fd. Jinak zved\u00e1n\u00ed je\u2026","rel":"","context":"V \u201eFotografie\u201c","block_context":{"text":"Fotografie","link":"https:\/\/kotrla.com\/pmpro\/category\/fotografie\/"},"img":{"alt_text":"Olomouc - panorama","src":"https:\/\/i0.wp.com\/kotrla.com\/pmpro\/wp-content\/uploads\/2020\/07\/olomouc_panorama_IMGP6949-150x150.jpg?resize=350%2C200&ssl=1","width":350,"height":200,"srcset":"https:\/\/i0.wp.com\/kotrla.com\/pmpro\/wp-content\/uploads\/2020\/07\/olomouc_panorama_IMGP6949-150x150.jpg?resize=350%2C200&ssl=1 1x, https:\/\/i0.wp.com\/kotrla.com\/pmpro\/wp-content\/uploads\/2020\/07\/olomouc_panorama_IMGP6949-150x150.jpg?resize=525%2C300&ssl=1 1.5x, https:\/\/i0.wp.com\/kotrla.com\/pmpro\/wp-content\/uploads\/2020\/07\/olomouc_panorama_IMGP6949-150x150.jpg?resize=700%2C400&ssl=1 2x, https:\/\/i0.wp.com\/kotrla.com\/pmpro\/wp-content\/uploads\/2020\/07\/olomouc_panorama_IMGP6949-150x150.jpg?resize=1050%2C600&ssl=1 3x, https:\/\/i0.wp.com\/kotrla.com\/pmpro\/wp-content\/uploads\/2020\/07\/olomouc_panorama_IMGP6949-150x150.jpg?resize=1400%2C800&ssl=1 4x"},"classes":[]},{"id":1352,"url":"https:\/\/kotrla.com\/pmpro\/2003\/05\/svantovitovy-skaly\/","url_meta":{"origin":276,"position":5},"title":"Svantov\u00edtovy sk\u00e1ly","author":"Pavel Kotrla","date":"9.5.2003","format":false,"excerpt":"P\u0159ed ned\u00e1vnem byla u n\u00e1s zprovozn\u011bna nov\u00e1 nau\u010dn\u00e1 stezka Klenov \u2013 Du\u0161n\u00e1. M\u00e1m z n\u00ed i nem\u00e1m radost. D\u016fvod je vlastn\u011b jedin\u00fd: odbo\u010dka z n\u00ed vede ke Svantov\u00edtov\u00fdm skal\u00e1m, kter\u00e9 byly p\u0159ece jenom doned\u00e1vna tak tro\u0161ku stranou. Sk\u00e1ly se jmenuj\u00ed podle slovansk\u00e9ho boha Svantov\u00edta, jeho\u017e kult pr\u00fd vrcholil ve 12.\u2026","rel":"","context":"V \u201eNeza\u0159azen\u00e9\u201c","block_context":{"text":"Neza\u0159azen\u00e9","link":"https:\/\/kotrla.com\/pmpro\/category\/nezarazene\/"},"img":{"alt_text":"Svantov\u00edtovy sk\u00e1ly","src":"https:\/\/i0.wp.com\/kotrla.com\/pmpro\/images\/uploads\/svantovitovy_skaly.jpg?resize=350%2C200&ssl=1","width":350,"height":200},"classes":[]}],"jetpack_sharing_enabled":true,"_links":{"self":[{"href":"https:\/\/kotrla.com\/pmpro\/wp-json\/wp\/v2\/posts\/276","targetHints":{"allow":["GET"]}}],"collection":[{"href":"https:\/\/kotrla.com\/pmpro\/wp-json\/wp\/v2\/posts"}],"about":[{"href":"https:\/\/kotrla.com\/pmpro\/wp-json\/wp\/v2\/types\/post"}],"author":[{"embeddable":true,"href":"https:\/\/kotrla.com\/pmpro\/wp-json\/wp\/v2\/users\/1"}],"replies":[{"embeddable":true,"href":"https:\/\/kotrla.com\/pmpro\/wp-json\/wp\/v2\/comments?post=276"}],"version-history":[{"count":0,"href":"https:\/\/kotrla.com\/pmpro\/wp-json\/wp\/v2\/posts\/276\/revisions"}],"wp:attachment":[{"href":"https:\/\/kotrla.com\/pmpro\/wp-json\/wp\/v2\/media?parent=276"}],"wp:term":[{"taxonomy":"category","embeddable":true,"href":"https:\/\/kotrla.com\/pmpro\/wp-json\/wp\/v2\/categories?post=276"},{"taxonomy":"post_tag","embeddable":true,"href":"https:\/\/kotrla.com\/pmpro\/wp-json\/wp\/v2\/tags?post=276"}],"curies":[{"name":"wp","href":"https:\/\/api.w.org\/{rel}","templated":true}]}}