{"id":2766,"date":"2016-08-23T15:00:45","date_gmt":"2016-08-23T14:00:45","guid":{"rendered":"http:\/\/kotrla.com\/pmpro\/?p=2766"},"modified":"2019-11-20T22:46:39","modified_gmt":"2019-11-20T21:46:39","slug":"2766","status":"publish","type":"post","link":"https:\/\/kotrla.com\/pmpro\/2016\/08\/2766\/","title":{"rendered":"Kam za literaturou na Vala\u0161sku v nejbli\u017e\u0161\u00edch t\u00fddnech"},"content":{"rendered":"<p>Tak krom ji\u017e n\u00ed\u017ee avizovan\u00e9ho <a href=\"https:\/\/kotrla.com\/pmpro\/2016\/07\/letni-cteni-na-strese-vsetinske-knihovny-2016\/\">Letn\u00edho \u010dten\u00ed na st\u0159e\u0161e vset\u00ednsk\u00e9 knihovny<\/a> jsou zde i dal\u0161\u00ed akce, kter\u00e9 mo\u017en\u00e1 stoj\u00ed za pozornost. (V\u00edm, \u017ee FM ji\u017e nen\u00ed Vala\u0161sko, ale autorka ano, tak\u017ee za\u0159azuji.)<\/p>\n<p><b>Zden\u011bk Lys\u00fd<\/b><br \/>\n1. z\u00e1\u0159\u00ed v 17:00<br \/>\n<a href=\"http:\/\/www.mvk.cz\">Masarykova knihovna Vset\u00edn<\/a><\/p>\n<p><b>Pavel Kosat\u00edk<\/b><br \/>\n15. z\u00e1\u0159\u00ed 2016 17:30<br \/>\n<a href=\"http:\/\/knir.cz\">M\u011bstsk\u00e1 knihovna Ro\u017enov pod Radho\u0161t\u011bm<\/a><\/p>\n<p><b>Marek \u0160indelka<\/b><br \/>\n4. \u0159\u00edjna 2016<br \/>\n<a href=\"http:\/\/www.mvk.cz\">Masarykova knihovna Vset\u00edn<\/a><\/p>\n<p><b>Iva Pek\u00e1rkov\u00e1<\/b><br \/>\n5. \u0159\u00edjna 2016 17:30<br \/>\n<a href=\"http:\/\/knir.cz\">M\u011bstsk\u00e1 knihovna Ro\u017enov pod Radho\u0161t\u011bm<\/a><\/p>\n<p><b>Alena Morn\u0161tajnov\u00e1<\/b><br \/>\n10. \u0159\u00edjna v 18:00\u201320:00<br \/>\n<a href=\"http:\/\/www.kapitola.eu\">Knihkupectv\u00ed Kapitola, Fr\u00fddek-M\u00edstek<\/a>, akce na <a href=\"https:\/\/www.facebook.com\/events\/340357182962176\/\">Facebooku<\/a><\/p>\n<p><b><a href=\"http:\/\/mfp.kzvalmez.cz\/program\/\">Moravsk\u00fd festival poezie<\/a><\/b><br \/>\n20. &#8211; 22. \u0159\u00edjna 2016<br \/>\n<a href=\"http:\/\/www.kzvalmez.cz\/tiskovy-servis\/Festival-poezie-vstupuje-v-rijnu-do-seste-dekady\/#.V7VeN2Bv6Cg\">Kulturn\u00ed za\u0159\u00edzen\u00ed Vala\u0161sk\u00e9 Mezi\u0159\u00ed\u010d\u00ed<\/a><\/p>\n","protected":false},"excerpt":{"rendered":"<p>Tak krom ji\u017e n\u00ed\u017ee avizovan\u00e9ho Letn\u00edho \u010dten\u00ed na st\u0159e\u0161e vset\u00ednsk\u00e9 knihovny jsou zde i dal\u0161\u00ed akce, kter\u00e9 mo\u017en\u00e1 stoj\u00ed za pozornost. (V\u00edm, \u017ee FM ji\u017e nen\u00ed Vala\u0161sko, ale autorka ano, tak\u017ee za\u0159azuji.) Zden\u011bk Lys\u00fd 1. z\u00e1\u0159\u00ed v 17:00 Masarykova knihovna Vset\u00edn Pavel Kosat\u00edk 15. z\u00e1\u0159\u00ed 2016 17:30 M\u011bstsk\u00e1 knihovna Ro\u017enov pod Radho\u0161t\u011bm Marek \u0160indelka 4. [&hellip;]<\/p>\n","protected":false},"author":1,"featured_media":0,"comment_status":"open","ping_status":"open","sticky":false,"template":"","format":"standard","meta":{"site-sidebar-layout":"default","site-content-layout":"","ast-site-content-layout":"default","site-content-style":"default","site-sidebar-style":"default","ast-global-header-display":"","ast-banner-title-visibility":"","ast-main-header-display":"","ast-hfb-above-header-display":"","ast-hfb-below-header-display":"","ast-hfb-mobile-header-display":"","site-post-title":"","ast-breadcrumbs-content":"","ast-featured-img":"","footer-sml-layout":"","ast-disable-related-posts":"","theme-transparent-header-meta":"","adv-header-id-meta":"","stick-header-meta":"","header-above-stick-meta":"","header-main-stick-meta":"","header-below-stick-meta":"","astra-migrate-meta-layouts":"default","ast-page-background-enabled":"default","ast-page-background-meta":{"desktop":{"background-color":"var(--ast-global-color-5)","background-image":"","background-repeat":"repeat","background-position":"center center","background-size":"auto","background-attachment":"scroll","background-type":"","background-media":"","overlay-type":"","overlay-color":"","overlay-opacity":"","overlay-gradient":""},"tablet":{"background-color":"","background-image":"","background-repeat":"repeat","background-position":"center center","background-size":"auto","background-attachment":"scroll","background-type":"","background-media":"","overlay-type":"","overlay-color":"","overlay-opacity":"","overlay-gradient":""},"mobile":{"background-color":"","background-image":"","background-repeat":"repeat","background-position":"center center","background-size":"auto","background-attachment":"scroll","background-type":"","background-media":"","overlay-type":"","overlay-color":"","overlay-opacity":"","overlay-gradient":""}},"ast-content-background-meta":{"desktop":{"background-color":"var(--ast-global-color-4)","background-image":"","background-repeat":"repeat","background-position":"center center","background-size":"auto","background-attachment":"scroll","background-type":"","background-media":"","overlay-type":"","overlay-color":"","overlay-opacity":"","overlay-gradient":""},"tablet":{"background-color":"var(--ast-global-color-4)","background-image":"","background-repeat":"repeat","background-position":"center center","background-size":"auto","background-attachment":"scroll","background-type":"","background-media":"","overlay-type":"","overlay-color":"","overlay-opacity":"","overlay-gradient":""},"mobile":{"background-color":"var(--ast-global-color-4)","background-image":"","background-repeat":"repeat","background-position":"center center","background-size":"auto","background-attachment":"scroll","background-type":"","background-media":"","overlay-type":"","overlay-color":"","overlay-opacity":"","overlay-gradient":""}},"jetpack_post_was_ever_published":false,"_jetpack_newsletter_access":"","_jetpack_dont_email_post_to_subs":false,"_jetpack_newsletter_tier_id":0,"_jetpack_memberships_contains_paywalled_content":false,"_jetpack_memberships_contains_paid_content":false,"footnotes":""},"categories":[2],"tags":[],"class_list":["post-2766","post","type-post","status-publish","format-standard","hentry","category-literatura"],"jetpack_featured_media_url":"","jetpack_shortlink":"https:\/\/wp.me\/s4mLP7-2766","jetpack-related-posts":[{"id":3337,"url":"https:\/\/kotrla.com\/pmpro\/2017\/09\/kam-za-literaturou-podzim-2017\/","url_meta":{"origin":2766,"position":0},"title":"Kam za literaturou (podzim 2017)?","author":"Pavel Kotrla","date":"25.9.2017","format":false,"excerpt":"Bez n\u00e1rok\u016f na \u00faplnost, p\u0159ehled liter\u00e1rn\u00edch akci na Vala\u0161sku a v bl\u00edzk\u00e9m okol\u00ed. Na \u00favod tedy pozv\u00e1n\u00ed na jednu moji akci\u010dku, pak u\u017e v \u010dasov\u00e9 posloupnosti. JAK FILMOV\u00dd RE\u017dIS\u00c9R FRANTI\u0160EK \u010c\u00c1P K BESKYD\u00c1M A SLOVINSKU P\u0158I\u0160EL (BESEDY) 10. 10. 17 17:00, Spole\u010densk\u00fd s\u00e1l knihovny, Masarykova knihovna Vset\u00edn Komponovan\u00fd podve\u010der u\u2026","rel":"","context":"V \u201eLiteratura\u201c","block_context":{"text":"Literatura","link":"https:\/\/kotrla.com\/pmpro\/category\/literatura\/"},"img":{"alt_text":"","src":"","width":0,"height":0},"classes":[]},{"id":3109,"url":"https:\/\/kotrla.com\/pmpro\/2017\/04\/kam\/","url_meta":{"origin":2766,"position":1},"title":"Kam?","author":"Pavel Kotrla","date":"12.4.2017","format":false,"excerpt":"Kate\u0159ina Dubsk\u00e1 \u2013 autorsk\u00e9 \u010dten\u00ed a beseda 20. dubna 2017 17:00, Masarykova knihovna Vset\u00edn Ve\u010der liter\u00e1rn\u011b-hudebn\u00ed v M-klubu Vala\u0161sk\u00e9 Mezi\u0159\u00ed\u010d\u00ed (\u0160imon Leitgeb, Ji\u0159\u00ed \u0160t\u011bp\u00e1n a Vl\u00e1\u010fa Da\u0165ka) 20. dubna 2017 19:00, M-klub Vala\u0161sk\u00e9 Mezi\u0159\u00ed\u010d\u00ed nebo na FB Liter\u00e1rn\u00ed jaro Zl\u00edn http:\/\/www.literarnijaro.cz Alena Morn\u0161tajnov\u00e1: Hana 26. dubna 2017 17:30, M\u011bstsk\u00e1 knihovna\u2026","rel":"","context":"V \u201eLiteratura\u201c","block_context":{"text":"Literatura","link":"https:\/\/kotrla.com\/pmpro\/category\/literatura\/"},"img":{"alt_text":"","src":"","width":0,"height":0},"classes":[]},{"id":2587,"url":"https:\/\/kotrla.com\/pmpro\/2015\/10\/autorska-cteni-jiriho-hajicka-a-tyden-knihoven\/","url_meta":{"origin":2766,"position":2},"title":"Autorsk\u00e1 \u010dten\u00ed Ji\u0159\u00edho H\u00e1j\u00ed\u010dka a T\u00fdden knihoven","author":"Pavel Kotrla","date":"1.10.2015","format":false,"excerpt":"Ji\u0159\u00ed H\u00e1j\u00ed\u010dek\u00a0je\u00a0\u010desk\u00fd prozaik, dvojn\u00e1sobn\u00fd dr\u017eitel ocen\u011bn\u00ed Magnesia Litera za sv\u00e9 rom\u00e1ny Selsk\u00fd baroko a Ryb\u00ed krev, kter\u00e1 se stala knihou roku 2013. Srde\u010dn\u011b zvu na jeho \u0161\u0148\u016fru autorsk\u00fdch \u010dten\u00ed, zvl\u00e1\u0161t\u011b pak do Vset\u00edna a do Zl\u00edna, kde budu ve\u010dery moderovat. M\u011bstsk\u00e1 knihovna Hodon\u00edn \u2013\u00a05. 10. 2015, od 17:00 hod. M\u011bstsk\u00e1\u2026","rel":"","context":"V \u201eLiteratura\u201c","block_context":{"text":"Literatura","link":"https:\/\/kotrla.com\/pmpro\/category\/literatura\/"},"img":{"alt_text":"","src":"https:\/\/i0.wp.com\/kotrla.com\/pmpro\/wp-content\/uploads\/2014\/03\/jiri_hajicek2.jpg?resize=350%2C200&ssl=1","width":350,"height":200,"srcset":"https:\/\/i0.wp.com\/kotrla.com\/pmpro\/wp-content\/uploads\/2014\/03\/jiri_hajicek2.jpg?resize=350%2C200&ssl=1 1x, https:\/\/i0.wp.com\/kotrla.com\/pmpro\/wp-content\/uploads\/2014\/03\/jiri_hajicek2.jpg?resize=525%2C300&ssl=1 1.5x, https:\/\/i0.wp.com\/kotrla.com\/pmpro\/wp-content\/uploads\/2014\/03\/jiri_hajicek2.jpg?resize=700%2C400&ssl=1 2x, https:\/\/i0.wp.com\/kotrla.com\/pmpro\/wp-content\/uploads\/2014\/03\/jiri_hajicek2.jpg?resize=1050%2C600&ssl=1 3x"},"classes":[]},{"id":2018,"url":"https:\/\/kotrla.com\/pmpro\/2014\/07\/kobzan-v-ulicich\/","url_meta":{"origin":2766,"position":3},"title":"Kobz\u00e1\u0148 v ulic\u00edch","author":"Pavel Kotrla","date":"1.7.2014","format":false,"excerpt":"Tak je\u0161t\u011b trochu na region\u00e1ln\u00ed notu. Pokud n\u00e1hodou pojedete p\u0159es Velk\u00e9 Karlovice, m\u00e1te v t\u011bchto dnech mo\u017enost v m\u00edstn\u00edm muzeu nav\u0161t\u00edvit v\u00fdstavu \u010cty\u0159i ze Sol\u00e1n\u011b. Doporu\u010duji, proto\u017ee na v\u00e1s \u010dekaj\u00ed pohromad\u011b d\u00edla Schneiderkova, Pode\u0161vova, Kobz\u00e1\u0148ova a Hofmanova. Tedy autor\u016f, kter\u00e9 pojilo jak jedno m\u00edsto, tak tak\u00e9 skute\u010dnost, \u017ee pat\u0159ili na\u2026","rel":"","context":"V \u201eLiteratura\u201c","block_context":{"text":"Literatura","link":"https:\/\/kotrla.com\/pmpro\/category\/literatura\/"},"img":{"alt_text":"","src":"https:\/\/i0.wp.com\/kotrla.com\/pmpro\/wp-content\/uploads\/2014\/07\/jan_kobzan_zahumeni_IMG_5808.jpg?resize=350%2C200&ssl=1","width":350,"height":200,"srcset":"https:\/\/i0.wp.com\/kotrla.com\/pmpro\/wp-content\/uploads\/2014\/07\/jan_kobzan_zahumeni_IMG_5808.jpg?resize=350%2C200&ssl=1 1x, https:\/\/i0.wp.com\/kotrla.com\/pmpro\/wp-content\/uploads\/2014\/07\/jan_kobzan_zahumeni_IMG_5808.jpg?resize=525%2C300&ssl=1 1.5x, https:\/\/i0.wp.com\/kotrla.com\/pmpro\/wp-content\/uploads\/2014\/07\/jan_kobzan_zahumeni_IMG_5808.jpg?resize=700%2C400&ssl=1 2x, https:\/\/i0.wp.com\/kotrla.com\/pmpro\/wp-content\/uploads\/2014\/07\/jan_kobzan_zahumeni_IMG_5808.jpg?resize=1050%2C600&ssl=1 3x"},"classes":[]},{"id":4767,"url":"https:\/\/kotrla.com\/pmpro\/2019\/10\/slavnostni-predstaveni-knihy-valassko-historie-a-kultura-ii-obziva\/","url_meta":{"origin":2766,"position":4},"title":"Slavnostn\u00ed p\u0159edstaven\u00ed knihy Vala\u0161sko \u2013 historie a kultura II. Ob\u017eiva","author":"Pavel Kotrla","date":"4.10.2019","format":false,"excerpt":"Slavnostn\u00ed p\u0159edstaven\u00ed knihy Vala\u0161sko \u2013 historie a kultura II. Ob\u017eiva prob\u011bhne ve st\u0159edu 16. \u0159\u00edjna v 16 hodin v prostoru konferen\u010dn\u00edho s\u00e1lu Su\u0161\u00e1ku Vala\u0161sk\u00e9ho muzea v p\u0159\u00edrod\u011b v Ro\u017enov\u011b pod Radho\u0161t\u011bm. V\u00edce na https:\/\/www.nmvp.cz\/akce\/slavnostni-predstaveni-knihy","rel":"","context":"V \u201eKnihy\u201c","block_context":{"text":"Knihy","link":"https:\/\/kotrla.com\/pmpro\/category\/knihy\/"},"img":{"alt_text":"","src":"https:\/\/i0.wp.com\/kotrla.com\/pmpro\/wp-content\/uploads\/2019\/10\/plak%C3%A1t-p%C5%99edstaven%C3%AD-knihy-2019-m.jpg?resize=350%2C200&ssl=1","width":350,"height":200,"srcset":"https:\/\/i0.wp.com\/kotrla.com\/pmpro\/wp-content\/uploads\/2019\/10\/plak%C3%A1t-p%C5%99edstaven%C3%AD-knihy-2019-m.jpg?resize=350%2C200&ssl=1 1x, https:\/\/i0.wp.com\/kotrla.com\/pmpro\/wp-content\/uploads\/2019\/10\/plak%C3%A1t-p%C5%99edstaven%C3%AD-knihy-2019-m.jpg?resize=525%2C300&ssl=1 1.5x, https:\/\/i0.wp.com\/kotrla.com\/pmpro\/wp-content\/uploads\/2019\/10\/plak%C3%A1t-p%C5%99edstaven%C3%AD-knihy-2019-m.jpg?resize=700%2C400&ssl=1 2x"},"classes":[]},{"id":636,"url":"https:\/\/kotrla.com\/pmpro\/2005\/12\/okres-vsetin-bez-antikvariatu\/","url_meta":{"origin":2766,"position":5},"title":"Okres Vset\u00edn bez antikvari\u00e1tu","author":"Pavel Kotrla","date":"27.12.2005","format":false,"excerpt":"Ta tam je doba, kdy byl antikvari\u00e1t ve Vala\u0161sk\u00e9m Mezi\u0159\u00ed\u010d\u00ed, v Ro\u017enov\u011b pod Radho\u0161t\u011bm a dva byly na Vset\u00edn\u011b. Vypad\u00e1 to, \u017ee vset\u00ednsk\u00e1 knihovna se bude brzy st\u011bhovat do b\u00fdval\u00e9ho s\u00eddla KS\u010c. Je\u0161t\u011b v\u00edc se tak o\u017eiv\u00ed zrekonstruovan\u00e9 Doln\u00ed n\u00e1m\u011bst\u00ed, p\u0159ibude m\u00edsta pro knihy, ale antikvari\u00e1t, ten prozat\u00edm asi nebude.\u2026","rel":"","context":"V \u201eLiteratura\u201c","block_context":{"text":"Literatura","link":"https:\/\/kotrla.com\/pmpro\/category\/literatura\/"},"img":{"alt_text":"","src":"","width":0,"height":0},"classes":[]}],"jetpack_sharing_enabled":true,"_links":{"self":[{"href":"https:\/\/kotrla.com\/pmpro\/wp-json\/wp\/v2\/posts\/2766","targetHints":{"allow":["GET"]}}],"collection":[{"href":"https:\/\/kotrla.com\/pmpro\/wp-json\/wp\/v2\/posts"}],"about":[{"href":"https:\/\/kotrla.com\/pmpro\/wp-json\/wp\/v2\/types\/post"}],"author":[{"embeddable":true,"href":"https:\/\/kotrla.com\/pmpro\/wp-json\/wp\/v2\/users\/1"}],"replies":[{"embeddable":true,"href":"https:\/\/kotrla.com\/pmpro\/wp-json\/wp\/v2\/comments?post=2766"}],"version-history":[{"count":0,"href":"https:\/\/kotrla.com\/pmpro\/wp-json\/wp\/v2\/posts\/2766\/revisions"}],"wp:attachment":[{"href":"https:\/\/kotrla.com\/pmpro\/wp-json\/wp\/v2\/media?parent=2766"}],"wp:term":[{"taxonomy":"category","embeddable":true,"href":"https:\/\/kotrla.com\/pmpro\/wp-json\/wp\/v2\/categories?post=2766"},{"taxonomy":"post_tag","embeddable":true,"href":"https:\/\/kotrla.com\/pmpro\/wp-json\/wp\/v2\/tags?post=2766"}],"curies":[{"name":"wp","href":"https:\/\/api.w.org\/{rel}","templated":true}]}}