{"id":2853,"date":"2016-09-04T20:10:56","date_gmt":"2016-09-04T19:10:56","guid":{"rendered":"http:\/\/kotrla.com\/pmpro\/?p=2853"},"modified":"2019-11-20T22:46:38","modified_gmt":"2019-11-20T21:46:38","slug":"mene-obvykle","status":"publish","type":"post","link":"https:\/\/kotrla.com\/pmpro\/2016\/09\/mene-obvykle\/","title":{"rendered":"M\u00e9n\u011b obvykl\u00e9"},"content":{"rendered":"<p>V\u00fd\u0161ky neb\u00fdvaly moje. A ani p\u0159\u00edli\u0161 nejsou. Ale jsou m\u00edsta, kam se b\u011b\u017en\u011b nepod\u00edv\u00e1te. A tento t\u00fdden jich bylo hned n\u011bkolik. T\u0159eba st\u0159echa a v\u011b\u017ee T\u00fdnsk\u00e9ho chr\u00e1mu.<\/p>\n<p>M\u00e9n\u011b obvykl\u00fd pohled na Pra\u017esk\u00fd hrad a kostel sv. Mikul\u00e1\u0161e p\u0159es k\u0159\u00ed\u017e T\u00fdnsk\u00e9ho chr\u00e1mu.<\/p>\n<figure id=\"attachment_2856\" aria-describedby=\"caption-attachment-2856\" style=\"width: 1060px\" class=\"wp-caption alignnone\"><a href=\"https:\/\/kotrla.com\/pmpro\/wp-content\/uploads\/2016\/09\/tynsky_chram_IMGP6107.jpg\"><img loading=\"lazy\" decoding=\"async\" class=\"wp-image-2856 size-full\" src=\"https:\/\/kotrla.com\/pmpro\/wp-content\/uploads\/2016\/09\/tynsky_chram_IMGP6107.jpg\" alt=\"tynsky_chram_IMGP6107\" width=\"1060\" height=\"1600\" srcset=\"https:\/\/kotrla.com\/pmpro\/wp-content\/uploads\/2016\/09\/tynsky_chram_IMGP6107.jpg 1060w, https:\/\/kotrla.com\/pmpro\/wp-content\/uploads\/2016\/09\/tynsky_chram_IMGP6107-199x300.jpg 199w, https:\/\/kotrla.com\/pmpro\/wp-content\/uploads\/2016\/09\/tynsky_chram_IMGP6107-678x1024.jpg 678w\" sizes=\"auto, (max-width: 1060px) 100vw, 1060px\" \/><\/a><figcaption id=\"caption-attachment-2856\" class=\"wp-caption-text\">K\u0159\u00ed\u017e na T\u00fdnsk\u00e9m chr\u00e1mu<\/figcaption><\/figure>\n<p>V\u011b\u017e ukr\u00fdv\u00e1\u00a0druh\u00fd nejv\u011bt\u0161\u00ed pra\u017esk\u00fd zvon.<\/p>\n<figure id=\"attachment_2854\" aria-describedby=\"caption-attachment-2854\" style=\"width: 1060px\" class=\"wp-caption alignnone\"><a href=\"https:\/\/kotrla.com\/pmpro\/wp-content\/uploads\/2016\/09\/tynsky_chram_IMGP6115.jpg\"><img loading=\"lazy\" decoding=\"async\" class=\"wp-image-2854 size-full\" src=\"https:\/\/kotrla.com\/pmpro\/wp-content\/uploads\/2016\/09\/tynsky_chram_IMGP6115.jpg\" alt=\"tynsky_chram_IMGP6115\" width=\"1060\" height=\"1600\" srcset=\"https:\/\/kotrla.com\/pmpro\/wp-content\/uploads\/2016\/09\/tynsky_chram_IMGP6115.jpg 1060w, https:\/\/kotrla.com\/pmpro\/wp-content\/uploads\/2016\/09\/tynsky_chram_IMGP6115-199x300.jpg 199w, https:\/\/kotrla.com\/pmpro\/wp-content\/uploads\/2016\/09\/tynsky_chram_IMGP6115-678x1024.jpg 678w\" sizes=\"auto, (max-width: 1060px) 100vw, 1060px\" \/><\/a><figcaption id=\"caption-attachment-2854\" class=\"wp-caption-text\">Druh\u00fd nejv\u011bt\u0161\u00ed pra\u017esk\u00fd zvon<\/figcaption><\/figure>\n<p>Do v\u011b\u017e\u00ed&#8230;<\/p>\n<p><a href=\"https:\/\/kotrla.com\/pmpro\/wp-content\/uploads\/2016\/09\/tynsky_chram_IMGP6110.jpg\"><img loading=\"lazy\" decoding=\"async\" class=\"alignnone size-full wp-image-2855\" src=\"https:\/\/kotrla.com\/pmpro\/wp-content\/uploads\/2016\/09\/tynsky_chram_IMGP6110.jpg\" alt=\"tynsky_chram_IMGP6110\" width=\"1059\" height=\"1600\" srcset=\"https:\/\/kotrla.com\/pmpro\/wp-content\/uploads\/2016\/09\/tynsky_chram_IMGP6110.jpg 1059w, https:\/\/kotrla.com\/pmpro\/wp-content\/uploads\/2016\/09\/tynsky_chram_IMGP6110-199x300.jpg 199w, https:\/\/kotrla.com\/pmpro\/wp-content\/uploads\/2016\/09\/tynsky_chram_IMGP6110-678x1024.jpg 678w\" sizes=\"auto, (max-width: 1059px) 100vw, 1059px\" \/><\/a><\/p>\n","protected":false},"excerpt":{"rendered":"<p>V\u00fd\u0161ky neb\u00fdvaly moje. A ani p\u0159\u00edli\u0161 nejsou. Ale jsou m\u00edsta, kam se b\u011b\u017en\u011b nepod\u00edv\u00e1te. A tento t\u00fdden jich bylo hned n\u011bkolik. T\u0159eba st\u0159echa a v\u011b\u017ee T\u00fdnsk\u00e9ho chr\u00e1mu. M\u00e9n\u011b obvykl\u00fd pohled na Pra\u017esk\u00fd hrad a kostel sv. Mikul\u00e1\u0161e p\u0159es k\u0159\u00ed\u017e T\u00fdnsk\u00e9ho chr\u00e1mu. V\u011b\u017e ukr\u00fdv\u00e1\u00a0druh\u00fd nejv\u011bt\u0161\u00ed pra\u017esk\u00fd zvon. Do v\u011b\u017e\u00ed&#8230;<\/p>\n","protected":false},"author":1,"featured_media":0,"comment_status":"open","ping_status":"open","sticky":false,"template":"","format":"standard","meta":{"site-sidebar-layout":"default","site-content-layout":"","ast-site-content-layout":"default","site-content-style":"default","site-sidebar-style":"default","ast-global-header-display":"","ast-banner-title-visibility":"","ast-main-header-display":"","ast-hfb-above-header-display":"","ast-hfb-below-header-display":"","ast-hfb-mobile-header-display":"","site-post-title":"","ast-breadcrumbs-content":"","ast-featured-img":"","footer-sml-layout":"","ast-disable-related-posts":"","theme-transparent-header-meta":"","adv-header-id-meta":"","stick-header-meta":"","header-above-stick-meta":"","header-main-stick-meta":"","header-below-stick-meta":"","astra-migrate-meta-layouts":"default","ast-page-background-enabled":"default","ast-page-background-meta":{"desktop":{"background-color":"var(--ast-global-color-5)","background-image":"","background-repeat":"repeat","background-position":"center center","background-size":"auto","background-attachment":"scroll","background-type":"","background-media":"","overlay-type":"","overlay-color":"","overlay-opacity":"","overlay-gradient":""},"tablet":{"background-color":"","background-image":"","background-repeat":"repeat","background-position":"center center","background-size":"auto","background-attachment":"scroll","background-type":"","background-media":"","overlay-type":"","overlay-color":"","overlay-opacity":"","overlay-gradient":""},"mobile":{"background-color":"","background-image":"","background-repeat":"repeat","background-position":"center center","background-size":"auto","background-attachment":"scroll","background-type":"","background-media":"","overlay-type":"","overlay-color":"","overlay-opacity":"","overlay-gradient":""}},"ast-content-background-meta":{"desktop":{"background-color":"var(--ast-global-color-4)","background-image":"","background-repeat":"repeat","background-position":"center center","background-size":"auto","background-attachment":"scroll","background-type":"","background-media":"","overlay-type":"","overlay-color":"","overlay-opacity":"","overlay-gradient":""},"tablet":{"background-color":"var(--ast-global-color-4)","background-image":"","background-repeat":"repeat","background-position":"center center","background-size":"auto","background-attachment":"scroll","background-type":"","background-media":"","overlay-type":"","overlay-color":"","overlay-opacity":"","overlay-gradient":""},"mobile":{"background-color":"var(--ast-global-color-4)","background-image":"","background-repeat":"repeat","background-position":"center center","background-size":"auto","background-attachment":"scroll","background-type":"","background-media":"","overlay-type":"","overlay-color":"","overlay-opacity":"","overlay-gradient":""}},"jetpack_post_was_ever_published":false,"_jetpack_newsletter_access":"","_jetpack_dont_email_post_to_subs":false,"_jetpack_newsletter_tier_id":0,"_jetpack_memberships_contains_paywalled_content":false,"_jetpack_memberships_contains_paid_content":false,"footnotes":""},"categories":[7,3],"tags":[],"class_list":["post-2853","post","type-post","status-publish","format-standard","hentry","category-fotografie","category-osobni"],"jetpack_featured_media_url":"","jetpack_shortlink":"https:\/\/wp.me\/p4mLP7-K1","jetpack-related-posts":[{"id":435,"url":"https:\/\/kotrla.com\/pmpro\/2007\/06\/navrat-ztracene-tvare\/","url_meta":{"origin":2853,"position":0},"title":"N\u00e1vrat ztracen\u00e9 tv\u00e1\u0159e","author":"Pavel Kotrla","date":"25.6.2007","format":false,"excerpt":"U\u017e jsem si \u0159\u00edkal, \u017ee Ewald Murrer na poezii zanev\u0159el. A ejhle! Po dlouh\u00fdch letech je tu nov\u00e1 sb\u00edrka Nouzov\u00e9 zastaven\u00ed \u010dasu, kterou pr\u00e1v\u011b vydal Host. Pot\u011b\u0161uj\u00edc\u00ed ud\u00e1lost. Tak aspo\u0148 uk\u00e1zku: * * * Je ticho, jako bychom byli zav\u0159eni ve st\u00ednech chr\u00e1m\u016f. Bylo to bludi\u0161t\u011b, \u010di labyrint, co se\u2026","rel":"","context":"V \u201e\u010cten\u00e1\u0159sk\u00fd den\u00edk\u201c","block_context":{"text":"\u010cten\u00e1\u0159sk\u00fd den\u00edk","link":"https:\/\/kotrla.com\/pmpro\/category\/ctenarsky-denik\/"},"img":{"alt_text":"Ewald Murrer: Nouzov\u00e9 zastaven\u00ed \u010dasu","src":"https:\/\/i0.wp.com\/kotrla.com\/pmpro\/images\/uploads\/murrer_nouzove_zastaveni_casu.gif?resize=350%2C200&ssl=1","width":350,"height":200},"classes":[]},{"id":9201,"url":"https:\/\/kotrla.com\/pmpro\/2021\/11\/obrazy-ludvika-schneiderky\/","url_meta":{"origin":2853,"position":1},"title":"Obrazy Ludv\u00edka Schneiderky","author":"Pavel Kotrla","date":"26.11.2021","format":false,"excerpt":"V posledn\u00edch dvou t\u00fddnech jsem v okol\u00ed n\u011bjak\u00e9 ty v\u00fdstavy absolvoval. Jen nebyl \u010das se o nich zm\u00ednit (tak aspo\u0148 Tade\u00e1\u0161 Kotrba v Kapli a Jana Hojstri\u010dov\u00e1 v S\u00fdpce ve Vala\u0161sk\u00e9m Mezi\u0159\u00ed\u010d\u00ed nebo Kl\u00e1ra Sedlo v ro\u017enovsk\u00e9 Crears). Ale o t\u00e9 v\u010derej\u0161\u00ed se zastav\u00edm. U\u017e jen pro ten nostalgick\u00fd n\u00e1vrat\u2026","rel":"","context":"V \u201eOsobn\u00ed\u201c","block_context":{"text":"Osobn\u00ed","link":"https:\/\/kotrla.com\/pmpro\/category\/osobni\/"},"img":{"alt_text":"","src":"https:\/\/i0.wp.com\/kotrla.com\/pmpro\/wp-content\/uploads\/2021\/11\/v_podkrovi_schneiderka_IMGP3640-150x150.jpg?resize=350%2C200&ssl=1","width":350,"height":200,"srcset":"https:\/\/i0.wp.com\/kotrla.com\/pmpro\/wp-content\/uploads\/2021\/11\/v_podkrovi_schneiderka_IMGP3640-150x150.jpg?resize=350%2C200&ssl=1 1x, https:\/\/i0.wp.com\/kotrla.com\/pmpro\/wp-content\/uploads\/2021\/11\/v_podkrovi_schneiderka_IMGP3640-150x150.jpg?resize=525%2C300&ssl=1 1.5x, https:\/\/i0.wp.com\/kotrla.com\/pmpro\/wp-content\/uploads\/2021\/11\/v_podkrovi_schneiderka_IMGP3640-150x150.jpg?resize=700%2C400&ssl=1 2x, https:\/\/i0.wp.com\/kotrla.com\/pmpro\/wp-content\/uploads\/2021\/11\/v_podkrovi_schneiderka_IMGP3640-150x150.jpg?resize=1050%2C600&ssl=1 3x, https:\/\/i0.wp.com\/kotrla.com\/pmpro\/wp-content\/uploads\/2021\/11\/v_podkrovi_schneiderka_IMGP3640-150x150.jpg?resize=1400%2C800&ssl=1 4x"},"classes":[]},{"id":1352,"url":"https:\/\/kotrla.com\/pmpro\/2003\/05\/svantovitovy-skaly\/","url_meta":{"origin":2853,"position":2},"title":"Svantov\u00edtovy sk\u00e1ly","author":"Pavel Kotrla","date":"9.5.2003","format":false,"excerpt":"P\u0159ed ned\u00e1vnem byla u n\u00e1s zprovozn\u011bna nov\u00e1 nau\u010dn\u00e1 stezka Klenov \u2013 Du\u0161n\u00e1. M\u00e1m z n\u00ed i nem\u00e1m radost. D\u016fvod je vlastn\u011b jedin\u00fd: odbo\u010dka z n\u00ed vede ke Svantov\u00edtov\u00fdm skal\u00e1m, kter\u00e9 byly p\u0159ece jenom doned\u00e1vna tak tro\u0161ku stranou. Sk\u00e1ly se jmenuj\u00ed podle slovansk\u00e9ho boha Svantov\u00edta, jeho\u017e kult pr\u00fd vrcholil ve 12.\u2026","rel":"","context":"V \u201eNeza\u0159azen\u00e9\u201c","block_context":{"text":"Neza\u0159azen\u00e9","link":"https:\/\/kotrla.com\/pmpro\/category\/nezarazene\/"},"img":{"alt_text":"Svantov\u00edtovy sk\u00e1ly","src":"https:\/\/i0.wp.com\/kotrla.com\/pmpro\/images\/uploads\/svantovitovy_skaly.jpg?resize=350%2C200&ssl=1","width":350,"height":200},"classes":[]},{"id":819,"url":"https:\/\/kotrla.com\/pmpro\/2005\/02\/100-let-od-narozeni-zdenka-buriana\/","url_meta":{"origin":2853,"position":3},"title":"100 let od narozen\u00ed Zde\u0148ka Buriana","author":"Pavel Kotrla","date":"11.2.2005","format":false,"excerpt":"Dnes je to 100 let, co se v nedalek\u00e9 Kop\u0159ivnici (11. 2. 1905) narodil slavn\u00fd ilustr\u00e1tor knih Zden\u011bk Burian. Pov\u011bt\u0161inou m\u00e1me jeho jm\u00e9no spojeno s ilustracemi knih Eduarda \u0160torcha. V\u0161em doporu\u010duji n\u00e1v\u0161t\u011bvu Muzeum Zde\u0148ka Buriana ve \u0160tramberku, kde jsou k vid\u011bn\u00ed i m\u00e9n\u011b zn\u00e1m\u00e9 kni\u017en\u00ed ob\u00e1lky a pr\u00e1ce. Muzeum nen\u00ed\u2026","rel":"","context":"V \u201eNeza\u0159azen\u00e9\u201c","block_context":{"text":"Neza\u0159azen\u00e9","link":"https:\/\/kotrla.com\/pmpro\/category\/nezarazene\/"},"img":{"alt_text":"","src":"","width":0,"height":0},"classes":[]},{"id":887,"url":"https:\/\/kotrla.com\/pmpro\/2004\/11\/stari-dobri-jean-arthur-rimbaud-lviii\/","url_meta":{"origin":2853,"position":4},"title":"STA\u0158\u00cd DOB\u0158\u00cd: Jean Arthur Rimbaud (LVIII.)","author":"Pavel Kotrla","date":"7.11.2004","format":false,"excerpt":"Ani nev\u00edm, pro\u010d jsem tu tohoto b\u00e1sn\u00edka neuvedl. V\u017edy\u0165 n\u011bkdy p\u0159ed m\u00fdm osmn\u00e1ct\u00fdm rokem jsem byl jeho tvorbou doslova osln\u011bn. Na jedn\u00e9 z chmelov\u00fdch brig\u00e1d jsme s m\u00fdm p\u0159\u00edtelem mal\u00ed\u0159em tehdy dok\u00e1zali v opilosti recitovat nejenom Opil\u00fd kor\u00e1b, ale i Hleda\u010dky v\u0161\u00ed a dal\u0161\u00ed texty. Kdepak jsou ty \u010dasy, kdy\u2026","rel":"","context":"V \u201eNeza\u0159azen\u00e9\u201c","block_context":{"text":"Neza\u0159azen\u00e9","link":"https:\/\/kotrla.com\/pmpro\/category\/nezarazene\/"},"img":{"alt_text":"","src":"","width":0,"height":0},"classes":[]},{"id":219,"url":"https:\/\/kotrla.com\/pmpro\/2010\/03\/zvonicka-2-0\/","url_meta":{"origin":2853,"position":5},"title":"Zvoni\u010dka 2.0","author":"Pavel Kotrla","date":"11.3.2010","format":false,"excerpt":"Tak zhruba dva a p\u016fl roku zp\u00e1tky jsem tady uve\u0159ejnil fotku, na kterou jsem narazil b\u011bhem sv\u00e9ho pobytu v archivu. Tehdy mi hlavou bleskl n\u00e1pad. Nyn\u00ed to vypad\u00e1, \u017ee n\u00e1m ho snad poda\u0159\u00ed i zrealizovat. Tak\u017ee pokud to klapne, letos by mohla st\u00e1t na Byst\u0159i\u010dce rekonstrukce p\u016fvodn\u00ed zvoni\u010dky. Dobr\u00e1 zpr\u00e1va:\u2026","rel":"","context":"V \u201eOsobn\u00ed\u201c","block_context":{"text":"Osobn\u00ed","link":"https:\/\/kotrla.com\/pmpro\/category\/osobni\/"},"img":{"alt_text":"zvoni\u010dka","src":"https:\/\/i0.wp.com\/kotrla.com\/pmpro\/images\/uploads\/zvonicka_rekonstrukce.png?resize=350%2C200&ssl=1","width":350,"height":200},"classes":[]}],"jetpack_sharing_enabled":true,"_links":{"self":[{"href":"https:\/\/kotrla.com\/pmpro\/wp-json\/wp\/v2\/posts\/2853","targetHints":{"allow":["GET"]}}],"collection":[{"href":"https:\/\/kotrla.com\/pmpro\/wp-json\/wp\/v2\/posts"}],"about":[{"href":"https:\/\/kotrla.com\/pmpro\/wp-json\/wp\/v2\/types\/post"}],"author":[{"embeddable":true,"href":"https:\/\/kotrla.com\/pmpro\/wp-json\/wp\/v2\/users\/1"}],"replies":[{"embeddable":true,"href":"https:\/\/kotrla.com\/pmpro\/wp-json\/wp\/v2\/comments?post=2853"}],"version-history":[{"count":0,"href":"https:\/\/kotrla.com\/pmpro\/wp-json\/wp\/v2\/posts\/2853\/revisions"}],"wp:attachment":[{"href":"https:\/\/kotrla.com\/pmpro\/wp-json\/wp\/v2\/media?parent=2853"}],"wp:term":[{"taxonomy":"category","embeddable":true,"href":"https:\/\/kotrla.com\/pmpro\/wp-json\/wp\/v2\/categories?post=2853"},{"taxonomy":"post_tag","embeddable":true,"href":"https:\/\/kotrla.com\/pmpro\/wp-json\/wp\/v2\/tags?post=2853"}],"curies":[{"name":"wp","href":"https:\/\/api.w.org\/{rel}","templated":true}]}}