{"id":287,"date":"2009-03-24T19:52:42","date_gmt":"2009-03-24T18:52:42","guid":{"rendered":"http:\/\/kotrla.com\/wordpress\/?p=287"},"modified":"2019-11-20T22:39:24","modified_gmt":"2019-11-20T21:39:24","slug":"nabirajici-na-sile","status":"publish","type":"post","link":"https:\/\/kotrla.com\/pmpro\/2009\/03\/nabirajici-na-sile\/","title":{"rendered":"Nab\u00edraj\u00edc\u00ed na s\u00edle"},"content":{"rendered":"<p><img loading=\"lazy\" decoding=\"async\" src=\"https:\/\/kotrla.com\/pmpro\/images\/uploads\/host-2009_03.jpg\" border=\"0\" alt=\"\u010casopis Host\" width=\"140\" height=\"182\"  align=\"right\" \/>P\u0159i pohledu na prvn\u00ed t\u0159i leto\u0161n\u00ed \u010d\u00edsla \u010dasopisu <a href=\"http:\/\/www.casopis.hostbrno.cz\/\">Host<\/a> m\u016f\u017ee m\u00edt \u010dten\u00e1\u0159 radost.  Nejenom s postupn\u011b nar\u016fstaj\u00edc\u00edho po\u010dtu stran (112, 132, 136) a tedy z minim\u00e1ln\u011b nar\u016fstaj\u00edc\u00ed s\u00edly h\u0159betu, ale p\u0159edev\u0161\u00edm z celkov\u00e9 prom\u011bny Hosta. Kdy\u017e u\u017e je po n\u00ed, rozum\u011bj po t\u00e9 lo\u0148sk\u00e9, tak u\u017e m\u016f\u017eu zak\u0159ep\u010dit radostn\u011b na jej\u00edm rovu. Nesed\u011bla mi. Tedy hlavn\u011b ty ob\u00e1lky. J\u00e1 t\u011bm po\u010d\u00edta\u010dov\u00fdm kol\u00e1\u017e\u00edm ne a ne p\u0159ij\u00edt na chu\u0165. A tak poka\u017ed\u00e9, kdy\u017e na mne vybafla nov\u00e1 ob\u00e1lka <a href=\"http:\/\/www.huptych.cz\/\">Miroslava Huptycha<\/a>, jinak autora m\u00e9 obl\u00edben\u00e9 sb\u00edrky N\u00e1zorn\u00fd p\u0159\u00edrodopis tajnok\u0159\u00eddl\u00fdch, byl jsem otr\u00e1ven\u011bj\u0161\u00ed a otr\u00e1ven\u011bj\u0161\u00ed. Nic proti kol\u00e1\u017e\u00edm, v Kol\u00e1\u0159ov\u011b pojet\u00ed je m\u00e1m r\u00e1d a moc, ale tady mi to n\u011bjak vadilo. Liter\u00e1ti v k\u0159e\u010di.<br \/>\nProto jsem novou podobu \u010dasopisu p\u0159ijal s povd\u011bkem. Tro\u0161ku se zmen\u0161il, tro\u0161ku z\u00fa\u017eil, tro\u0161ku prom\u011bnil obsahov\u011b. Zmizela leskl\u00e1 ob\u00e1lka, zm\u011bnila se typografick\u00e1 \u00faprava, by\u0165 ur\u010dit\u00e1 n\u00e1vaznost zde z\u016fstala. (V t\u00e9to souvislosti odkazuji na \u010dl\u00e1nek Martina Peciny <a href=\"http:\/\/typomil.com\/typofilos\/2009\/01\/typografie-prevazne-svepomoci\/\">Typografie p\u0159ev\u00e1\u017en\u011b sv\u00e9pomoc\u00ed<\/a>, kter\u00fd vy\u0161el jak v Hostu 1\/2009, tak na autorov\u011b blogu Typomil.) Ale hlavn\u011b jakoby redakce nabrala s prom\u011bnou i nov\u00fd dech. Ve v\u0161ech t\u0159ech \u010d\u00edslech mne toho zaujalo v\u00edc, ne jen ojedin\u011blosti. Pravda, \u017e\u00e1dn\u00e9 &#8222;z\u00e1sadn\u00ed objevy&#8220; se nekonaj\u00ed, ale pro\u010d taky. Solidn\u011b odveden\u00e9 \u0159emeslo a vyrovnan\u00e1 a netuctov\u00e1 n\u00e1pl\u0148 tak\u00e9 stoj\u00ed za zm\u00ednku.  A minim\u00e1ln\u011b na posledn\u00ed \u010d\u00edslo v\u011bnovan\u00e9 vztahu \u010desk\u00e9 literatury a exilu stoj\u00ed za to upozornit jmenovit\u011b. Listoval jsem si ned\u00e1vno t\u011bmi n\u011bkolika \u010d\u00edsly Sv\u011bdectv\u00ed a Prom\u011bn a prostor na znovuobjevov\u00e1n\u00ed tu st\u00e1le existuje.<br \/>\nA jako pravideln\u00fd \u010dten\u00e1\u0159 v\u011bt\u0161iny \u010d\u00e1sti \u010desk\u00fdch liter\u00e1rn\u00edch \u010dasopis\u016f je\u0161t\u011b mus\u00edm zm\u00ednit n\u00e1sleduj\u00edc\u00ed v\u00fdzvu Z\u00e1le\u017e\u00ed V\u00e1m na osudu kultury v \u010cesk\u00e9 republice? na str\u00e1nk\u00e1ch Tvaru.<\/p>\n","protected":false},"excerpt":{"rendered":"<p>P\u0159i pohledu na prvn\u00ed t\u0159i leto\u0161n\u00ed \u010d\u00edsla \u010dasopisu Host m\u016f\u017ee m\u00edt \u010dten\u00e1\u0159 radost. Nejenom s postupn\u011b nar\u016fstaj\u00edc\u00edho po\u010dtu stran (112, 132, 136) a tedy z minim\u00e1ln\u011b nar\u016fstaj\u00edc\u00ed s\u00edly h\u0159betu, ale p\u0159edev\u0161\u00edm z celkov\u00e9 prom\u011bny Hosta. Kdy\u017e u\u017e je po n\u00ed, rozum\u011bj po t\u00e9 lo\u0148sk\u00e9, tak u\u017e m\u016f\u017eu zak\u0159ep\u010dit radostn\u011b na jej\u00edm rovu. Nesed\u011bla mi. Tedy [&hellip;]<\/p>\n","protected":false},"author":1,"featured_media":0,"comment_status":"open","ping_status":"open","sticky":false,"template":"","format":"standard","meta":{"site-sidebar-layout":"default","site-content-layout":"","ast-site-content-layout":"default","site-content-style":"default","site-sidebar-style":"default","ast-global-header-display":"","ast-banner-title-visibility":"","ast-main-header-display":"","ast-hfb-above-header-display":"","ast-hfb-below-header-display":"","ast-hfb-mobile-header-display":"","site-post-title":"","ast-breadcrumbs-content":"","ast-featured-img":"","footer-sml-layout":"","ast-disable-related-posts":"","theme-transparent-header-meta":"","adv-header-id-meta":"","stick-header-meta":"","header-above-stick-meta":"","header-main-stick-meta":"","header-below-stick-meta":"","astra-migrate-meta-layouts":"default","ast-page-background-enabled":"default","ast-page-background-meta":{"desktop":{"background-color":"var(--ast-global-color-5)","background-image":"","background-repeat":"repeat","background-position":"center center","background-size":"auto","background-attachment":"scroll","background-type":"","background-media":"","overlay-type":"","overlay-color":"","overlay-opacity":"","overlay-gradient":""},"tablet":{"background-color":"","background-image":"","background-repeat":"repeat","background-position":"center center","background-size":"auto","background-attachment":"scroll","background-type":"","background-media":"","overlay-type":"","overlay-color":"","overlay-opacity":"","overlay-gradient":""},"mobile":{"background-color":"","background-image":"","background-repeat":"repeat","background-position":"center center","background-size":"auto","background-attachment":"scroll","background-type":"","background-media":"","overlay-type":"","overlay-color":"","overlay-opacity":"","overlay-gradient":""}},"ast-content-background-meta":{"desktop":{"background-color":"var(--ast-global-color-4)","background-image":"","background-repeat":"repeat","background-position":"center center","background-size":"auto","background-attachment":"scroll","background-type":"","background-media":"","overlay-type":"","overlay-color":"","overlay-opacity":"","overlay-gradient":""},"tablet":{"background-color":"var(--ast-global-color-4)","background-image":"","background-repeat":"repeat","background-position":"center center","background-size":"auto","background-attachment":"scroll","background-type":"","background-media":"","overlay-type":"","overlay-color":"","overlay-opacity":"","overlay-gradient":""},"mobile":{"background-color":"var(--ast-global-color-4)","background-image":"","background-repeat":"repeat","background-position":"center center","background-size":"auto","background-attachment":"scroll","background-type":"","background-media":"","overlay-type":"","overlay-color":"","overlay-opacity":"","overlay-gradient":""}},"jetpack_post_was_ever_published":false,"_jetpack_newsletter_access":"","_jetpack_dont_email_post_to_subs":false,"_jetpack_newsletter_tier_id":0,"_jetpack_memberships_contains_paywalled_content":false,"_jetpack_memberships_contains_paid_content":false,"footnotes":""},"categories":[6,2],"tags":[],"class_list":["post-287","post","type-post","status-publish","format-standard","hentry","category-ctenarsky-denik","category-literatura"],"jetpack_featured_media_url":"","jetpack_shortlink":"https:\/\/wp.me\/p4mLP7-4D","jetpack-related-posts":[{"id":1086,"url":"https:\/\/kotrla.com\/pmpro\/2004\/02\/ctenar-casopisu-na-pocatku-unora\/","url_meta":{"origin":287,"position":0},"title":"\u010cten\u00e1\u0159 \u010dasopis\u016f na po\u010d\u00e1tku \u00fanora","author":"Pavel Kotrla","date":"3.2.2004","format":false,"excerpt":"V p\u00e1tek se mi poda\u0159ilo z\u00edskat dv\u011b \u010d\u00edsla studentsk\u00e9ho listu Babylon, kter\u00fd \u010dtu sice nepravideln\u011b, ale celkem r\u00e1d. Jedn\u00edm z d\u016fvod\u016f je zde p\u0159\u00edtomn\u00e1 liter\u00e1rn\u00ed p\u0159\u00edloha, kterou m\u00e1m pom\u011brn\u011b v oblib\u011b. Jsem ale tro\u0161ku roz\u010darov\u00e1n z toho, \u017ee i zde jsem narazil na rozhovor z pisatelsk\u00e9 d\u00edlny Radima Kop\u00e1\u010de. Nejde\u2026","rel":"","context":"V \u201eNeza\u0159azen\u00e9\u201c","block_context":{"text":"Neza\u0159azen\u00e9","link":"https:\/\/kotrla.com\/pmpro\/category\/nezarazene\/"},"img":{"alt_text":"","src":"","width":0,"height":0},"classes":[]},{"id":349,"url":"https:\/\/kotrla.com\/pmpro\/2008\/05\/z-bloku-01-ctenar-casopisu-na-konci-obdobi-zimniho-spanku\/","url_meta":{"origin":287,"position":1},"title":"Z bloku 01: \u010cten\u00e1\u0159 \u010dasopis\u016f na konci obdob\u00ed zimn\u00edho sp\u00e1nku","author":"Pavel Kotrla","date":"16.5.2008","format":false,"excerpt":"Tak jsem se nechal ukecat. \u0158\u00edkal jsem si, \u017ee po t\u0159\u00edap\u016fllet\u00e9m psan\u00ed sloupk\u016f (snad se dokopu k tomu, aby tam bylo \u010dasem v\u0161ech t\u0159iat\u0159icet) pro Host u\u017e do toho jen tak nep\u016fjdu. No, ale pro Tvar jsem v\u017edycky m\u011bl tak trochu slabost. Sloupek vy\u0161el v Tvaru \u010d.9 (01.05.2008) \u010cten\u00e1\u0159 \u010dasopis\u016f\u2026","rel":"","context":"V \u201eSloupky pro Tvar\u201c","block_context":{"text":"Sloupky pro Tvar","link":"https:\/\/kotrla.com\/pmpro\/category\/sloupky-pro-tvar\/"},"img":{"alt_text":"","src":"","width":0,"height":0},"classes":[]},{"id":1365,"url":"https:\/\/kotrla.com\/pmpro\/2003\/04\/tvar-82003\/","url_meta":{"origin":287,"position":2},"title":"Tvar 8\/2003","author":"Pavel Kotrla","date":"22.4.2003","format":false,"excerpt":"Tak to u\u017e jsem neza\u017eil dlouho, aby si komer\u010dn\u00ed r\u00e1dio vzpomn\u011blo na v\u00fdro\u010d\u00ed n\u011bkter\u00e9ho ze spisovatel\u016f. Apollo se ale pochlapilo a p\u0159ekvapilo, a tak jsem se dozv\u011bd\u011bl, \u017ee v Petrohradu se chyst\u00e1 instalace Ha\u0161kovy bronzov\u00e9 sochy. Stejn\u011b sice zas p\u0159elad\u00edm na Vltavu. Ale i tak drobn\u00fd d\u00edk, na tuto d\u016fle\u017eitou\u2026","rel":"","context":"V \u201eNeza\u0159azen\u00e9\u201c","block_context":{"text":"Neza\u0159azen\u00e9","link":"https:\/\/kotrla.com\/pmpro\/category\/nezarazene\/"},"img":{"alt_text":"","src":"","width":0,"height":0},"classes":[]},{"id":233,"url":"https:\/\/kotrla.com\/pmpro\/2009\/12\/moje-kniha-roku\/","url_meta":{"origin":287,"position":3},"title":"Moje kniha roku?","author":"Pavel Kotrla","date":"26.12.2009","format":false,"excerpt":"Tradi\u010dn\u00ed anketu Lidov\u00fdch novin m\u00e1m celkem r\u00e1d. Mal\u00e9 srovn\u00e1n\u00ed toho, co \u010dtou druz\u00ed a co by mi mo\u017en\u00e1 jinak uniklo je u\u017eite\u010dn\u00e9 a p\u0159\u00ednosn\u00e9. No, v\u00fdsledek leto\u0161n\u00ed ankety mne tro\u0161ku p\u0159ekvapil. Samoz\u0159ejm\u011b, z druh\u00e9ho m\u00edsta Se\u0161it\u016f m\u00e1m radost, ale z prvn\u00edho - ocen\u011bn\u00ed B\u00e1sn\u00ed a Pov\u00eddek Josefa Kostohryze - jsem\u2026","rel":"","context":"V \u201e\u010cten\u00e1\u0159sk\u00fd den\u00edk\u201c","block_context":{"text":"\u010cten\u00e1\u0159sk\u00fd den\u00edk","link":"https:\/\/kotrla.com\/pmpro\/category\/ctenarsky-denik\/"},"img":{"alt_text":"Nejlep\u0161\u00ed \u010desk\u00e9 b\u00e1sn\u011b 2009","src":"https:\/\/i0.wp.com\/kotrla.com\/pmpro\/images\/uploads\/nejlepsi_ceske_basne_2009.jpg?resize=350%2C200&ssl=1","width":350,"height":200},"classes":[]},{"id":36,"url":"https:\/\/kotrla.com\/pmpro\/2013\/06\/k-vs-k\/","url_meta":{"origin":287,"position":4},"title":"K. vs. K.","author":"Pavel Kotrla","date":"13.6.2013","format":false,"excerpt":"V minul\u00e9m p\u0159\u00edsp\u011bvku jsem p\u016fvodn\u011b cht\u011bl tak\u00e9 p\u0159ipsat, kdy\u017e jsem zahl\u00e9d v tir\u00e1\u017ei, \u017ee Romboid vyd\u00e1va Asoci\u00e1cia organiz\u00e1ci\u00ed spisovate\u013eov Slovenska, \u017ee je to ten typ \u010dasopisu, kter\u00fd si dovedu p\u0159edstavit, \u017ee by mohl b\u00fdt vyd\u00e1v\u00e1n Obc\u00ed spisovatel\u016f i u n\u00e1s. To mne donutilo, po fakt dlouh\u00e9m \u010dase, pod\u00edvat se na\u2026","rel":"","context":"V \u201eLiteratura\u201c","block_context":{"text":"Literatura","link":"https:\/\/kotrla.com\/pmpro\/category\/literatura\/"},"img":{"alt_text":"","src":"","width":0,"height":0},"classes":[]},{"id":1327,"url":"https:\/\/kotrla.com\/pmpro\/2003\/06\/literarni-strepy\/","url_meta":{"origin":287,"position":5},"title":"Liter\u00e1rn\u00ed st\u0159epy","author":"Pavel Kotrla","date":"9.6.2003","format":false,"excerpt":"Tak dne\u0161n\u00ed \u010d\u00edslo Liter\u00e1rn\u00edch novin se p\u0159ece jenom dostalo k tomu, aby referovalo o zl\u00ednk\u00e9m festivalu, na kter\u00e9m m\u011bly sv\u00e9ho z\u00e1stupce. Jsem teda tro\u0161ku zklam\u00e1n, nebo\u0165 jsem o\u010dek\u00e1val reflexi pr\u00e1v\u011b z pera Magdal\u00e9ny Platzov\u00e9. Ale kdepak. Prostor byl nab\u00eddnut organiz\u00e1tork\u00e1m festivalu, kter\u00e9 nab\u00eddly dva pohledy na z\u00e1kulis\u00ed. T\u0159et\u00ed report\u00e1\u017e je\u2026","rel":"","context":"V \u201eNeza\u0159azen\u00e9\u201c","block_context":{"text":"Neza\u0159azen\u00e9","link":"https:\/\/kotrla.com\/pmpro\/category\/nezarazene\/"},"img":{"alt_text":"","src":"","width":0,"height":0},"classes":[]}],"jetpack_sharing_enabled":true,"_links":{"self":[{"href":"https:\/\/kotrla.com\/pmpro\/wp-json\/wp\/v2\/posts\/287","targetHints":{"allow":["GET"]}}],"collection":[{"href":"https:\/\/kotrla.com\/pmpro\/wp-json\/wp\/v2\/posts"}],"about":[{"href":"https:\/\/kotrla.com\/pmpro\/wp-json\/wp\/v2\/types\/post"}],"author":[{"embeddable":true,"href":"https:\/\/kotrla.com\/pmpro\/wp-json\/wp\/v2\/users\/1"}],"replies":[{"embeddable":true,"href":"https:\/\/kotrla.com\/pmpro\/wp-json\/wp\/v2\/comments?post=287"}],"version-history":[{"count":0,"href":"https:\/\/kotrla.com\/pmpro\/wp-json\/wp\/v2\/posts\/287\/revisions"}],"wp:attachment":[{"href":"https:\/\/kotrla.com\/pmpro\/wp-json\/wp\/v2\/media?parent=287"}],"wp:term":[{"taxonomy":"category","embeddable":true,"href":"https:\/\/kotrla.com\/pmpro\/wp-json\/wp\/v2\/categories?post=287"},{"taxonomy":"post_tag","embeddable":true,"href":"https:\/\/kotrla.com\/pmpro\/wp-json\/wp\/v2\/tags?post=287"}],"curies":[{"name":"wp","href":"https:\/\/api.w.org\/{rel}","templated":true}]}}