{"id":301,"date":"2009-01-19T21:22:03","date_gmt":"2009-01-19T20:22:03","guid":{"rendered":"http:\/\/kotrla.com\/wordpress\/?p=301"},"modified":"2019-11-20T22:39:25","modified_gmt":"2019-11-20T21:39:25","slug":"jeste-ziju-s-vesakem-placackou-a-cepici","status":"publish","type":"post","link":"https:\/\/kotrla.com\/pmpro\/2009\/01\/jeste-ziju-s-vesakem-placackou-a-cepici\/","title":{"rendered":"Je\u0161t\u011b \u017eiju s v\u011b\u0161\u00e1kem, pl\u00e1ca\u010dkou a \u010depic\u00ed"},"content":{"rendered":"<p>Neb\u00fdt Dvojky Slovensk\u00e9 televize, tak by mi v\u010dera zase unikl film <a href=\"https:\/\/www.csfd.cz\/film\/182350-jeste-ziju-s-vesakem-placackou-a-cepici\/prehled\/\">Je\u0161t\u011b \u017eiju s v\u011b\u0161\u00e1kem, pl\u00e1ca\u010dkou a \u010depic\u00ed<\/a>, kter\u00fd kiny pro\u0161um\u011bl bez v\u011bt\u0161\u00edho ohlasu. Dle m\u00e9ho soudu je to \u0161koda, ale p\u0159izn\u00e1v\u00e1m, \u017ee je to postesknut\u00ed sp\u00ed\u0161e osobn\u00ed, a to hlavn\u011b d\u00edky tomu, \u017ee hlavn\u00ed role byla sv\u011b\u0159ena Ji\u0159\u00edmu Vyle\u0165alovi, zn\u00e1m\u00e9mu z vala\u0161skomezi\u0159\u00ed\u010dsk\u00e9ho ochotnick\u00e9ho divadla <a href=\"http:\/\/www.divadloschod.cz\/\">Schod<\/a>. Nicm\u00e9n\u011b, po celou dobu sledov\u00e1n\u00ed jsem si \u0159\u00edkal: skoro jak z Hrabala. A uv\u011bdomil jsem si, \u017ee z tohoto mnou kdysi tak\u0159ka cel\u00e9ho p\u0159e\u010dten\u00e9ho autora jsem vlastn\u011b u\u017e dlouhou dobu ne\u010detl nic. Pro\u010d?<\/p>\n","protected":false},"excerpt":{"rendered":"<p>Neb\u00fdt Dvojky Slovensk\u00e9 televize, tak by mi v\u010dera zase unikl film Je\u0161t\u011b \u017eiju s v\u011b\u0161\u00e1kem, pl\u00e1ca\u010dkou a \u010depic\u00ed, kter\u00fd kiny pro\u0161um\u011bl bez v\u011bt\u0161\u00edho ohlasu. Dle m\u00e9ho soudu je to \u0161koda, ale p\u0159izn\u00e1v\u00e1m, \u017ee je to postesknut\u00ed sp\u00ed\u0161e osobn\u00ed, a to hlavn\u011b d\u00edky tomu, \u017ee hlavn\u00ed role byla sv\u011b\u0159ena Ji\u0159\u00edmu Vyle\u0165alovi, zn\u00e1m\u00e9mu z vala\u0161skomezi\u0159\u00ed\u010dsk\u00e9ho ochotnick\u00e9ho divadla [&hellip;]<\/p>\n","protected":false},"author":1,"featured_media":0,"comment_status":"open","ping_status":"open","sticky":false,"template":"","format":"standard","meta":{"site-sidebar-layout":"default","site-content-layout":"","ast-site-content-layout":"default","site-content-style":"default","site-sidebar-style":"default","ast-global-header-display":"","ast-banner-title-visibility":"","ast-main-header-display":"","ast-hfb-above-header-display":"","ast-hfb-below-header-display":"","ast-hfb-mobile-header-display":"","site-post-title":"","ast-breadcrumbs-content":"","ast-featured-img":"","footer-sml-layout":"","ast-disable-related-posts":"","theme-transparent-header-meta":"","adv-header-id-meta":"","stick-header-meta":"","header-above-stick-meta":"","header-main-stick-meta":"","header-below-stick-meta":"","astra-migrate-meta-layouts":"default","ast-page-background-enabled":"default","ast-page-background-meta":{"desktop":{"background-color":"var(--ast-global-color-5)","background-image":"","background-repeat":"repeat","background-position":"center center","background-size":"auto","background-attachment":"scroll","background-type":"","background-media":"","overlay-type":"","overlay-color":"","overlay-opacity":"","overlay-gradient":""},"tablet":{"background-color":"","background-image":"","background-repeat":"repeat","background-position":"center center","background-size":"auto","background-attachment":"scroll","background-type":"","background-media":"","overlay-type":"","overlay-color":"","overlay-opacity":"","overlay-gradient":""},"mobile":{"background-color":"","background-image":"","background-repeat":"repeat","background-position":"center center","background-size":"auto","background-attachment":"scroll","background-type":"","background-media":"","overlay-type":"","overlay-color":"","overlay-opacity":"","overlay-gradient":""}},"ast-content-background-meta":{"desktop":{"background-color":"var(--ast-global-color-4)","background-image":"","background-repeat":"repeat","background-position":"center center","background-size":"auto","background-attachment":"scroll","background-type":"","background-media":"","overlay-type":"","overlay-color":"","overlay-opacity":"","overlay-gradient":""},"tablet":{"background-color":"var(--ast-global-color-4)","background-image":"","background-repeat":"repeat","background-position":"center center","background-size":"auto","background-attachment":"scroll","background-type":"","background-media":"","overlay-type":"","overlay-color":"","overlay-opacity":"","overlay-gradient":""},"mobile":{"background-color":"var(--ast-global-color-4)","background-image":"","background-repeat":"repeat","background-position":"center center","background-size":"auto","background-attachment":"scroll","background-type":"","background-media":"","overlay-type":"","overlay-color":"","overlay-opacity":"","overlay-gradient":""}},"jetpack_post_was_ever_published":false,"_jetpack_newsletter_access":"","_jetpack_dont_email_post_to_subs":false,"_jetpack_newsletter_tier_id":0,"_jetpack_memberships_contains_paywalled_content":false,"_jetpack_memberships_contains_paid_content":false,"footnotes":""},"categories":[2,3],"tags":[],"class_list":["post-301","post","type-post","status-publish","format-standard","hentry","category-literatura","category-osobni"],"jetpack_featured_media_url":"","jetpack_shortlink":"https:\/\/wp.me\/p4mLP7-4R","jetpack-related-posts":[{"id":596,"url":"https:\/\/kotrla.com\/pmpro\/2006\/03\/darek-od-mamuta\/","url_meta":{"origin":301,"position":0},"title":"D\u00e1rek od Mamuta","author":"Pavel Kotrla","date":"15.3.2006","format":false,"excerpt":"Na stoln\u00edch deskov\u00fdch hr\u00e1ch jsem m\u00edrn\u011b z\u00e1visl\u00fd. Rad\u011bji ne\u017e \u0161achy m\u00e1m d\u00e1mu, vrchc\u00e1by, n\u011bkdy go. A taky jednu hru, kterou jsem a\u017e do minul\u00e9ho t\u00fddne musel hr\u00e1t akor\u00e1t proti po\u010d\u00edta\u010di. A to nen\u00ed ono. Nakonec mi ud\u011blal radost Mamut. Dokonce mi pod\u011bkoval za n\u00e1v\u0161t\u011bvu jeskyn\u011b. Jen tak mi to p\u0159ipomenulo,\u2026","rel":"","context":"V \u201eOsobn\u00ed\u201c","block_context":{"text":"Osobn\u00ed","link":"https:\/\/kotrla.com\/pmpro\/category\/osobni\/"},"img":{"alt_text":"image","src":"https:\/\/i0.wp.com\/kotrla.com\/pmpro\/images\/uploads\/mankala.jpg?resize=350%2C200&ssl=1","width":350,"height":200},"classes":[]},{"id":302,"url":"https:\/\/kotrla.com\/pmpro\/2009\/01\/literarni-noviny-je-proc-se-vzrusovat\/","url_meta":{"origin":301,"position":1},"title":"Liter\u00e1rn\u00ed noviny &#8211; je pro\u010d se vzru\u0161ovat?","author":"Pavel Kotrla","date":"16.1.2009","format":false,"excerpt":"V pond\u011bl\u00ed prob\u011bhla tiskem i internetem zpr\u00e1va o prodeji Liter\u00e1rn\u00edch novin nov\u00e9mu vlastn\u00edku, kter\u00fd je bl\u00edzk\u00fd \u010cSSD. Hovo\u0159ilo se o t\u00e9to mo\u017enosti ji\u017e del\u0161\u00ed dobu, proto nen\u00ed \u017e\u00e1dn\u00fdm velk\u00fdm p\u0159ekvapen\u00edm. By\u0165 by vlastn\u011b m\u011blo b\u00fdt. Dokonce jsem na toto t\u00e9ma i j\u00e1 poskytl odpov\u011b\u010f jedn\u00e9 z mutac\u00ed Den\u00edku. Ale co.\u2026","rel":"","context":"V \u201eLiteratura\u201c","block_context":{"text":"Literatura","link":"https:\/\/kotrla.com\/pmpro\/category\/literatura\/"},"img":{"alt_text":"","src":"","width":0,"height":0},"classes":[]},{"id":1054,"url":"https:\/\/kotrla.com\/pmpro\/2004\/03\/mandrake-10-community-aneb-hraji-si-a-jsem-neverny-literature\/","url_meta":{"origin":301,"position":2},"title":"Mandrake 10 Community aneb Hraji si a jsem nev\u011brn\u00fd literatu\u0159e","author":"Pavel Kotrla","date":"13.3.2004","format":false,"excerpt":"Tento t\u00fdden jsem byl literatu\u0159e celkem nev\u011brn\u00fd. Hned v pond\u011bl\u00ed to za\u010dalo t\u00edm, \u017ee jsem doma zkou\u0161el live CD s FreeBSD. Pod grafick\u00fdm povrchem se asi skr\u00fdv\u00e1 proti Linuxu hodn\u011b zm\u011bn, ostatn\u011b se o nich lze do\u010d\u00edst v cyklu \u010dl\u00e1nk\u016f na Root.cz, ale vzhledem k tomu, \u017ee CD obsahovalo KDE\u2026","rel":"","context":"V \u201eNeza\u0159azen\u00e9\u201c","block_context":{"text":"Neza\u0159azen\u00e9","link":"https:\/\/kotrla.com\/pmpro\/category\/nezarazene\/"},"img":{"alt_text":"","src":"","width":0,"height":0},"classes":[]},{"id":1347,"url":"https:\/\/kotrla.com\/pmpro\/2003\/05\/potrat\/","url_meta":{"origin":301,"position":3},"title":"Potrat","author":"Pavel Kotrla","date":"14.5.2003","format":false,"excerpt":"Poda\u0159ilo se mi n\u00e1hodou p\u0159ed n\u011bkolika dny naladit rozhlasovou stanici Proglas. N\u011bkdy o v\u00edkendu jsem na n\u00ed poslouchal po\u0159ad v\u011bnovan\u00fd problematice potratu. V ned\u00e1vn\u00fdch t\u00fddnech hojn\u011b diskutovan\u00e1 ot\u00e1zka, kter\u00e1 souvis\u00ed s nov\u011b navrhovan\u00fdm z\u00e1konem. Netroufal bych si vynucovat sv\u016fj n\u00e1zor tak, jak se te\u010f chce pokusit mal\u00e1 skupina lid\u00ed. A\u0165\u2026","rel":"","context":"V \u201eNeza\u0159azen\u00e9\u201c","block_context":{"text":"Neza\u0159azen\u00e9","link":"https:\/\/kotrla.com\/pmpro\/category\/nezarazene\/"},"img":{"alt_text":"","src":"","width":0,"height":0},"classes":[]},{"id":69,"url":"https:\/\/kotrla.com\/pmpro\/2012\/12\/misto-pro-experiment\/","url_meta":{"origin":301,"position":4},"title":"M\u00edsto pro experiment","author":"Pavel Kotrla","date":"2.12.2012","format":false,"excerpt":"ps\u00e1no pro Host 02\/2012 \u010cesk\u00e1 liter\u00e1rn\u00ed sc\u00e9na \u010dasopisy v\u011bnovan\u00e9 p\u0159ev\u00e1\u017en\u011b poezii skute\u010dn\u011b nepostr\u00e1d\u00e1. Je zde Ps\u00ed v\u00edno, kter\u00e9 m\u00e1 st\u00e1le podtitul \u201e\u010casopis pro sou\u010dasnou poezii\u201c, by\u0165 za dobu sv\u00e9 existence prod\u011blalo v\u00edce prom\u011bn. Z internetov\u00fdch projekt\u016f je zde minim\u00e1ln\u011b Divok\u00e9 v\u00edno. Vzpomene si je\u0161t\u011b n\u011bkdo na \u010dasopis Obratn\u00edk? \u010casopis, kter\u00fd\u2026","rel":"","context":"V \u201eInternet\u201c","block_context":{"text":"Internet","link":"https:\/\/kotrla.com\/pmpro\/category\/internet\/"},"img":{"alt_text":"image","src":"https:\/\/i0.wp.com\/kotrla.com\/pmpro\/images\/uploads\/kloaka.jpg?resize=350%2C200&ssl=1","width":350,"height":200},"classes":[]},{"id":304,"url":"https:\/\/kotrla.com\/pmpro\/2009\/01\/z-bloku-07-bila\/","url_meta":{"origin":301,"position":5},"title":"Z bloku 07: B\u00edl\u00e1","author":"Pavel Kotrla","date":"13.1.2009","format":false,"excerpt":"Sloupek vy\u0161el v lo\u0148sk\u00e9m posledn\u00edm Tvaru \u010d. 21. T\u00edmto sloupkem kon\u010d\u00ed jeho pravideln\u00e9 publikov\u00e1n\u00ed, ale p\u0159isl\u00edbil jsem nepravideln\u011b. ;) Ale kde nen\u00ed bi\u010d uz\u00e1v\u011brky\u2026 Podle statistik jsme st\u00e1le zdrav\u011bj\u0161\u00ed a do\u017e\u00edv\u00e1me se st\u00e1le del\u0161\u00edho v\u011bku. \u0158\u00edk\u00e1m si, zda to n\u011bjak souvis\u00ed s t\u00edm, \u017ee st\u00e1le m\u00e9n\u011b \u010dteme. Nav\u00edc v\u00fdzkumy uv\u00e1d\u00ed,\u2026","rel":"","context":"V \u201eLiteratura\u201c","block_context":{"text":"Literatura","link":"https:\/\/kotrla.com\/pmpro\/category\/literatura\/"},"img":{"alt_text":"","src":"","width":0,"height":0},"classes":[]}],"jetpack_sharing_enabled":true,"_links":{"self":[{"href":"https:\/\/kotrla.com\/pmpro\/wp-json\/wp\/v2\/posts\/301","targetHints":{"allow":["GET"]}}],"collection":[{"href":"https:\/\/kotrla.com\/pmpro\/wp-json\/wp\/v2\/posts"}],"about":[{"href":"https:\/\/kotrla.com\/pmpro\/wp-json\/wp\/v2\/types\/post"}],"author":[{"embeddable":true,"href":"https:\/\/kotrla.com\/pmpro\/wp-json\/wp\/v2\/users\/1"}],"replies":[{"embeddable":true,"href":"https:\/\/kotrla.com\/pmpro\/wp-json\/wp\/v2\/comments?post=301"}],"version-history":[{"count":0,"href":"https:\/\/kotrla.com\/pmpro\/wp-json\/wp\/v2\/posts\/301\/revisions"}],"wp:attachment":[{"href":"https:\/\/kotrla.com\/pmpro\/wp-json\/wp\/v2\/media?parent=301"}],"wp:term":[{"taxonomy":"category","embeddable":true,"href":"https:\/\/kotrla.com\/pmpro\/wp-json\/wp\/v2\/categories?post=301"},{"taxonomy":"post_tag","embeddable":true,"href":"https:\/\/kotrla.com\/pmpro\/wp-json\/wp\/v2\/tags?post=301"}],"curies":[{"name":"wp","href":"https:\/\/api.w.org\/{rel}","templated":true}]}}