{"id":310,"date":"2008-12-17T16:05:09","date_gmt":"2008-12-17T15:05:09","guid":{"rendered":"http:\/\/kotrla.com\/wordpress\/?p=310"},"modified":"2019-11-20T22:39:26","modified_gmt":"2019-11-20T21:39:26","slug":"ctenar-poezie-tatjana-gromaca","status":"publish","type":"post","link":"https:\/\/kotrla.com\/pmpro\/2008\/12\/ctenar-poezie-tatjana-gromaca\/","title":{"rendered":"\u010cten\u00e1\u0159 poezie: Tatjana Groma\u010da"},"content":{"rendered":"<p><i>Jirka Hrabal<\/i> se n\u00e1m n\u011bjak rozp\u0159ekl\u00e1dal, a tak kr\u00e1tce po vyd\u00e1n\u00ed pov\u00eddek Sarajevsk\u00e9 Marlboro Miljenko Jergovi\u0107e je tu s novou knihou. Tentokr\u00e1t se jedn\u00e1 o b\u00e1snickou sb\u00edrku chorvatsk\u00e9 autorky Tatjany Groma\u010di N\u011bco nen\u00ed v po\u0159\u00e1dku (vydalo <a href=\"http:\/\/www.periplum.cz\/\">Periplum<\/a>, 2008). Jej\u00ed b\u00e1sn\u011b m\u016f\u017eete zn\u00e1t z <a href=\"http:\/\/www.aluze.cz\/2008_02\/01_poezie_gromaca.php\">Aluze<\/a> i <a href=\"http:\/\/www.casopis-texty.cz\/texty\">Text\u016f<\/a>. Kniha mohu doporu\u010dit.<br \/>\nVzhledem k v\u0161eobecn\u011b dobr\u00e9 n\u00e1lad\u011b v\u0161ude kolem, jsem se rozhodl vybrat n\u00e1sleduj\u00edc\u00ed uk\u00e1zku.<\/p>\n<p><b>Holka, kter\u00e1 je v prdeli<\/b><\/p>\n<p>Odch\u00e1z\u00ed r\u00e1no, vrac\u00ed se chv\u00edli p\u0159ed televizn\u00edmi zpr\u00e1vami.<br \/>\nZ\u00e1padn\u00ed pracovn\u00ed doba.<br \/>\nDlouh\u00fd \u010dern\u00fd kab\u00e1t, \u0161ed\u00e9 sv\u011btlo na tv\u00e1\u0159i.<br \/>\nVlasy zastr\u010den\u00e9 za u\u0161i.<br \/>\nV jej\u00ed schr\u00e1nce nen\u00ed nic<br \/>\nkrom\u011b reklam na bezplatn\u00fd rozvoz pizzy<br \/>\na \u00fa\u010dt\u016f za vodu a topen\u00ed.<br \/>\nOdemyk\u00e1 dve\u0159e, h\u00e1z\u00ed v\u011bci na zem.<br \/>\nMyje si obli\u010dej, a kdy\u017e se ut\u00edr\u00e1 m\u011bkk\u00fdm frot\u00e9 ru\u010dn\u00edkem,<br \/>\ndlouho se d\u00edv\u00e1 na svou tvou tv\u00e1\u0159 v zrcadle.<br \/>\nObl\u00e9k\u00e1 si star\u00e9 o\u0161unt\u011bl\u00e9 tepl\u00e1ky a sed\u00e1 si p\u0159ed televizi.<br \/>\nOh\u0159\u00edv\u00e1 si j\u00eddlo od v\u010derej\u0161ka.<br \/>\nD\u00edv\u00e1 se oknem, \u010dist\u00ed si zuby.<br \/>\nKone\u010dn\u011b jde sp\u00e1t.<\/p>\n","protected":false},"excerpt":{"rendered":"<p>Jirka Hrabal se n\u00e1m n\u011bjak rozp\u0159ekl\u00e1dal, a tak kr\u00e1tce po vyd\u00e1n\u00ed pov\u00eddek Sarajevsk\u00e9 Marlboro Miljenko Jergovi\u0107e je tu s novou knihou. Tentokr\u00e1t se jedn\u00e1 o b\u00e1snickou sb\u00edrku chorvatsk\u00e9 autorky Tatjany Groma\u010di N\u011bco nen\u00ed v po\u0159\u00e1dku (vydalo Periplum, 2008). Jej\u00ed b\u00e1sn\u011b m\u016f\u017eete zn\u00e1t z Aluze i Text\u016f. Kniha mohu doporu\u010dit. Vzhledem k v\u0161eobecn\u011b dobr\u00e9 n\u00e1lad\u011b v\u0161ude [&hellip;]<\/p>\n","protected":false},"author":1,"featured_media":0,"comment_status":"open","ping_status":"open","sticky":false,"template":"","format":"standard","meta":{"site-sidebar-layout":"default","site-content-layout":"","ast-site-content-layout":"default","site-content-style":"default","site-sidebar-style":"default","ast-global-header-display":"","ast-banner-title-visibility":"","ast-main-header-display":"","ast-hfb-above-header-display":"","ast-hfb-below-header-display":"","ast-hfb-mobile-header-display":"","site-post-title":"","ast-breadcrumbs-content":"","ast-featured-img":"","footer-sml-layout":"","ast-disable-related-posts":"","theme-transparent-header-meta":"","adv-header-id-meta":"","stick-header-meta":"","header-above-stick-meta":"","header-main-stick-meta":"","header-below-stick-meta":"","astra-migrate-meta-layouts":"default","ast-page-background-enabled":"default","ast-page-background-meta":{"desktop":{"background-color":"var(--ast-global-color-5)","background-image":"","background-repeat":"repeat","background-position":"center center","background-size":"auto","background-attachment":"scroll","background-type":"","background-media":"","overlay-type":"","overlay-color":"","overlay-opacity":"","overlay-gradient":""},"tablet":{"background-color":"","background-image":"","background-repeat":"repeat","background-position":"center center","background-size":"auto","background-attachment":"scroll","background-type":"","background-media":"","overlay-type":"","overlay-color":"","overlay-opacity":"","overlay-gradient":""},"mobile":{"background-color":"","background-image":"","background-repeat":"repeat","background-position":"center center","background-size":"auto","background-attachment":"scroll","background-type":"","background-media":"","overlay-type":"","overlay-color":"","overlay-opacity":"","overlay-gradient":""}},"ast-content-background-meta":{"desktop":{"background-color":"var(--ast-global-color-4)","background-image":"","background-repeat":"repeat","background-position":"center center","background-size":"auto","background-attachment":"scroll","background-type":"","background-media":"","overlay-type":"","overlay-color":"","overlay-opacity":"","overlay-gradient":""},"tablet":{"background-color":"var(--ast-global-color-4)","background-image":"","background-repeat":"repeat","background-position":"center center","background-size":"auto","background-attachment":"scroll","background-type":"","background-media":"","overlay-type":"","overlay-color":"","overlay-opacity":"","overlay-gradient":""},"mobile":{"background-color":"var(--ast-global-color-4)","background-image":"","background-repeat":"repeat","background-position":"center center","background-size":"auto","background-attachment":"scroll","background-type":"","background-media":"","overlay-type":"","overlay-color":"","overlay-opacity":"","overlay-gradient":""}},"jetpack_post_was_ever_published":false,"_jetpack_newsletter_access":"","_jetpack_dont_email_post_to_subs":false,"_jetpack_newsletter_tier_id":0,"_jetpack_memberships_contains_paywalled_content":false,"_jetpack_memberships_contains_paid_content":false,"footnotes":""},"categories":[6,2],"tags":[],"class_list":["post-310","post","type-post","status-publish","format-standard","hentry","category-ctenarsky-denik","category-literatura"],"jetpack_featured_media_url":"","jetpack_shortlink":"https:\/\/wp.me\/p4mLP7-50","jetpack-related-posts":[{"id":1347,"url":"https:\/\/kotrla.com\/pmpro\/2003\/05\/potrat\/","url_meta":{"origin":310,"position":0},"title":"Potrat","author":"Pavel Kotrla","date":"14.5.2003","format":false,"excerpt":"Poda\u0159ilo se mi n\u00e1hodou p\u0159ed n\u011bkolika dny naladit rozhlasovou stanici Proglas. N\u011bkdy o v\u00edkendu jsem na n\u00ed poslouchal po\u0159ad v\u011bnovan\u00fd problematice potratu. V ned\u00e1vn\u00fdch t\u00fddnech hojn\u011b diskutovan\u00e1 ot\u00e1zka, kter\u00e1 souvis\u00ed s nov\u011b navrhovan\u00fdm z\u00e1konem. Netroufal bych si vynucovat sv\u016fj n\u00e1zor tak, jak se te\u010f chce pokusit mal\u00e1 skupina lid\u00ed. A\u0165\u2026","rel":"","context":"V \u201eNeza\u0159azen\u00e9\u201c","block_context":{"text":"Neza\u0159azen\u00e9","link":"https:\/\/kotrla.com\/pmpro\/category\/nezarazene\/"},"img":{"alt_text":"","src":"","width":0,"height":0},"classes":[]},{"id":32,"url":"https:\/\/kotrla.com\/pmpro\/2013\/07\/ctenarsky-denik-jana-sramkova-zazemi\/","url_meta":{"origin":310,"position":1},"title":"\u010cten\u00e1\u0159sk\u00fd den\u00edk: Jana \u0160r\u00e1mkov\u00e1 &#8211; Z\u00e1zem\u00ed","author":"Pavel Kotrla","date":"10.7.2013","format":false,"excerpt":"Pro kolegu jsem si na recenzi vy\u017e\u00e1dal ned\u00e1vno vydanou knihu Jany \u0160r\u00e1mkov\u00e9 Z\u00e1zem\u00ed (Fra 2013). A p\u0159izn\u00e1m se, \u017ee hned jak jsem ji v\u010dera vyt\u00e1hl z po\u0161tovn\u00ed schr\u00e1nky, tak jsem ji p\u0159ed p\u0159eposl\u00e1n\u00edm na jeden z\u00e1tah p\u0159e\u010detl. Nen\u00ed p\u0159\u00edli\u0161 dlouh\u00e1, n\u011bco m\u00e1lo p\u0159es sto t\u0159icet stran, tak\u017ee za podve\u010der bylo\u2026","rel":"","context":"V \u201e\u010cten\u00e1\u0159sk\u00fd den\u00edk\u201c","block_context":{"text":"\u010cten\u00e1\u0159sk\u00fd den\u00edk","link":"https:\/\/kotrla.com\/pmpro\/category\/ctenarsky-denik\/"},"img":{"alt_text":"Jana \u0160r\u00e1mkov\u00e1 - Z\u00e1zem\u00ed","src":"https:\/\/i0.wp.com\/kotrla.com\/pmpro\/images\/uploads\/jana_sramkova_zazemi.jpg?resize=350%2C200&ssl=1","width":350,"height":200},"classes":[]},{"id":348,"url":"https:\/\/kotrla.com\/pmpro\/2008\/05\/ctenar-pismenek\/","url_meta":{"origin":310,"position":2},"title":"\u010cten\u00e1\u0159 p\u00edsmenek","author":"Pavel Kotrla","date":"25.5.2008","format":false,"excerpt":"Dnes drobn\u00e9 pozn\u00e1mky nad p\u0159e\u010dten\u00fdmi knihami i \u010dasopisy pohromad\u011b. Tak Ps\u00ed v\u00edno m\u00e1 novou grafiku a typografickou \u00fapravu. Zm\u011bna k lep\u0161\u00edmu. Duch otce zakladatele se stejn\u011b vytratil a grafika byla sou\u010dasn\u00e9mu obsahu na obt\u00ed\u017e. \u010c\u00edslo p\u0159edchoz\u00ed mne p\u0159\u00edli\u0161 nezaujalo, to aktu\u00e1ln\u00ed je lep\u0161\u00ed. \u010casopis se op\u011bt v\u011bnuje poezii, tak jak\u2026","rel":"","context":"V \u201e\u010cten\u00e1\u0159sk\u00fd den\u00edk\u201c","block_context":{"text":"\u010cten\u00e1\u0159sk\u00fd den\u00edk","link":"https:\/\/kotrla.com\/pmpro\/category\/ctenarsky-denik\/"},"img":{"alt_text":"","src":"","width":0,"height":0},"classes":[]},{"id":213,"url":"https:\/\/kotrla.com\/pmpro\/2010\/04\/hevierova-lecba-k-literature\/","url_meta":{"origin":310,"position":3},"title":"Hevierova l\u00e9\u010dba k literatu\u0159e","author":"Pavel Kotrla","date":"26.4.2010","format":false,"excerpt":"ps\u00e1no pro Host 3\/2010 Obliba blog\u016f za\u010d\u00edn\u00e1 pomalu klesat a sv\u016fj vrchol maj\u00ed pravd\u011bpodobn\u011b u\u017e za sebou. Na v\u00fdslun\u00ed jsou nyn\u00ed mikroblogy a soci\u00e1ln\u00ed s\u00edt\u011b s je\u0161t\u011b krat\u0161\u00edmi a kusej\u0161\u00edmi sd\u011blen\u00edmi, kde u\u017e pro literaturu nebo jej\u00ed reflexi p\u0159\u00edli\u0161 m\u00edsta nen\u00ed. Kdysi v prehistorii, je\u0161t\u011b p\u0159ed blogy, jsem r\u00e1d sledoval\u2026","rel":"","context":"V \u201eInternet\u201c","block_context":{"text":"Internet","link":"https:\/\/kotrla.com\/pmpro\/category\/internet\/"},"img":{"alt_text":"","src":"","width":0,"height":0},"classes":[]},{"id":12877,"url":"https:\/\/kotrla.com\/pmpro\/2025\/06\/bibliofilie-potize-se-zenami-a-jeji-uvedeni\/","url_meta":{"origin":310,"position":4},"title":"Bibliofilie Pot\u00ed\u017ee se \u017eenami a jej\u00ed uveden\u00ed","author":"Pavel Kotrla","date":"10.6.2025","format":false,"excerpt":"Ve \u010dtvrtek\u00a05. 6. jsme v pr\u016fb\u011bhu ve\u010d\u00edrku m\u00e9ho jednomu\u017en\u00e9ho nakladatelstv\u00ed Klenov (fotky v p\u0159\u00edsp\u011bvku n\u00ed\u017ee) uvedli moji novou bibliofilii Pot\u00ed\u017ee se \u017eenami. Tentokr\u00e1t jsem spojil s\u00edly spole\u010dn\u011b s v\u00fdtvarnic\u00ed Janouzapou, kter\u00e1 vytvo\u0159ila linoryty k m\u00fdm t\u0159em pov\u00eddk\u00e1m. Ka\u017ed\u00fd v\u00fdtisk tak obsahuje t\u0159i origin\u00e1ly. Najdete je na str\u00e1nce knize v\u011bnovan\u00e9, n\u011bco\u2026","rel":"","context":"V \u201eBibliofilie\u201c","block_context":{"text":"Bibliofilie","link":"https:\/\/kotrla.com\/pmpro\/category\/bibliofilie\/"},"img":{"alt_text":"","src":"https:\/\/i0.wp.com\/kotrla.com\/pmpro\/wp-content\/uploads\/2025\/06\/vecirek_klenova_IMGP7729-150x150.jpg?resize=350%2C200&ssl=1","width":350,"height":200,"srcset":"https:\/\/i0.wp.com\/kotrla.com\/pmpro\/wp-content\/uploads\/2025\/06\/vecirek_klenova_IMGP7729-150x150.jpg?resize=350%2C200&ssl=1 1x, https:\/\/i0.wp.com\/kotrla.com\/pmpro\/wp-content\/uploads\/2025\/06\/vecirek_klenova_IMGP7729-150x150.jpg?resize=525%2C300&ssl=1 1.5x, https:\/\/i0.wp.com\/kotrla.com\/pmpro\/wp-content\/uploads\/2025\/06\/vecirek_klenova_IMGP7729-150x150.jpg?resize=700%2C400&ssl=1 2x, https:\/\/i0.wp.com\/kotrla.com\/pmpro\/wp-content\/uploads\/2025\/06\/vecirek_klenova_IMGP7729-150x150.jpg?resize=1050%2C600&ssl=1 3x, https:\/\/i0.wp.com\/kotrla.com\/pmpro\/wp-content\/uploads\/2025\/06\/vecirek_klenova_IMGP7729-150x150.jpg?resize=1400%2C800&ssl=1 4x"},"classes":[]},{"id":597,"url":"https:\/\/kotrla.com\/pmpro\/2006\/03\/ploche-a-schematicke-knihy-dana-browna\/","url_meta":{"origin":310,"position":5},"title":"Ploch\u00e9 a schematick\u00e9 knihy Dana Browna","author":"Pavel Kotrla","date":"13.3.2006","format":false,"excerpt":"Do\u010detl jsem posledn\u00ed z knih Dana Browna Digit\u00e1ln\u00ed pevnost a s\u00e1m si kladu ot\u00e1zku pro\u010d jsem to v\u016fbec d\u011blal. Zas jednou zabit\u00fd \u010das, kter\u00fd jsem mohl v\u011bnovat n\u011b\u010demu jin\u00e9mu. U\u017e asi minim\u00e1ln\u011b od t\u0159etiny jsem tu\u0161il fin\u00e1ln\u00ed z\u00e1pletku i jej\u00ed rozuzlen\u00ed. Pokud pominu, \u017ee Brown dok\u00e1\u017ee vyprodukovat \u0159adu vycp\u00e1vkov\u00fdch stran\u2026","rel":"","context":"V \u201e\u010cten\u00e1\u0159sk\u00fd den\u00edk\u201c","block_context":{"text":"\u010cten\u00e1\u0159sk\u00fd den\u00edk","link":"https:\/\/kotrla.com\/pmpro\/category\/ctenarsky-denik\/"},"img":{"alt_text":"Dan Brown: Digit\u00e1ln\u00ed pevnost","src":"https:\/\/i0.wp.com\/kotrla.com\/pmpro\/images\/uploads\/brown_pevnost.jpeg?resize=350%2C200&ssl=1","width":350,"height":200},"classes":[]}],"jetpack_sharing_enabled":true,"_links":{"self":[{"href":"https:\/\/kotrla.com\/pmpro\/wp-json\/wp\/v2\/posts\/310","targetHints":{"allow":["GET"]}}],"collection":[{"href":"https:\/\/kotrla.com\/pmpro\/wp-json\/wp\/v2\/posts"}],"about":[{"href":"https:\/\/kotrla.com\/pmpro\/wp-json\/wp\/v2\/types\/post"}],"author":[{"embeddable":true,"href":"https:\/\/kotrla.com\/pmpro\/wp-json\/wp\/v2\/users\/1"}],"replies":[{"embeddable":true,"href":"https:\/\/kotrla.com\/pmpro\/wp-json\/wp\/v2\/comments?post=310"}],"version-history":[{"count":0,"href":"https:\/\/kotrla.com\/pmpro\/wp-json\/wp\/v2\/posts\/310\/revisions"}],"wp:attachment":[{"href":"https:\/\/kotrla.com\/pmpro\/wp-json\/wp\/v2\/media?parent=310"}],"wp:term":[{"taxonomy":"category","embeddable":true,"href":"https:\/\/kotrla.com\/pmpro\/wp-json\/wp\/v2\/categories?post=310"},{"taxonomy":"post_tag","embeddable":true,"href":"https:\/\/kotrla.com\/pmpro\/wp-json\/wp\/v2\/tags?post=310"}],"curies":[{"name":"wp","href":"https:\/\/api.w.org\/{rel}","templated":true}]}}