{"id":313,"date":"2008-12-15T16:00:48","date_gmt":"2008-12-15T15:00:48","guid":{"rendered":"http:\/\/kotrla.com\/wordpress\/?p=313"},"modified":"2019-11-20T22:39:26","modified_gmt":"2019-11-20T21:39:26","slug":"v-souradnicich-volnosti","status":"publish","type":"post","link":"https:\/\/kotrla.com\/pmpro\/2008\/12\/v-souradnicich-volnosti\/","title":{"rendered":"V sou\u0159adnic\u00edch volnosti"},"content":{"rendered":"<p><img loading=\"lazy\" decoding=\"async\" src=\"https:\/\/kotrla.com\/pmpro\/images\/uploads\/v_souradnicich_volnosti.jpg\" border=\"0\" alt=\"kolektiv autor\u016f: V sou\u0159adnic\u00edch volnosti\" width=\"147\" height=\"202\" align=\"right\" \/>P\u0159\u00edjemn\u00e9 p\u0159ekvapen\u00ed, tedy aspo\u0148 pro mne. V p\u00e1tek na mne \u010dekal doma autorsk\u00fd v\u00fdtisk knihy V sou\u0159adnic\u00edch volnosti, kterou vydalo nakladatelstv\u00ed Academia. Je to t\u011b\u017ek\u00fd a forteln\u00fd \u0161palek (738 stran). Knihu, kter\u00e1 obsahuje interpretace z\u00e1kladn\u00edch d\u011bl devades\u00e1t\u00fdch let minul\u00e9ho stolet\u00ed si (p\u0159es sv\u016fj margin\u00e1ln\u00ed pod\u00edl &#8211; pouze jeden text, a to interpretace b\u00e1snick\u00e9 sb\u00edrky Bogdana Trojaka Pan Twardowski) dovol\u00edm doporu\u010dit v\u0161em z\u00e1jemc\u016fm o \u010deskou literaturu. Byla to l\u00e9ta, kter\u00e1 osobn\u011b pova\u017euji za jeden z boomu \u010desk\u00e9 literatury. Literatura za\u010dala po letech fungovat norm\u00e1ln\u011b, spojily se v\u0161echny proudy. Na sc\u00e9n\u011b se objevila \u0159ada nov\u00fdch jmen, a to i nejmlad\u0161\u00ed generace. A vznikla \u0159ada kvalitn\u00edch d\u011bl. Ostatn\u011b tento svazek je toho dokladem. Ide\u00e1ln\u00ed \u010dten\u00ed pro dlouh\u00e9 zimn\u00ed ve\u010dery.<\/p>\n","protected":false},"excerpt":{"rendered":"<p>P\u0159\u00edjemn\u00e9 p\u0159ekvapen\u00ed, tedy aspo\u0148 pro mne. V p\u00e1tek na mne \u010dekal doma autorsk\u00fd v\u00fdtisk knihy V sou\u0159adnic\u00edch volnosti, kterou vydalo nakladatelstv\u00ed Academia. Je to t\u011b\u017ek\u00fd a forteln\u00fd \u0161palek (738 stran). Knihu, kter\u00e1 obsahuje interpretace z\u00e1kladn\u00edch d\u011bl devades\u00e1t\u00fdch let minul\u00e9ho stolet\u00ed si (p\u0159es sv\u016fj margin\u00e1ln\u00ed pod\u00edl &#8211; pouze jeden text, a to interpretace b\u00e1snick\u00e9 sb\u00edrky Bogdana [&hellip;]<\/p>\n","protected":false},"author":1,"featured_media":0,"comment_status":"open","ping_status":"open","sticky":false,"template":"","format":"standard","meta":{"site-sidebar-layout":"default","site-content-layout":"","ast-site-content-layout":"default","site-content-style":"default","site-sidebar-style":"default","ast-global-header-display":"","ast-banner-title-visibility":"","ast-main-header-display":"","ast-hfb-above-header-display":"","ast-hfb-below-header-display":"","ast-hfb-mobile-header-display":"","site-post-title":"","ast-breadcrumbs-content":"","ast-featured-img":"","footer-sml-layout":"","ast-disable-related-posts":"","theme-transparent-header-meta":"","adv-header-id-meta":"","stick-header-meta":"","header-above-stick-meta":"","header-main-stick-meta":"","header-below-stick-meta":"","astra-migrate-meta-layouts":"default","ast-page-background-enabled":"default","ast-page-background-meta":{"desktop":{"background-color":"var(--ast-global-color-5)","background-image":"","background-repeat":"repeat","background-position":"center center","background-size":"auto","background-attachment":"scroll","background-type":"","background-media":"","overlay-type":"","overlay-color":"","overlay-opacity":"","overlay-gradient":""},"tablet":{"background-color":"","background-image":"","background-repeat":"repeat","background-position":"center center","background-size":"auto","background-attachment":"scroll","background-type":"","background-media":"","overlay-type":"","overlay-color":"","overlay-opacity":"","overlay-gradient":""},"mobile":{"background-color":"","background-image":"","background-repeat":"repeat","background-position":"center center","background-size":"auto","background-attachment":"scroll","background-type":"","background-media":"","overlay-type":"","overlay-color":"","overlay-opacity":"","overlay-gradient":""}},"ast-content-background-meta":{"desktop":{"background-color":"var(--ast-global-color-4)","background-image":"","background-repeat":"repeat","background-position":"center center","background-size":"auto","background-attachment":"scroll","background-type":"","background-media":"","overlay-type":"","overlay-color":"","overlay-opacity":"","overlay-gradient":""},"tablet":{"background-color":"var(--ast-global-color-4)","background-image":"","background-repeat":"repeat","background-position":"center center","background-size":"auto","background-attachment":"scroll","background-type":"","background-media":"","overlay-type":"","overlay-color":"","overlay-opacity":"","overlay-gradient":""},"mobile":{"background-color":"var(--ast-global-color-4)","background-image":"","background-repeat":"repeat","background-position":"center center","background-size":"auto","background-attachment":"scroll","background-type":"","background-media":"","overlay-type":"","overlay-color":"","overlay-opacity":"","overlay-gradient":""}},"jetpack_post_was_ever_published":false,"_jetpack_newsletter_access":"","_jetpack_dont_email_post_to_subs":false,"_jetpack_newsletter_tier_id":0,"_jetpack_memberships_contains_paywalled_content":false,"_jetpack_memberships_contains_paid_content":false,"footnotes":""},"categories":[2,3],"tags":[],"class_list":["post-313","post","type-post","status-publish","format-standard","hentry","category-literatura","category-osobni"],"jetpack_featured_media_url":"","jetpack_shortlink":"https:\/\/wp.me\/p4mLP7-53","jetpack-related-posts":[{"id":12399,"url":"https:\/\/kotrla.com\/pmpro\/2025\/01\/v-souradnicich-neklidu-uvedeni-knihy\/","url_meta":{"origin":313,"position":0},"title":"V sou\u0159adnic\u00edch neklidu \u2013 uveden\u00ed knihy","author":"Pavel Kotrla","date":"14.1.2025","format":false,"excerpt":"Slavnostn\u00ed uveden\u00ed knihy prob\u011bhne 6. \u00fanora 2024 v 17 hodin doln\u00ed zasedac\u00ed m\u00edstnost \u00da\u010cL AV \u010cR, Na Florenci 3, Praha 1. Do publikace, kter\u00e1 p\u0159in\u00e1\u0161\u00ed interpretace vybran\u00fdch d\u011bl \u010desk\u00fdch autor\u016f z druh\u00e9 dek\u00e1dy tohoto stolet\u00ed, jsem p\u0159isp\u011bl (ale nejen j\u00e1) jejich fotografiemi. N\u011bkter\u00e9 z nich byly v minulosti publikov\u00e1ny i\u2026","rel":"","context":"V \u201eFotografie\u201c","block_context":{"text":"Fotografie","link":"https:\/\/kotrla.com\/pmpro\/category\/fotografie\/"},"img":{"alt_text":"","src":"https:\/\/i0.wp.com\/kotrla.com\/pmpro\/wp-content\/uploads\/2025\/01\/v_souradnicich_neklidu.jpg?resize=350%2C200&ssl=1","width":350,"height":200,"srcset":"https:\/\/i0.wp.com\/kotrla.com\/pmpro\/wp-content\/uploads\/2025\/01\/v_souradnicich_neklidu.jpg?resize=350%2C200&ssl=1 1x, https:\/\/i0.wp.com\/kotrla.com\/pmpro\/wp-content\/uploads\/2025\/01\/v_souradnicich_neklidu.jpg?resize=525%2C300&ssl=1 1.5x, https:\/\/i0.wp.com\/kotrla.com\/pmpro\/wp-content\/uploads\/2025\/01\/v_souradnicich_neklidu.jpg?resize=700%2C400&ssl=1 2x, https:\/\/i0.wp.com\/kotrla.com\/pmpro\/wp-content\/uploads\/2025\/01\/v_souradnicich_neklidu.jpg?resize=1050%2C600&ssl=1 3x, https:\/\/i0.wp.com\/kotrla.com\/pmpro\/wp-content\/uploads\/2025\/01\/v_souradnicich_neklidu.jpg?resize=1400%2C800&ssl=1 4x"},"classes":[]},{"id":49,"url":"https:\/\/kotrla.com\/pmpro\/2013\/04\/gabovo-macondo\/","url_meta":{"origin":313,"position":1},"title":"Gabovo Macondo","author":"Pavel Kotrla","date":"14.4.2013","format":false,"excerpt":"ps\u00e1no pro Host 08\/2012. Jsou m\u00edsta, kter\u00e1 na map\u00e1ch nenajdeme, a p\u0159esto v jejich existenci v\u011b\u0159\u00edme. Jedn\u00edm z nich je i Macondo Gabriela Garc\u00edi M\u00e1rqueze. Nen\u00ed divu, \u017ee m\u00e1 svou vlastn\u00ed str\u00e1nku na Wikipedii, ani to, \u017ee b\u00fdv\u00e1 ztoto\u017e\u0148ov\u00e1no s autorov\u00fdm rodi\u0161t\u011bm m\u011bstem Aracataca. Ale my, jeho \u010dten\u00e1\u0159i, se tomu\u2026","rel":"","context":"V \u201eInternet\u201c","block_context":{"text":"Internet","link":"https:\/\/kotrla.com\/pmpro\/category\/internet\/"},"img":{"alt_text":"Macondo","src":"https:\/\/i0.wp.com\/kotrla.com\/pmpro\/images\/uploads\/marquez_macondo.gif?resize=350%2C200&ssl=1","width":350,"height":200},"classes":[]},{"id":490,"url":"https:\/\/kotrla.com\/pmpro\/2007\/01\/prohrabovani\/","url_meta":{"origin":313,"position":2},"title":"Prohrabov\u00e1n\u00ed","author":"Pavel Kotrla","date":"9.1.2007","format":false,"excerpt":"Prohrabov\u00e1n\u00ed se v archivech, antikvari\u00e1tech a region\u00e1ln\u00edch tisc\u00edch m\u00e1 krom \u010dast\u00e9ho kouzla necht\u011bn\u00e9ho i kouzlo objevovan\u00e9ho. On ten m\u016fj \u201eobjev\u201c teda nen\u00ed \u017e\u00e1dn\u00fd v\u00fdk\u0159ik modern\u00ed lyriky, ale pot\u011b\u0161\u00ed p\u0159edev\u0161\u00edm t\u00edm, \u017ee je o m\u00e9 d\u011bdin\u011b. Anton\u00edn Jemel\u00edk BYST\u0158I\u010cKA Sv\u011bt\u00fdlka horsk\u00fdch chaloupek napadlo do t\u00e9to roklinky tepl\u00e9 jak bybi\u010d\u010din kl\u00edn m\u011bkk\u00e9\u2026","rel":"","context":"V \u201eLiteratura\u201c","block_context":{"text":"Literatura","link":"https:\/\/kotrla.com\/pmpro\/category\/literatura\/"},"img":{"alt_text":"","src":"","width":0,"height":0},"classes":[]},{"id":197,"url":"https:\/\/kotrla.com\/pmpro\/2010\/07\/na-hrbete-delfina\/","url_meta":{"origin":313,"position":3},"title":"Na h\u0159bet\u011b delf\u00edna","author":"Pavel Kotrla","date":"25.7.2010","format":false,"excerpt":"ps\u00e1no pro Host 6\/2010 Portfolio rusk\u00fdch liter\u00e1rn\u00edch \u010dasopis\u016f mne asi nikdy nep\u0159estane udivovat, ostatn\u011b z\u00e1kladn\u00ed p\u0159ehled sami m\u016f\u017eete z\u00edskat na serveru \u0416\u0443\u0440\u043d\u0430\u043b\u044c\u043d\u044b\u0439 \u0437\u0430\u043b, kter\u00fd p\u0159in\u00e1\u0161\u00ed informace o n\u011bkter\u00fdch z nich a kter\u00fd je z\u00e1rove\u0148 jejich virtu\u00e1ln\u00edm archivem. Je to st\u00e1le velk\u00e1 zem\u011b\u2026 Kdy\u017e legend\u00e1rn\u00ed b\u00e1sn\u00edk Ari\u00f3n z M\u00e9thymny vezen na\u2026","rel":"","context":"V \u201eInternet\u201c","block_context":{"text":"Internet","link":"https:\/\/kotrla.com\/pmpro\/category\/internet\/"},"img":{"alt_text":"image","src":"https:\/\/i0.wp.com\/kotrla.com\/pmpro\/images\/uploads\/arion.gif?resize=350%2C200&ssl=1","width":350,"height":200},"classes":[]},{"id":140,"url":"https:\/\/kotrla.com\/pmpro\/2011\/07\/erbenovy-oslavy\/","url_meta":{"origin":313,"position":4},"title":"Erbenovy oslavy?","author":"Pavel Kotrla","date":"21.7.2011","format":false,"excerpt":"A\u0165 byly lo\u0148sk\u00e9 oslavy M\u00e1chova v\u00fdro\u010d\u00ed jak\u00e9 tak\u00e9, p\u0159ece jen n\u011bjakou odezvu nalezly. Na oslavy Erbenova v\u00fdro\u010d\u00ed narozen\u00ed u\u017e ale nevybylo. Obec spisovatel\u016f postupn\u011b projedla sv\u016fj majetek, podrobn\u011b pops\u00e1no nap\u0159. v posledn\u00edm p\u0159edpr\u00e1zdninov\u00e9m Hostu. A nikdo jin\u00fd se k tomu, aby p\u0159ipomenul tuto v\u00fdznamnou osobnost, nem\u00e1. Jakoby m\u011bl Erben z\u016fstat\u2026","rel":"","context":"V \u201e\u010cten\u00e1\u0159sk\u00fd den\u00edk\u201c","block_context":{"text":"\u010cten\u00e1\u0159sk\u00fd den\u00edk","link":"https:\/\/kotrla.com\/pmpro\/category\/ctenarsky-denik\/"},"img":{"alt_text":"Karel Jarom\u00edr Erben: Kytice (Pr\u00e1h)","src":"https:\/\/i0.wp.com\/kotrla.com\/pmpro\/images\/uploads\/erben_kytice1.jpg?resize=350%2C200&ssl=1","width":350,"height":200},"classes":[]},{"id":320,"url":"https:\/\/kotrla.com\/pmpro\/2008\/11\/z-bloku-05-prazdna-mista-na-okraji\/","url_meta":{"origin":313,"position":5},"title":"Z bloku 05: Pr\u00e1zdn\u00e1 m\u00edsta na okraji","author":"Pavel Kotrla","date":"4.11.2008","format":false,"excerpt":"Sloupek vy\u0161el v Tvaru \u010d. 17 (16.10.2008). Ohlas pak v pond\u011bln\u00edku Vladim\u00edra Novotn\u00e9ho Hroz\u00ed n\u00e1m tis\u00edce \u0160pirit\u016f? P\u0159i brouzd\u00e1n\u00ed, kter\u00e9 se mi v l\u00e9t\u011b a na podzim poda\u0159ilo na\u0161t\u011bst\u00ed omezit na nejnutn\u011bj\u0161\u00ed minimum, jsem narazil sv\u00e9ho \u010dasu na rusk\u00e9 str\u00e1nky, kter\u00e9 se v\u011bnovaly geografick\u00e9mu rozm\u00edst\u011bn\u00ed spisovatel\u016f v t\u00e9to rozs\u00e1hl\u00e9 zemi.\u2026","rel":"","context":"V \u201eSloupky pro Tvar\u201c","block_context":{"text":"Sloupky pro Tvar","link":"https:\/\/kotrla.com\/pmpro\/category\/sloupky-pro-tvar\/"},"img":{"alt_text":"","src":"","width":0,"height":0},"classes":[]}],"jetpack_sharing_enabled":true,"_links":{"self":[{"href":"https:\/\/kotrla.com\/pmpro\/wp-json\/wp\/v2\/posts\/313","targetHints":{"allow":["GET"]}}],"collection":[{"href":"https:\/\/kotrla.com\/pmpro\/wp-json\/wp\/v2\/posts"}],"about":[{"href":"https:\/\/kotrla.com\/pmpro\/wp-json\/wp\/v2\/types\/post"}],"author":[{"embeddable":true,"href":"https:\/\/kotrla.com\/pmpro\/wp-json\/wp\/v2\/users\/1"}],"replies":[{"embeddable":true,"href":"https:\/\/kotrla.com\/pmpro\/wp-json\/wp\/v2\/comments?post=313"}],"version-history":[{"count":0,"href":"https:\/\/kotrla.com\/pmpro\/wp-json\/wp\/v2\/posts\/313\/revisions"}],"wp:attachment":[{"href":"https:\/\/kotrla.com\/pmpro\/wp-json\/wp\/v2\/media?parent=313"}],"wp:term":[{"taxonomy":"category","embeddable":true,"href":"https:\/\/kotrla.com\/pmpro\/wp-json\/wp\/v2\/categories?post=313"},{"taxonomy":"post_tag","embeddable":true,"href":"https:\/\/kotrla.com\/pmpro\/wp-json\/wp\/v2\/tags?post=313"}],"curies":[{"name":"wp","href":"https:\/\/api.w.org\/{rel}","templated":true}]}}