{"id":3235,"date":"2017-06-28T16:42:50","date_gmt":"2017-06-28T15:42:50","guid":{"rendered":"http:\/\/kotrla.com\/pmpro\/?p=3235"},"modified":"2019-11-20T22:46:36","modified_gmt":"2019-11-20T21:46:36","slug":"jeden-ze-stavitelu","status":"publish","type":"post","link":"https:\/\/kotrla.com\/pmpro\/2017\/06\/jeden-ze-stavitelu\/","title":{"rendered":"Jeden ze stavitel\u016f"},"content":{"rendered":"<p>Ing. Anton\u00edn Stan\u011bk byl stavitelem ve Vala\u0161sk\u00e9m Mezi\u0159\u00ed\u010d\u00ed a Fren\u0161t\u00e1tu pod Radho\u0161t\u011bm. A jedn\u00edm ze stavitel\u016f p\u0159ehrady. Nalezeno p\u0159es m\u016fj obl\u00edben\u00fd port\u00e1l <a href=\"http:\/\/www.europeana.eu\/\">Europeana<\/a>. N\u011bkdy pot\u011b\u0161\u00ed, kdy\u017e archivy daj\u00ed jm\u00e9n\u016fm tv\u00e1\u0159e.<\/p>\n<figure id=\"attachment_3234\" aria-describedby=\"caption-attachment-3234\" style=\"width: 600px\" class=\"wp-caption alignnone\"><a href=\"https:\/\/kotrla.com\/pmpro\/wp-content\/uploads\/2017\/06\/stavitel_antonin_stanek.jpg\"><img loading=\"lazy\" decoding=\"async\" class=\"size-full wp-image-3234\" src=\"https:\/\/kotrla.com\/pmpro\/wp-content\/uploads\/2017\/06\/stavitel_antonin_stanek.jpg\" alt=\"Ing. Anton\u00edn Stan\u011bk\" width=\"600\" height=\"899\" srcset=\"https:\/\/kotrla.com\/pmpro\/wp-content\/uploads\/2017\/06\/stavitel_antonin_stanek.jpg 600w, https:\/\/kotrla.com\/pmpro\/wp-content\/uploads\/2017\/06\/stavitel_antonin_stanek-200x300.jpg 200w\" sizes=\"auto, (max-width: 600px) 100vw, 600px\" \/><\/a><figcaption id=\"caption-attachment-3234\" class=\"wp-caption-text\">Ing. Anton\u00edn Stan\u011bk<\/figcaption><\/figure>\n","protected":false},"excerpt":{"rendered":"<p>Ing. Anton\u00edn Stan\u011bk byl stavitelem ve Vala\u0161sk\u00e9m Mezi\u0159\u00ed\u010d\u00ed a Fren\u0161t\u00e1tu pod Radho\u0161t\u011bm. A jedn\u00edm ze stavitel\u016f p\u0159ehrady. Nalezeno p\u0159es m\u016fj obl\u00edben\u00fd port\u00e1l Europeana. N\u011bkdy pot\u011b\u0161\u00ed, kdy\u017e archivy daj\u00ed jm\u00e9n\u016fm tv\u00e1\u0159e.<\/p>\n","protected":false},"author":1,"featured_media":0,"comment_status":"open","ping_status":"open","sticky":false,"template":"","format":"standard","meta":{"site-sidebar-layout":"default","site-content-layout":"","ast-site-content-layout":"default","site-content-style":"default","site-sidebar-style":"default","ast-global-header-display":"","ast-banner-title-visibility":"","ast-main-header-display":"","ast-hfb-above-header-display":"","ast-hfb-below-header-display":"","ast-hfb-mobile-header-display":"","site-post-title":"","ast-breadcrumbs-content":"","ast-featured-img":"","footer-sml-layout":"","ast-disable-related-posts":"","theme-transparent-header-meta":"","adv-header-id-meta":"","stick-header-meta":"","header-above-stick-meta":"","header-main-stick-meta":"","header-below-stick-meta":"","astra-migrate-meta-layouts":"default","ast-page-background-enabled":"default","ast-page-background-meta":{"desktop":{"background-color":"var(--ast-global-color-5)","background-image":"","background-repeat":"repeat","background-position":"center center","background-size":"auto","background-attachment":"scroll","background-type":"","background-media":"","overlay-type":"","overlay-color":"","overlay-opacity":"","overlay-gradient":""},"tablet":{"background-color":"","background-image":"","background-repeat":"repeat","background-position":"center center","background-size":"auto","background-attachment":"scroll","background-type":"","background-media":"","overlay-type":"","overlay-color":"","overlay-opacity":"","overlay-gradient":""},"mobile":{"background-color":"","background-image":"","background-repeat":"repeat","background-position":"center center","background-size":"auto","background-attachment":"scroll","background-type":"","background-media":"","overlay-type":"","overlay-color":"","overlay-opacity":"","overlay-gradient":""}},"ast-content-background-meta":{"desktop":{"background-color":"var(--ast-global-color-4)","background-image":"","background-repeat":"repeat","background-position":"center center","background-size":"auto","background-attachment":"scroll","background-type":"","background-media":"","overlay-type":"","overlay-color":"","overlay-opacity":"","overlay-gradient":""},"tablet":{"background-color":"var(--ast-global-color-4)","background-image":"","background-repeat":"repeat","background-position":"center center","background-size":"auto","background-attachment":"scroll","background-type":"","background-media":"","overlay-type":"","overlay-color":"","overlay-opacity":"","overlay-gradient":""},"mobile":{"background-color":"var(--ast-global-color-4)","background-image":"","background-repeat":"repeat","background-position":"center center","background-size":"auto","background-attachment":"scroll","background-type":"","background-media":"","overlay-type":"","overlay-color":"","overlay-opacity":"","overlay-gradient":""}},"jetpack_post_was_ever_published":false,"_jetpack_newsletter_access":"","_jetpack_dont_email_post_to_subs":false,"_jetpack_newsletter_tier_id":0,"_jetpack_memberships_contains_paywalled_content":false,"_jetpack_memberships_contains_paid_content":false,"footnotes":""},"categories":[5,7],"tags":[],"class_list":["post-3235","post","type-post","status-publish","format-standard","hentry","category-bystricka","category-fotografie"],"jetpack_featured_media_url":"","jetpack_shortlink":"https:\/\/wp.me\/p4mLP7-Qb","jetpack-related-posts":[{"id":10114,"url":"https:\/\/kotrla.com\/pmpro\/2022\/12\/antonin-bajaja-1942-2022\/","url_meta":{"origin":3235,"position":0},"title":"Anton\u00edn Bajaja (1942-2022)","author":"Pavel Kotrla","date":"17.12.2022","format":false,"excerpt":"\u201eP\u00e1jo, vol\u00e1 ti n\u011bjak\u00fd princ,\u201c oz\u00fdv\u00e1 se ze sm\u00edchem z hlubin d\u00e1vnov\u011bku a kr\u00e1lovstv\u00ed pevn\u00fdch linek moje \u0161vagrov\u00e1. Byla to za ta l\u00e9ta s Tondou vz\u00e1cn\u00e1 a radostn\u00e1 setk\u00e1n\u00ed. (A jen u n\u011bkter\u00fdch jsem m\u011bl fotoapar\u00e1t.) Princ u\u017e nezavol\u00e1. V\u010dera po dlouh\u00e9 nemoci zem\u0159el. Anton\u00edn Bajaja (30. kv\u011btna 1942 Zl\u00edn\u2026","rel":"","context":"V \u201eFotografie\u201c","block_context":{"text":"Fotografie","link":"https:\/\/kotrla.com\/pmpro\/category\/fotografie\/"},"img":{"alt_text":"","src":"https:\/\/i0.wp.com\/kotrla.com\/pmpro\/wp-content\/uploads\/2022\/12\/2003_zlinsky_kveten_2003_019-150x150.jpg?resize=350%2C200&ssl=1","width":350,"height":200,"srcset":"https:\/\/i0.wp.com\/kotrla.com\/pmpro\/wp-content\/uploads\/2022\/12\/2003_zlinsky_kveten_2003_019-150x150.jpg?resize=350%2C200&ssl=1 1x, https:\/\/i0.wp.com\/kotrla.com\/pmpro\/wp-content\/uploads\/2022\/12\/2003_zlinsky_kveten_2003_019-150x150.jpg?resize=525%2C300&ssl=1 1.5x, https:\/\/i0.wp.com\/kotrla.com\/pmpro\/wp-content\/uploads\/2022\/12\/2003_zlinsky_kveten_2003_019-150x150.jpg?resize=700%2C400&ssl=1 2x, https:\/\/i0.wp.com\/kotrla.com\/pmpro\/wp-content\/uploads\/2022\/12\/2003_zlinsky_kveten_2003_019-150x150.jpg?resize=1050%2C600&ssl=1 3x, https:\/\/i0.wp.com\/kotrla.com\/pmpro\/wp-content\/uploads\/2022\/12\/2003_zlinsky_kveten_2003_019-150x150.jpg?resize=1400%2C800&ssl=1 4x"},"classes":[]},{"id":1961,"url":"https:\/\/kotrla.com\/pmpro\/2014\/05\/par-fotek-ze-zlinskeho-cteni\/","url_meta":{"origin":3235,"position":1},"title":"P\u00e1r fotek ze zl\u00ednsk\u00e9ho \u010dten\u00ed","author":"Pavel Kotrla","date":"19.5.2014","format":false,"excerpt":"Dal\u0161\u00ed fotky z na\u0161eho \u010dten\u00ed z 23. 4. najdete na str\u00e1nk\u00e1ch festivalu Liter\u00e1rn\u00ed jaro Zl\u00edn 2014 a na Facebooku Ond\u0159eje Hlo\u017eka. Festivalu jsem se \u00fa\u010dastnil u\u017e i v roce 2003 (a pak je\u0161t\u011b jednoho ro\u010dn\u00edku), v knihovn\u011b jsme pak s Kubou \u010detli i v roce 2005.","rel":"","context":"V \u201eFotografie\u201c","block_context":{"text":"Fotografie","link":"https:\/\/kotrla.com\/pmpro\/category\/fotografie\/"},"img":{"alt_text":"","src":"https:\/\/i0.wp.com\/kotrla.com\/pmpro\/wp-content\/uploads\/2014\/05\/IMG5749_up.jpg?resize=350%2C200&ssl=1","width":350,"height":200,"srcset":"https:\/\/i0.wp.com\/kotrla.com\/pmpro\/wp-content\/uploads\/2014\/05\/IMG5749_up.jpg?resize=350%2C200&ssl=1 1x, https:\/\/i0.wp.com\/kotrla.com\/pmpro\/wp-content\/uploads\/2014\/05\/IMG5749_up.jpg?resize=525%2C300&ssl=1 1.5x"},"classes":[]},{"id":10171,"url":"https:\/\/kotrla.com\/pmpro\/2023\/01\/antonin-bezdek-vaclav-stratil-neco-tretiho\/","url_meta":{"origin":3235,"position":2},"title":"Anton\u00edn Bezd\u011bk \/ V\u00e1clav Stratil \u2013 N\u011bco t\u0159et\u00edho","author":"Pavel Kotrla","date":"9.1.2023","format":false,"excerpt":"N\u011bkolik fotografi\u00ed z uveden\u00ed knihy N\u011bco t\u0159et\u00edho Anton\u00edna Bezd\u011bka a V\u00e1clava Stratila (nakladatelstv\u00ed Burian a Tich\u00e1k) 5. 1. 2023 v olomouck\u00e9 galerii Caesar.","rel":"","context":"V \u201eFotografie\u201c","block_context":{"text":"Fotografie","link":"https:\/\/kotrla.com\/pmpro\/category\/fotografie\/"},"img":{"alt_text":"","src":"https:\/\/i0.wp.com\/kotrla.com\/pmpro\/wp-content\/uploads\/2023\/01\/neco_tretiho_IMGP4557-150x150.jpg?resize=350%2C200&ssl=1","width":350,"height":200,"srcset":"https:\/\/i0.wp.com\/kotrla.com\/pmpro\/wp-content\/uploads\/2023\/01\/neco_tretiho_IMGP4557-150x150.jpg?resize=350%2C200&ssl=1 1x, https:\/\/i0.wp.com\/kotrla.com\/pmpro\/wp-content\/uploads\/2023\/01\/neco_tretiho_IMGP4557-150x150.jpg?resize=525%2C300&ssl=1 1.5x, https:\/\/i0.wp.com\/kotrla.com\/pmpro\/wp-content\/uploads\/2023\/01\/neco_tretiho_IMGP4557-150x150.jpg?resize=700%2C400&ssl=1 2x, https:\/\/i0.wp.com\/kotrla.com\/pmpro\/wp-content\/uploads\/2023\/01\/neco_tretiho_IMGP4557-150x150.jpg?resize=1050%2C600&ssl=1 3x, https:\/\/i0.wp.com\/kotrla.com\/pmpro\/wp-content\/uploads\/2023\/01\/neco_tretiho_IMGP4557-150x150.jpg?resize=1400%2C800&ssl=1 4x"},"classes":[]},{"id":1128,"url":"https:\/\/kotrla.com\/pmpro\/2003\/12\/obsah-aluze-22003\/","url_meta":{"origin":3235,"position":3},"title":"Obsah Aluze 2\/2003","author":"Pavel Kotrla","date":"18.12.2003","format":false,"excerpt":"Proto\u017ee aktualizace str\u00e1nek Aluze.cz mi zabere o n\u011bco v\u00edce \u010dasu, m\u016f\u017eete si prohl\u00e9dnout obsah nov\u00e9ho \u010d\u00edsla zde. Obsah ALUZE 2\/2003 Poezie \u00a0 Radek Mal\u00fd: Z\u00e1blesky a mal\u00e9 b\u00e1sn\u011b \u00a0 Yusef Komunyakaa: Chv\u00e1la temn\u00fdch m\u00edst \u2014 \u00favod od Josefa Ja\u0159aba Pr\u00f3za \u00a0 Michal Ajvaz: Opera na zahrad\u011b (uk\u00e1zka z rom\u00e1nu) \u00a0\u2026","rel":"","context":"V \u201eNeza\u0159azen\u00e9\u201c","block_context":{"text":"Neza\u0159azen\u00e9","link":"https:\/\/kotrla.com\/pmpro\/category\/nezarazene\/"},"img":{"alt_text":"","src":"","width":0,"height":0},"classes":[]},{"id":931,"url":"https:\/\/kotrla.com\/pmpro\/2004\/08\/antonin-kostka-moje-vlara\/","url_meta":{"origin":3235,"position":4},"title":"Anton\u00edn Kostka: Moje Vl\u00e1ra","author":"Pavel Kotrla","date":"27.8.2004","format":false,"excerpt":"V\u010dera jsem na Vset\u00edn\u011b nav\u0161t\u00edvil vernis\u00e1\u017e v\u00fdstavy fotografi\u00ed Anton\u00edna Kostky (*1958). V\u00fdstava v galerii V poschod\u00ed potrv\u00e1 do 1. 10. 2004. Vstup je zdarma, tak\u017ee pokud m\u00e1te cestu kolem, nev\u00e1hejte. Zku\u0161en\u011b jsem si v\u010dera nechal fo\u0165\u00e1k doma, tak\u017ee obrazem v\u00e1m v\u00fdstavu nep\u0159ibl\u00ed\u017e\u00edm. Tak\u017ee aspo\u0148 slovy autora: Hled\u00e1m zp\u016fsob, jak vyj\u00e1d\u0159it\u2026","rel":"","context":"V \u201eFotografie\u201c","block_context":{"text":"Fotografie","link":"https:\/\/kotrla.com\/pmpro\/category\/fotografie\/"},"img":{"alt_text":"","src":"","width":0,"height":0},"classes":[]},{"id":490,"url":"https:\/\/kotrla.com\/pmpro\/2007\/01\/prohrabovani\/","url_meta":{"origin":3235,"position":5},"title":"Prohrabov\u00e1n\u00ed","author":"Pavel Kotrla","date":"9.1.2007","format":false,"excerpt":"Prohrabov\u00e1n\u00ed se v archivech, antikvari\u00e1tech a region\u00e1ln\u00edch tisc\u00edch m\u00e1 krom \u010dast\u00e9ho kouzla necht\u011bn\u00e9ho i kouzlo objevovan\u00e9ho. On ten m\u016fj \u201eobjev\u201c teda nen\u00ed \u017e\u00e1dn\u00fd v\u00fdk\u0159ik modern\u00ed lyriky, ale pot\u011b\u0161\u00ed p\u0159edev\u0161\u00edm t\u00edm, \u017ee je o m\u00e9 d\u011bdin\u011b. Anton\u00edn Jemel\u00edk BYST\u0158I\u010cKA Sv\u011bt\u00fdlka horsk\u00fdch chaloupek napadlo do t\u00e9to roklinky tepl\u00e9 jak bybi\u010d\u010din kl\u00edn m\u011bkk\u00e9\u2026","rel":"","context":"V \u201eLiteratura\u201c","block_context":{"text":"Literatura","link":"https:\/\/kotrla.com\/pmpro\/category\/literatura\/"},"img":{"alt_text":"","src":"","width":0,"height":0},"classes":[]}],"jetpack_sharing_enabled":true,"_links":{"self":[{"href":"https:\/\/kotrla.com\/pmpro\/wp-json\/wp\/v2\/posts\/3235","targetHints":{"allow":["GET"]}}],"collection":[{"href":"https:\/\/kotrla.com\/pmpro\/wp-json\/wp\/v2\/posts"}],"about":[{"href":"https:\/\/kotrla.com\/pmpro\/wp-json\/wp\/v2\/types\/post"}],"author":[{"embeddable":true,"href":"https:\/\/kotrla.com\/pmpro\/wp-json\/wp\/v2\/users\/1"}],"replies":[{"embeddable":true,"href":"https:\/\/kotrla.com\/pmpro\/wp-json\/wp\/v2\/comments?post=3235"}],"version-history":[{"count":0,"href":"https:\/\/kotrla.com\/pmpro\/wp-json\/wp\/v2\/posts\/3235\/revisions"}],"wp:attachment":[{"href":"https:\/\/kotrla.com\/pmpro\/wp-json\/wp\/v2\/media?parent=3235"}],"wp:term":[{"taxonomy":"category","embeddable":true,"href":"https:\/\/kotrla.com\/pmpro\/wp-json\/wp\/v2\/categories?post=3235"},{"taxonomy":"post_tag","embeddable":true,"href":"https:\/\/kotrla.com\/pmpro\/wp-json\/wp\/v2\/tags?post=3235"}],"curies":[{"name":"wp","href":"https:\/\/api.w.org\/{rel}","templated":true}]}}