{"id":3308,"date":"2017-08-25T13:08:51","date_gmt":"2017-08-25T12:08:51","guid":{"rendered":"http:\/\/kotrla.com\/pmpro\/?p=3308"},"modified":"2019-11-20T22:46:35","modified_gmt":"2019-11-20T21:46:35","slug":"par-fotek-ze-cteni-na-strese","status":"publish","type":"post","link":"https:\/\/kotrla.com\/pmpro\/2017\/08\/par-fotek-ze-cteni-na-strese\/","title":{"rendered":"P\u00e1r fotek ze \u010dten\u00ed na st\u0159e\u0161e"},"content":{"rendered":"<div id='gallery-1' class='gallery galleryid-3308 gallery-columns-3 gallery-size-thumbnail'><figure class='gallery-item'>\n\t\t\t<div class='gallery-icon landscape'>\n\t\t\t\t<a href='https:\/\/kotrla.com\/pmpro\/2017\/08\/par-fotek-ze-cteni-na-strese\/cteni_imgp9719\/'><img loading=\"lazy\" decoding=\"async\" width=\"150\" height=\"150\" src=\"https:\/\/kotrla.com\/pmpro\/wp-content\/uploads\/2017\/08\/cteni_IMGP9719-150x150.jpg\" class=\"attachment-thumbnail size-thumbnail\" alt=\"\" aria-describedby=\"gallery-1-3311\" \/><\/a>\n\t\t\t<\/div>\n\t\t\t\t<figcaption class='wp-caption-text gallery-caption' id='gallery-1-3311'>\n\t\t\t\tNa st\u0159e\u0161e\n\t\t\t\t<\/figcaption><\/figure><figure class='gallery-item'>\n\t\t\t<div class='gallery-icon landscape'>\n\t\t\t\t<a href='https:\/\/kotrla.com\/pmpro\/2017\/08\/par-fotek-ze-cteni-na-strese\/cteni_p1030105\/'><img loading=\"lazy\" decoding=\"async\" width=\"150\" height=\"150\" src=\"https:\/\/kotrla.com\/pmpro\/wp-content\/uploads\/2017\/08\/cteni_P1030105-150x150.jpg\" class=\"attachment-thumbnail size-thumbnail\" alt=\"\" aria-describedby=\"gallery-1-3309\" \/><\/a>\n\t\t\t<\/div>\n\t\t\t\t<figcaption class='wp-caption-text gallery-caption' id='gallery-1-3309'>\n\t\t\t\tNa st\u0159ese\n\t\t\t\t<\/figcaption><\/figure><figure class='gallery-item'>\n\t\t\t<div class='gallery-icon landscape'>\n\t\t\t\t<a href='https:\/\/kotrla.com\/pmpro\/2017\/08\/par-fotek-ze-cteni-na-strese\/cteni_imgp9759\/'><img loading=\"lazy\" decoding=\"async\" width=\"150\" height=\"150\" src=\"https:\/\/kotrla.com\/pmpro\/wp-content\/uploads\/2017\/08\/cteni_IMGP9759-150x150.jpg\" class=\"attachment-thumbnail size-thumbnail\" alt=\"\" aria-describedby=\"gallery-1-3307\" \/><\/a>\n\t\t\t<\/div>\n\t\t\t\t<figcaption class='wp-caption-text gallery-caption' id='gallery-1-3307'>\n\t\t\t\tOnd\u0159ej Hlo\u017eek\n\t\t\t\t<\/figcaption><\/figure><figure class='gallery-item'>\n\t\t\t<div class='gallery-icon landscape'>\n\t\t\t\t<a href='https:\/\/kotrla.com\/pmpro\/2017\/08\/par-fotek-ze-cteni-na-strese\/cteni_imgp9785\/'><img loading=\"lazy\" decoding=\"async\" width=\"150\" height=\"150\" src=\"https:\/\/kotrla.com\/pmpro\/wp-content\/uploads\/2017\/08\/cteni_IMGP9785-150x150.jpg\" class=\"attachment-thumbnail size-thumbnail\" alt=\"\" aria-describedby=\"gallery-1-3306\" \/><\/a>\n\t\t\t<\/div>\n\t\t\t\t<figcaption class='wp-caption-text gallery-caption' id='gallery-1-3306'>\n\t\t\t\tMichal Kov\u00e1\u0159\n\t\t\t\t<\/figcaption><\/figure><figure class='gallery-item'>\n\t\t\t<div class='gallery-icon landscape'>\n\t\t\t\t<a href='https:\/\/kotrla.com\/pmpro\/2017\/08\/par-fotek-ze-cteni-na-strese\/cteni_imgp9732\/'><img loading=\"lazy\" decoding=\"async\" width=\"150\" height=\"150\" src=\"https:\/\/kotrla.com\/pmpro\/wp-content\/uploads\/2017\/08\/cteni_IMGP9732-150x150.jpg\" class=\"attachment-thumbnail size-thumbnail\" alt=\"\" aria-describedby=\"gallery-1-3305\" \/><\/a>\n\t\t\t<\/div>\n\t\t\t\t<figcaption class='wp-caption-text gallery-caption' id='gallery-1-3305'>\n\t\t\t\tSpole\u010dn\u011b s Ondrou\n\t\t\t\t<\/figcaption><\/figure><figure class='gallery-item'>\n\t\t\t<div class='gallery-icon landscape'>\n\t\t\t\t<a href='https:\/\/kotrla.com\/pmpro\/2017\/08\/par-fotek-ze-cteni-na-strese\/cteni_imgp9749\/'><img loading=\"lazy\" decoding=\"async\" width=\"150\" height=\"150\" src=\"https:\/\/kotrla.com\/pmpro\/wp-content\/uploads\/2017\/08\/cteni_IMGP9749-150x150.jpg\" class=\"attachment-thumbnail size-thumbnail\" alt=\"\" aria-describedby=\"gallery-1-3304\" \/><\/a>\n\t\t\t<\/div>\n\t\t\t\t<figcaption class='wp-caption-text gallery-caption' id='gallery-1-3304'>\n\t\t\t\tOnd\u0159ej Hlo\u017eek\n\t\t\t\t<\/figcaption><\/figure><figure class='gallery-item'>\n\t\t\t<div class='gallery-icon landscape'>\n\t\t\t\t<a href='https:\/\/kotrla.com\/pmpro\/2017\/08\/par-fotek-ze-cteni-na-strese\/cteni_imgp9782\/'><img loading=\"lazy\" decoding=\"async\" width=\"150\" height=\"150\" src=\"https:\/\/kotrla.com\/pmpro\/wp-content\/uploads\/2017\/08\/cteni_IMGP9782-150x150.jpg\" class=\"attachment-thumbnail size-thumbnail\" alt=\"\" aria-describedby=\"gallery-1-3303\" \/><\/a>\n\t\t\t<\/div>\n\t\t\t\t<figcaption class='wp-caption-text gallery-caption' id='gallery-1-3303'>\n\t\t\t\tM\u00edla D\u00fcmmlerov\u00e1\n\t\t\t\t<\/figcaption><\/figure><figure class='gallery-item'>\n\t\t\t<div class='gallery-icon landscape'>\n\t\t\t\t<a href='https:\/\/kotrla.com\/pmpro\/2017\/08\/par-fotek-ze-cteni-na-strese\/cteni_imgp9777\/'><img loading=\"lazy\" decoding=\"async\" width=\"150\" height=\"150\" src=\"https:\/\/kotrla.com\/pmpro\/wp-content\/uploads\/2017\/08\/cteni_IMGP9777-150x150.jpg\" class=\"attachment-thumbnail size-thumbnail\" alt=\"\" aria-describedby=\"gallery-1-3302\" \/><\/a>\n\t\t\t<\/div>\n\t\t\t\t<figcaption class='wp-caption-text gallery-caption' id='gallery-1-3302'>\n\t\t\t\tKatka Mrlinov\u00e1\n\t\t\t\t<\/figcaption><\/figure><figure class='gallery-item'>\n\t\t\t<div class='gallery-icon landscape'>\n\t\t\t\t<a href='https:\/\/kotrla.com\/pmpro\/2017\/08\/par-fotek-ze-cteni-na-strese\/cteni_imgp9787\/'><img loading=\"lazy\" decoding=\"async\" width=\"150\" height=\"150\" src=\"https:\/\/kotrla.com\/pmpro\/wp-content\/uploads\/2017\/08\/cteni_IMGP9787-150x150.jpg\" class=\"attachment-thumbnail size-thumbnail\" alt=\"\" aria-describedby=\"gallery-1-3301\" \/><\/a>\n\t\t\t<\/div>\n\t\t\t\t<figcaption class='wp-caption-text gallery-caption' id='gallery-1-3301'>\n\t\t\t\tFronta na podpisy\n\t\t\t\t<\/figcaption><\/figure><figure class='gallery-item'>\n\t\t\t<div class='gallery-icon landscape'>\n\t\t\t\t<a href='https:\/\/kotrla.com\/pmpro\/2017\/08\/par-fotek-ze-cteni-na-strese\/cteni_imgp9770\/'><img loading=\"lazy\" decoding=\"async\" width=\"150\" height=\"150\" src=\"https:\/\/kotrla.com\/pmpro\/wp-content\/uploads\/2017\/08\/cteni_IMGP9770-150x150.jpg\" class=\"attachment-thumbnail size-thumbnail\" alt=\"\" aria-describedby=\"gallery-1-3300\" \/><\/a>\n\t\t\t<\/div>\n\t\t\t\t<figcaption class='wp-caption-text gallery-caption' id='gallery-1-3300'>\n\t\t\t\tRenata Trli\u010d\u00edkov\u00e1\n\t\t\t\t<\/figcaption><\/figure><figure class='gallery-item'>\n\t\t\t<div class='gallery-icon landscape'>\n\t\t\t\t<a href='https:\/\/kotrla.com\/pmpro\/2017\/08\/par-fotek-ze-cteni-na-strese\/cteni_p1030136\/'><img loading=\"lazy\" decoding=\"async\" width=\"150\" height=\"150\" src=\"https:\/\/kotrla.com\/pmpro\/wp-content\/uploads\/2017\/08\/cteni_P1030136-150x150.jpg\" class=\"attachment-thumbnail size-thumbnail\" alt=\"\" aria-describedby=\"gallery-1-3299\" \/><\/a>\n\t\t\t<\/div>\n\t\t\t\t<figcaption class='wp-caption-text gallery-caption' id='gallery-1-3299'>\n\t\t\t\tDu\u0161an Trli\u010d\u00edk\n\t\t\t\t<\/figcaption><\/figure><figure class='gallery-item'>\n\t\t\t<div class='gallery-icon landscape'>\n\t\t\t\t<a href='https:\/\/kotrla.com\/pmpro\/2017\/08\/par-fotek-ze-cteni-na-strese\/cteni_imgp9790\/'><img loading=\"lazy\" decoding=\"async\" width=\"150\" height=\"150\" src=\"https:\/\/kotrla.com\/pmpro\/wp-content\/uploads\/2017\/08\/cteni_IMGP9790-150x150.jpg\" class=\"attachment-thumbnail size-thumbnail\" alt=\"\" aria-describedby=\"gallery-1-3298\" \/><\/a>\n\t\t\t<\/div>\n\t\t\t\t<figcaption class='wp-caption-text gallery-caption' id='gallery-1-3298'>\n\t\t\t\tKate\u0159ina Mrlinov\u00e1 za klav\u00edrn\u00edho doprovodu Honzy Ondru\u0161ka\n\t\t\t\t<\/figcaption><\/figure>\n\t\t<\/div>\n\n<p>A co se v\u016fbec letos \u010detlo?<\/p>\n<p>Ond\u0159ej Hlo\u017eek: z b\u00e1snick\u00e9 sb\u00edrky Ulic\u00ed Dolorosa<br \/>\nIsaak Babel: U babi\u010dky (Du\u0161an Trli\u010d\u00edk)<br \/>\nRen\u00e9 Daumal: Velk\u00fd m\u00e1g (Renata Trli\u010d\u00edkov\u00e1)<br \/>\nPeter Seeberg: Hrdina (Kate\u0159ina Mrlinov\u00e1)<br \/>\nJosef Jedli\u010dka: D\u011bti (M\u00edla D\u00fcmmlerov\u00e1)<br \/>\nV\u00e1clav Koubek: Olomouck\u00e1 specialita (Michal Kov\u00e1\u0159)<br \/>\nZv\u011bdav\u00ed sk\u0159\u00edtci &#8211; nizozemsk\u00e1 bajka z knihy Bludn\u00fd brusla\u0159 (Michal Kov\u00e1\u0159)<\/p>\n<figure id=\"attachment_3297\" aria-describedby=\"caption-attachment-3297\" style=\"width: 1600px\" class=\"wp-caption alignnone\"><a href=\"https:\/\/kotrla.com\/pmpro\/wp-content\/uploads\/2017\/08\/dovetek_IMGP9795.jpg\"><img loading=\"lazy\" decoding=\"async\" class=\"size-full wp-image-3297\" src=\"https:\/\/kotrla.com\/pmpro\/wp-content\/uploads\/2017\/08\/dovetek_IMGP9795.jpg\" alt=\"\" width=\"1600\" height=\"1060\" srcset=\"https:\/\/kotrla.com\/pmpro\/wp-content\/uploads\/2017\/08\/dovetek_IMGP9795.jpg 1600w, https:\/\/kotrla.com\/pmpro\/wp-content\/uploads\/2017\/08\/dovetek_IMGP9795-300x199.jpg 300w, https:\/\/kotrla.com\/pmpro\/wp-content\/uploads\/2017\/08\/dovetek_IMGP9795-1024x678.jpg 1024w\" sizes=\"auto, (max-width: 1600px) 100vw, 1600px\" \/><\/a><figcaption id=\"caption-attachment-3297\" class=\"wp-caption-text\">Dov\u011btek<\/figcaption><\/figure>\n<p>&nbsp;<\/p>\n<div id='gallery-2' class='gallery galleryid-3308 gallery-columns-3 gallery-size-thumbnail'><figure class='gallery-item'>\n\t\t\t<div class='gallery-icon landscape'>\n\t\t\t\t<a href='https:\/\/kotrla.com\/pmpro\/2017\/08\/par-fotek-ze-cteni-na-strese\/bwimgp9798\/'><img loading=\"lazy\" decoding=\"async\" width=\"150\" height=\"150\" src=\"https:\/\/kotrla.com\/pmpro\/wp-content\/uploads\/2017\/08\/bwIMGP9798-150x150.jpg\" class=\"attachment-thumbnail size-thumbnail\" alt=\"\" \/><\/a>\n\t\t\t<\/div><\/figure><figure class='gallery-item'>\n\t\t\t<div class='gallery-icon landscape'>\n\t\t\t\t<a href='https:\/\/kotrla.com\/pmpro\/2017\/08\/par-fotek-ze-cteni-na-strese\/bwimgp9813\/'><img loading=\"lazy\" decoding=\"async\" width=\"150\" height=\"150\" src=\"https:\/\/kotrla.com\/pmpro\/wp-content\/uploads\/2017\/08\/bwIMGP9813-150x150.jpg\" class=\"attachment-thumbnail size-thumbnail\" alt=\"\" \/><\/a>\n\t\t\t<\/div><\/figure><figure class='gallery-item'>\n\t\t\t<div class='gallery-icon landscape'>\n\t\t\t\t<a href='https:\/\/kotrla.com\/pmpro\/2017\/08\/par-fotek-ze-cteni-na-strese\/bwimgp9810\/'><img loading=\"lazy\" decoding=\"async\" width=\"150\" height=\"150\" src=\"https:\/\/kotrla.com\/pmpro\/wp-content\/uploads\/2017\/08\/bwIMGP9810-150x150.jpg\" class=\"attachment-thumbnail size-thumbnail\" alt=\"\" \/><\/a>\n\t\t\t<\/div><\/figure><figure class='gallery-item'>\n\t\t\t<div class='gallery-icon landscape'>\n\t\t\t\t<a href='https:\/\/kotrla.com\/pmpro\/2017\/08\/par-fotek-ze-cteni-na-strese\/bwimgp9803\/'><img loading=\"lazy\" decoding=\"async\" width=\"150\" height=\"150\" src=\"https:\/\/kotrla.com\/pmpro\/wp-content\/uploads\/2017\/08\/bwIMGP9803-150x150.jpg\" class=\"attachment-thumbnail size-thumbnail\" alt=\"\" \/><\/a>\n\t\t\t<\/div><\/figure><figure class='gallery-item'>\n\t\t\t<div class='gallery-icon landscape'>\n\t\t\t\t<a href='https:\/\/kotrla.com\/pmpro\/2017\/08\/par-fotek-ze-cteni-na-strese\/bwimgp9799\/'><img loading=\"lazy\" decoding=\"async\" width=\"150\" height=\"150\" src=\"https:\/\/kotrla.com\/pmpro\/wp-content\/uploads\/2017\/08\/bwIMGP9799-150x150.jpg\" class=\"attachment-thumbnail size-thumbnail\" alt=\"\" \/><\/a>\n\t\t\t<\/div><\/figure><figure class='gallery-item'>\n\t\t\t<div class='gallery-icon landscape'>\n\t\t\t\t<a href='https:\/\/kotrla.com\/pmpro\/2017\/08\/par-fotek-ze-cteni-na-strese\/bwimgp9801\/'><img loading=\"lazy\" decoding=\"async\" width=\"150\" height=\"150\" src=\"https:\/\/kotrla.com\/pmpro\/wp-content\/uploads\/2017\/08\/bwIMGP9801-150x150.jpg\" class=\"attachment-thumbnail size-thumbnail\" alt=\"\" \/><\/a>\n\t\t\t<\/div><\/figure>\n\t\t<\/div>\n\n","protected":false},"excerpt":{"rendered":"<p>A co se v\u016fbec letos \u010detlo? Ond\u0159ej Hlo\u017eek: z b\u00e1snick\u00e9 sb\u00edrky Ulic\u00ed Dolorosa Isaak Babel: U babi\u010dky (Du\u0161an Trli\u010d\u00edk) Ren\u00e9 Daumal: Velk\u00fd m\u00e1g (Renata Trli\u010d\u00edkov\u00e1) Peter Seeberg: Hrdina (Kate\u0159ina Mrlinov\u00e1) Josef Jedli\u010dka: D\u011bti (M\u00edla D\u00fcmmlerov\u00e1) V\u00e1clav Koubek: Olomouck\u00e1 specialita (Michal Kov\u00e1\u0159) Zv\u011bdav\u00ed sk\u0159\u00edtci &#8211; nizozemsk\u00e1 bajka z knihy Bludn\u00fd brusla\u0159 (Michal Kov\u00e1\u0159) &nbsp;<\/p>\n","protected":false},"author":1,"featured_media":0,"comment_status":"open","ping_status":"open","sticky":false,"template":"","format":"standard","meta":{"site-sidebar-layout":"default","site-content-layout":"","ast-site-content-layout":"default","site-content-style":"default","site-sidebar-style":"default","ast-global-header-display":"","ast-banner-title-visibility":"","ast-main-header-display":"","ast-hfb-above-header-display":"","ast-hfb-below-header-display":"","ast-hfb-mobile-header-display":"","site-post-title":"","ast-breadcrumbs-content":"","ast-featured-img":"","footer-sml-layout":"","ast-disable-related-posts":"","theme-transparent-header-meta":"","adv-header-id-meta":"","stick-header-meta":"","header-above-stick-meta":"","header-main-stick-meta":"","header-below-stick-meta":"","astra-migrate-meta-layouts":"default","ast-page-background-enabled":"default","ast-page-background-meta":{"desktop":{"background-color":"var(--ast-global-color-5)","background-image":"","background-repeat":"repeat","background-position":"center center","background-size":"auto","background-attachment":"scroll","background-type":"","background-media":"","overlay-type":"","overlay-color":"","overlay-opacity":"","overlay-gradient":""},"tablet":{"background-color":"","background-image":"","background-repeat":"repeat","background-position":"center center","background-size":"auto","background-attachment":"scroll","background-type":"","background-media":"","overlay-type":"","overlay-color":"","overlay-opacity":"","overlay-gradient":""},"mobile":{"background-color":"","background-image":"","background-repeat":"repeat","background-position":"center center","background-size":"auto","background-attachment":"scroll","background-type":"","background-media":"","overlay-type":"","overlay-color":"","overlay-opacity":"","overlay-gradient":""}},"ast-content-background-meta":{"desktop":{"background-color":"var(--ast-global-color-4)","background-image":"","background-repeat":"repeat","background-position":"center center","background-size":"auto","background-attachment":"scroll","background-type":"","background-media":"","overlay-type":"","overlay-color":"","overlay-opacity":"","overlay-gradient":""},"tablet":{"background-color":"var(--ast-global-color-4)","background-image":"","background-repeat":"repeat","background-position":"center center","background-size":"auto","background-attachment":"scroll","background-type":"","background-media":"","overlay-type":"","overlay-color":"","overlay-opacity":"","overlay-gradient":""},"mobile":{"background-color":"var(--ast-global-color-4)","background-image":"","background-repeat":"repeat","background-position":"center center","background-size":"auto","background-attachment":"scroll","background-type":"","background-media":"","overlay-type":"","overlay-color":"","overlay-opacity":"","overlay-gradient":""}},"jetpack_post_was_ever_published":false,"_jetpack_newsletter_access":"","_jetpack_dont_email_post_to_subs":false,"_jetpack_newsletter_tier_id":0,"_jetpack_memberships_contains_paywalled_content":false,"_jetpack_memberships_contains_paid_content":false,"footnotes":""},"categories":[7,2,3],"tags":[],"class_list":["post-3308","post","type-post","status-publish","format-standard","hentry","category-fotografie","category-literatura","category-osobni"],"jetpack_featured_media_url":"","jetpack_shortlink":"https:\/\/wp.me\/p4mLP7-Rm","jetpack-related-posts":[{"id":6229,"url":"https:\/\/kotrla.com\/pmpro\/2019\/11\/michal-jares-kotrlova-druha\/","url_meta":{"origin":3308,"position":0},"title":"Michal Jare\u0161: Kotrlova druh\u00e1","author":"Pavel Kotrla","date":"21.11.2019","format":false,"excerpt":"Ji\u017e jsem to zmi\u0148oval jinde: T\u00fdneck\u00e9 listy pova\u017euji za jeden z utajen\u00fdch liter\u00e1rn\u00edch \u010dasopis\u016f. Ostatn\u011b jedn\u00edm z jeho redaktor\u016f je Petr Hanu\u0161ka. Starosta Velk\u00e9ho T\u00fdnce, b\u00fdval\u00fd vysoko\u0161kolsk\u00fd pedagog, jeden ze zakladatel\u016f Aluze, kter\u00fd ani zde na literaturu nerezignoval a obecn\u00ed zpravodaj(!) j\u00ed p\u0159in\u00e1\u0161\u00ed ka\u017ed\u00fd m\u011bs\u00edc p\u011bknou porci. Posledn\u00ed \u010d\u00edslo pak\u2026","rel":"","context":"V \u201eKnihy\u201c","block_context":{"text":"Knihy","link":"https:\/\/kotrla.com\/pmpro\/category\/knihy\/"},"img":{"alt_text":"Michal Jare\u0161: Kotrlova druh\u00e1","src":"https:\/\/i0.wp.com\/kotrla.com\/pmpro\/wp-content\/uploads\/2019\/11\/mj_recenze_mirny_severni.jpg?resize=350%2C200&ssl=1","width":350,"height":200,"srcset":"https:\/\/i0.wp.com\/kotrla.com\/pmpro\/wp-content\/uploads\/2019\/11\/mj_recenze_mirny_severni.jpg?resize=350%2C200&ssl=1 1x, https:\/\/i0.wp.com\/kotrla.com\/pmpro\/wp-content\/uploads\/2019\/11\/mj_recenze_mirny_severni.jpg?resize=525%2C300&ssl=1 1.5x, https:\/\/i0.wp.com\/kotrla.com\/pmpro\/wp-content\/uploads\/2019\/11\/mj_recenze_mirny_severni.jpg?resize=700%2C400&ssl=1 2x"},"classes":[]},{"id":6865,"url":"https:\/\/kotrla.com\/pmpro\/2020\/10\/gratulace\/","url_meta":{"origin":3308,"position":1},"title":"Gratulace&#8230;","author":"Pavel Kotrla","date":"28.10.2020","format":false,"excerpt":"Jsou auto\u0159i, kter\u00e9 si zamilujete od prvn\u00ed knihy. B\u00e1snick\u00e1 sb\u00edrka Vra\u017eda v hotelu Intercontinental z roku 1989 pro mne takovou knihou byla. Tak\u017ee dne\u0161n\u00ed St\u00e1tn\u00ed cenu za literaturu pro Michala Ajvaze pot\u011b\u0161ila. (Stejn\u011b jako pro p\u0159ekladatelku Blanku St\u00e1rkovou.) Liter\u00e1rn\u00ed akce, \u010dten\u00ed a festivaly jsou aktu\u00e1ln\u011b u ledu, tak aspo\u0148 jedna\u2026","rel":"","context":"V \u201eKnihy\u201c","block_context":{"text":"Knihy","link":"https:\/\/kotrla.com\/pmpro\/category\/knihy\/"},"img":{"alt_text":"Michal Ajvaz","src":"https:\/\/i0.wp.com\/kotrla.com\/pmpro\/wp-content\/uploads\/2020\/10\/michal_ajvaz_IGP9673.jpg?resize=350%2C200&ssl=1","width":350,"height":200,"srcset":"https:\/\/i0.wp.com\/kotrla.com\/pmpro\/wp-content\/uploads\/2020\/10\/michal_ajvaz_IGP9673.jpg?resize=350%2C200&ssl=1 1x, https:\/\/i0.wp.com\/kotrla.com\/pmpro\/wp-content\/uploads\/2020\/10\/michal_ajvaz_IGP9673.jpg?resize=525%2C300&ssl=1 1.5x, https:\/\/i0.wp.com\/kotrla.com\/pmpro\/wp-content\/uploads\/2020\/10\/michal_ajvaz_IGP9673.jpg?resize=700%2C400&ssl=1 2x, https:\/\/i0.wp.com\/kotrla.com\/pmpro\/wp-content\/uploads\/2020\/10\/michal_ajvaz_IGP9673.jpg?resize=1050%2C600&ssl=1 3x, https:\/\/i0.wp.com\/kotrla.com\/pmpro\/wp-content\/uploads\/2020\/10\/michal_ajvaz_IGP9673.jpg?resize=1400%2C800&ssl=1 4x"},"classes":[]},{"id":1128,"url":"https:\/\/kotrla.com\/pmpro\/2003\/12\/obsah-aluze-22003\/","url_meta":{"origin":3308,"position":2},"title":"Obsah Aluze 2\/2003","author":"Pavel Kotrla","date":"18.12.2003","format":false,"excerpt":"Proto\u017ee aktualizace str\u00e1nek Aluze.cz mi zabere o n\u011bco v\u00edce \u010dasu, m\u016f\u017eete si prohl\u00e9dnout obsah nov\u00e9ho \u010d\u00edsla zde. Obsah ALUZE 2\/2003 Poezie \u00a0 Radek Mal\u00fd: Z\u00e1blesky a mal\u00e9 b\u00e1sn\u011b \u00a0 Yusef Komunyakaa: Chv\u00e1la temn\u00fdch m\u00edst \u2014 \u00favod od Josefa Ja\u0159aba Pr\u00f3za \u00a0 Michal Ajvaz: Opera na zahrad\u011b (uk\u00e1zka z rom\u00e1nu) \u00a0\u2026","rel":"","context":"V \u201eNeza\u0159azen\u00e9\u201c","block_context":{"text":"Neza\u0159azen\u00e9","link":"https:\/\/kotrla.com\/pmpro\/category\/nezarazene\/"},"img":{"alt_text":"","src":"","width":0,"height":0},"classes":[]},{"id":4078,"url":"https:\/\/kotrla.com\/pmpro\/2019\/02\/michal-marsalek\/","url_meta":{"origin":3308,"position":3},"title":"Michal Mar\u0161\u00e1lek","author":"Pavel Kotrla","date":"12.2.2019","format":false,"excerpt":"Michal Mar\u0161\u00e1lek dnes ve vset\u00ednsk\u00e9 knihovn\u011b v r\u00e1mci projektu Spisovatel\u00e9 do knihoven. Aspo\u0148 kr\u00e1tk\u00e9 setk\u00e1n\u00ed po dlouh\u00e9 dob\u011b. Autorovy ver\u0161e jsme p\u0159inesli v Textech 66. Ty ze sb\u00edrky\u00a0\u010cerven\u00fd otazn\u00edk najdete v Tvaru\u00a0(autory nejnov\u011bj\u0161\u00ed pak i v \u010d\u00edsle 2\/2019), dal\u0161\u00ed na str\u00e1nk\u00e1ch magaz\u00ednu\u00a0Ilegalit.","rel":"","context":"V \u201eFotografie\u201c","block_context":{"text":"Fotografie","link":"https:\/\/kotrla.com\/pmpro\/category\/fotografie\/"},"img":{"alt_text":"B\u00e1sn\u00edk a psychiatr Michal Mar\u0161\u00e1lek","src":"https:\/\/i0.wp.com\/kotrla.com\/pmpro\/wp-content\/uploads\/2019\/02\/michal_marsalek_IMGP9128.jpg?resize=350%2C200&ssl=1","width":350,"height":200,"srcset":"https:\/\/i0.wp.com\/kotrla.com\/pmpro\/wp-content\/uploads\/2019\/02\/michal_marsalek_IMGP9128.jpg?resize=350%2C200&ssl=1 1x, https:\/\/i0.wp.com\/kotrla.com\/pmpro\/wp-content\/uploads\/2019\/02\/michal_marsalek_IMGP9128.jpg?resize=525%2C300&ssl=1 1.5x, https:\/\/i0.wp.com\/kotrla.com\/pmpro\/wp-content\/uploads\/2019\/02\/michal_marsalek_IMGP9128.jpg?resize=700%2C400&ssl=1 2x, https:\/\/i0.wp.com\/kotrla.com\/pmpro\/wp-content\/uploads\/2019\/02\/michal_marsalek_IMGP9128.jpg?resize=1050%2C600&ssl=1 3x, https:\/\/i0.wp.com\/kotrla.com\/pmpro\/wp-content\/uploads\/2019\/02\/michal_marsalek_IMGP9128.jpg?resize=1400%2C800&ssl=1 4x"},"classes":[]},{"id":1267,"url":"https:\/\/kotrla.com\/pmpro\/2003\/08\/stari-dobri-josef-svatopluk-machar-i\/","url_meta":{"origin":3308,"position":4},"title":"STA\u0158\u00cd DOB\u0158\u00cd: Josef Svatopluk Machar (I.)","author":"Pavel Kotrla","date":"10.8.2003","format":false,"excerpt":"Michal Jare\u0161 se ve sv\u00e9m blogu sna\u017e\u00ed nab\u00edzet zaj\u00edmav\u00e9 b\u00e1snick\u00e9 texty. \u0158ekl bych, \u017ee se mu to da\u0159\u00ed. I j\u00e1 \u010das od \u010dasu naraz\u00edm na n\u011bjak\u00fd text, kter\u00fd mne zaujal. Tak pro\u010d se nepod\u011blit? Michal ned\u00e1vno zve\u0159ejnil text Viktora Dyka. Netu\u0161\u00edm, nakolik je tento klasik \u010dten, ale mysl\u00edm, \u017ee asi\u2026","rel":"","context":"V \u201eSta\u0159\u00ed dob\u0159\u00ed\u201c","block_context":{"text":"Sta\u0159\u00ed dob\u0159\u00ed","link":"https:\/\/kotrla.com\/pmpro\/category\/stari-dobri\/"},"img":{"alt_text":"","src":"","width":0,"height":0},"classes":[]},{"id":611,"url":"https:\/\/kotrla.com\/pmpro\/2006\/02\/pocta-memu-oblibenemu-autorovi-mym-oblibenym-autorem\/","url_meta":{"origin":3308,"position":5},"title":"Pocta m\u00e9mu obl\u00edben\u00e9mu autorovi m\u00fdm obl\u00edben\u00fdm autorem","author":"Pavel Kotrla","date":"21.2.2006","format":false,"excerpt":"Italo Calvino pat\u0159\u00ed k autor\u016fm m\u00e9ho srdce. Michal Ajvaz n\u011bkter\u00fdmi sv\u00fdmi knihami tak\u00e9. Proto j\u00e1s\u00e1m, t\u011b\u0161\u00edm se. \u010ct\u011bte uk\u00e1zky z chystan\u00e9 knihy Michala Ajvaze Nep\u0159etr\u017eit\u00e1 m\u011bsta: http:\/\/zebry.cz\/cmelakasvet.cz\/?p=689 http:\/\/zebry.cz\/cmelakasvet.cz\/?p=690","rel":"","context":"V \u201eLiteratura\u201c","block_context":{"text":"Literatura","link":"https:\/\/kotrla.com\/pmpro\/category\/literatura\/"},"img":{"alt_text":"","src":"","width":0,"height":0},"classes":[]}],"jetpack_sharing_enabled":true,"_links":{"self":[{"href":"https:\/\/kotrla.com\/pmpro\/wp-json\/wp\/v2\/posts\/3308","targetHints":{"allow":["GET"]}}],"collection":[{"href":"https:\/\/kotrla.com\/pmpro\/wp-json\/wp\/v2\/posts"}],"about":[{"href":"https:\/\/kotrla.com\/pmpro\/wp-json\/wp\/v2\/types\/post"}],"author":[{"embeddable":true,"href":"https:\/\/kotrla.com\/pmpro\/wp-json\/wp\/v2\/users\/1"}],"replies":[{"embeddable":true,"href":"https:\/\/kotrla.com\/pmpro\/wp-json\/wp\/v2\/comments?post=3308"}],"version-history":[{"count":0,"href":"https:\/\/kotrla.com\/pmpro\/wp-json\/wp\/v2\/posts\/3308\/revisions"}],"wp:attachment":[{"href":"https:\/\/kotrla.com\/pmpro\/wp-json\/wp\/v2\/media?parent=3308"}],"wp:term":[{"taxonomy":"category","embeddable":true,"href":"https:\/\/kotrla.com\/pmpro\/wp-json\/wp\/v2\/categories?post=3308"},{"taxonomy":"post_tag","embeddable":true,"href":"https:\/\/kotrla.com\/pmpro\/wp-json\/wp\/v2\/tags?post=3308"}],"curies":[{"name":"wp","href":"https:\/\/api.w.org\/{rel}","templated":true}]}}