{"id":3347,"date":"2017-10-01T17:13:19","date_gmt":"2017-10-01T16:13:19","guid":{"rendered":"http:\/\/kotrla.com\/pmpro\/?p=3347"},"modified":"2019-11-20T22:46:35","modified_gmt":"2019-11-20T21:46:35","slug":"garage-tony-duchacek","status":"publish","type":"post","link":"https:\/\/kotrla.com\/pmpro\/2017\/10\/garage-tony-duchacek\/","title":{"rendered":"Garage &#038; Tony Duch\u00e1\u010dek"},"content":{"rendered":"<p>A support Ve\u013ek\u00e1 potreba, kter\u00e1 p\u0159\u00edjemn\u011b p\u0159ekvapila! V\u010derej\u0161\u00ed koncert ve T\u0159ech opic\u00edch. Zas n\u00e1vrat n\u011bkam o dvacet let zp\u011bt. Tak\u017ee ml\u00e1tit p\u011bst\u00ed do trubek atd. Ostatn\u011b: vzpomene si je\u0161t\u011b n\u011bkdo, \u017ee kytarista Garage a zn\u00e1m\u00fd koment\u00e1tor Jan Mach\u00e1\u010dek vydal v roce 1990 b\u00e1snickou sb\u00edrku Odpoutan\u00fd bal\u00f3n? Tak\u017ee aspo\u0148 jedno potencion\u00e1ln\u00ed roz\u0161\u00ed\u0159en\u00ed m\u00e9 del\u0161\u00ed dobu neaktualizovan\u00e9 str\u00e1nky <a href=\"https:\/\/kotrla.com\/pmpro\/spisovatele-literati\/\">fotografi\u00ed liter\u00e1t\u016f<\/a>.<\/p>\n<div id='gallery-1' class='gallery galleryid-3347 gallery-columns-3 gallery-size-thumbnail'><figure class='gallery-item'>\n\t\t\t<div class='gallery-icon landscape'>\n\t\t\t\t<a href='https:\/\/kotrla.com\/pmpro\/2017\/10\/garage-tony-duchacek\/imgp1085\/'><img loading=\"lazy\" decoding=\"async\" width=\"150\" height=\"150\" src=\"https:\/\/kotrla.com\/pmpro\/wp-content\/uploads\/2017\/10\/IMGP1085-150x150.jpg\" class=\"attachment-thumbnail size-thumbnail\" alt=\"\" aria-describedby=\"gallery-1-3348\" \/><\/a>\n\t\t\t<\/div>\n\t\t\t\t<figcaption class='wp-caption-text gallery-caption' id='gallery-1-3348'>\n\t\t\t\tVe\u013ek\u00e1 potreba\n\t\t\t\t<\/figcaption><\/figure><figure class='gallery-item'>\n\t\t\t<div class='gallery-icon landscape'>\n\t\t\t\t<a href='https:\/\/kotrla.com\/pmpro\/2017\/10\/garage-tony-duchacek\/imgp1090\/'><img loading=\"lazy\" decoding=\"async\" width=\"150\" height=\"150\" src=\"https:\/\/kotrla.com\/pmpro\/wp-content\/uploads\/2017\/10\/IMGP1090-150x150.jpg\" class=\"attachment-thumbnail size-thumbnail\" alt=\"\" aria-describedby=\"gallery-1-3349\" \/><\/a>\n\t\t\t<\/div>\n\t\t\t\t<figcaption class='wp-caption-text gallery-caption' id='gallery-1-3349'>\n\t\t\t\tVe\u013ek\u00e1 potreba\n\t\t\t\t<\/figcaption><\/figure><figure class='gallery-item'>\n\t\t\t<div class='gallery-icon landscape'>\n\t\t\t\t<a href='https:\/\/kotrla.com\/pmpro\/2017\/10\/garage-tony-duchacek\/imgp1108\/'><img loading=\"lazy\" decoding=\"async\" width=\"150\" height=\"150\" src=\"https:\/\/kotrla.com\/pmpro\/wp-content\/uploads\/2017\/10\/IMGP1108-150x150.jpg\" class=\"attachment-thumbnail size-thumbnail\" alt=\"\" aria-describedby=\"gallery-1-3350\" \/><\/a>\n\t\t\t<\/div>\n\t\t\t\t<figcaption class='wp-caption-text gallery-caption' id='gallery-1-3350'>\n\t\t\t\tTony Duch\u00e1\u010dek\n\t\t\t\t<\/figcaption><\/figure><figure class='gallery-item'>\n\t\t\t<div class='gallery-icon landscape'>\n\t\t\t\t<a href='https:\/\/kotrla.com\/pmpro\/2017\/10\/garage-tony-duchacek\/imgp1111\/'><img loading=\"lazy\" decoding=\"async\" width=\"150\" height=\"150\" src=\"https:\/\/kotrla.com\/pmpro\/wp-content\/uploads\/2017\/10\/IMGP1111-150x150.jpg\" class=\"attachment-thumbnail size-thumbnail\" alt=\"\" aria-describedby=\"gallery-1-3351\" \/><\/a>\n\t\t\t<\/div>\n\t\t\t\t<figcaption class='wp-caption-text gallery-caption' id='gallery-1-3351'>\n\t\t\t\tGarage\n\t\t\t\t<\/figcaption><\/figure><figure class='gallery-item'>\n\t\t\t<div class='gallery-icon landscape'>\n\t\t\t\t<a href='https:\/\/kotrla.com\/pmpro\/2017\/10\/garage-tony-duchacek\/imgp1114\/'><img loading=\"lazy\" decoding=\"async\" width=\"150\" height=\"150\" src=\"https:\/\/kotrla.com\/pmpro\/wp-content\/uploads\/2017\/10\/IMGP1114-150x150.jpg\" class=\"attachment-thumbnail size-thumbnail\" alt=\"\" aria-describedby=\"gallery-1-3352\" \/><\/a>\n\t\t\t<\/div>\n\t\t\t\t<figcaption class='wp-caption-text gallery-caption' id='gallery-1-3352'>\n\t\t\t\tJan Mach\u00e1\u010dek\n\t\t\t\t<\/figcaption><\/figure><figure class='gallery-item'>\n\t\t\t<div class='gallery-icon landscape'>\n\t\t\t\t<a href='https:\/\/kotrla.com\/pmpro\/2017\/10\/garage-tony-duchacek\/imgp1116\/'><img loading=\"lazy\" decoding=\"async\" width=\"150\" height=\"150\" src=\"https:\/\/kotrla.com\/pmpro\/wp-content\/uploads\/2017\/10\/IMGP1116-150x150.jpg\" class=\"attachment-thumbnail size-thumbnail\" alt=\"\" aria-describedby=\"gallery-1-3353\" \/><\/a>\n\t\t\t<\/div>\n\t\t\t\t<figcaption class='wp-caption-text gallery-caption' id='gallery-1-3353'>\n\t\t\t\tGarage\n\t\t\t\t<\/figcaption><\/figure><figure class='gallery-item'>\n\t\t\t<div class='gallery-icon landscape'>\n\t\t\t\t<a href='https:\/\/kotrla.com\/pmpro\/2017\/10\/garage-tony-duchacek\/imgp1122\/'><img loading=\"lazy\" decoding=\"async\" width=\"150\" height=\"150\" src=\"https:\/\/kotrla.com\/pmpro\/wp-content\/uploads\/2017\/10\/IMGP1122-150x150.jpg\" class=\"attachment-thumbnail size-thumbnail\" alt=\"\" aria-describedby=\"gallery-1-3354\" \/><\/a>\n\t\t\t<\/div>\n\t\t\t\t<figcaption class='wp-caption-text gallery-caption' id='gallery-1-3354'>\n\t\t\t\tGarage\n\t\t\t\t<\/figcaption><\/figure><figure class='gallery-item'>\n\t\t\t<div class='gallery-icon landscape'>\n\t\t\t\t<a href='https:\/\/kotrla.com\/pmpro\/2017\/10\/garage-tony-duchacek\/imgp1126\/'><img loading=\"lazy\" decoding=\"async\" width=\"150\" height=\"150\" src=\"https:\/\/kotrla.com\/pmpro\/wp-content\/uploads\/2017\/10\/IMGP1126-150x150.jpg\" class=\"attachment-thumbnail size-thumbnail\" alt=\"\" aria-describedby=\"gallery-1-3355\" \/><\/a>\n\t\t\t<\/div>\n\t\t\t\t<figcaption class='wp-caption-text gallery-caption' id='gallery-1-3355'>\n\t\t\t\t\ud83d\ude42\n\t\t\t\t<\/figcaption><\/figure><figure class='gallery-item'>\n\t\t\t<div class='gallery-icon landscape'>\n\t\t\t\t<a href='https:\/\/kotrla.com\/pmpro\/2017\/10\/garage-tony-duchacek\/imgp1128\/'><img loading=\"lazy\" decoding=\"async\" width=\"150\" height=\"150\" src=\"https:\/\/kotrla.com\/pmpro\/wp-content\/uploads\/2017\/10\/IMGP1128-150x150.jpg\" class=\"attachment-thumbnail size-thumbnail\" alt=\"\" aria-describedby=\"gallery-1-3356\" \/><\/a>\n\t\t\t<\/div>\n\t\t\t\t<figcaption class='wp-caption-text gallery-caption' id='gallery-1-3356'>\n\t\t\t\t&#8230;\n\t\t\t\t<\/figcaption><\/figure>\n\t\t<\/div>\n\n","protected":false},"excerpt":{"rendered":"<p>A support Ve\u013ek\u00e1 potreba, kter\u00e1 p\u0159\u00edjemn\u011b p\u0159ekvapila! V\u010derej\u0161\u00ed koncert ve T\u0159ech opic\u00edch. Zas n\u00e1vrat n\u011bkam o dvacet let zp\u011bt. Tak\u017ee ml\u00e1tit p\u011bst\u00ed do trubek atd. Ostatn\u011b: vzpomene si je\u0161t\u011b n\u011bkdo, \u017ee kytarista Garage a zn\u00e1m\u00fd koment\u00e1tor Jan Mach\u00e1\u010dek vydal v roce 1990 b\u00e1snickou sb\u00edrku Odpoutan\u00fd bal\u00f3n? Tak\u017ee aspo\u0148 jedno potencion\u00e1ln\u00ed roz\u0161\u00ed\u0159en\u00ed m\u00e9 del\u0161\u00ed dobu neaktualizovan\u00e9 [&hellip;]<\/p>\n","protected":false},"author":1,"featured_media":0,"comment_status":"open","ping_status":"open","sticky":false,"template":"","format":"standard","meta":{"site-sidebar-layout":"default","site-content-layout":"","ast-site-content-layout":"default","site-content-style":"default","site-sidebar-style":"default","ast-global-header-display":"","ast-banner-title-visibility":"","ast-main-header-display":"","ast-hfb-above-header-display":"","ast-hfb-below-header-display":"","ast-hfb-mobile-header-display":"","site-post-title":"","ast-breadcrumbs-content":"","ast-featured-img":"","footer-sml-layout":"","ast-disable-related-posts":"","theme-transparent-header-meta":"","adv-header-id-meta":"","stick-header-meta":"","header-above-stick-meta":"","header-main-stick-meta":"","header-below-stick-meta":"","astra-migrate-meta-layouts":"default","ast-page-background-enabled":"default","ast-page-background-meta":{"desktop":{"background-color":"var(--ast-global-color-5)","background-image":"","background-repeat":"repeat","background-position":"center center","background-size":"auto","background-attachment":"scroll","background-type":"","background-media":"","overlay-type":"","overlay-color":"","overlay-opacity":"","overlay-gradient":""},"tablet":{"background-color":"","background-image":"","background-repeat":"repeat","background-position":"center center","background-size":"auto","background-attachment":"scroll","background-type":"","background-media":"","overlay-type":"","overlay-color":"","overlay-opacity":"","overlay-gradient":""},"mobile":{"background-color":"","background-image":"","background-repeat":"repeat","background-position":"center center","background-size":"auto","background-attachment":"scroll","background-type":"","background-media":"","overlay-type":"","overlay-color":"","overlay-opacity":"","overlay-gradient":""}},"ast-content-background-meta":{"desktop":{"background-color":"var(--ast-global-color-4)","background-image":"","background-repeat":"repeat","background-position":"center center","background-size":"auto","background-attachment":"scroll","background-type":"","background-media":"","overlay-type":"","overlay-color":"","overlay-opacity":"","overlay-gradient":""},"tablet":{"background-color":"var(--ast-global-color-4)","background-image":"","background-repeat":"repeat","background-position":"center center","background-size":"auto","background-attachment":"scroll","background-type":"","background-media":"","overlay-type":"","overlay-color":"","overlay-opacity":"","overlay-gradient":""},"mobile":{"background-color":"var(--ast-global-color-4)","background-image":"","background-repeat":"repeat","background-position":"center center","background-size":"auto","background-attachment":"scroll","background-type":"","background-media":"","overlay-type":"","overlay-color":"","overlay-opacity":"","overlay-gradient":""}},"jetpack_post_was_ever_published":false,"_jetpack_newsletter_access":"","_jetpack_dont_email_post_to_subs":false,"_jetpack_newsletter_tier_id":0,"_jetpack_memberships_contains_paywalled_content":false,"_jetpack_memberships_contains_paid_content":false,"footnotes":""},"categories":[7],"tags":[],"class_list":["post-3347","post","type-post","status-publish","format-standard","hentry","category-fotografie"],"jetpack_featured_media_url":"","jetpack_shortlink":"https:\/\/wp.me\/p4mLP7-RZ","jetpack-related-posts":[{"id":1340,"url":"https:\/\/kotrla.com\/pmpro\/2003\/05\/po-festivalu\/","url_meta":{"origin":3347,"position":0},"title":"Po festivalu","author":"Pavel Kotrla","date":"25.5.2003","format":false,"excerpt":"Ur\u010dit\u011b m\u016f\u017eete o\u010dek\u00e1vat n\u011bjakou moj\u00ed reflexi a fotky ze zl\u00ednsk\u00e9ho festivalu Liter\u00e1rn\u00ed kv\u011bten 2003. Ale fotek je v\u00edc, tak\u017ee to zabere \u010das. A nav\u00edc mus\u00edm dopsat dv\u011b recenze. Tak\u017ee snad poz\u00edt\u0159\u00ed.","rel":"","context":"V \u201eNeza\u0159azen\u00e9\u201c","block_context":{"text":"Neza\u0159azen\u00e9","link":"https:\/\/kotrla.com\/pmpro\/category\/nezarazene\/"},"img":{"alt_text":"","src":"","width":0,"height":0},"classes":[]},{"id":931,"url":"https:\/\/kotrla.com\/pmpro\/2004\/08\/antonin-kostka-moje-vlara\/","url_meta":{"origin":3347,"position":1},"title":"Anton\u00edn Kostka: Moje Vl\u00e1ra","author":"Pavel Kotrla","date":"27.8.2004","format":false,"excerpt":"V\u010dera jsem na Vset\u00edn\u011b nav\u0161t\u00edvil vernis\u00e1\u017e v\u00fdstavy fotografi\u00ed Anton\u00edna Kostky (*1958). V\u00fdstava v galerii V poschod\u00ed potrv\u00e1 do 1. 10. 2004. Vstup je zdarma, tak\u017ee pokud m\u00e1te cestu kolem, nev\u00e1hejte. Zku\u0161en\u011b jsem si v\u010dera nechal fo\u0165\u00e1k doma, tak\u017ee obrazem v\u00e1m v\u00fdstavu nep\u0159ibl\u00ed\u017e\u00edm. Tak\u017ee aspo\u0148 slovy autora: Hled\u00e1m zp\u016fsob, jak vyj\u00e1d\u0159it\u2026","rel":"","context":"V \u201eFotografie\u201c","block_context":{"text":"Fotografie","link":"https:\/\/kotrla.com\/pmpro\/category\/fotografie\/"},"img":{"alt_text":"","src":"","width":0,"height":0},"classes":[]},{"id":1036,"url":"https:\/\/kotrla.com\/pmpro\/2004\/04\/zivel-24\/","url_meta":{"origin":3347,"position":2},"title":"\u017divel 24","author":"Pavel Kotrla","date":"5.4.2004","format":false,"excerpt":"Neuv\u011b\u0159iteln\u00e9! Mnohokr\u00e1t ohla\u0161ovan\u00fd \u017divel 24 je kone\u010dn\u011b venku. Cestou z redakce do tisk\u00e1rny nabral tedy po\u0159\u00e1dn\u00e9 zpo\u017ed\u011bn\u00ed, jak ostatn\u011b dokazuje datace 2003 na p\u0159ilo\u017een\u00e9m CD. O d\u016fvodech, kter\u00e9 k tomu vedly se ostatn\u011b v\u00edce do\u010dtete na domovsk\u00fdch str\u00e1nk\u00e1ch programu. Pro blogerskou ve\u0159ejnost bude pravd\u011bpodobn\u011b nejzaj\u00edmav\u011bj\u0161\u00ed \u010dl\u00e1nek Adama Jav\u016frka o fenom\u00e9nu\u2026","rel":"","context":"V \u201eNeza\u0159azen\u00e9\u201c","block_context":{"text":"Neza\u0159azen\u00e9","link":"https:\/\/kotrla.com\/pmpro\/category\/nezarazene\/"},"img":{"alt_text":"","src":"","width":0,"height":0},"classes":[]},{"id":11021,"url":"https:\/\/kotrla.com\/pmpro\/2023\/11\/v-sobotu-uvedeme-do-sveta-tento-spalek\/","url_meta":{"origin":3347,"position":3},"title":"V sobotu uvedeme do sv\u011bta tento \u0161palek","author":"Pavel Kotrla","date":"23.11.2023","format":false,"excerpt":"Neodvypr\u00e1v\u011bn\u00e9 p\u0159\u00edb\u011bhy Rajko Grli\u0107e. Druh\u00e1 spolupr\u00e1ce m\u00e9ho Klenova a Filmov\u00e9ho klubu Vset\u00edn. Tou prvn\u00ed byla kniha Slovinsk\u00fd film a Franti\u0161ek \u010c\u00e1p. Tak\u017ee d\u00edky za spolupr\u00e1ci Milanovi Kosteln\u00edkovi, Jakubu Novosadovi. Martinovi Luk\u00e1\u0161ovi a Marii Bare\u0161ov\u00e9. Tak\u017ee 25. 11. od 18:30 v r\u00e1mci 3. ro\u010dn\u00edku BalCan CrossOver Festu v pra\u017esk\u00e9m kin\u011b P\u0159\u00edtomnost.","rel":"","context":"V \u201eKnihy\u201c","block_context":{"text":"Knihy","link":"https:\/\/kotrla.com\/pmpro\/category\/knihy\/"},"img":{"alt_text":"","src":"https:\/\/i0.wp.com\/kotrla.com\/pmpro\/wp-content\/uploads\/2023\/11\/grlic_IMGP0376-150x150.jpg?resize=350%2C200&ssl=1","width":350,"height":200,"srcset":"https:\/\/i0.wp.com\/kotrla.com\/pmpro\/wp-content\/uploads\/2023\/11\/grlic_IMGP0376-150x150.jpg?resize=350%2C200&ssl=1 1x, https:\/\/i0.wp.com\/kotrla.com\/pmpro\/wp-content\/uploads\/2023\/11\/grlic_IMGP0376-150x150.jpg?resize=525%2C300&ssl=1 1.5x, https:\/\/i0.wp.com\/kotrla.com\/pmpro\/wp-content\/uploads\/2023\/11\/grlic_IMGP0376-150x150.jpg?resize=700%2C400&ssl=1 2x, https:\/\/i0.wp.com\/kotrla.com\/pmpro\/wp-content\/uploads\/2023\/11\/grlic_IMGP0376-150x150.jpg?resize=1050%2C600&ssl=1 3x, https:\/\/i0.wp.com\/kotrla.com\/pmpro\/wp-content\/uploads\/2023\/11\/grlic_IMGP0376-150x150.jpg?resize=1400%2C800&ssl=1 4x"},"classes":[]},{"id":12710,"url":"https:\/\/kotrla.com\/pmpro\/2025\/05\/rozhledna-salas\/","url_meta":{"origin":3347,"position":4},"title":"Rozhledna Sala\u0161","author":"Pavel Kotrla","date":"7.5.2025","format":false,"excerpt":"Jeden z n\u00e1vrat\u016f do jara minul\u00e9ho t\u00fddne. Do sebe zaklesnut\u00e9 sedmi\u010dky rozhledny Sala\u0161. Cestou zp\u011bt z nov\u00e9 expozice Klenotnice Velk\u00e9 Moravy v archeoskanzenu v Modr\u00e9. Expozice \u0161perk\u016f stoj\u00ed za n\u00e1v\u0161t\u011bvu. Tento v\u00fdlet do minulosti a na\u0161ich d\u011bjin jde jen doporu\u010dit. Byli jsme tam den po otev\u0159en\u00ed, tak\u017ee drobn\u00e9 nedostatky (hlasit\u00e1\u2026","rel":"","context":"V \u201eFotografie\u201c","block_context":{"text":"Fotografie","link":"https:\/\/kotrla.com\/pmpro\/category\/fotografie\/"},"img":{"alt_text":"","src":"https:\/\/i0.wp.com\/kotrla.com\/pmpro\/wp-content\/uploads\/2025\/05\/salas_rozhledna_IMGP6665-150x150.jpg?resize=350%2C200&ssl=1","width":350,"height":200,"srcset":"https:\/\/i0.wp.com\/kotrla.com\/pmpro\/wp-content\/uploads\/2025\/05\/salas_rozhledna_IMGP6665-150x150.jpg?resize=350%2C200&ssl=1 1x, https:\/\/i0.wp.com\/kotrla.com\/pmpro\/wp-content\/uploads\/2025\/05\/salas_rozhledna_IMGP6665-150x150.jpg?resize=525%2C300&ssl=1 1.5x, https:\/\/i0.wp.com\/kotrla.com\/pmpro\/wp-content\/uploads\/2025\/05\/salas_rozhledna_IMGP6665-150x150.jpg?resize=700%2C400&ssl=1 2x, https:\/\/i0.wp.com\/kotrla.com\/pmpro\/wp-content\/uploads\/2025\/05\/salas_rozhledna_IMGP6665-150x150.jpg?resize=1050%2C600&ssl=1 3x, https:\/\/i0.wp.com\/kotrla.com\/pmpro\/wp-content\/uploads\/2025\/05\/salas_rozhledna_IMGP6665-150x150.jpg?resize=1400%2C800&ssl=1 4x"},"classes":[]},{"id":6890,"url":"https:\/\/kotrla.com\/pmpro\/2020\/11\/dubenkovy-inkoust-recept-prvni\/","url_meta":{"origin":3347,"position":5},"title":"Dub\u011bnkov\u00fd inkoust \u2013 recept prvn\u00ed","author":"Pavel Kotrla","date":"9.11.2020","format":false,"excerpt":"Tak\u017ee vlastn\u00ed dub\u011bnkov\u00fd inkoust \u010derstv\u011b uva\u0159en. Druh\u00e1 v\u00e1rka rozdrcen\u00fdch dub\u011bnek na inkoust za studena se prozat\u00edm louhuje. A jej\u00ed \u010das teprve p\u0159ijde. Zelenou skalici jsem koupil v drogerii, arabskou gumu objednal ve v\u00fdtvarn\u00fdch pot\u0159eb\u00e1ch. Dub\u011bnky sta\u010d\u00ed nasb\u00edrat v lese. (Chvilku to zabere.) Z v\u00edce variant receptu jsem nakonec pou\u017eil pro\u2026","rel":"","context":"V \u201ePlnic\u00ed pera a inkousty\u201c","block_context":{"text":"Plnic\u00ed pera a inkousty","link":"https:\/\/kotrla.com\/pmpro\/category\/plnici-pera\/"},"img":{"alt_text":"","src":"https:\/\/i0.wp.com\/kotrla.com\/pmpro\/wp-content\/uploads\/2020\/11\/dubenkovy_inkoust_1_00-150x150.jpg?resize=350%2C200&ssl=1","width":350,"height":200,"srcset":"https:\/\/i0.wp.com\/kotrla.com\/pmpro\/wp-content\/uploads\/2020\/11\/dubenkovy_inkoust_1_00-150x150.jpg?resize=350%2C200&ssl=1 1x, https:\/\/i0.wp.com\/kotrla.com\/pmpro\/wp-content\/uploads\/2020\/11\/dubenkovy_inkoust_1_00-150x150.jpg?resize=525%2C300&ssl=1 1.5x, https:\/\/i0.wp.com\/kotrla.com\/pmpro\/wp-content\/uploads\/2020\/11\/dubenkovy_inkoust_1_00-150x150.jpg?resize=700%2C400&ssl=1 2x, https:\/\/i0.wp.com\/kotrla.com\/pmpro\/wp-content\/uploads\/2020\/11\/dubenkovy_inkoust_1_00-150x150.jpg?resize=1050%2C600&ssl=1 3x, https:\/\/i0.wp.com\/kotrla.com\/pmpro\/wp-content\/uploads\/2020\/11\/dubenkovy_inkoust_1_00-150x150.jpg?resize=1400%2C800&ssl=1 4x"},"classes":[]}],"jetpack_sharing_enabled":true,"_links":{"self":[{"href":"https:\/\/kotrla.com\/pmpro\/wp-json\/wp\/v2\/posts\/3347","targetHints":{"allow":["GET"]}}],"collection":[{"href":"https:\/\/kotrla.com\/pmpro\/wp-json\/wp\/v2\/posts"}],"about":[{"href":"https:\/\/kotrla.com\/pmpro\/wp-json\/wp\/v2\/types\/post"}],"author":[{"embeddable":true,"href":"https:\/\/kotrla.com\/pmpro\/wp-json\/wp\/v2\/users\/1"}],"replies":[{"embeddable":true,"href":"https:\/\/kotrla.com\/pmpro\/wp-json\/wp\/v2\/comments?post=3347"}],"version-history":[{"count":0,"href":"https:\/\/kotrla.com\/pmpro\/wp-json\/wp\/v2\/posts\/3347\/revisions"}],"wp:attachment":[{"href":"https:\/\/kotrla.com\/pmpro\/wp-json\/wp\/v2\/media?parent=3347"}],"wp:term":[{"taxonomy":"category","embeddable":true,"href":"https:\/\/kotrla.com\/pmpro\/wp-json\/wp\/v2\/categories?post=3347"},{"taxonomy":"post_tag","embeddable":true,"href":"https:\/\/kotrla.com\/pmpro\/wp-json\/wp\/v2\/tags?post=3347"}],"curies":[{"name":"wp","href":"https:\/\/api.w.org\/{rel}","templated":true}]}}