{"id":3390,"date":"2017-10-25T09:53:38","date_gmt":"2017-10-25T08:53:38","guid":{"rendered":"http:\/\/kotrla.com\/pmpro\/?p=3390"},"modified":"2019-11-20T22:46:35","modified_gmt":"2019-11-20T21:46:35","slug":"urbanisticko-architektonicke-studie-obce-bystricka-technicke-zony-sportoviste","status":"publish","type":"post","link":"https:\/\/kotrla.com\/pmpro\/2017\/10\/urbanisticko-architektonicke-studie-obce-bystricka-technicke-zony-sportoviste\/","title":{"rendered":"Urbanisticko-architektonick\u00e9 studie obce Byst\u0159i\u010dka, technick\u00e9 z\u00f3ny, sportovi\u0161t\u011b"},"content":{"rendered":"<p>Fotografie z v\u010derej\u0161\u00ed prezentace architektonick\u00fdch studi\u00ed obce Byst\u0159i\u010dka, sportovi\u0161t\u011b a technick\u00e9 z\u00f3ny ve\u0159ejnosti. A tak\u00e9 n\u011bkolik vybran\u00fdch n\u00e1hled\u016f.<br \/>\nA jak bylo t\u00e9\u017e avizov\u00e1no, studie, kter\u00e9 pro n\u00e1s zpracovali <a href=\"http:\/\/www.franekarchitects.cz\">Fr\u00e1nek Architects<\/a>, si m\u016f\u017eete st\u00e1hnou ze str\u00e1nek obce, a to na adrese <a href=\"http:\/\/www.bystricka.cz\/aktualne-1\/architektonicka-studie\/\">http:\/\/www.bystricka.cz\/aktualne-1\/architektonicka-studie\/<\/a><\/p>\n<div id='gallery-1' class='gallery galleryid-3390 gallery-columns-3 gallery-size-thumbnail'><figure class='gallery-item'>\n\t\t\t<div class='gallery-icon landscape'>\n\t\t\t\t<a href='https:\/\/kotrla.com\/pmpro\/2017\/10\/urbanisticko-architektonicke-studie-obce-bystricka-technicke-zony-sportoviste\/fa_imgp1503\/'><img loading=\"lazy\" decoding=\"async\" width=\"150\" height=\"150\" src=\"https:\/\/kotrla.com\/pmpro\/wp-content\/uploads\/2017\/10\/fa_IMGP1503-150x150.jpg\" class=\"attachment-thumbnail size-thumbnail\" alt=\"\" aria-describedby=\"gallery-1-3392\" \/><\/a>\n\t\t\t<\/div>\n\t\t\t\t<figcaption class='wp-caption-text gallery-caption' id='gallery-1-3392'>\n\t\t\t\tZden\u011bk Fr\u00e1nek p\u0159edstavuje studie\n\t\t\t\t<\/figcaption><\/figure><figure class='gallery-item'>\n\t\t\t<div class='gallery-icon landscape'>\n\t\t\t\t<a href='https:\/\/kotrla.com\/pmpro\/2017\/10\/urbanisticko-architektonicke-studie-obce-bystricka-technicke-zony-sportoviste\/fa_imgp1500\/'><img loading=\"lazy\" decoding=\"async\" width=\"150\" height=\"150\" src=\"https:\/\/kotrla.com\/pmpro\/wp-content\/uploads\/2017\/10\/fa_IMGP1500-150x150.jpg\" class=\"attachment-thumbnail size-thumbnail\" alt=\"\" aria-describedby=\"gallery-1-3391\" \/><\/a>\n\t\t\t<\/div>\n\t\t\t\t<figcaption class='wp-caption-text gallery-caption' id='gallery-1-3391'>\n\t\t\t\tSetk\u00e1n\u00ed U Luk\u00e1\u0161\u016f\n\t\t\t\t<\/figcaption><\/figure><figure class='gallery-item'>\n\t\t\t<div class='gallery-icon landscape'>\n\t\t\t\t<a href='https:\/\/kotrla.com\/pmpro\/2017\/10\/urbanisticko-architektonicke-studie-obce-bystricka-technicke-zony-sportoviste\/fa_imgp1505\/'><img loading=\"lazy\" decoding=\"async\" width=\"150\" height=\"150\" src=\"https:\/\/kotrla.com\/pmpro\/wp-content\/uploads\/2017\/10\/fa_IMGP1505-150x150.jpg\" class=\"attachment-thumbnail size-thumbnail\" alt=\"\" aria-describedby=\"gallery-1-3393\" \/><\/a>\n\t\t\t<\/div>\n\t\t\t\t<figcaption class='wp-caption-text gallery-caption' id='gallery-1-3393'>\n\t\t\t\tSetk\u00e1n\u00ed U Luk\u00e1\u0161\u016f\n\t\t\t\t<\/figcaption><\/figure><figure class='gallery-item'>\n\t\t\t<div class='gallery-icon landscape'>\n\t\t\t\t<a href='https:\/\/kotrla.com\/pmpro\/2017\/10\/urbanisticko-architektonicke-studie-obce-bystricka-technicke-zony-sportoviste\/obec1\/'><img loading=\"lazy\" decoding=\"async\" width=\"150\" height=\"150\" src=\"https:\/\/kotrla.com\/pmpro\/wp-content\/uploads\/2017\/10\/obec1-150x150.png\" class=\"attachment-thumbnail size-thumbnail\" alt=\"\" aria-describedby=\"gallery-1-3396\" \/><\/a>\n\t\t\t<\/div>\n\t\t\t\t<figcaption class='wp-caption-text gallery-caption' id='gallery-1-3396'>\n\t\t\t\tCentr\u00e1ln\u00ed \u010d\u00e1st obce\n\t\t\t\t<\/figcaption><\/figure><figure class='gallery-item'>\n\t\t\t<div class='gallery-icon landscape'>\n\t\t\t\t<a href='https:\/\/kotrla.com\/pmpro\/2017\/10\/urbanisticko-architektonicke-studie-obce-bystricka-technicke-zony-sportoviste\/obec2\/'><img loading=\"lazy\" decoding=\"async\" width=\"150\" height=\"150\" src=\"https:\/\/kotrla.com\/pmpro\/wp-content\/uploads\/2017\/10\/obec2-150x150.png\" class=\"attachment-thumbnail size-thumbnail\" alt=\"\" aria-describedby=\"gallery-1-3397\" \/><\/a>\n\t\t\t<\/div>\n\t\t\t\t<figcaption class='wp-caption-text gallery-caption' id='gallery-1-3397'>\n\t\t\t\tCentr\u00e1ln\u00ed \u010d\u00e1st obce\n\t\t\t\t<\/figcaption><\/figure><figure class='gallery-item'>\n\t\t\t<div class='gallery-icon landscape'>\n\t\t\t\t<a href='https:\/\/kotrla.com\/pmpro\/2017\/10\/urbanisticko-architektonicke-studie-obce-bystricka-technicke-zony-sportoviste\/obec3\/'><img loading=\"lazy\" decoding=\"async\" width=\"150\" height=\"150\" src=\"https:\/\/kotrla.com\/pmpro\/wp-content\/uploads\/2017\/10\/obec3-150x150.png\" class=\"attachment-thumbnail size-thumbnail\" alt=\"\" aria-describedby=\"gallery-1-3398\" \/><\/a>\n\t\t\t<\/div>\n\t\t\t\t<figcaption class='wp-caption-text gallery-caption' id='gallery-1-3398'>\n\t\t\t\tCentr\u00e1ln\u00ed \u010d\u00e1st obce\n\t\t\t\t<\/figcaption><\/figure><figure class='gallery-item'>\n\t\t\t<div class='gallery-icon landscape'>\n\t\t\t\t<a href='https:\/\/kotrla.com\/pmpro\/2017\/10\/urbanisticko-architektonicke-studie-obce-bystricka-technicke-zony-sportoviste\/obec4\/'><img loading=\"lazy\" decoding=\"async\" width=\"150\" height=\"150\" src=\"https:\/\/kotrla.com\/pmpro\/wp-content\/uploads\/2017\/10\/obec4-150x150.png\" class=\"attachment-thumbnail size-thumbnail\" alt=\"\" aria-describedby=\"gallery-1-3399\" \/><\/a>\n\t\t\t<\/div>\n\t\t\t\t<figcaption class='wp-caption-text gallery-caption' id='gallery-1-3399'>\n\t\t\t\tCentr\u00e1ln\u00ed \u010d\u00e1st obce\n\t\t\t\t<\/figcaption><\/figure><figure class='gallery-item'>\n\t\t\t<div class='gallery-icon landscape'>\n\t\t\t\t<a href='https:\/\/kotrla.com\/pmpro\/2017\/10\/urbanisticko-architektonicke-studie-obce-bystricka-technicke-zony-sportoviste\/obec5\/'><img loading=\"lazy\" decoding=\"async\" width=\"150\" height=\"150\" src=\"https:\/\/kotrla.com\/pmpro\/wp-content\/uploads\/2017\/10\/obec5-150x150.png\" class=\"attachment-thumbnail size-thumbnail\" alt=\"\" aria-describedby=\"gallery-1-3400\" \/><\/a>\n\t\t\t<\/div>\n\t\t\t\t<figcaption class='wp-caption-text gallery-caption' id='gallery-1-3400'>\n\t\t\t\tCentr\u00e1ln\u00ed \u010d\u00e1st obce\n\t\t\t\t<\/figcaption><\/figure><figure class='gallery-item'>\n\t\t\t<div class='gallery-icon landscape'>\n\t\t\t\t<a href='https:\/\/kotrla.com\/pmpro\/2017\/10\/urbanisticko-architektonicke-studie-obce-bystricka-technicke-zony-sportoviste\/technicke_zazemi_1\/'><img loading=\"lazy\" decoding=\"async\" width=\"150\" height=\"150\" src=\"https:\/\/kotrla.com\/pmpro\/wp-content\/uploads\/2017\/10\/technicke_zazemi_1-150x150.png\" class=\"attachment-thumbnail size-thumbnail\" alt=\"\" aria-describedby=\"gallery-1-3401\" \/><\/a>\n\t\t\t<\/div>\n\t\t\t\t<figcaption class='wp-caption-text gallery-caption' id='gallery-1-3401'>\n\t\t\t\tTechnick\u00e9 z\u00e1zem\u00ed (vle\u010dka u n\u00e1dra\u017e\u00ed)\n\t\t\t\t<\/figcaption><\/figure><figure class='gallery-item'>\n\t\t\t<div class='gallery-icon landscape'>\n\t\t\t\t<a href='https:\/\/kotrla.com\/pmpro\/2017\/10\/urbanisticko-architektonicke-studie-obce-bystricka-technicke-zony-sportoviste\/technicke_zazemi_2\/'><img loading=\"lazy\" decoding=\"async\" width=\"150\" height=\"150\" src=\"https:\/\/kotrla.com\/pmpro\/wp-content\/uploads\/2017\/10\/technicke_zazemi_2-150x150.png\" class=\"attachment-thumbnail size-thumbnail\" alt=\"\" aria-describedby=\"gallery-1-3402\" \/><\/a>\n\t\t\t<\/div>\n\t\t\t\t<figcaption class='wp-caption-text gallery-caption' id='gallery-1-3402'>\n\t\t\t\tTechnick\u00e9 z\u00e1zem\u00ed (vle\u010dka u n\u00e1dra\u017e\u00ed)\n\t\t\t\t<\/figcaption><\/figure><figure class='gallery-item'>\n\t\t\t<div class='gallery-icon landscape'>\n\t\t\t\t<a href='https:\/\/kotrla.com\/pmpro\/2017\/10\/urbanisticko-architektonicke-studie-obce-bystricka-technicke-zony-sportoviste\/hala1\/'><img loading=\"lazy\" decoding=\"async\" width=\"150\" height=\"150\" src=\"https:\/\/kotrla.com\/pmpro\/wp-content\/uploads\/2017\/10\/hala1-150x150.png\" class=\"attachment-thumbnail size-thumbnail\" alt=\"\" aria-describedby=\"gallery-1-3394\" \/><\/a>\n\t\t\t<\/div>\n\t\t\t\t<figcaption class='wp-caption-text gallery-caption' id='gallery-1-3394'>\n\t\t\t\tSportovi\u0161t\u011b\n\t\t\t\t<\/figcaption><\/figure><figure class='gallery-item'>\n\t\t\t<div class='gallery-icon landscape'>\n\t\t\t\t<a href='https:\/\/kotrla.com\/pmpro\/2017\/10\/urbanisticko-architektonicke-studie-obce-bystricka-technicke-zony-sportoviste\/hala2\/'><img loading=\"lazy\" decoding=\"async\" width=\"150\" height=\"150\" src=\"https:\/\/kotrla.com\/pmpro\/wp-content\/uploads\/2017\/10\/hala2-150x150.png\" class=\"attachment-thumbnail size-thumbnail\" alt=\"\" aria-describedby=\"gallery-1-3395\" \/><\/a>\n\t\t\t<\/div>\n\t\t\t\t<figcaption class='wp-caption-text gallery-caption' id='gallery-1-3395'>\n\t\t\t\tSportovi\u0161t\u011b\n\t\t\t\t<\/figcaption><\/figure>\n\t\t<\/div>\n\n","protected":false},"excerpt":{"rendered":"<p>Fotografie z v\u010derej\u0161\u00ed prezentace architektonick\u00fdch studi\u00ed obce Byst\u0159i\u010dka, sportovi\u0161t\u011b a technick\u00e9 z\u00f3ny ve\u0159ejnosti. A tak\u00e9 n\u011bkolik vybran\u00fdch n\u00e1hled\u016f. A jak bylo t\u00e9\u017e avizov\u00e1no, studie, kter\u00e9 pro n\u00e1s zpracovali Fr\u00e1nek Architects, si m\u016f\u017eete st\u00e1hnou ze str\u00e1nek obce, a to na adrese http:\/\/www.bystricka.cz\/aktualne-1\/architektonicka-studie\/<\/p>\n","protected":false},"author":1,"featured_media":0,"comment_status":"open","ping_status":"open","sticky":false,"template":"","format":"standard","meta":{"site-sidebar-layout":"default","site-content-layout":"","ast-site-content-layout":"default","site-content-style":"default","site-sidebar-style":"default","ast-global-header-display":"","ast-banner-title-visibility":"","ast-main-header-display":"","ast-hfb-above-header-display":"","ast-hfb-below-header-display":"","ast-hfb-mobile-header-display":"","site-post-title":"","ast-breadcrumbs-content":"","ast-featured-img":"","footer-sml-layout":"","ast-disable-related-posts":"","theme-transparent-header-meta":"","adv-header-id-meta":"","stick-header-meta":"","header-above-stick-meta":"","header-main-stick-meta":"","header-below-stick-meta":"","astra-migrate-meta-layouts":"default","ast-page-background-enabled":"default","ast-page-background-meta":{"desktop":{"background-color":"var(--ast-global-color-5)","background-image":"","background-repeat":"repeat","background-position":"center center","background-size":"auto","background-attachment":"scroll","background-type":"","background-media":"","overlay-type":"","overlay-color":"","overlay-opacity":"","overlay-gradient":""},"tablet":{"background-color":"","background-image":"","background-repeat":"repeat","background-position":"center center","background-size":"auto","background-attachment":"scroll","background-type":"","background-media":"","overlay-type":"","overlay-color":"","overlay-opacity":"","overlay-gradient":""},"mobile":{"background-color":"","background-image":"","background-repeat":"repeat","background-position":"center center","background-size":"auto","background-attachment":"scroll","background-type":"","background-media":"","overlay-type":"","overlay-color":"","overlay-opacity":"","overlay-gradient":""}},"ast-content-background-meta":{"desktop":{"background-color":"var(--ast-global-color-4)","background-image":"","background-repeat":"repeat","background-position":"center center","background-size":"auto","background-attachment":"scroll","background-type":"","background-media":"","overlay-type":"","overlay-color":"","overlay-opacity":"","overlay-gradient":""},"tablet":{"background-color":"var(--ast-global-color-4)","background-image":"","background-repeat":"repeat","background-position":"center center","background-size":"auto","background-attachment":"scroll","background-type":"","background-media":"","overlay-type":"","overlay-color":"","overlay-opacity":"","overlay-gradient":""},"mobile":{"background-color":"var(--ast-global-color-4)","background-image":"","background-repeat":"repeat","background-position":"center center","background-size":"auto","background-attachment":"scroll","background-type":"","background-media":"","overlay-type":"","overlay-color":"","overlay-opacity":"","overlay-gradient":""}},"jetpack_post_was_ever_published":false,"_jetpack_newsletter_access":"","_jetpack_dont_email_post_to_subs":false,"_jetpack_newsletter_tier_id":0,"_jetpack_memberships_contains_paywalled_content":false,"_jetpack_memberships_contains_paid_content":false,"footnotes":""},"categories":[5],"tags":[],"class_list":["post-3390","post","type-post","status-publish","format-standard","hentry","category-bystricka"],"jetpack_featured_media_url":"","jetpack_shortlink":"https:\/\/wp.me\/p4mLP7-SG","jetpack-related-posts":[{"id":207,"url":"https:\/\/kotrla.com\/pmpro\/2010\/05\/prehrada-bystricka-skoro-plna-prehrady\/","url_meta":{"origin":3390,"position":0},"title":"P\u0159ehrada Byst\u0159i\u010dka: Skoro pln\u00e1 p\u0159ehrady","author":"Pavel Kotrla","date":"17.5.2010","format":false,"excerpt":"Souvisej\u00edc\u00ed: Varov\u00e1n\u00ed na str\u00e1nk\u00e1ch obce: http:\/\/www.bystricka.cz\/deska\/weblog.php?id=P152 Pr\u016ftoky: http:\/\/www.pmo.cz\/portal\/sap\/cz\/index.htm V\u00edc ne\u017e ve zpr\u00e1v\u011b: http:\/\/www.ceskenoviny.cz\/domov\/zpravy\/prehrada-bystricka-na-vsetinsku-je-temer-plna\/478219","rel":"","context":"V \u201eByst\u0159i\u010dka\u201c","block_context":{"text":"Byst\u0159i\u010dka","link":"https:\/\/kotrla.com\/pmpro\/category\/bystricka\/"},"img":{"alt_text":"image","src":"https:\/\/i0.wp.com\/kotrla.com\/pmpro\/images\/uploads\/_IGP1745.jpg?resize=350%2C200&ssl=1","width":350,"height":200},"classes":[]},{"id":963,"url":"https:\/\/kotrla.com\/pmpro\/2004\/07\/ruzdka-500-let\/","url_meta":{"origin":3390,"position":1},"title":"R\u016f\u017e\u010fka: 500 let","author":"Pavel Kotrla","date":"14.7.2004","format":false,"excerpt":"Tak jsem do\u010detl bro\u017euru Martina \u017dambocha R\u016f\u017e\u010fka 1504 - 2004 v\u011bnovanou, kter\u00e1 zachycuje p\u011bt stolet\u00ed existence t\u00e9to obce. Byst\u0159i\u010dka, kde \u017eiju, byla p\u016fvodn\u011b jej\u00ed sou\u010d\u00e1st\u00ed a velkou \u010d\u00e1st historie m\u00e1me spole\u010dnou. Kn\u00ed\u017eka by mohla zaj\u00edmat nejenom milovn\u00edky regionu, ale i z\u00e1jemce o historii n\u00e1bo\u017eensk\u00e9ho hnut\u00ed v pob\u011blohorsk\u00e9m obdob\u00ed.","rel":"","context":"V \u201eByst\u0159i\u010dka\u201c","block_context":{"text":"Byst\u0159i\u010dka","link":"https:\/\/kotrla.com\/pmpro\/category\/bystricka\/"},"img":{"alt_text":"R\u016f\u017e\u010fka 1504 -2004","src":"https:\/\/i0.wp.com\/kotrla.com\/pmpro\/images\/uploads\/ruzdka.jpg?resize=350%2C200&ssl=1","width":350,"height":200},"classes":[]},{"id":222,"url":"https:\/\/kotrla.com\/pmpro\/2010\/02\/restaurace-hoffmann-bystricka\/","url_meta":{"origin":3390,"position":2},"title":"Restaurace Hoffmann (Byst\u0159i\u010dka)","author":"Pavel Kotrla","date":"20.2.2010","format":false,"excerpt":"Dnes n\u011bco pro sb\u011bratele pohlednic a pro ty, co se mne ptali, pot\u00e9 co vy\u0161la p\u0159eti\u0161t\u011bna v knize Vala\u0161sko ve star\u00fdch fotografi\u00edch, kde by tato restaurace mohla b\u00fdt. P\u0159izn\u00e1m se, \u017ee samotn\u00e9mu mi ta ot\u00e1zka dlouho vrtala v hlav\u011b a odpov\u011b\u010f jsem na ni neznal. V dob\u011b stavby p\u0159ehrady vedly\u2026","rel":"","context":"V \u201eByst\u0159i\u010dka\u201c","block_context":{"text":"Byst\u0159i\u010dka","link":"https:\/\/kotrla.com\/pmpro\/category\/bystricka\/"},"img":{"alt_text":"Restaurace Hoffmann (Byst\u0159i\u010dka)","src":"https:\/\/i0.wp.com\/kotrla.com\/pmpro\/images\/uploads\/restaurace_hoffmann.jpg?resize=350%2C200&ssl=1","width":350,"height":200},"classes":[]},{"id":190,"url":"https:\/\/kotrla.com\/pmpro\/2010\/09\/cteni-z-bystricky-a-ruzdky\/","url_meta":{"origin":3390,"position":3},"title":"\u010cten\u00ed z Byst\u0159i\u010dky a R\u016f\u017e\u010fky","author":"Pavel Kotrla","date":"28.9.2010","format":false,"excerpt":"Zhruba p\u0159ed m\u011bs\u00edcem a p\u016fl se n\u00e1m poda\u0159ilo vydat kn\u00ed\u017eku, ve kter\u00e9 jsme spolu s Janem Vetch\u00fdm shrom\u00e1\u017edili autory liter\u00e1tn\u011b \u010dinn\u00e9 na \u00fazem\u00ed na\u0161ich obc\u00ed. Nejedn\u00e1 se o d\u00edlo bort\u00edc\u00ed hranice, ale n\u00e1m prost\u011b chyb\u011blo a bylo \u0161koda ho nevydat. Nakonec se n\u00e1m poda\u0159ilo shrom\u00e1\u017edit n\u00e1sleduj\u00edc\u00ed texty: Jan Rous: Z\u2026","rel":"","context":"V \u201eByst\u0159i\u010dka\u201c","block_context":{"text":"Byst\u0159i\u010dka","link":"https:\/\/kotrla.com\/pmpro\/category\/bystricka\/"},"img":{"alt_text":"\u010cten\u00ed z Byst\u0159i\u010dky a R\u016f\u017e\u010fky","src":"https:\/\/i0.wp.com\/kotrla.com\/pmpro\/images\/uploads\/cteni.jpg?resize=350%2C200&ssl=1","width":350,"height":200},"classes":[]},{"id":2371,"url":"https:\/\/kotrla.com\/pmpro\/2015\/05\/jan-rous-vybor-z-dila\/","url_meta":{"origin":3390,"position":4},"title":"Jan Rous \u2013 V\u00fdbor z d\u00edla","author":"Pavel Kotrla","date":"21.5.2015","format":false,"excerpt":"Tak tento t\u00fdden jsem z tisk\u00e1rny dovezl V\u00fdbor z d\u00edla\u00a0Jana Rouse, kter\u00fd jsem p\u0159ipravil do tisku, opat\u0159il kr\u00e1tk\u00fdm profilem autora a i vys\u00e1zel. Snad jsem tak smazal dluh, kter\u00fd jsem po\u0159\u00e1d n\u011bjak vnit\u0159n\u011b d\u00edky m\u00edstn\u00ed p\u0159\u00edslu\u0161nosti poci\u0165oval. Prost\u011b mne mrzelo, \u017ee by d\u00edlo tohoto pracovit\u00e9ho spoluzakladatele Na\u0161eho Vala\u0161ska m\u011blo zapadnout.\u00a0Do\u2026","rel":"","context":"V \u201eByst\u0159i\u010dka\u201c","block_context":{"text":"Byst\u0159i\u010dka","link":"https:\/\/kotrla.com\/pmpro\/category\/bystricka\/"},"img":{"alt_text":"","src":"https:\/\/i0.wp.com\/kotrla.com\/pmpro\/wp-content\/uploads\/2015\/05\/Jan-Rous-1937.jpg?resize=350%2C200&ssl=1","width":350,"height":200,"srcset":"https:\/\/i0.wp.com\/kotrla.com\/pmpro\/wp-content\/uploads\/2015\/05\/Jan-Rous-1937.jpg?resize=350%2C200&ssl=1 1x, https:\/\/i0.wp.com\/kotrla.com\/pmpro\/wp-content\/uploads\/2015\/05\/Jan-Rous-1937.jpg?resize=525%2C300&ssl=1 1.5x, https:\/\/i0.wp.com\/kotrla.com\/pmpro\/wp-content\/uploads\/2015\/05\/Jan-Rous-1937.jpg?resize=700%2C400&ssl=1 2x"},"classes":[]},{"id":441,"url":"https:\/\/kotrla.com\/pmpro\/2007\/06\/doom-na-valassku\/","url_meta":{"origin":3390,"position":5},"title":"Doom na Vala\u0161sku","author":"Pavel Kotrla","date":"16.6.2007","format":false,"excerpt":"Po del\u0161\u00ed dob\u011b zase uvnit\u0159 hr\u00e1ze, tentokr\u00e1t jinak, v nov\u00e9 \u0161tole, 9 metr\u016f pod zem\u00ed. Z dne\u0161n\u00edho dne otev\u0159en\u00fdch dve\u0159\u00ed, kter\u00fd je po\u0159\u00e1d\u00e1n u p\u0159\u00edle\u017eitost\u00ed st\u00e9ho v\u00fdro\u010d\u00ed od zah\u00e1jen\u00ed stavby t\u00e9to technick\u00e9 pam\u00e1tky. M\u00e1te \u0161anci je\u0161t\u011b i z\u00edtra. Jinak m\u00e9 vzpom\u00ednky na minulost: Svat\u00fd t\u00fdden p\u0159ed maturitou: Wolfenstain 3D Prvn\u00ed\u2026","rel":"","context":"V \u201eByst\u0159i\u010dka\u201c","block_context":{"text":"Byst\u0159i\u010dka","link":"https:\/\/kotrla.com\/pmpro\/category\/bystricka\/"},"img":{"alt_text":"P\u0159ehrada Byst\u0159i\u010dka - uvnit\u0159 hr\u00e1ze (2007)","src":"https:\/\/i0.wp.com\/kotrla.com\/pmpro\/images\/uploads\/doom_na_valassku.jpg?resize=350%2C200&ssl=1","width":350,"height":200},"classes":[]}],"jetpack_sharing_enabled":true,"_links":{"self":[{"href":"https:\/\/kotrla.com\/pmpro\/wp-json\/wp\/v2\/posts\/3390","targetHints":{"allow":["GET"]}}],"collection":[{"href":"https:\/\/kotrla.com\/pmpro\/wp-json\/wp\/v2\/posts"}],"about":[{"href":"https:\/\/kotrla.com\/pmpro\/wp-json\/wp\/v2\/types\/post"}],"author":[{"embeddable":true,"href":"https:\/\/kotrla.com\/pmpro\/wp-json\/wp\/v2\/users\/1"}],"replies":[{"embeddable":true,"href":"https:\/\/kotrla.com\/pmpro\/wp-json\/wp\/v2\/comments?post=3390"}],"version-history":[{"count":0,"href":"https:\/\/kotrla.com\/pmpro\/wp-json\/wp\/v2\/posts\/3390\/revisions"}],"wp:attachment":[{"href":"https:\/\/kotrla.com\/pmpro\/wp-json\/wp\/v2\/media?parent=3390"}],"wp:term":[{"taxonomy":"category","embeddable":true,"href":"https:\/\/kotrla.com\/pmpro\/wp-json\/wp\/v2\/categories?post=3390"},{"taxonomy":"post_tag","embeddable":true,"href":"https:\/\/kotrla.com\/pmpro\/wp-json\/wp\/v2\/tags?post=3390"}],"curies":[{"name":"wp","href":"https:\/\/api.w.org\/{rel}","templated":true}]}}