{"id":343,"date":"2008-06-08T15:17:01","date_gmt":"2008-06-08T14:17:01","guid":{"rendered":"http:\/\/kotrla.com\/wordpress\/?p=343"},"modified":"2019-11-20T22:35:53","modified_gmt":"2019-11-20T21:35:53","slug":"nudlove-variace","status":"publish","type":"post","link":"https:\/\/kotrla.com\/pmpro\/2008\/06\/nudlove-variace\/","title":{"rendered":"Nudlov\u00e9 variace"},"content":{"rendered":"<p><img loading=\"lazy\" decoding=\"async\" src=\"https:\/\/kotrla.com\/pmpro\/images\/uploads\/nasycen_poezii.jpg\" border=\"0\" alt=\"1996\" width=\"420\" height=\"237\" \/><\/p>\n<p>Vzpom\u00ednka na prvn\u00ed \u010d\u00edslo Text\u016f. A pak \u017ee poezie nenasyt\u00ed \ud83d\ude09<\/p>\n","protected":false},"excerpt":{"rendered":"<p>Vzpom\u00ednka na prvn\u00ed \u010d\u00edslo Text\u016f. A pak \u017ee poezie nenasyt\u00ed \ud83d\ude09<\/p>\n","protected":false},"author":1,"featured_media":0,"comment_status":"open","ping_status":"open","sticky":false,"template":"","format":"standard","meta":{"site-sidebar-layout":"default","site-content-layout":"","ast-site-content-layout":"default","site-content-style":"default","site-sidebar-style":"default","ast-global-header-display":"","ast-banner-title-visibility":"","ast-main-header-display":"","ast-hfb-above-header-display":"","ast-hfb-below-header-display":"","ast-hfb-mobile-header-display":"","site-post-title":"","ast-breadcrumbs-content":"","ast-featured-img":"","footer-sml-layout":"","ast-disable-related-posts":"","theme-transparent-header-meta":"","adv-header-id-meta":"","stick-header-meta":"","header-above-stick-meta":"","header-main-stick-meta":"","header-below-stick-meta":"","astra-migrate-meta-layouts":"default","ast-page-background-enabled":"default","ast-page-background-meta":{"desktop":{"background-color":"var(--ast-global-color-5)","background-image":"","background-repeat":"repeat","background-position":"center center","background-size":"auto","background-attachment":"scroll","background-type":"","background-media":"","overlay-type":"","overlay-color":"","overlay-opacity":"","overlay-gradient":""},"tablet":{"background-color":"","background-image":"","background-repeat":"repeat","background-position":"center center","background-size":"auto","background-attachment":"scroll","background-type":"","background-media":"","overlay-type":"","overlay-color":"","overlay-opacity":"","overlay-gradient":""},"mobile":{"background-color":"","background-image":"","background-repeat":"repeat","background-position":"center center","background-size":"auto","background-attachment":"scroll","background-type":"","background-media":"","overlay-type":"","overlay-color":"","overlay-opacity":"","overlay-gradient":""}},"ast-content-background-meta":{"desktop":{"background-color":"var(--ast-global-color-4)","background-image":"","background-repeat":"repeat","background-position":"center center","background-size":"auto","background-attachment":"scroll","background-type":"","background-media":"","overlay-type":"","overlay-color":"","overlay-opacity":"","overlay-gradient":""},"tablet":{"background-color":"var(--ast-global-color-4)","background-image":"","background-repeat":"repeat","background-position":"center center","background-size":"auto","background-attachment":"scroll","background-type":"","background-media":"","overlay-type":"","overlay-color":"","overlay-opacity":"","overlay-gradient":""},"mobile":{"background-color":"var(--ast-global-color-4)","background-image":"","background-repeat":"repeat","background-position":"center center","background-size":"auto","background-attachment":"scroll","background-type":"","background-media":"","overlay-type":"","overlay-color":"","overlay-opacity":"","overlay-gradient":""}},"jetpack_post_was_ever_published":false,"_jetpack_newsletter_access":"","_jetpack_dont_email_post_to_subs":false,"_jetpack_newsletter_tier_id":0,"_jetpack_memberships_contains_paywalled_content":false,"_jetpack_memberships_contains_paid_content":false,"footnotes":""},"categories":[3],"tags":[],"class_list":["post-343","post","type-post","status-publish","format-standard","hentry","category-osobni"],"jetpack_featured_media_url":"","jetpack_shortlink":"https:\/\/wp.me\/p4mLP7-5x","jetpack-related-posts":[{"id":1337,"url":"https:\/\/kotrla.com\/pmpro\/2003\/05\/casopisecka-hlidka-na-konci-kvetna\/","url_meta":{"origin":343,"position":0},"title":"\u010casopiseck\u00e1 hl\u00eddka na konci kv\u011btna","author":"Pavel Kotrla","date":"27.5.2003","format":false,"excerpt":"Posledn\u00edch \u010dtrn\u00e1ct dn\u00ed bylo pom\u011brn\u011b \u00fasp\u011b\u0161n\u00fdch na nov\u00e1 \u010d\u00edsla \u010dasopis\u016f, kter\u00e1 se mi dostala pod br\u00fdle. Tak\u017ee popo\u0159ad\u011b. Weles 16 - \u010d\u00edslo je to tlust\u00e9, stostr\u00e1nkov\u00e9. Grafiku na ob\u00e1lce nahradila fotografie, bl\u00ed\u017ee neidentifikovateln\u00e1. Mo\u017en\u00e1 tedy ano, ale j\u00e1 nev\u00edm, co to je. Budu se muset Vojty zeptat. Rozs\u00e1hl\u00fd blok je\u2026","rel":"","context":"V \u201eNeza\u0159azen\u00e9\u201c","block_context":{"text":"Neza\u0159azen\u00e9","link":"https:\/\/kotrla.com\/pmpro\/category\/nezarazene\/"},"img":{"alt_text":"","src":"","width":0,"height":0},"classes":[]},{"id":57,"url":"https:\/\/kotrla.com\/pmpro\/2013\/02\/sedesate-cislo-literarniho-casopisu-texty\/","url_meta":{"origin":343,"position":1},"title":"\u0160edes\u00e1t\u00e9 \u010d\u00edslo liter\u00e1rn\u00edho \u010dasopisu Texty","author":"Pavel Kotrla","date":"26.2.2013","format":false,"excerpt":"Kdy\u017e jsme na ja\u0159e 1996 vyd\u00e1vali prvn\u00ed \u010d\u00edslo Text\u016f, ur\u010dit\u011b jsme netu\u0161ili, \u017ee se n\u00e1m poda\u0159\u00ed vydr\u017eet tak dlouho. Nu, n\u011bjak\u00fdm zp\u016fsobem se poda\u0159ilo. Nov\u00e9 \u010d\u00edslo, \u0161edes\u00e1t\u00e9, m\u016f\u017eete v PDF stahovat na str\u00e1nce http:\/\/texty.kotrla.com. A ti\u0161t\u011bn\u00e1 verze bude taky brzy dostupn\u00e1. Tak p\u0159\u00edjemn\u00e9 po\u010dten\u00ed.","rel":"","context":"V \u201eLiteratura\u201c","block_context":{"text":"Literatura","link":"https:\/\/kotrla.com\/pmpro\/category\/literatura\/"},"img":{"alt_text":"\u010dasopis Texty","src":"https:\/\/i0.wp.com\/kotrla.com\/pmpro\/images\/uploads\/texty_logo.gif?resize=350%2C200&ssl=1","width":350,"height":200},"classes":[]},{"id":187,"url":"https:\/\/kotrla.com\/pmpro\/2010\/10\/texty-52\/","url_meta":{"origin":343,"position":2},"title":"Texty 52","author":"Pavel Kotrla","date":"6.10.2010","format":false,"excerpt":"Tak, nov\u00e9 \u010d\u00edslo Text\u016f je tu. Konec kalend\u00e1\u0159n\u00edho l\u00e9ta jsme sice o p\u00e1r dn\u00ed pro\u0161vihli, ale \u017e\u00e1dn\u00e1 hr\u016fza. Nev\u00edm pro\u010d, ale tohle \u010d\u00edslo mi p\u0159ipom\u00edn\u00e1 mu\u017esk\u00fd tanec. (Co\u017e mi p\u0159ipom\u00edn\u00e1, \u017ee zas netu\u0161\u00edm pro\u010d m\u00e1 na Last.fm tato m\u00e1 obl\u00edben\u00e1 rusk\u00e1 skupina tag \"siberian suicidal post-punk\".) Samoz\u0159ejm\u011b, i vy m\u016f\u017eete\u2026","rel":"","context":"V \u201eLiteratura\u201c","block_context":{"text":"Literatura","link":"https:\/\/kotrla.com\/pmpro\/category\/literatura\/"},"img":{"alt_text":"\u010dasopis Texty","src":"https:\/\/i0.wp.com\/kotrla.com\/pmpro\/images\/uploads\/texty_logo.gif?resize=350%2C200&ssl=1","width":350,"height":200},"classes":[]},{"id":9253,"url":"https:\/\/kotrla.com\/pmpro\/2021\/12\/texty-85-jaro-podzim-2021\/","url_meta":{"origin":343,"position":3},"title":"Texty 85 (jaro\u2013podzim 2021)","author":"Pavel Kotrla","date":"23.12.2021","format":false,"excerpt":"Na nov\u00e9 \u010d\u00edslo Text\u016f jste si tentokr\u00e1t museli trochu po\u010dkat, ale snad v\u00e1s pot\u011b\u0161\u00ed. P\u0159\u00edsp\u011bvk\u016f bylo dost, dokonce skoro na dal\u0161\u00ed \u010d\u00edslo, jen prost\u011b nebyl \u010das. V\u0161echna vydan\u00e1 \u010d\u00edsla Text\u016f, v\u010detn\u011b tohoto, v PDF najdete v archivu. \u00favodn\u00edk Pavel Kotrla: 25 pr\u00f3za Jakub Chrob\u00e1k: Rozhodnut\u00ed Jana Zapa poezie Martin \u0160enkypl\u2026","rel":"","context":"V \u201eLiteratura\u201c","block_context":{"text":"Literatura","link":"https:\/\/kotrla.com\/pmpro\/category\/literatura\/"},"img":{"alt_text":"","src":"","width":0,"height":0},"classes":[]},{"id":3488,"url":"https:\/\/kotrla.com\/pmpro\/2018\/01\/texty-74-podzim-2017\/","url_meta":{"origin":343,"position":4},"title":"Texty 74 (podzim 2017)","author":"Pavel Kotrla","date":"14.1.2018","format":false,"excerpt":"Podzim v lednu? Tak drobn\u00fd skluz, ale p\u0159ece jen \u2013 nov\u00e9 \u010d\u00edslo Text\u016f je tu.\u00a0\u010c\u00edslo si m\u016f\u017eete p\u0159e\u010d\u00edst tak\u00e9 na\u00a0https:\/\/www.scribd.com\/document\/369130127\/Texty-74 nebo si jej st\u00e1hnout v PDF z archivu.\u00a0Nov\u011b jsou Texty k nalezen\u00ed tak\u00e9 na\u00a0https:\/\/issuu.com\/texty Obsah: \u00favodn\u00edk Ren\u00e9 Ko\u010d\u00edk: Lyrik p\u0159ece v\u00ed pr\u00f3za Petr M\u011brka: * * * Bo\u017eena Plaveck\u00e1: Utonut\u00ed\u2026","rel":"","context":"V \u201eLiteratura\u201c","block_context":{"text":"Literatura","link":"https:\/\/kotrla.com\/pmpro\/category\/literatura\/"},"img":{"alt_text":"","src":"","width":0,"height":0},"classes":[]},{"id":4629,"url":"https:\/\/kotrla.com\/pmpro\/2019\/09\/texty-80-jaro-leto-2019\/","url_meta":{"origin":343,"position":5},"title":"Texty 80 (jaro-l\u00e9to 2019)","author":"Pavel Kotrla","date":"4.9.2019","format":false,"excerpt":"Tentokr\u00e1t to chvilku trvalo. Ale dal\u0161\u00ed \u010d\u00edslo je zde.\u00a0P\u0159ejeme p\u0159\u00edjemn\u00e9 po\u010dten\u00ed. P\u0159ipom\u00edn\u00e1m, \u017ee v\u0161echna p\u0159edchoz\u00ed \u010d\u00edsla najdete na str\u00e1nk\u00e1ch Text\u016f. \u00favodn\u00edk Dalibor Malina: Jubileum pr\u00f3za Zbyn\u011bk Vyb\u00edral: O\u0161klivost Daniel Ru\u0161ar: Hrka\u010dky poezie Radek Tou\u0161:\u00a0\u00d7\u00a0\u00d7\u00a0\u00d7 Zden\u011bk Kr\u00e1l:\u00a0Kol\u00e1\u017ee \u0160t\u011bp\u00e1nka \u010cechurov\u00e1:\u00a0\u00d7\u00a0\u00d7\u00a0\u00d7 Radek \u0160t\u011bp\u00e1nek:\u00a0\u00d7\u00a0\u00d7\u00a0\u00d7 p\u0159eklad Jan Rabie: J\u00e1 jsem t\u011b stvo\u0159il recenze Vojt\u011bch Ku\u010dera:\u2026","rel":"","context":"V \u201eLiteratura\u201c","block_context":{"text":"Literatura","link":"https:\/\/kotrla.com\/pmpro\/category\/literatura\/"},"img":{"alt_text":"","src":"","width":0,"height":0},"classes":[]}],"jetpack_sharing_enabled":true,"_links":{"self":[{"href":"https:\/\/kotrla.com\/pmpro\/wp-json\/wp\/v2\/posts\/343","targetHints":{"allow":["GET"]}}],"collection":[{"href":"https:\/\/kotrla.com\/pmpro\/wp-json\/wp\/v2\/posts"}],"about":[{"href":"https:\/\/kotrla.com\/pmpro\/wp-json\/wp\/v2\/types\/post"}],"author":[{"embeddable":true,"href":"https:\/\/kotrla.com\/pmpro\/wp-json\/wp\/v2\/users\/1"}],"replies":[{"embeddable":true,"href":"https:\/\/kotrla.com\/pmpro\/wp-json\/wp\/v2\/comments?post=343"}],"version-history":[{"count":0,"href":"https:\/\/kotrla.com\/pmpro\/wp-json\/wp\/v2\/posts\/343\/revisions"}],"wp:attachment":[{"href":"https:\/\/kotrla.com\/pmpro\/wp-json\/wp\/v2\/media?parent=343"}],"wp:term":[{"taxonomy":"category","embeddable":true,"href":"https:\/\/kotrla.com\/pmpro\/wp-json\/wp\/v2\/categories?post=343"},{"taxonomy":"post_tag","embeddable":true,"href":"https:\/\/kotrla.com\/pmpro\/wp-json\/wp\/v2\/tags?post=343"}],"curies":[{"name":"wp","href":"https:\/\/api.w.org\/{rel}","templated":true}]}}