{"id":348,"date":"2008-05-25T19:11:00","date_gmt":"2008-05-25T18:11:00","guid":{"rendered":"http:\/\/kotrla.com\/wordpress\/?p=348"},"modified":"2019-11-20T22:35:53","modified_gmt":"2019-11-20T21:35:53","slug":"ctenar-pismenek","status":"publish","type":"post","link":"https:\/\/kotrla.com\/pmpro\/2008\/05\/ctenar-pismenek\/","title":{"rendered":"\u010cten\u00e1\u0159 p\u00edsmenek"},"content":{"rendered":"<p>Dnes drobn\u00e9 pozn\u00e1mky nad p\u0159e\u010dten\u00fdmi knihami i \u010dasopisy pohromad\u011b.<br \/>\nTak <a href=\"http:\/\/www.volny.cz\/psi.vino\/\">Ps\u00ed v\u00edno<\/a> m\u00e1 novou grafiku a typografickou \u00fapravu. Zm\u011bna k lep\u0161\u00edmu. <a href=\"http:\/\/www.josefvaculik.cz\/page\/68363.jaroslav-kovanda-zlin\/\">Duch otce zakladatele<\/a> se stejn\u011b vytratil a grafika byla sou\u010dasn\u00e9mu obsahu na obt\u00ed\u017e. \u010c\u00edslo p\u0159edchoz\u00ed mne p\u0159\u00edli\u0161 nezaujalo, to aktu\u00e1ln\u00ed je lep\u0161\u00ed. \u010casopis se op\u011bt v\u011bnuje poezii, tak jak m\u00e1 ve sv\u00e9m mottu, a op\u011bt je doprov\u00e1zen malou b\u00e1snickou sb\u00edrkou. Jen \u0161koda pro autory, \u017ee tyto p\u0159\u00edlohy nemaj\u00ed vlastn\u00ed ISBN. <br \/>\nKv\u011btnov\u00fd <a href=\"http:\/\/www.casopis.hostbrno.cz\/\">HOST<\/a> je v\u011bnovan\u00fd rozhovor\u016fm. J\u00e1 nev\u00edm, ale ta tematick\u00e1 \u010d\u00edsla mne moc neberou. A kdy\u017e si tak uv\u011bdomuji, tak ani ty fotokol\u00e1\u017ee leto\u0161n\u00edho ro\u010dn\u00edku. Lo\u0148sk\u00fd, portr\u00e9tn\u00ed, se mi zamlouval v\u00edc.<br \/>\nAktu\u00e1ln\u00ed <a href=\"http:\/\/www.itvar.cz\">Tvar<\/a> p\u0159in\u00e1\u0161\u00ed p\u0159edev\u0161\u00edm rozhovor se \u0160tefanem \u0160vecem, kter\u00fd je reakc\u00ed na jeho \u010dl\u00e1nek Krize \u010desk\u00e9 literatury (viz i m\u016fj sloupek z \u010d\u00edsla p\u0159edchoz\u00edho zve\u0159ejn\u011bn\u00fd n\u00ed\u017ee). Z cel\u00e9ho dlouh\u00e9ho textu je zaj\u00edmav\u00fd vlastn\u011b hlavn\u011b ten moment, kdy \u0160tefan \u0160vec diskutuje v souvislosti s ocen\u011bn\u00edm Jaroslava Seiferta s Bo\u017eenou Spr\u00e1vcovou o tom, \u017ee v \u010desk\u00e9 literatu\u0159e by aktu\u00e1ln\u011b nebylo Nobelovu cenu za literaturu v podstat\u011b ani komu ud\u011blit. Bo\u017eena sice hned uv\u00e1d\u00ed n\u011bkolik mo\u017en\u00fdch kandid\u00e1t\u016f, ale s nimi tedy nesouhlas\u00edm (nap\u0159. Matou\u0161ek). Sice mne pot\u011b\u0161ilo, \u017ee \u0160tefan nakonec jmenuje m\u00e9ho obl\u00edben\u00e9ho <a href=\"http:\/\/www.casopis-texty.cz\/texty\/No04\/recenze.html\">Ji\u0159\u00edho Dra\u0161nara<\/a>, ale asi i tady by to bylo p\u0159est\u0159elen\u00e9. <b>Ostatn\u011b: jak\u00e9 jsou va\u0161e tipy, komu by se aktu\u00e1ln\u011b v \u010cech\u00e1ch dala ud\u011blit Nobelova cena? Je v\u016fbec komu?<\/b><br \/>\n\u010cek\u00e1m na posledn\u00ed Weles v\u011bnovan\u00fd severu, v p\u00e1tek dorazil do knihkupectv\u00ed.<br \/>\nA n\u011bco ze z\u00e1kulis\u00ed: sice to nen\u00ed \u017e\u00e1dn\u00fd fofr, ale na <a href=\"http:\/\/aluze.cz\">Aluzi<\/a> i <a href=\"http:\/\/www.casopis-texty.cz\/texty\">Textech<\/a> se aktivn\u011b pracuje. Jako mal\u00fd bonus lze u Aluze st\u00e1hnout jednov\u00e1 \u010d\u00edslo ro\u010dn\u00edku 2007 jako samostatn\u00e9 dokumenty v PDF.<br \/>\n<a href=\"http:\/\/aluze.cz\/pdf\/aluze_2007_01.pdf\">http:\/\/aluze.cz\/pdf\/aluze_2007_01.pdf<\/a><br \/>\n<a href=\"http:\/\/aluze.cz\/pdf\/aluze_2007_02.pdf\">http:\/\/aluze.cz\/pdf\/aluze_2007_02.pdf<\/a><br \/>\n<a href=\"http:\/\/aluze.cz\/pdf\/aluze_2007_03.pdf\">http:\/\/aluze.cz\/pdf\/aluze_2007_03.pdf<\/a><br \/>\nZ posledn\u00edch knih, kter\u00e9 dorazily nebo jsem si koupil a kter\u00e9 jsem aktu\u00e1ln\u011b do\u010detl, toho za zm\u00ednku ani p\u0159\u00edli\u0161 nen\u00ed. <b>Stanic\u00ed Tajga<\/b> pot\u011b\u0161ila <i>Petra H\u016flov\u00e1<\/i>, po p\u0159edchoz\u00edch knih\u00e1ch, kter\u00e9 mne sp\u00ed\u0161 otr\u00e1vily, je to opravdu velmi p\u0159\u00edjemn\u00e9 p\u0159ekvapen\u00ed. Z koupen\u00e9ho mi radost ud\u011blaly M\u00e1rquezovy pov\u00eddky <b>Neuv\u011b\u0159iteln\u00fd a tkliv\u00fd p\u0159\u00edb\u011bh o bezelstn\u00e9 Er\u00e9ndi\u0159e a jej\u00ed ukrutn\u00e9 babi\u010dce<\/b>. Ale Odeon, kter\u00fd je vyd\u00e1v\u00e1, u\u017e m\u00e9n\u011b. Ta cena za tak \u0159\u00eddkou sazbu je trochu p\u0159emr\u0161t\u011bn\u00e1. Ony by t\u0159i \u010dty\u0159i svazky pov\u00eddek klidn\u011b mohly vyj\u00edt v jednom svazku. Ale ti zb\u00fdvaj\u00edc\u00ed \u010dten\u00e1\u0159i se mus\u00ed podojit po\u0159\u00e1dn\u011b. Ale z obsahu radost m\u00e1m.<\/p>\n","protected":false},"excerpt":{"rendered":"<p>Dnes drobn\u00e9 pozn\u00e1mky nad p\u0159e\u010dten\u00fdmi knihami i \u010dasopisy pohromad\u011b. Tak Ps\u00ed v\u00edno m\u00e1 novou grafiku a typografickou \u00fapravu. Zm\u011bna k lep\u0161\u00edmu. Duch otce zakladatele se stejn\u011b vytratil a grafika byla sou\u010dasn\u00e9mu obsahu na obt\u00ed\u017e. \u010c\u00edslo p\u0159edchoz\u00ed mne p\u0159\u00edli\u0161 nezaujalo, to aktu\u00e1ln\u00ed je lep\u0161\u00ed. \u010casopis se op\u011bt v\u011bnuje poezii, tak jak m\u00e1 ve sv\u00e9m mottu, a [&hellip;]<\/p>\n","protected":false},"author":1,"featured_media":0,"comment_status":"open","ping_status":"open","sticky":false,"template":"","format":"standard","meta":{"site-sidebar-layout":"default","site-content-layout":"","ast-site-content-layout":"default","site-content-style":"default","site-sidebar-style":"default","ast-global-header-display":"","ast-banner-title-visibility":"","ast-main-header-display":"","ast-hfb-above-header-display":"","ast-hfb-below-header-display":"","ast-hfb-mobile-header-display":"","site-post-title":"","ast-breadcrumbs-content":"","ast-featured-img":"","footer-sml-layout":"","ast-disable-related-posts":"","theme-transparent-header-meta":"","adv-header-id-meta":"","stick-header-meta":"","header-above-stick-meta":"","header-main-stick-meta":"","header-below-stick-meta":"","astra-migrate-meta-layouts":"default","ast-page-background-enabled":"default","ast-page-background-meta":{"desktop":{"background-color":"var(--ast-global-color-5)","background-image":"","background-repeat":"repeat","background-position":"center center","background-size":"auto","background-attachment":"scroll","background-type":"","background-media":"","overlay-type":"","overlay-color":"","overlay-opacity":"","overlay-gradient":""},"tablet":{"background-color":"","background-image":"","background-repeat":"repeat","background-position":"center center","background-size":"auto","background-attachment":"scroll","background-type":"","background-media":"","overlay-type":"","overlay-color":"","overlay-opacity":"","overlay-gradient":""},"mobile":{"background-color":"","background-image":"","background-repeat":"repeat","background-position":"center center","background-size":"auto","background-attachment":"scroll","background-type":"","background-media":"","overlay-type":"","overlay-color":"","overlay-opacity":"","overlay-gradient":""}},"ast-content-background-meta":{"desktop":{"background-color":"var(--ast-global-color-4)","background-image":"","background-repeat":"repeat","background-position":"center center","background-size":"auto","background-attachment":"scroll","background-type":"","background-media":"","overlay-type":"","overlay-color":"","overlay-opacity":"","overlay-gradient":""},"tablet":{"background-color":"var(--ast-global-color-4)","background-image":"","background-repeat":"repeat","background-position":"center center","background-size":"auto","background-attachment":"scroll","background-type":"","background-media":"","overlay-type":"","overlay-color":"","overlay-opacity":"","overlay-gradient":""},"mobile":{"background-color":"var(--ast-global-color-4)","background-image":"","background-repeat":"repeat","background-position":"center center","background-size":"auto","background-attachment":"scroll","background-type":"","background-media":"","overlay-type":"","overlay-color":"","overlay-opacity":"","overlay-gradient":""}},"jetpack_post_was_ever_published":false,"_jetpack_newsletter_access":"","_jetpack_dont_email_post_to_subs":false,"_jetpack_newsletter_tier_id":0,"_jetpack_memberships_contains_paywalled_content":false,"_jetpack_memberships_contains_paid_content":false,"footnotes":""},"categories":[6],"tags":[],"class_list":["post-348","post","type-post","status-publish","format-standard","hentry","category-ctenarsky-denik"],"jetpack_featured_media_url":"","jetpack_shortlink":"https:\/\/wp.me\/p4mLP7-5C","jetpack-related-posts":[{"id":223,"url":"https:\/\/kotrla.com\/pmpro\/2010\/02\/literarky-se-zas-daji-cist\/","url_meta":{"origin":348,"position":0},"title":"Liter\u00e1rky se zas daj\u00ed \u010d\u00edst","author":"Pavel Kotrla","date":"19.2.2010","format":false,"excerpt":"U\u017e jsem v to ani nedoufal, ale posledn\u00ed \u010d\u00edsla Liter\u00e1rn\u00edch novin mne znovu p\u0159esv\u011bd\u010dila o tom, \u017ee si zaslou\u017e\u00ed mou pozornost. Redesign do modern\u00ed a p\u0159ehledn\u00e9 typografie periodiku jedin\u011b prosp\u011bl, stejn\u011b tak i design jejich port\u00e1lu (postaven\u00fd na Joomla) zaslou\u017e\u00ed pochvalu. Pravda, cena 35 K\u010d za \u010d\u00edslo novin nepova\u017euji za\u2026","rel":"","context":"V \u201eLiteratura\u201c","block_context":{"text":"Literatura","link":"https:\/\/kotrla.com\/pmpro\/category\/literatura\/"},"img":{"alt_text":"Ti\u0161t\u011bn\u00e1 verze Liter\u00e1rn\u00edch novin 2010","src":"https:\/\/i0.wp.com\/kotrla.com\/pmpro\/images\/uploads\/ltn_2010_print.jpg?resize=350%2C200&ssl=1","width":350,"height":200},"classes":[]},{"id":569,"url":"https:\/\/kotrla.com\/pmpro\/2006\/04\/ze-stavby-valasske-autostrady\/","url_meta":{"origin":348,"position":1},"title":"Ze stavby vala\u0161sk\u00e9 autostr\u00e1dy","author":"Pavel Kotrla","date":"23.4.2006","format":false,"excerpt":"Tak tato fotka je jeden z d\u016fvod\u016f, pro\u010d letos budu, tak jako ostatn\u011b v minulosti, op\u011bt volit zelen\u00e9. Letos se tam t\u0159eba dostanou :) Nejsem odp\u016frce nov\u00e9 vala\u0161sk\u00e9 autostr\u00e1dy, ale trochu mi vad\u00ed jej\u00ed podoba, kter\u00e1 by mohla v\u00edce respektovat r\u00e1z krajiny a nezab\u00edrat tu nejkvalitn\u011bj\u0161\u00ed hospod\u00e1\u0159skou p\u016fdu. Jsem na\u2026","rel":"","context":"V \u201eFotografie\u201c","block_context":{"text":"Fotografie","link":"https:\/\/kotrla.com\/pmpro\/category\/fotografie\/"},"img":{"alt_text":"Vala\u0161sk\u00e1 autostr\u00e1da","src":"https:\/\/i0.wp.com\/kotrla.com\/pmpro\/images\/uploads\/autostrada.jpg?resize=350%2C200&ssl=1","width":350,"height":200},"classes":[]},{"id":1403,"url":"https:\/\/kotrla.com\/pmpro\/2003\/03\/aluze-20023\/","url_meta":{"origin":348,"position":2},"title":"Aluze 2002\/3","author":"Pavel Kotrla","date":"7.3.2003","format":false,"excerpt":"V\u010dera p\u0159i\u0161lo toto \u010d\u00edslo z tisk\u00e1rny. A tak \u0161\u00e9fredaktor Aluze Jirka Hrabal mne mohl hned jedn\u00edm kouskem ob\u0161\u0165astnit. Prvn\u00ed dojmy jsou dobr\u00e9. Ostatn\u011b jako obvykle. Obzvl\u00e1\u0161\u0165 se t\u011b\u0161\u00edm na studie (nap\u0159. Jonathan Culler, Stanley Fish). \u010c\u00edslo m\u00e1 ji\u017e obvykl\u00fdch 200 stran a cena je 65 K\u010d. Obsah \u010d\u00edsla se na\u2026","rel":"","context":"V \u201eNeza\u0159azen\u00e9\u201c","block_context":{"text":"Neza\u0159azen\u00e9","link":"https:\/\/kotrla.com\/pmpro\/category\/nezarazene\/"},"img":{"alt_text":"image","src":"https:\/\/i0.wp.com\/kotrla.com\/pmpro\/images\/uploads\/aluze2002_3.gif?resize=350%2C200&ssl=1","width":350,"height":200},"classes":[]},{"id":128,"url":"https:\/\/kotrla.com\/pmpro\/2011\/10\/ctenar-casopisu-kontexty-protestant-kulturni-noviny\/","url_meta":{"origin":348,"position":3},"title":"\u010cten\u00e1\u0159 \u010dasopis\u016f: Kontexty, Protestant, Kulturn\u00ed noviny","author":"Pavel Kotrla","date":"25.10.2011","format":false,"excerpt":"Posledn\u00ed dobou mne zaujala dv\u011b periodika. Sv\u00fdm zp\u016fsobem si jsou bl\u00edzk\u00e1, na druhou stranu p\u0159edstavuj\u00ed ur\u010ditou opozici. A ani jedno nen\u00ed p\u0159\u00edmo liter\u00e1rn\u00ed, mo\u017en\u00e1, \u017ee ku prosp\u011bchu v\u011bci. Prvn\u00edm je brn\u011bnsk\u00e1 revue Kontexty, kter\u00e1 vznikla slou\u010den\u00edm St\u0159edn\u00ed Evropy, Proglasu a Revue Politika. Z ka\u017ed\u00e9ho nov\u00e9ho \u010d\u00edsla m\u00e1m radost, \u010dtu s\u2026","rel":"","context":"V \u201e\u010cten\u00e1\u0159sk\u00fd den\u00edk\u201c","block_context":{"text":"\u010cten\u00e1\u0159sk\u00fd den\u00edk","link":"https:\/\/kotrla.com\/pmpro\/category\/ctenarsky-denik\/"},"img":{"alt_text":"","src":"","width":0,"height":0},"classes":[]},{"id":1337,"url":"https:\/\/kotrla.com\/pmpro\/2003\/05\/casopisecka-hlidka-na-konci-kvetna\/","url_meta":{"origin":348,"position":4},"title":"\u010casopiseck\u00e1 hl\u00eddka na konci kv\u011btna","author":"Pavel Kotrla","date":"27.5.2003","format":false,"excerpt":"Posledn\u00edch \u010dtrn\u00e1ct dn\u00ed bylo pom\u011brn\u011b \u00fasp\u011b\u0161n\u00fdch na nov\u00e1 \u010d\u00edsla \u010dasopis\u016f, kter\u00e1 se mi dostala pod br\u00fdle. Tak\u017ee popo\u0159ad\u011b. Weles 16 - \u010d\u00edslo je to tlust\u00e9, stostr\u00e1nkov\u00e9. Grafiku na ob\u00e1lce nahradila fotografie, bl\u00ed\u017ee neidentifikovateln\u00e1. Mo\u017en\u00e1 tedy ano, ale j\u00e1 nev\u00edm, co to je. Budu se muset Vojty zeptat. Rozs\u00e1hl\u00fd blok je\u2026","rel":"","context":"V \u201eNeza\u0159azen\u00e9\u201c","block_context":{"text":"Neza\u0159azen\u00e9","link":"https:\/\/kotrla.com\/pmpro\/category\/nezarazene\/"},"img":{"alt_text":"","src":"","width":0,"height":0},"classes":[]},{"id":855,"url":"https:\/\/kotrla.com\/pmpro\/2004\/12\/kdo-je-autorem-nasledujicich-versu-68\/","url_meta":{"origin":348,"position":5},"title":"Kdo je autorem n\u00e1sleduj\u00edc\u00edch ver\u0161\u016f? (68)","author":"Pavel Kotrla","date":"20.12.2004","format":false,"excerpt":"Tak op\u011bt je tu pond\u011bl\u00ed, jedno z posledn\u00edch v tomto roce. A dal\u0161\u00ed h\u00e1danka: V\u00edte, kdo je autorem n\u00e1sleduj\u00edc\u00ed b\u00e1sn\u011b? Rybky Nad hladinu vyskakuj\u00ed rybky na \u0159et\u00edzku z vodn\u00edch kr\u016fp\u011bj\u00ed. A padaj\u00ed zas do z\u00e1\u0148ad\u0159\u00ed \u0159eky, a mn\u011b je smutn\u011bji. Uvid\u00ed\u0161, jen sv\u00e9 o\u010di zav\u0159i. Nad hladinu vyskakuj\u00ed rybky a\u2026","rel":"","context":"V \u201eKdo je autorem?\u201c","block_context":{"text":"Kdo je autorem?","link":"https:\/\/kotrla.com\/pmpro\/category\/kdo-je-autorem\/"},"img":{"alt_text":"","src":"","width":0,"height":0},"classes":[]}],"jetpack_sharing_enabled":true,"_links":{"self":[{"href":"https:\/\/kotrla.com\/pmpro\/wp-json\/wp\/v2\/posts\/348","targetHints":{"allow":["GET"]}}],"collection":[{"href":"https:\/\/kotrla.com\/pmpro\/wp-json\/wp\/v2\/posts"}],"about":[{"href":"https:\/\/kotrla.com\/pmpro\/wp-json\/wp\/v2\/types\/post"}],"author":[{"embeddable":true,"href":"https:\/\/kotrla.com\/pmpro\/wp-json\/wp\/v2\/users\/1"}],"replies":[{"embeddable":true,"href":"https:\/\/kotrla.com\/pmpro\/wp-json\/wp\/v2\/comments?post=348"}],"version-history":[{"count":0,"href":"https:\/\/kotrla.com\/pmpro\/wp-json\/wp\/v2\/posts\/348\/revisions"}],"wp:attachment":[{"href":"https:\/\/kotrla.com\/pmpro\/wp-json\/wp\/v2\/media?parent=348"}],"wp:term":[{"taxonomy":"category","embeddable":true,"href":"https:\/\/kotrla.com\/pmpro\/wp-json\/wp\/v2\/categories?post=348"},{"taxonomy":"post_tag","embeddable":true,"href":"https:\/\/kotrla.com\/pmpro\/wp-json\/wp\/v2\/tags?post=348"}],"curies":[{"name":"wp","href":"https:\/\/api.w.org\/{rel}","templated":true}]}}