{"id":3491,"date":"2018-01-18T07:47:36","date_gmt":"2018-01-18T06:47:36","guid":{"rendered":"http:\/\/kotrla.com\/pmpro\/?p=3491"},"modified":"2019-11-20T22:46:34","modified_gmt":"2019-11-20T21:46:34","slug":"robert-golan-no-time-to-lose","status":"publish","type":"post","link":"https:\/\/kotrla.com\/pmpro\/2018\/01\/robert-golan-no-time-to-lose\/","title":{"rendered":"Robert Gol\u00e1\u0148: No time to lose"},"content":{"rendered":"<figure id=\"attachment_3490\" aria-describedby=\"caption-attachment-3490\" style=\"width: 849px\" class=\"wp-caption alignnone\"><a href=\"https:\/\/kotrla.com\/pmpro\/wp-content\/uploads\/2018\/01\/rober_golan_vystava_2018_galerie_u_doktoru.png\"><img loading=\"lazy\" decoding=\"async\" class=\"size-full wp-image-3490\" src=\"https:\/\/kotrla.com\/pmpro\/wp-content\/uploads\/2018\/01\/rober_golan_vystava_2018_galerie_u_doktoru.png\" alt=\"\" width=\"849\" height=\"1200\" srcset=\"https:\/\/kotrla.com\/pmpro\/wp-content\/uploads\/2018\/01\/rober_golan_vystava_2018_galerie_u_doktoru.png 849w, https:\/\/kotrla.com\/pmpro\/wp-content\/uploads\/2018\/01\/rober_golan_vystava_2018_galerie_u_doktoru-212x300.png 212w, https:\/\/kotrla.com\/pmpro\/wp-content\/uploads\/2018\/01\/rober_golan_vystava_2018_galerie_u_doktoru-724x1024.png 724w\" sizes=\"auto, (max-width: 849px) 100vw, 849px\" \/><\/a><figcaption id=\"caption-attachment-3490\" class=\"wp-caption-text\">Robert Gol\u00e1\u0148 &#8211; No time to lose<\/figcaption><\/figure>\n","protected":false},"excerpt":{"rendered":"","protected":false},"author":1,"featured_media":0,"comment_status":"open","ping_status":"open","sticky":false,"template":"","format":"standard","meta":{"site-sidebar-layout":"default","site-content-layout":"","ast-site-content-layout":"default","site-content-style":"default","site-sidebar-style":"default","ast-global-header-display":"","ast-banner-title-visibility":"","ast-main-header-display":"","ast-hfb-above-header-display":"","ast-hfb-below-header-display":"","ast-hfb-mobile-header-display":"","site-post-title":"","ast-breadcrumbs-content":"","ast-featured-img":"","footer-sml-layout":"","ast-disable-related-posts":"","theme-transparent-header-meta":"","adv-header-id-meta":"","stick-header-meta":"","header-above-stick-meta":"","header-main-stick-meta":"","header-below-stick-meta":"","astra-migrate-meta-layouts":"default","ast-page-background-enabled":"default","ast-page-background-meta":{"desktop":{"background-color":"var(--ast-global-color-5)","background-image":"","background-repeat":"repeat","background-position":"center center","background-size":"auto","background-attachment":"scroll","background-type":"","background-media":"","overlay-type":"","overlay-color":"","overlay-opacity":"","overlay-gradient":""},"tablet":{"background-color":"","background-image":"","background-repeat":"repeat","background-position":"center center","background-size":"auto","background-attachment":"scroll","background-type":"","background-media":"","overlay-type":"","overlay-color":"","overlay-opacity":"","overlay-gradient":""},"mobile":{"background-color":"","background-image":"","background-repeat":"repeat","background-position":"center center","background-size":"auto","background-attachment":"scroll","background-type":"","background-media":"","overlay-type":"","overlay-color":"","overlay-opacity":"","overlay-gradient":""}},"ast-content-background-meta":{"desktop":{"background-color":"var(--ast-global-color-4)","background-image":"","background-repeat":"repeat","background-position":"center center","background-size":"auto","background-attachment":"scroll","background-type":"","background-media":"","overlay-type":"","overlay-color":"","overlay-opacity":"","overlay-gradient":""},"tablet":{"background-color":"var(--ast-global-color-4)","background-image":"","background-repeat":"repeat","background-position":"center center","background-size":"auto","background-attachment":"scroll","background-type":"","background-media":"","overlay-type":"","overlay-color":"","overlay-opacity":"","overlay-gradient":""},"mobile":{"background-color":"var(--ast-global-color-4)","background-image":"","background-repeat":"repeat","background-position":"center center","background-size":"auto","background-attachment":"scroll","background-type":"","background-media":"","overlay-type":"","overlay-color":"","overlay-opacity":"","overlay-gradient":""}},"jetpack_post_was_ever_published":false,"_jetpack_newsletter_access":"","_jetpack_dont_email_post_to_subs":false,"_jetpack_newsletter_tier_id":0,"_jetpack_memberships_contains_paywalled_content":false,"_jetpack_memberships_contains_paid_content":false,"footnotes":""},"categories":[7],"tags":[],"class_list":["post-3491","post","type-post","status-publish","format-standard","hentry","category-fotografie"],"jetpack_featured_media_url":"","jetpack_shortlink":"https:\/\/wp.me\/p4mLP7-Uj","jetpack-related-posts":[{"id":2324,"url":"https:\/\/kotrla.com\/pmpro\/2015\/03\/robert-golan-cesty-bez-svodidel\/","url_meta":{"origin":3491,"position":0},"title":"Robert Gol\u00e1\u0148 \u2013 Cesty bez svodidel","author":"Pavel Kotrla","date":"19.3.2015","format":false,"excerpt":"1. dubna 2015 bude v galerii S\u00fdpka zah\u00e1jena vernis\u00e1\u017e fotografi\u00ed m\u00e9ho kamar\u00e1da\u00a0\u00a0Roberta Gol\u00e1n\u011b\u00a0\u2013 Cesty bez svodidel.\u00a0Jeho tvorbu si m\u016f\u017eete prohl\u00e9dnout na str\u00e1nk\u00e1ch robertgolan.cz","rel":"","context":"V \u201eFotografie\u201c","block_context":{"text":"Fotografie","link":"https:\/\/kotrla.com\/pmpro\/category\/fotografie\/"},"img":{"alt_text":"rg_cesty_bez_svodidel","src":"https:\/\/i0.wp.com\/kotrla.com\/pmpro\/wp-content\/uploads\/2015\/03\/rg_cesty_bez_svodidel.jpg?resize=350%2C200&ssl=1","width":350,"height":200},"classes":[]},{"id":8949,"url":"https:\/\/kotrla.com\/pmpro\/2021\/08\/robert-golan-ecce-homo\/","url_meta":{"origin":3491,"position":1},"title":"Robert Gol\u00e1\u0148 \u2013 Ecce Homo","author":"Pavel Kotrla","date":"25.8.2021","format":false,"excerpt":"V\u010dera byla vernis\u00e1\u017e\u00ed v 18:30 ve foyer kina zah\u00e1jena v\u00fdstava fotografi\u00ed Roberta Gol\u00e1n\u011b s n\u00e1zvem Ecce Homo. Robert v tuto chv\u00edli p\u0159ipravuje i dal\u0161\u00ed projekt MiPo 75. Knihu, kter\u00e1 je portr\u00e9tem mal\u00ed\u0159e, grafika, geologa, fotografa a b\u00e1sn\u00edka Miloslava Po\u017e\u00e1ra a kter\u00e9ho ji\u017e skoro dvacet let fotografuje m\u016f\u017eete podpo\u0159it.","rel":"","context":"V \u201eFotografie\u201c","block_context":{"text":"Fotografie","link":"https:\/\/kotrla.com\/pmpro\/category\/fotografie\/"},"img":{"alt_text":"","src":"https:\/\/i0.wp.com\/kotrla.com\/pmpro\/wp-content\/uploads\/2021\/08\/rg_ecce_homo_cb_IMGP2211-150x150.jpg?resize=350%2C200&ssl=1","width":350,"height":200,"srcset":"https:\/\/i0.wp.com\/kotrla.com\/pmpro\/wp-content\/uploads\/2021\/08\/rg_ecce_homo_cb_IMGP2211-150x150.jpg?resize=350%2C200&ssl=1 1x, https:\/\/i0.wp.com\/kotrla.com\/pmpro\/wp-content\/uploads\/2021\/08\/rg_ecce_homo_cb_IMGP2211-150x150.jpg?resize=525%2C300&ssl=1 1.5x, https:\/\/i0.wp.com\/kotrla.com\/pmpro\/wp-content\/uploads\/2021\/08\/rg_ecce_homo_cb_IMGP2211-150x150.jpg?resize=700%2C400&ssl=1 2x, https:\/\/i0.wp.com\/kotrla.com\/pmpro\/wp-content\/uploads\/2021\/08\/rg_ecce_homo_cb_IMGP2211-150x150.jpg?resize=1050%2C600&ssl=1 3x, https:\/\/i0.wp.com\/kotrla.com\/pmpro\/wp-content\/uploads\/2021\/08\/rg_ecce_homo_cb_IMGP2211-150x150.jpg?resize=1400%2C800&ssl=1 4x"},"classes":[]},{"id":2170,"url":"https:\/\/kotrla.com\/pmpro\/2014\/10\/robert-golan-ve-vsetinske-knihovne\/","url_meta":{"origin":3491,"position":2},"title":"Robert Gol\u00e1\u0148 ve vset\u00ednsk\u00e9 knihovn\u011b","author":"Pavel Kotrla","date":"25.10.2014","format":false,"excerpt":"Ve \u010dtvrtek 23. 10. jsme se se\u0161li ve vset\u00ednsk\u00e9 knihovn\u011b, kde jsme p\u0159edstavili Robertovy fotografick\u00e9 knihy. A mo\u017en\u00e1 i n\u011bjak\u00e9 jeho pl\u00e1ny do budoucna. Dalibor Malina p\u0159e\u010detl sv\u00e9 texty, kter\u00e9 doprov\u00e1zej\u00ed Robertovy fotky v Samot\u00e1ch.","rel":"","context":"V \u201eFotografie\u201c","block_context":{"text":"Fotografie","link":"https:\/\/kotrla.com\/pmpro\/category\/fotografie\/"},"img":{"alt_text":"","src":"https:\/\/i0.wp.com\/kotrla.com\/pmpro\/wp-content\/uploads\/2014\/10\/rg_IMG7277.jpg?resize=350%2C200&ssl=1","width":350,"height":200,"srcset":"https:\/\/i0.wp.com\/kotrla.com\/pmpro\/wp-content\/uploads\/2014\/10\/rg_IMG7277.jpg?resize=350%2C200&ssl=1 1x, https:\/\/i0.wp.com\/kotrla.com\/pmpro\/wp-content\/uploads\/2014\/10\/rg_IMG7277.jpg?resize=525%2C300&ssl=1 1.5x, https:\/\/i0.wp.com\/kotrla.com\/pmpro\/wp-content\/uploads\/2014\/10\/rg_IMG7277.jpg?resize=700%2C400&ssl=1 2x"},"classes":[]},{"id":3165,"url":"https:\/\/kotrla.com\/pmpro\/2017\/05\/machala-golan\/","url_meta":{"origin":3491,"position":3},"title":"Machala &#8211; Gol\u00e1\u0148","author":"Pavel Kotrla","date":"25.5.2017","format":false,"excerpt":"P\u00e1r momentek z vernis\u00e1\u017ee (18. 5.) soch Mirka Machaly a fotek Roberta Gol\u00e1n\u011b, kterou doprov\u00e1zela hudba d\u00edv\u010d\u00edho spolku Vdolek. V\u00fdstava na vset\u00ednsk\u00e9 Star\u00e9 radnici potrv\u00e1 do 25. 6. 2017.","rel":"","context":"V \u201eFotografie\u201c","block_context":{"text":"Fotografie","link":"https:\/\/kotrla.com\/pmpro\/category\/fotografie\/"},"img":{"alt_text":"","src":"https:\/\/i0.wp.com\/kotrla.com\/pmpro\/wp-content\/uploads\/2017\/05\/vernisaz_IMGP8621-150x150.jpg?resize=350%2C200&ssl=1","width":350,"height":200,"srcset":"https:\/\/i0.wp.com\/kotrla.com\/pmpro\/wp-content\/uploads\/2017\/05\/vernisaz_IMGP8621-150x150.jpg?resize=350%2C200&ssl=1 1x, https:\/\/i0.wp.com\/kotrla.com\/pmpro\/wp-content\/uploads\/2017\/05\/vernisaz_IMGP8621-150x150.jpg?resize=525%2C300&ssl=1 1.5x, https:\/\/i0.wp.com\/kotrla.com\/pmpro\/wp-content\/uploads\/2017\/05\/vernisaz_IMGP8621-150x150.jpg?resize=700%2C400&ssl=1 2x, https:\/\/i0.wp.com\/kotrla.com\/pmpro\/wp-content\/uploads\/2017\/05\/vernisaz_IMGP8621-150x150.jpg?resize=1050%2C600&ssl=1 3x, https:\/\/i0.wp.com\/kotrla.com\/pmpro\/wp-content\/uploads\/2017\/05\/vernisaz_IMGP8621-150x150.jpg?resize=1400%2C800&ssl=1 4x"},"classes":[]},{"id":133,"url":"https:\/\/kotrla.com\/pmpro\/2011\/10\/kniha-roberta-golane\/","url_meta":{"origin":3491,"position":4},"title":"Kniha Roberta Gol\u00e1n\u011b","author":"Pavel Kotrla","date":"2.10.2011","format":false,"excerpt":"Robert Gol\u00e1\u0148 Uk\u00e1zka z monografie Roberta Gol\u00e1n\u011b. Pokud v\u00e1s autorovy fotografie zaujaly, m\u016f\u017eete si za 140 K\u010d knihu objednat p\u0159\u00edmo u n\u011bj. Kontakt (a dal\u0161\u00ed fotografie) naleznete na http:\/\/www.robertgolan.cz\/ Pozornosti doporu\u010duji tak\u00e9 projekt Romsk\u00e9 cesty, kter\u00fd kniha zcela pom\u00edj\u00ed.","rel":"","context":"V \u201eFotografie\u201c","block_context":{"text":"Fotografie","link":"https:\/\/kotrla.com\/pmpro\/category\/fotografie\/"},"img":{"alt_text":"","src":"","width":0,"height":0},"classes":[]},{"id":1980,"url":"https:\/\/kotrla.com\/pmpro\/2014\/06\/knizni-edice-solan\/","url_meta":{"origin":3491,"position":5},"title":"Kni\u017en\u00ed edice Sol\u00e1\u0148","author":"Pavel Kotrla","date":"13.6.2014","format":false,"excerpt":"D\u016fvod pro\u010d tu te\u010f nic moc nep\u0159ib\u00fdv\u00e1 :) \u00a0Svazk\u016f bude nakonec jeden\u00e1ct. K\u0159est 28. 6. na Sol\u00e1ni Dalibor Malina - Kroniky ze Sol\u00e1n\u011b Ji\u0159\u00ed Langer \u2013 Za prahem rouben\u00fdch chalup Rudolf Ger\u00e1t a Jaroslav Veli\u010dka - Kysuce, os\u00eddlovanie krajiny, k\u00fazlo star\u00fdch dreven\u00edc, tich\u00e1 miesta k zastaveniu V\u00e1clav Michali\u010dka a Rudolf\u2026","rel":"","context":"V \u201eKnihy\u201c","block_context":{"text":"Knihy","link":"https:\/\/kotrla.com\/pmpro\/category\/knihy\/"},"img":{"alt_text":"","src":"https:\/\/i0.wp.com\/kotrla.com\/pmpro\/wp-content\/uploads\/2014\/06\/solan_malirske_cesty_2014.jpg?resize=350%2C200&ssl=1","width":350,"height":200,"srcset":"https:\/\/i0.wp.com\/kotrla.com\/pmpro\/wp-content\/uploads\/2014\/06\/solan_malirske_cesty_2014.jpg?resize=350%2C200&ssl=1 1x, https:\/\/i0.wp.com\/kotrla.com\/pmpro\/wp-content\/uploads\/2014\/06\/solan_malirske_cesty_2014.jpg?resize=525%2C300&ssl=1 1.5x"},"classes":[]}],"jetpack_sharing_enabled":true,"_links":{"self":[{"href":"https:\/\/kotrla.com\/pmpro\/wp-json\/wp\/v2\/posts\/3491","targetHints":{"allow":["GET"]}}],"collection":[{"href":"https:\/\/kotrla.com\/pmpro\/wp-json\/wp\/v2\/posts"}],"about":[{"href":"https:\/\/kotrla.com\/pmpro\/wp-json\/wp\/v2\/types\/post"}],"author":[{"embeddable":true,"href":"https:\/\/kotrla.com\/pmpro\/wp-json\/wp\/v2\/users\/1"}],"replies":[{"embeddable":true,"href":"https:\/\/kotrla.com\/pmpro\/wp-json\/wp\/v2\/comments?post=3491"}],"version-history":[{"count":0,"href":"https:\/\/kotrla.com\/pmpro\/wp-json\/wp\/v2\/posts\/3491\/revisions"}],"wp:attachment":[{"href":"https:\/\/kotrla.com\/pmpro\/wp-json\/wp\/v2\/media?parent=3491"}],"wp:term":[{"taxonomy":"category","embeddable":true,"href":"https:\/\/kotrla.com\/pmpro\/wp-json\/wp\/v2\/categories?post=3491"},{"taxonomy":"post_tag","embeddable":true,"href":"https:\/\/kotrla.com\/pmpro\/wp-json\/wp\/v2\/tags?post=3491"}],"curies":[{"name":"wp","href":"https:\/\/api.w.org\/{rel}","templated":true}]}}