{"id":367,"date":"2008-03-07T22:15:00","date_gmt":"2008-03-07T21:15:00","guid":{"rendered":"http:\/\/kotrla.com\/wordpress\/?p=367"},"modified":"2019-11-20T22:35:55","modified_gmt":"2019-11-20T21:35:55","slug":"valasska-krajina-tri-jizvy","status":"publish","type":"post","link":"https:\/\/kotrla.com\/pmpro\/2008\/03\/valasska-krajina-tri-jizvy\/","title":{"rendered":"Vala\u0161sk\u00e1 krajina: t\u0159i jizvy"},"content":{"rendered":"<p>Dnes jsme s kamar\u00e1dy provedli intern\u00ed volbu t\u0159\u00ed nejhor\u0161\u00edch jizev na krajin\u011b Vala\u0161ska. Dv\u011b jsem zde u\u017e zmi\u0148oval, posledn\u00ed je tak v\u00fdrazn\u00e1 a obludn\u00e1, \u017ee jsem si ji u\u017e p\u0159estal vn\u00edmat. Tak\u017ee n\u00e1\u0161 \u017eeb\u0159\u00ed\u010dek, bez n\u00e1roku na p\u0159esn\u00e9 po\u0159ad\u00ed:<\/p>\n<p>1) Roz\u0161i\u0159uj\u00edc\u00ed se kamenolom v ho\u0159e Klenov<br \/>\n2) Vznikaj\u00edc\u00ed rychlostn\u00ed komunikace Vset\u00edn &#8211; Jabl\u016fnka a d\u00e1l<br \/>\n3) Vset\u00ednsk\u00e9 s\u00eddli\u0161t\u011b Sychrov<\/p>\n<p>Osobn\u011b pak je\u0161t\u011b navrhuji roz\u0161\u00ed\u0159it: pr\u016fmyslov\u00fd are\u00e1l Ro\u017enov pod Radho\u0161t\u011bm (postavte se k n\u011bmu a snahy tohoto m\u011bsta o to, aby se op\u011bt stalo l\u00e1zn\u011bmi, se budou zd\u00e1t v\u00edc ne\u017e po\u0161etil\u00e9), pr\u016fmyslov\u00e1 z\u00f3na Bobrky u Vset\u00edna, pr\u016fmyslov\u00e1 z\u00f3na Le\u0161n\u00e1 u Vala\u0161sk\u00e9ho Mezi\u0159\u00ed\u010d\u00ed. Mus\u00ed v\u0161echny tyto b\u00fdt v t\u011bch kdysi nej\u00farodn\u011bj\u0161\u00edch m\u00edstech? A co na to Zelen\u00ed? A co na to Jan Tleska\u010d?&nbsp;<\/p>\n","protected":false},"excerpt":{"rendered":"<p>Dnes jsme s kamar\u00e1dy provedli intern\u00ed volbu t\u0159\u00ed nejhor\u0161\u00edch jizev na krajin\u011b Vala\u0161ska. Dv\u011b jsem zde u\u017e zmi\u0148oval, posledn\u00ed je tak v\u00fdrazn\u00e1 a obludn\u00e1, \u017ee jsem si ji u\u017e p\u0159estal vn\u00edmat. Tak\u017ee n\u00e1\u0161 \u017eeb\u0159\u00ed\u010dek, bez n\u00e1roku na p\u0159esn\u00e9 po\u0159ad\u00ed: 1) Roz\u0161i\u0159uj\u00edc\u00ed se kamenolom v ho\u0159e Klenov 2) Vznikaj\u00edc\u00ed rychlostn\u00ed komunikace Vset\u00edn &#8211; Jabl\u016fnka a d\u00e1l [&hellip;]<\/p>\n","protected":false},"author":1,"featured_media":0,"comment_status":"open","ping_status":"open","sticky":false,"template":"","format":"standard","meta":{"site-sidebar-layout":"default","site-content-layout":"","ast-site-content-layout":"default","site-content-style":"default","site-sidebar-style":"default","ast-global-header-display":"","ast-banner-title-visibility":"","ast-main-header-display":"","ast-hfb-above-header-display":"","ast-hfb-below-header-display":"","ast-hfb-mobile-header-display":"","site-post-title":"","ast-breadcrumbs-content":"","ast-featured-img":"","footer-sml-layout":"","ast-disable-related-posts":"","theme-transparent-header-meta":"","adv-header-id-meta":"","stick-header-meta":"","header-above-stick-meta":"","header-main-stick-meta":"","header-below-stick-meta":"","astra-migrate-meta-layouts":"default","ast-page-background-enabled":"default","ast-page-background-meta":{"desktop":{"background-color":"var(--ast-global-color-5)","background-image":"","background-repeat":"repeat","background-position":"center center","background-size":"auto","background-attachment":"scroll","background-type":"","background-media":"","overlay-type":"","overlay-color":"","overlay-opacity":"","overlay-gradient":""},"tablet":{"background-color":"","background-image":"","background-repeat":"repeat","background-position":"center center","background-size":"auto","background-attachment":"scroll","background-type":"","background-media":"","overlay-type":"","overlay-color":"","overlay-opacity":"","overlay-gradient":""},"mobile":{"background-color":"","background-image":"","background-repeat":"repeat","background-position":"center center","background-size":"auto","background-attachment":"scroll","background-type":"","background-media":"","overlay-type":"","overlay-color":"","overlay-opacity":"","overlay-gradient":""}},"ast-content-background-meta":{"desktop":{"background-color":"var(--ast-global-color-4)","background-image":"","background-repeat":"repeat","background-position":"center center","background-size":"auto","background-attachment":"scroll","background-type":"","background-media":"","overlay-type":"","overlay-color":"","overlay-opacity":"","overlay-gradient":""},"tablet":{"background-color":"var(--ast-global-color-4)","background-image":"","background-repeat":"repeat","background-position":"center center","background-size":"auto","background-attachment":"scroll","background-type":"","background-media":"","overlay-type":"","overlay-color":"","overlay-opacity":"","overlay-gradient":""},"mobile":{"background-color":"var(--ast-global-color-4)","background-image":"","background-repeat":"repeat","background-position":"center center","background-size":"auto","background-attachment":"scroll","background-type":"","background-media":"","overlay-type":"","overlay-color":"","overlay-opacity":"","overlay-gradient":""}},"jetpack_post_was_ever_published":false,"_jetpack_newsletter_access":"","_jetpack_dont_email_post_to_subs":false,"_jetpack_newsletter_tier_id":0,"_jetpack_memberships_contains_paywalled_content":false,"_jetpack_memberships_contains_paid_content":false,"footnotes":""},"categories":[3],"tags":[],"class_list":["post-367","post","type-post","status-publish","format-standard","hentry","category-osobni"],"jetpack_featured_media_url":"","jetpack_shortlink":"https:\/\/wp.me\/p4mLP7-5V","jetpack-related-posts":[{"id":1261,"url":"https:\/\/kotrla.com\/pmpro\/2003\/08\/co-si-prectete-v-textech-30\/","url_meta":{"origin":367,"position":0},"title":"Co si p\u0159e\u010dtete v Textech 30","author":"Pavel Kotrla","date":"14.8.2003","format":false,"excerpt":"Pr\u00e1ce na v\u00fdro\u010dn\u00edm \u010d\u00edsle fini\u0161uj\u00ed. P\u0159ed \u010dasem jsem av\u00edzoval rozhovor s V\u00e1clavem B\u011blohradsk\u00fdm. M\u016f\u017eu jenom potvrdit. Ale te\u010f k dal\u0161\u00edm p\u0159\u00edsp\u011bvk\u016fm. Bude kr\u00e1tk\u00e9 vzpom\u00edn\u00e1n\u00ed Anton\u00edna Bajaji v\u011bnovan\u00e9 pov\u011bstem a b\u00e1j\u00edm Vala\u0161ska (jinak jeho posledn\u00ed pr\u00f3za Zvl\u010den\u00ed stoj\u00ed rozhodn\u011b za p\u0159e\u010dten\u00ed a m\u00e1m na ni napsanou recenzi), b\u00e1sn\u011b Lubora Kasala z\u2026","rel":"","context":"V \u201eNeza\u0159azen\u00e9\u201c","block_context":{"text":"Neza\u0159azen\u00e9","link":"https:\/\/kotrla.com\/pmpro\/category\/nezarazene\/"},"img":{"alt_text":"","src":"","width":0,"height":0},"classes":[]},{"id":2389,"url":"https:\/\/kotrla.com\/pmpro\/2015\/07\/prstnatec-fuchsuv-dactylorhiza-fuchsii\/","url_meta":{"origin":367,"position":1},"title":"Prstnatec Fuchs\u016fv (Dactylorhiza fuchsii)","author":"Pavel Kotrla","date":"8.7.2015","format":false,"excerpt":"U\u017e jsem myslel, \u017ee na tento vstava\u010d nenaraz\u00edm, tedy na katastru Byst\u0159i\u010dky. Ale p\u0159ece jen. Tak\u017ee p\u0159edpoklad z knihy P\u0159\u00edroda Vala\u0161ska\u00a0se potvrdil.","rel":"","context":"V \u201eByst\u0159i\u010dka\u201c","block_context":{"text":"Byst\u0159i\u010dka","link":"https:\/\/kotrla.com\/pmpro\/category\/bystricka\/"},"img":{"alt_text":"","src":"https:\/\/i0.wp.com\/kotrla.com\/pmpro\/wp-content\/uploads\/2015\/07\/Prstnatec_Fuchs%C5%AFv_IMG9119.jpg?resize=350%2C200&ssl=1","width":350,"height":200,"srcset":"https:\/\/i0.wp.com\/kotrla.com\/pmpro\/wp-content\/uploads\/2015\/07\/Prstnatec_Fuchs%C5%AFv_IMG9119.jpg?resize=350%2C200&ssl=1 1x, https:\/\/i0.wp.com\/kotrla.com\/pmpro\/wp-content\/uploads\/2015\/07\/Prstnatec_Fuchs%C5%AFv_IMG9119.jpg?resize=525%2C300&ssl=1 1.5x, https:\/\/i0.wp.com\/kotrla.com\/pmpro\/wp-content\/uploads\/2015\/07\/Prstnatec_Fuchs%C5%AFv_IMG9119.jpg?resize=700%2C400&ssl=1 2x"},"classes":[]},{"id":1179,"url":"https:\/\/kotrla.com\/pmpro\/2003\/10\/valasska-krajina-vystava-fotografii\/","url_meta":{"origin":367,"position":2},"title":"Vala\u0161sk\u00e1 krajina &#8211; V\u00fdstava fotografi\u00ed","author":"Pavel Kotrla","date":"27.10.2003","format":false,"excerpt":"\u010cist\u011b n\u00e1hodou jsem narazil na plak\u00e1t 2. ro\u010dn\u00edku v\u00fdstavy Vala\u0161sk\u00e1 krajina, kterou do 31. 10. 2003 m\u016f\u017eete shl\u00e9dnout v muzeu ve Velk\u00fdch Karlovic\u00edch. Nejvy\u0161\u0161\u00ed \u010das. (Pokud si zv\u011bt\u0161\u00edte plak\u00e1t v\u00fdstavy, tak asi zjist\u00edte, \u017ee jedna z fotografi\u00ed se podob\u00e1 t\u00e9 v z\u00e1hlav\u00ed p\u0159\u00edsp\u011bvku. Vala\u0161sko prost\u011b nen\u00ed nijak velk\u00e9, \u017ee. Prost\u011b\u2026","rel":"","context":"V \u201eNeza\u0159azen\u00e9\u201c","block_context":{"text":"Neza\u0159azen\u00e9","link":"https:\/\/kotrla.com\/pmpro\/category\/nezarazene\/"},"img":{"alt_text":"image","src":"https:\/\/i0.wp.com\/kotrla.com\/pmpro\/images\/uploads\/valasska_krajina.jpg?resize=350%2C200&ssl=1","width":350,"height":200},"classes":[]},{"id":1132,"url":"https:\/\/kotrla.com\/pmpro\/2003\/12\/recenze-odjinud\/","url_meta":{"origin":367,"position":3},"title":"Recenze odjinud","author":"Pavel Kotrla","date":"15.12.2003","format":false,"excerpt":"Tentokr\u00e1t ze str\u00e1nek iliteratury. Nejprve na knihu, kter\u00e1 mne nadchla a o kter\u00e9 jsem se zmi\u0148oval aspo\u0148 p\u0159\u00e1tel\u016fm. Jana Hol\u00e1 - Niemi, Mikael: Popmusic z Vittuly. Druh\u00e1 upout\u00e1vka je na recenzi m\u00e9ho kamar\u00e1da Ren\u00e9ho Ko\u010d\u00edka (Andruchovy\u010d, Jurij: Dvan\u00e1ct obru\u010d\u00ed - dal\u0161\u00ed skand\u00e1l ukrajinsk\u00e9 literatury). Hlavn\u011b proto, \u017ee v\u00edm, jak t\u011b\u017ek\u00e9\u2026","rel":"","context":"V \u201eNeza\u0159azen\u00e9\u201c","block_context":{"text":"Neza\u0159azen\u00e9","link":"https:\/\/kotrla.com\/pmpro\/category\/nezarazene\/"},"img":{"alt_text":"","src":"","width":0,"height":0},"classes":[]},{"id":1345,"url":"https:\/\/kotrla.com\/pmpro\/2003\/05\/trosku-sterilni-vecer\/","url_meta":{"origin":367,"position":4},"title":"Tro\u0161ku steriln\u00ed ve\u010der","author":"Pavel Kotrla","date":"17.5.2003","format":false,"excerpt":"V\u010dera jsem nav\u0161t\u00edvil ve\u010der po\u0159\u00e1dan\u00fd u p\u0159\u00edle\u017eitosti p\u011btilet\u00e9 existence vlastiv\u011bdn\u00e9 revue Vala\u0161sko, kter\u00e9 dosud vy\u0161lo deset \u010d\u00edsel. Ale ani slavnostn\u00ed ve\u010der nedok\u00e1zal p\u0159il\u00e1kat na vset\u00ednsk\u00fd z\u00e1mek tolik lid\u00ed, aby zaplnili s\u00e1l. Byl pln\u00fd tak ze t\u0159\u00ed \u010dtvrtin a dost podstatnou \u010d\u00e1st n\u00e1v\u0161t\u011bvn\u00edk\u016f tvo\u0159ili sami p\u0159isp\u011bvatel\u00e9 revue a vystupuj\u00edc\u00ed. Skute\u010dn\u00fdch n\u00e1v\u0161t\u011bvn\u00edk\u016f\u2026","rel":"","context":"V \u201eNeza\u0159azen\u00e9\u201c","block_context":{"text":"Neza\u0159azen\u00e9","link":"https:\/\/kotrla.com\/pmpro\/category\/nezarazene\/"},"img":{"alt_text":"","src":"","width":0,"height":0},"classes":[]},{"id":201,"url":"https:\/\/kotrla.com\/pmpro\/2010\/06\/sverazna-oslava-machova-vyroci-ve-vsetinskem-muzeu\/","url_meta":{"origin":367,"position":5},"title":"Sv\u00e9r\u00e1zn\u00e1 oslava M\u00e1chova v\u00fdro\u010d\u00ed ve vset\u00ednsk\u00e9m muzeu","author":"Pavel Kotrla","date":"23.6.2010","format":false,"excerpt":"Ano, vypad\u00e1 to tak, \u017ee v leto\u0161n\u00edm roce lze o\u010dek\u00e1vat p\u0159\u00edsp\u011bvky k M\u00e1chovu v\u00fdro\u010d\u00ed z nejr\u016fzn\u011bj\u0161\u00edch a neo\u010dek\u00e1van\u00fdch stran. Aspo\u0148 to zat\u00edm vypad\u00e1 tak, \u017ee u tohoto zn\u00e1m\u00e9ho tv\u016frce oxmoron\u016f se inspirovali i na Vset\u00edn\u011b, pota\u017emo Zl\u00edn\u011b (z\u0159izovatel). Kupodivu ne v knihovn\u011b, jak by se dalo o\u010dek\u00e1vat, ale v muzeu.\u2026","rel":"","context":"V \u201eOstatn\u00ed\u201c","block_context":{"text":"Ostatn\u00ed","link":"https:\/\/kotrla.com\/pmpro\/category\/ostatni\/"},"img":{"alt_text":"","src":"","width":0,"height":0},"classes":[]}],"jetpack_sharing_enabled":true,"_links":{"self":[{"href":"https:\/\/kotrla.com\/pmpro\/wp-json\/wp\/v2\/posts\/367","targetHints":{"allow":["GET"]}}],"collection":[{"href":"https:\/\/kotrla.com\/pmpro\/wp-json\/wp\/v2\/posts"}],"about":[{"href":"https:\/\/kotrla.com\/pmpro\/wp-json\/wp\/v2\/types\/post"}],"author":[{"embeddable":true,"href":"https:\/\/kotrla.com\/pmpro\/wp-json\/wp\/v2\/users\/1"}],"replies":[{"embeddable":true,"href":"https:\/\/kotrla.com\/pmpro\/wp-json\/wp\/v2\/comments?post=367"}],"version-history":[{"count":0,"href":"https:\/\/kotrla.com\/pmpro\/wp-json\/wp\/v2\/posts\/367\/revisions"}],"wp:attachment":[{"href":"https:\/\/kotrla.com\/pmpro\/wp-json\/wp\/v2\/media?parent=367"}],"wp:term":[{"taxonomy":"category","embeddable":true,"href":"https:\/\/kotrla.com\/pmpro\/wp-json\/wp\/v2\/categories?post=367"},{"taxonomy":"post_tag","embeddable":true,"href":"https:\/\/kotrla.com\/pmpro\/wp-json\/wp\/v2\/tags?post=367"}],"curies":[{"name":"wp","href":"https:\/\/api.w.org\/{rel}","templated":true}]}}