{"id":372,"date":"2008-02-24T21:47:33","date_gmt":"2008-02-24T20:47:33","guid":{"rendered":"http:\/\/kotrla.com\/wordpress\/?p=372"},"modified":"2019-11-20T22:35:55","modified_gmt":"2019-11-20T21:35:55","slug":"krasna-je-modra-obloha","status":"publish","type":"post","link":"https:\/\/kotrla.com\/pmpro\/2008\/02\/krasna-je-modra-obloha\/","title":{"rendered":"Kr\u00e1sn\u00e1 je modr\u00e1 obloha"},"content":{"rendered":"<p><img loading=\"lazy\" decoding=\"async\" src=\"https:\/\/kotrla.com\/pmpro\/images\/uploads\/krasna_je_modra_obloha.jpg\" border=\"0\" alt=\"Kr\u00e1sn\u00e1 je modr\u00e1 obloha\" width=\"420\" height=\"281\" \/><\/p>\n<p>No jo, na v\u00fdzvu redaktor\u016f Tvaru k p\u00edsnov\u00e9mu ok\u00e9nku jsem nezareagoval, ale p\u0159ece jenom jednu takovou, kter\u00e1 mne, a to na rozd\u00edl od mnoha jin\u00fdch v dobr\u00e9m pron\u00e1sleduje. V setrv\u00e1n\u00ed v pam\u011bti je to takov\u00e1 moje osobn\u00ed hitovka. Text je text, ale <a href=\"http:\/\/www.evangnet.cz\/pisen.php?sg=BTS14\">bez hudby tato p\u00edse\u0148 nen\u00ed cel\u00e1<\/a>.<\/p>\n","protected":false},"excerpt":{"rendered":"<p>No jo, na v\u00fdzvu redaktor\u016f Tvaru k p\u00edsnov\u00e9mu ok\u00e9nku jsem nezareagoval, ale p\u0159ece jenom jednu takovou, kter\u00e1 mne, a to na rozd\u00edl od mnoha jin\u00fdch v dobr\u00e9m pron\u00e1sleduje. V setrv\u00e1n\u00ed v pam\u011bti je to takov\u00e1 moje osobn\u00ed hitovka. Text je text, ale bez hudby tato p\u00edse\u0148 nen\u00ed cel\u00e1.<\/p>\n","protected":false},"author":1,"featured_media":0,"comment_status":"open","ping_status":"open","sticky":false,"template":"","format":"standard","meta":{"site-sidebar-layout":"default","site-content-layout":"","ast-site-content-layout":"default","site-content-style":"default","site-sidebar-style":"default","ast-global-header-display":"","ast-banner-title-visibility":"","ast-main-header-display":"","ast-hfb-above-header-display":"","ast-hfb-below-header-display":"","ast-hfb-mobile-header-display":"","site-post-title":"","ast-breadcrumbs-content":"","ast-featured-img":"","footer-sml-layout":"","ast-disable-related-posts":"","theme-transparent-header-meta":"","adv-header-id-meta":"","stick-header-meta":"","header-above-stick-meta":"","header-main-stick-meta":"","header-below-stick-meta":"","astra-migrate-meta-layouts":"default","ast-page-background-enabled":"default","ast-page-background-meta":{"desktop":{"background-color":"var(--ast-global-color-5)","background-image":"","background-repeat":"repeat","background-position":"center center","background-size":"auto","background-attachment":"scroll","background-type":"","background-media":"","overlay-type":"","overlay-color":"","overlay-opacity":"","overlay-gradient":""},"tablet":{"background-color":"","background-image":"","background-repeat":"repeat","background-position":"center center","background-size":"auto","background-attachment":"scroll","background-type":"","background-media":"","overlay-type":"","overlay-color":"","overlay-opacity":"","overlay-gradient":""},"mobile":{"background-color":"","background-image":"","background-repeat":"repeat","background-position":"center center","background-size":"auto","background-attachment":"scroll","background-type":"","background-media":"","overlay-type":"","overlay-color":"","overlay-opacity":"","overlay-gradient":""}},"ast-content-background-meta":{"desktop":{"background-color":"var(--ast-global-color-4)","background-image":"","background-repeat":"repeat","background-position":"center center","background-size":"auto","background-attachment":"scroll","background-type":"","background-media":"","overlay-type":"","overlay-color":"","overlay-opacity":"","overlay-gradient":""},"tablet":{"background-color":"var(--ast-global-color-4)","background-image":"","background-repeat":"repeat","background-position":"center center","background-size":"auto","background-attachment":"scroll","background-type":"","background-media":"","overlay-type":"","overlay-color":"","overlay-opacity":"","overlay-gradient":""},"mobile":{"background-color":"var(--ast-global-color-4)","background-image":"","background-repeat":"repeat","background-position":"center center","background-size":"auto","background-attachment":"scroll","background-type":"","background-media":"","overlay-type":"","overlay-color":"","overlay-opacity":"","overlay-gradient":""}},"jetpack_post_was_ever_published":false,"_jetpack_newsletter_access":"","_jetpack_dont_email_post_to_subs":false,"_jetpack_newsletter_tier_id":0,"_jetpack_memberships_contains_paywalled_content":false,"_jetpack_memberships_contains_paid_content":false,"footnotes":""},"categories":[7,3],"tags":[],"class_list":["post-372","post","type-post","status-publish","format-standard","hentry","category-fotografie","category-osobni"],"jetpack_featured_media_url":"","jetpack_shortlink":"https:\/\/wp.me\/p4mLP7-60","jetpack-related-posts":[{"id":1301,"url":"https:\/\/kotrla.com\/pmpro\/2003\/07\/je-cas-poridit-si-ochranku\/","url_meta":{"origin":372,"position":0},"title":"Je \u010das po\u0159\u00edd\u00edt si ochranku","author":"Pavel Kotrla","date":"1.7.2003","format":false,"excerpt":"Jak \u0159\u00edk\u00e1 m\u016fj p\u0159\u00edtel Ren\u00e9 Ko\u010d\u00edk, m\u00e1m ten nejvy\u0161\u0161\u00ed \u010das na po\u0159\u00edzen\u00ed si osobn\u00ed ochranky. Vy\u0161la toti\u017e m\u00e1 recenze v T\u00fdden\u00edku Rozhlas na posledn\u00ed knihu Michala Viewegha: P\u0159\u00edpad nev\u011brn\u00e9 Kl\u00e1ry. Osobn\u011b pova\u017euji MW za sympatick\u00e9ho a mil\u00e9ho \u010dlov\u011bka. To nic ale nem\u011bn\u00ed na m\u00e9m n\u00e1zoru. Jo, u\u017e prost\u011b napsal lep\u0161\u00ed\u2026","rel":"","context":"V \u201eNeza\u0159azen\u00e9\u201c","block_context":{"text":"Neza\u0159azen\u00e9","link":"https:\/\/kotrla.com\/pmpro\/category\/nezarazene\/"},"img":{"alt_text":"","src":"","width":0,"height":0},"classes":[]},{"id":364,"url":"https:\/\/kotrla.com\/pmpro\/2008\/03\/texty-45-zima-07-08\/","url_meta":{"origin":372,"position":1},"title":"Texty 45 (zima 07-08)","author":"Pavel Kotrla","date":"13.3.2008","format":false,"excerpt":"S odstupem, ale p\u0159ece. Nov\u00e9 \u010d\u00edslo na\u0161eho liter\u00e1rn\u00edho \u010dasopisu Texty je na sv\u011bt\u011b. Prozat\u00edm v PDF: texty45.pdf, tiskem brzy, v HTML snad n\u011bkdy tak\u00e9.","rel":"","context":"V \u201eLiteratura\u201c","block_context":{"text":"Literatura","link":"https:\/\/kotrla.com\/pmpro\/category\/literatura\/"},"img":{"alt_text":"\u010dasopis Texty","src":"https:\/\/i0.wp.com\/kotrla.com\/pmpro\/images\/uploads\/texty_logo.gif?resize=350%2C200&ssl=1","width":350,"height":200},"classes":[]},{"id":6692,"url":"https:\/\/kotrla.com\/pmpro\/2020\/07\/vylet-do-oblak\/","url_meta":{"origin":372,"position":2},"title":"V\u00fdlet do oblak","author":"Pavel Kotrla","date":"20.7.2020","format":false,"excerpt":"V\u00fdlet na \u0161pi\u010dku v\u011b\u017ee olomouck\u00e9 radnice v minul\u00e9m t\u00fddnu. Hmm, kdy\u017e jste nem\u011bli nebo nem\u00e1te r\u00e1di v\u00fd\u0161ky, je \u201eskv\u011bl\u00e9\u201c se a\u017e tam nahoru vy\u0161plhat s fo\u0165\u00e1kem a batohem objektiv\u016f. Fotku z dronu jsem nefotil, ale n\u011bkter\u00e1 ta \u017elut\u00e1 te\u010dka bych b\u00fdt mohl. V\u00fdhled je tam ale kr\u00e1sn\u00fd. Jinak zved\u00e1n\u00ed je\u2026","rel":"","context":"V \u201eFotografie\u201c","block_context":{"text":"Fotografie","link":"https:\/\/kotrla.com\/pmpro\/category\/fotografie\/"},"img":{"alt_text":"Olomouc - panorama","src":"https:\/\/i0.wp.com\/kotrla.com\/pmpro\/wp-content\/uploads\/2020\/07\/olomouc_panorama_IMGP6949-150x150.jpg?resize=350%2C200&ssl=1","width":350,"height":200,"srcset":"https:\/\/i0.wp.com\/kotrla.com\/pmpro\/wp-content\/uploads\/2020\/07\/olomouc_panorama_IMGP6949-150x150.jpg?resize=350%2C200&ssl=1 1x, https:\/\/i0.wp.com\/kotrla.com\/pmpro\/wp-content\/uploads\/2020\/07\/olomouc_panorama_IMGP6949-150x150.jpg?resize=525%2C300&ssl=1 1.5x, https:\/\/i0.wp.com\/kotrla.com\/pmpro\/wp-content\/uploads\/2020\/07\/olomouc_panorama_IMGP6949-150x150.jpg?resize=700%2C400&ssl=1 2x, https:\/\/i0.wp.com\/kotrla.com\/pmpro\/wp-content\/uploads\/2020\/07\/olomouc_panorama_IMGP6949-150x150.jpg?resize=1050%2C600&ssl=1 3x, https:\/\/i0.wp.com\/kotrla.com\/pmpro\/wp-content\/uploads\/2020\/07\/olomouc_panorama_IMGP6949-150x150.jpg?resize=1400%2C800&ssl=1 4x"},"classes":[]},{"id":268,"url":"https:\/\/kotrla.com\/pmpro\/2009\/06\/na-druhy-pokus\/","url_meta":{"origin":372,"position":3},"title":"Na druh\u00fd pokus","author":"Pavel Kotrla","date":"24.6.2009","format":false,"excerpt":"Ano, a\u017e na podruh\u00e9, ale p\u0159ece jen se poda\u0159ilo. Minul\u00fd t\u00fdden z tisk\u00e1rny dorazila mnou p\u0159ipraven\u00e1 bro\u017eura o p\u0159ehrad\u011b Byst\u0159i\u010dka. Kdyby bylo v\u00edce financ\u00ed, dala by se p\u0159ipravit obs\u00e1hlej\u0161\u00ed publikace, historick\u00fdch materi\u00e1l\u016f z minulosti se mi poda\u0159ilo nashrom\u00e1\u017edit pom\u011brn\u011b dost. A nov\u00e9 se st\u00e1le objevuj\u00ed. Takto je to kompromis mezi\u2026","rel":"","context":"V \u201eByst\u0159i\u010dka\u201c","block_context":{"text":"Byst\u0159i\u010dka","link":"https:\/\/kotrla.com\/pmpro\/category\/bystricka\/"},"img":{"alt_text":"P\u0159ehrada Byst\u0159i\u010dka","src":"https:\/\/i0.wp.com\/kotrla.com\/pmpro\/images\/uploads\/prehrada_obalka.jpg?resize=350%2C200&ssl=1","width":350,"height":200},"classes":[]},{"id":2726,"url":"https:\/\/kotrla.com\/pmpro\/2016\/05\/postavme-si-hrad\/","url_meta":{"origin":372,"position":4},"title":"Postavme si  hrad&#8230;","author":"Pavel Kotrla","date":"11.5.2016","format":false,"excerpt":"Plnit si klukovsk\u00e9 sny a ned\u00e1vat si jen mal\u00e9 c\u00edle. Kdo z kluk\u016f by necht\u011bl b\u00fdt pir\u00e1tem, ryt\u00ed\u0159em, hradn\u00edm p\u00e1nem... Ale jak to ud\u011blat, kdy\u017e tu nen\u00ed mo\u0159e a v dohledu \u017e\u00e1dn\u00fd hrad? K mo\u0159i nezb\u00fdv\u00e1 ne\u017e se vydat a u hradu ne\u017e pokusit se postavit nov\u00fd. Kde? Nejl\u00e9pe tam,\u2026","rel":"","context":"V \u201eByst\u0159i\u010dka\u201c","block_context":{"text":"Byst\u0159i\u010dka","link":"https:\/\/kotrla.com\/pmpro\/category\/bystricka\/"},"img":{"alt_text":"","src":"","width":0,"height":0},"classes":[]},{"id":13056,"url":"https:\/\/kotrla.com\/pmpro\/2025\/07\/mala-vzpominka-na-rhodos\/","url_meta":{"origin":372,"position":5},"title":"Mal\u00e1 vzpom\u00ednka na Rhodos","author":"Pavel Kotrla","date":"24.7.2025","format":false,"excerpt":"Dan\u011bk skvrnit\u00fd (Dama dama) je symbolem m\u011bsta Rhodos. Sochy samce a samice (dan\u011bly) str\u00e1\u017e\u00ed vjezd do p\u0159\u00edstavu, kde podle ji\u017e p\u0159ekonan\u00e9 legendy st\u00e1l Kolos rh\u00f3dsk\u00fd, jeden z div\u016f starov\u011bku. Ale t\u00e9\u017e je to m\u00edsto, kde Hercules Poirot ve filmov\u00e9m zpracov\u00e1n\u00ed pov\u00eddky Agathy Christie Troj\u00faheln\u00edk na ostrov\u011b v klidu pop\u00edj\u00ed sv\u016fj\u2026","rel":"","context":"V \u201eOsobn\u00ed\u201c","block_context":{"text":"Osobn\u00ed","link":"https:\/\/kotrla.com\/pmpro\/category\/osobni\/"},"img":{"alt_text":"","src":"https:\/\/i0.wp.com\/kotrla.com\/pmpro\/wp-content\/uploads\/2025\/07\/rhodos_DSC03027-150x150.jpg?resize=350%2C200&ssl=1","width":350,"height":200,"srcset":"https:\/\/i0.wp.com\/kotrla.com\/pmpro\/wp-content\/uploads\/2025\/07\/rhodos_DSC03027-150x150.jpg?resize=350%2C200&ssl=1 1x, https:\/\/i0.wp.com\/kotrla.com\/pmpro\/wp-content\/uploads\/2025\/07\/rhodos_DSC03027-150x150.jpg?resize=525%2C300&ssl=1 1.5x, https:\/\/i0.wp.com\/kotrla.com\/pmpro\/wp-content\/uploads\/2025\/07\/rhodos_DSC03027-150x150.jpg?resize=700%2C400&ssl=1 2x, https:\/\/i0.wp.com\/kotrla.com\/pmpro\/wp-content\/uploads\/2025\/07\/rhodos_DSC03027-150x150.jpg?resize=1050%2C600&ssl=1 3x, https:\/\/i0.wp.com\/kotrla.com\/pmpro\/wp-content\/uploads\/2025\/07\/rhodos_DSC03027-150x150.jpg?resize=1400%2C800&ssl=1 4x"},"classes":[]}],"jetpack_sharing_enabled":true,"_links":{"self":[{"href":"https:\/\/kotrla.com\/pmpro\/wp-json\/wp\/v2\/posts\/372","targetHints":{"allow":["GET"]}}],"collection":[{"href":"https:\/\/kotrla.com\/pmpro\/wp-json\/wp\/v2\/posts"}],"about":[{"href":"https:\/\/kotrla.com\/pmpro\/wp-json\/wp\/v2\/types\/post"}],"author":[{"embeddable":true,"href":"https:\/\/kotrla.com\/pmpro\/wp-json\/wp\/v2\/users\/1"}],"replies":[{"embeddable":true,"href":"https:\/\/kotrla.com\/pmpro\/wp-json\/wp\/v2\/comments?post=372"}],"version-history":[{"count":0,"href":"https:\/\/kotrla.com\/pmpro\/wp-json\/wp\/v2\/posts\/372\/revisions"}],"wp:attachment":[{"href":"https:\/\/kotrla.com\/pmpro\/wp-json\/wp\/v2\/media?parent=372"}],"wp:term":[{"taxonomy":"category","embeddable":true,"href":"https:\/\/kotrla.com\/pmpro\/wp-json\/wp\/v2\/categories?post=372"},{"taxonomy":"post_tag","embeddable":true,"href":"https:\/\/kotrla.com\/pmpro\/wp-json\/wp\/v2\/tags?post=372"}],"curies":[{"name":"wp","href":"https:\/\/api.w.org\/{rel}","templated":true}]}}