{"id":3746,"date":"2018-06-21T16:38:17","date_gmt":"2018-06-21T15:38:17","guid":{"rendered":"http:\/\/kotrla.com\/pmpro\/?p=3746"},"modified":"2019-11-20T22:46:32","modified_gmt":"2019-11-20T21:46:32","slug":"letni-duby-u-nadrazi-se-mozna-stanou-pamatnymi-stromy","status":"publish","type":"post","link":"https:\/\/kotrla.com\/pmpro\/2018\/06\/letni-duby-u-nadrazi-se-mozna-stanou-pamatnymi-stromy\/","title":{"rendered":"Letn\u00ed duby u n\u00e1dra\u017e\u00ed se mo\u017en\u00e1 stanou pam\u00e1tn\u00fdmi stromy"},"content":{"rendered":"<p>Tyto duby pamatuj\u00ed dobu, kdy zde <a href=\"https:\/\/www.bystricka.cz\/o-obci-1\/osobnosti\/tgm\/\">TGM<\/a> vystupoval z vlaku, jejich p\u0159edpokl\u00e1dan\u00e9 st\u00e1\u0159\u00ed je v\u00edce ne\u017e 150 let. V\u0161e sm\u011b\u0159uje k tomu, aby byly vyhl\u00e1\u0161eny pam\u00e1tn\u00fdmi stromy. V minulosti byly pravd\u011bpodobn\u011b sou\u010d\u00e1st\u00ed v\u00edcedruhov\u00e9ho stromo\u0159ad\u00ed pod\u00e9l komunikace. Za domem v pop\u0159ed\u00ed se nach\u00e1z\u00ed d\u0159\u00edv\u011bj\u0161\u00ed budova vlakov\u00e9ho n\u00e1dra\u017e\u00ed.<\/p>\n<figure id=\"attachment_3748\" aria-describedby=\"caption-attachment-3748\" style=\"width: 1600px\" class=\"wp-caption alignnone\"><a href=\"https:\/\/kotrla.com\/pmpro\/wp-content\/uploads\/2018\/06\/duby_IMGP5254.jpg\"><img loading=\"lazy\" decoding=\"async\" class=\"size-full wp-image-3748\" src=\"https:\/\/kotrla.com\/pmpro\/wp-content\/uploads\/2018\/06\/duby_IMGP5254.jpg\" alt=\"Letn\u00ed duby na Byst\u0159i\u010dce\" width=\"1600\" height=\"1067\" srcset=\"https:\/\/kotrla.com\/pmpro\/wp-content\/uploads\/2018\/06\/duby_IMGP5254.jpg 1600w, https:\/\/kotrla.com\/pmpro\/wp-content\/uploads\/2018\/06\/duby_IMGP5254-300x200.jpg 300w, https:\/\/kotrla.com\/pmpro\/wp-content\/uploads\/2018\/06\/duby_IMGP5254-1024x683.jpg 1024w\" sizes=\"auto, (max-width: 1600px) 100vw, 1600px\" \/><\/a><figcaption id=\"caption-attachment-3748\" class=\"wp-caption-text\">Letn\u00ed duby na Byst\u0159i\u010dce<\/figcaption><\/figure>\n<figure id=\"attachment_3747\" aria-describedby=\"caption-attachment-3747\" style=\"width: 1067px\" class=\"wp-caption alignnone\"><a href=\"https:\/\/kotrla.com\/pmpro\/wp-content\/uploads\/2018\/06\/duby_IMGP5246.jpg\"><img loading=\"lazy\" decoding=\"async\" class=\"size-full wp-image-3747\" src=\"https:\/\/kotrla.com\/pmpro\/wp-content\/uploads\/2018\/06\/duby_IMGP5246.jpg\" alt=\"Letn\u00ed duby na Byst\u0159i\u010dce\" width=\"1067\" height=\"1600\" srcset=\"https:\/\/kotrla.com\/pmpro\/wp-content\/uploads\/2018\/06\/duby_IMGP5246.jpg 1067w, https:\/\/kotrla.com\/pmpro\/wp-content\/uploads\/2018\/06\/duby_IMGP5246-200x300.jpg 200w, https:\/\/kotrla.com\/pmpro\/wp-content\/uploads\/2018\/06\/duby_IMGP5246-683x1024.jpg 683w\" sizes=\"auto, (max-width: 1067px) 100vw, 1067px\" \/><\/a><figcaption id=\"caption-attachment-3747\" class=\"wp-caption-text\">Letn\u00ed duby na Byst\u0159i\u010dce<\/figcaption><\/figure>\n<p>&nbsp;<\/p>\n","protected":false},"excerpt":{"rendered":"<p>Tyto duby pamatuj\u00ed dobu, kdy zde TGM vystupoval z vlaku, jejich p\u0159edpokl\u00e1dan\u00e9 st\u00e1\u0159\u00ed je v\u00edce ne\u017e 150 let. V\u0161e sm\u011b\u0159uje k tomu, aby byly vyhl\u00e1\u0161eny pam\u00e1tn\u00fdmi stromy. V minulosti byly pravd\u011bpodobn\u011b sou\u010d\u00e1st\u00ed v\u00edcedruhov\u00e9ho stromo\u0159ad\u00ed pod\u00e9l komunikace. Za domem v pop\u0159ed\u00ed se nach\u00e1z\u00ed d\u0159\u00edv\u011bj\u0161\u00ed budova vlakov\u00e9ho n\u00e1dra\u017e\u00ed. &nbsp;<\/p>\n","protected":false},"author":1,"featured_media":0,"comment_status":"open","ping_status":"open","sticky":false,"template":"","format":"standard","meta":{"site-sidebar-layout":"default","site-content-layout":"","ast-site-content-layout":"default","site-content-style":"default","site-sidebar-style":"default","ast-global-header-display":"","ast-banner-title-visibility":"","ast-main-header-display":"","ast-hfb-above-header-display":"","ast-hfb-below-header-display":"","ast-hfb-mobile-header-display":"","site-post-title":"","ast-breadcrumbs-content":"","ast-featured-img":"","footer-sml-layout":"","ast-disable-related-posts":"","theme-transparent-header-meta":"","adv-header-id-meta":"","stick-header-meta":"","header-above-stick-meta":"","header-main-stick-meta":"","header-below-stick-meta":"","astra-migrate-meta-layouts":"default","ast-page-background-enabled":"default","ast-page-background-meta":{"desktop":{"background-color":"var(--ast-global-color-5)","background-image":"","background-repeat":"repeat","background-position":"center center","background-size":"auto","background-attachment":"scroll","background-type":"","background-media":"","overlay-type":"","overlay-color":"","overlay-opacity":"","overlay-gradient":""},"tablet":{"background-color":"","background-image":"","background-repeat":"repeat","background-position":"center center","background-size":"auto","background-attachment":"scroll","background-type":"","background-media":"","overlay-type":"","overlay-color":"","overlay-opacity":"","overlay-gradient":""},"mobile":{"background-color":"","background-image":"","background-repeat":"repeat","background-position":"center center","background-size":"auto","background-attachment":"scroll","background-type":"","background-media":"","overlay-type":"","overlay-color":"","overlay-opacity":"","overlay-gradient":""}},"ast-content-background-meta":{"desktop":{"background-color":"var(--ast-global-color-4)","background-image":"","background-repeat":"repeat","background-position":"center center","background-size":"auto","background-attachment":"scroll","background-type":"","background-media":"","overlay-type":"","overlay-color":"","overlay-opacity":"","overlay-gradient":""},"tablet":{"background-color":"var(--ast-global-color-4)","background-image":"","background-repeat":"repeat","background-position":"center center","background-size":"auto","background-attachment":"scroll","background-type":"","background-media":"","overlay-type":"","overlay-color":"","overlay-opacity":"","overlay-gradient":""},"mobile":{"background-color":"var(--ast-global-color-4)","background-image":"","background-repeat":"repeat","background-position":"center center","background-size":"auto","background-attachment":"scroll","background-type":"","background-media":"","overlay-type":"","overlay-color":"","overlay-opacity":"","overlay-gradient":""}},"jetpack_post_was_ever_published":false,"_jetpack_newsletter_access":"","_jetpack_dont_email_post_to_subs":false,"_jetpack_newsletter_tier_id":0,"_jetpack_memberships_contains_paywalled_content":false,"_jetpack_memberships_contains_paid_content":false,"footnotes":""},"categories":[5],"tags":[],"class_list":["post-3746","post","type-post","status-publish","format-standard","hentry","category-bystricka"],"jetpack_featured_media_url":"","jetpack_shortlink":"https:\/\/wp.me\/p4mLP7-Yq","jetpack-related-posts":[{"id":503,"url":"https:\/\/kotrla.com\/pmpro\/2006\/11\/zvonicka-pri-silnici\/","url_meta":{"origin":3746,"position":0},"title":"Zvoni\u010dka p\u0159i silnici","author":"Pavel Kotrla","date":"28.11.2006","format":false,"excerpt":"..., vedouc\u00ed se od \u00fadoln\u00ed p\u0159ehrady na Byst\u0159i\u010dce k \u017eelezni\u010dn\u00ed zast\u00e1vce R\u016f\u017e\u010fka, m\u011bla bedn\u011bn\u00fd p\u0159\u00edst\u0159e\u0161ek se sedlovou \u0161indelovou st\u0159echou a ku\u017eelovitou st\u0159\u00ed\u0161ku nad zvonkem. V zobrazen\u00e9 podob\u011b u\u017e zvoni\u010dka nestoj\u00ed, jak jsme zjistili v l\u00e9t\u011b 1937. Takto doprovodil fotografii textem jej\u00ed autor Flori\u00e1n Zapletal.\u00a0 Fotografie je tedy z doby, kdy\u2026","rel":"","context":"V \u201eByst\u0159i\u010dka\u201c","block_context":{"text":"Byst\u0159i\u010dka","link":"https:\/\/kotrla.com\/pmpro\/category\/bystricka\/"},"img":{"alt_text":"ji\u017e neexistuj\u00edc\u00ed zvoni\u010dka","src":"https:\/\/i0.wp.com\/kotrla.com\/pmpro\/images\/uploads\/zvonicka_ruzdka_bystricka.jpg?resize=350%2C200&ssl=1","width":350,"height":200},"classes":[]},{"id":2749,"url":"https:\/\/kotrla.com\/pmpro\/2016\/07\/letni-cteni-na-strese-vsetinske-knihovny-2016\/","url_meta":{"origin":3746,"position":1},"title":"Letn\u00ed \u010dten\u00ed na st\u0159e\u0161e vset\u00ednsk\u00e9 knihovny 2016","author":"Pavel Kotrla","date":"7.7.2016","format":false,"excerpt":"P\u0159ij\u010fte se zaposlouchat\u00a024. srpna v\u00a017:00 do vybran\u00fdch text\u016f a hudby na netradi\u010dn\u00edm m\u00edst\u011b: na st\u0159echu vset\u00ednsk\u00e9 knihovny. Hr\u00e1t, zp\u00edvat a \u010d\u00edst budou Spolek Vdolek, Renata Trli\u010d\u00edkov\u00e1, Marie Davidov\u00e1 a vset\u00edn\u0161t\u00ed divadeln\u00edci. Dovol\u00edm si v\u00e1s prov\u00e9st programem. P\u0159edchoz\u00ed dva ro\u010dn\u00edky byly snad p\u0159\u00edjemn\u00fdm p\u0159ekvapen\u00edm, snad se zada\u0159\u00ed i letos. Fotografie ze\u2026","rel":"","context":"V \u201eLiteratura\u201c","block_context":{"text":"Literatura","link":"https:\/\/kotrla.com\/pmpro\/category\/literatura\/"},"img":{"alt_text":"","src":"","width":0,"height":0},"classes":[]},{"id":28,"url":"https:\/\/kotrla.com\/pmpro\/2013\/08\/vlci-na-bystricce\/","url_meta":{"origin":3746,"position":2},"title":"Vlci na Byst\u0159i\u010dce","author":"Pavel Kotrla","date":"2.8.2013","format":false,"excerpt":"St\u0159ede\u010dn\u00ed sezen\u00ed v archivu p\u0159ineslo p\u00e1r nikde nepublikovan\u00fdch zaj\u00edmavost\u00ed. A toto je jedna z nich: \u201eVlk se objevil posledn\u011b asi p\u0159ed 70 lety (pozn\u00e1mky z Byst\u0159. r. 1912. str. III.6.) - tedy asi r. 1840. P\u0159ed roky, dy\u017e bylo vjec vlk\u016f, tu byli p\u0159ejden\u00ed. Za velik\u00fdch mraz\u016f, dy\u017e zamrzne V\u00e1h,\u2026","rel":"","context":"V \u201eByst\u0159i\u010dka\u201c","block_context":{"text":"Byst\u0159i\u010dka","link":"https:\/\/kotrla.com\/pmpro\/category\/bystricka\/"},"img":{"alt_text":"Vlci na Byst\u0159i\u010dce","src":"https:\/\/i0.wp.com\/kotrla.com\/pmpro\/images\/uploads\/vlci_na_bystricce.jpg?resize=350%2C200&ssl=1","width":350,"height":200},"classes":[]},{"id":1164,"url":"https:\/\/kotrla.com\/pmpro\/2003\/11\/stari-dobri-xiii\/","url_meta":{"origin":3746,"position":3},"title":"STA\u0158\u00cd DOB\u0158\u00cd: (XIII.)","author":"Pavel Kotrla","date":"16.11.2003","format":false,"excerpt":"Dnes to nebude \u017e\u00e1dn\u00e9 jm\u00e9no, nebo\u0165 je \u010das vzd\u00e1t hold lidov\u00e9 poezii, kter\u00e1 byla a dosud p\u0159ece jenom je, a\u010d se to mo\u017en\u00e1 nezd\u00e1, jedn\u00edm z nejsiln\u011bj\u0161\u00edch inspira\u010dn\u00edch zdroj\u016f b\u00e1sn\u00edk\u016f. Se sb\u00edrek, kter\u00e9 m\u00e1m doma, p\u0159ipomenu dnes jenom jednu, k t\u011bm ostatn\u00edm se snad v budoucnu vr\u00e1t\u00edm. N\u00e1sleduj\u00edc\u00ed text poch\u00e1z\u00ed\u2026","rel":"","context":"V \u201eSta\u0159\u00ed dob\u0159\u00ed\u201c","block_context":{"text":"Sta\u0159\u00ed dob\u0159\u00ed","link":"https:\/\/kotrla.com\/pmpro\/category\/stari-dobri\/"},"img":{"alt_text":"","src":"","width":0,"height":0},"classes":[]},{"id":11856,"url":"https:\/\/kotrla.com\/pmpro\/2024\/07\/neodvypravene-pribehy-rajka-grlice-na-letni-filmove-skole\/","url_meta":{"origin":3746,"position":4},"title":"Neodvypr\u00e1v\u011bn\u00e9 p\u0159\u00edb\u011bhy Rajka Grli\u010de na Letn\u00ed filmov\u00e9 \u0161kole","author":"Pavel Kotrla","date":"25.7.2024","format":false,"excerpt":"29.7. \/ 16:00 \/ Stan literatury a Nov\u00e9 reality \/ Uhersk\u00e9 Hradi\u0161t\u011b \/ Letn\u00ed filmov\u00e1 \u0161kola Neodvypr\u00e1v\u011bn\u00e9 p\u0159\u00edb\u011bhy p\u0159edstav\u00ed \u010desk\u00e9 souvislosti ze \u017eivota filmov\u00e9ho re\u017eis\u00e9ra Rajka Grli\u010de na Letn\u00ed filmov\u00e9 \u0161kole v Uhersk\u00e9m Hradi\u0161ti. Uk\u00e1zky z \u010desk\u00e9ho vyd\u00e1n\u00ed knihy p\u0159e\u010dte jej\u00ed p\u0159ekladatel Jakub Novosad. Chorvatsk\u00fd re\u017eis\u00e9r a absolvent pra\u017esk\u00e9 FAMU,\u2026","rel":"","context":"V \u201eKnihy\u201c","block_context":{"text":"Knihy","link":"https:\/\/kotrla.com\/pmpro\/category\/knihy\/"},"img":{"alt_text":"","src":"https:\/\/i0.wp.com\/kotrla.com\/pmpro\/wp-content\/uploads\/2024\/07\/grlic_lfs.jpg?resize=350%2C200&ssl=1","width":350,"height":200,"srcset":"https:\/\/i0.wp.com\/kotrla.com\/pmpro\/wp-content\/uploads\/2024\/07\/grlic_lfs.jpg?resize=350%2C200&ssl=1 1x, https:\/\/i0.wp.com\/kotrla.com\/pmpro\/wp-content\/uploads\/2024\/07\/grlic_lfs.jpg?resize=525%2C300&ssl=1 1.5x, https:\/\/i0.wp.com\/kotrla.com\/pmpro\/wp-content\/uploads\/2024\/07\/grlic_lfs.jpg?resize=700%2C400&ssl=1 2x, https:\/\/i0.wp.com\/kotrla.com\/pmpro\/wp-content\/uploads\/2024\/07\/grlic_lfs.jpg?resize=1050%2C600&ssl=1 3x, https:\/\/i0.wp.com\/kotrla.com\/pmpro\/wp-content\/uploads\/2024\/07\/grlic_lfs.jpg?resize=1400%2C800&ssl=1 4x"},"classes":[]},{"id":4573,"url":"https:\/\/kotrla.com\/pmpro\/2019\/08\/letni-cteni-na-strese-2019\/","url_meta":{"origin":3746,"position":5},"title":"Letn\u00ed \u010dten\u00ed na st\u0159e\u0161e 2019","author":"Pavel Kotrla","date":"6.8.2019","format":false,"excerpt":"Tak i letos se m\u016f\u017eeme potkat na st\u0159e\u0161e vset\u00ednsk\u00e9 knihovny. \u0160est\u00fd ro\u010dn\u00edk akce Letn\u00ed \u010dten\u00ed na st\u0159e\u0161e 2019, kdy budou \u010d\u00edst vset\u00edn\u0161t\u00ed divadeln\u00edci a knihovn\u00edci a zahraje Jazz Hec & Vocal se zp\u011bva\u010dkou Kl\u00e1rou Bla\u017ekovou, prob\u011bhne 21. srpna v 17:00 - 19:00. V\u00edce na str\u00e1nk\u00e1ch MVK.","rel":"","context":"V \u201eLiteratura\u201c","block_context":{"text":"Literatura","link":"https:\/\/kotrla.com\/pmpro\/category\/literatura\/"},"img":{"alt_text":"","src":"","width":0,"height":0},"classes":[]}],"jetpack_sharing_enabled":true,"_links":{"self":[{"href":"https:\/\/kotrla.com\/pmpro\/wp-json\/wp\/v2\/posts\/3746","targetHints":{"allow":["GET"]}}],"collection":[{"href":"https:\/\/kotrla.com\/pmpro\/wp-json\/wp\/v2\/posts"}],"about":[{"href":"https:\/\/kotrla.com\/pmpro\/wp-json\/wp\/v2\/types\/post"}],"author":[{"embeddable":true,"href":"https:\/\/kotrla.com\/pmpro\/wp-json\/wp\/v2\/users\/1"}],"replies":[{"embeddable":true,"href":"https:\/\/kotrla.com\/pmpro\/wp-json\/wp\/v2\/comments?post=3746"}],"version-history":[{"count":0,"href":"https:\/\/kotrla.com\/pmpro\/wp-json\/wp\/v2\/posts\/3746\/revisions"}],"wp:attachment":[{"href":"https:\/\/kotrla.com\/pmpro\/wp-json\/wp\/v2\/media?parent=3746"}],"wp:term":[{"taxonomy":"category","embeddable":true,"href":"https:\/\/kotrla.com\/pmpro\/wp-json\/wp\/v2\/categories?post=3746"},{"taxonomy":"post_tag","embeddable":true,"href":"https:\/\/kotrla.com\/pmpro\/wp-json\/wp\/v2\/tags?post=3746"}],"curies":[{"name":"wp","href":"https:\/\/api.w.org\/{rel}","templated":true}]}}